{"id":41,"date":"2014-11-28T18:35:24","date_gmt":"2014-11-28T15:35:24","guid":{"rendered":"http:\/\/ticaret.edu.tr\/abuam\/?p=41"},"modified":"2021-12-06T15:36:31","modified_gmt":"2021-12-06T12:36:31","slug":"turkiyenin-yeni-ab-iletisim-stratejisi-sivil-toplumla-diyalog-toplantisi","status":"publish","type":"post","link":"http:\/\/ticaret.edu.tr\/avrupa-birligi-uygulama-ve-arastirma-merkezi\/2014\/11\/28\/turkiyenin-yeni-ab-iletisim-stratejisi-sivil-toplumla-diyalog-toplantisi\/","title":{"rendered":"T\u00fcrkiye\u2019nin Yeni AB \u0130leti\u015fim Stratejisi Sivil Toplumla Diyalog Toplant\u0131s\u0131"},"content":{"rendered":"<p>Avrupa Birli\u011fi Bakan\u0131 ve Ba\u015fm\u00fczakereci, B\u00fcy\u00fckel\u00e7i Volkan Bozk\u0131r taraf\u0131ndan kamuoyuna a\u00e7\u0131klanan \u201cT\u00fcrkiye\u2019nin Yeni Avrupa Birli\u011fi \u0130leti\u015fim Stratejisi\u201dne ili\u015fkin olarak sivil toplum kurulu\u015flar\u0131n\u0131n de\u011ferlendirmelerinin al\u0131nmas\u0131 amac\u0131yla, 26 Kas\u0131m 2014 tarihinde Avrupa Birli\u011fi Bakanl\u0131\u011f\u0131 taraf\u0131ndan \u0130stanbul\u2019da \u201cSivil Toplumla Diyalog Toplant\u0131s\u0131\u201d ger\u00e7ekle\u015ftirildi.<\/p>\n<p class=\"Default\">\u00dcniversitelerden farkl\u0131 inan\u00e7 gruplar\u0131 temsilcilerine, gen\u00e7lik ve kad\u0131n \u00f6rg\u00fctlerinden engelli derneklerine kadar geni\u015f bir yelpazeyi temsil eden d\u00f6rt y\u00fczden fazla sivil toplum kurulu\u015fundan iki binden fazla temsilci toplant\u0131ya kat\u0131l\u0131m sa\u011flad\u0131.<\/p>\n<p class=\"Default\">Avrupa Birli\u011fi Bakan\u0131 ve Ba\u015fm\u00fczakereci, B\u00fcy\u00fckel\u00e7i Volkan Bozk\u0131r toplant\u0131 \u00e7er\u00e7evesinde sivil toplum kurulu\u015flar\u0131n\u0131n temsilcileriyle bir araya gelerek, temsilcilerle \u201cT\u00fcrkiye\u2019nin Yeni Avrupa Birli\u011fi \u0130leti\u015fim Stratejisi\u201d ve \u00f6n\u00fcm\u00fczde yap\u0131lacak \u00e7al\u0131\u015fmalar hakk\u0131nda g\u00f6r\u00fc\u015f al\u0131\u015fveri\u015finde bulundu.<\/p>\n<p class=\"Default\">Toplant\u0131da bir konu\u015fma yapan Bakan Bozk\u0131r, g\u00fc\u00e7l\u00fc bir sivil toplum ve g\u00fc\u00e7l\u00fc bir T\u00fcrkiye i\u00e7in Avrupa Birli\u011fi Bakanl\u0131\u011f\u0131 taraf\u0131ndan d\u00fczenli aral\u0131klarla \u201cSivil Toplumla Diyalog Toplant\u0131lar\u0131\u201d d\u00fczenlendi\u011fine dikkat \u00e7ekerek, AB \u00fcyelik s\u00fcrecinde sivil toplumun \u00fclke politikalar\u0131n\u0131n olu\u015fturulma s\u00fcrecine aktif bir \u015fekilde kat\u0131lmas\u0131n\u0131n hayati \u00f6neme sahip oldu\u011funun alt\u0131n\u0131 \u00e7izdi.<\/p>\n<p class=\"Default\">Toplant\u0131da ayr\u0131ca, Erasmus+ Program\u0131 ve AB Kat\u0131l\u0131m \u00d6ncesi Mali Yard\u0131m kapsam\u0131nda sivil toplum kurulu\u015flar\u0131na verilen destekler konusunda bilgilendirmede bulunuldu. Toplant\u0131ya \u00dcniversitemiz AB Uygulama ve Ara\u015ft\u0131rma Merkezi\u2019ni temsilen Merkez M\u00fcd\u00fcr\u00fc Yard. Do\u00e7. Dr. A. O\u011fuz Demir kat\u0131ld\u0131.<\/p>\n","protected":false},"excerpt":{"rendered":"<p>Avrupa Birli\u011fi Bakan\u0131 ve Ba\u015fm\u00fczakereci, B\u00fcy\u00fckel\u00e7i Volkan Bozk\u0131r taraf\u0131ndan kamuoyuna a\u00e7\u0131klanan \u201cT\u00fcrkiye\u2019nin Yeni Avrupa Birli\u011fi \u0130leti\u015fim Stratejisi\u201dne ili\u015fkin olarak sivil toplum kurulu\u015flar\u0131n\u0131n de\u011ferlendirmelerinin al\u0131nmas\u0131 amac\u0131yla, 26 Kas\u0131m 2014 tarihinde Avrupa Birli\u011fi Bakanl\u0131\u011f\u0131 taraf\u0131ndan \u0130stanbul\u2019da \u201cSivil Toplumla Diyalog Toplant\u0131s\u0131\u201d ger\u00e7ekle\u015ftirildi. \u00dcniversitelerden farkl\u0131 inan\u00e7 gruplar\u0131 temsilcilerine, gen\u00e7lik ve kad\u0131n \u00f6rg\u00fctlerinden engelli derneklerine kadar geni\u015f bir yelpazeyi temsil [&hellip;]<\/p>\n","protected":false},"author":142,"featured_media":42,"comment_status":"closed","ping_status":"closed","sticky":false,"template":"","format":"standard","meta":{"footnotes":""},"categories":[3],"tags":[],"yoast_head":"<!-- This site is optimized with the Yoast SEO Premium plugin v22.1 (Yoast SEO v22.1) - https:\/\/yoast.com\/wordpress\/plugins\/seo\/ -->\n<title>T\u00fcrkiye\u2019nin Yeni AB \u0130leti\u015fim Stratejisi Sivil Toplumla Diyalog Toplant\u0131s\u0131 - Haberler - Avrupa Birli\u011fi Uygulama ve Ara\u015ft\u0131rma Merkezi<\/title>\n<meta name=\"description\" content=\"Avrupa Birli\u011fi Bakan\u0131 ve Ba\u015fm\u00fczakereci, B\u00fcy\u00fckel\u00e7i Volkan Bozk\u0131r taraf\u0131ndan kamuoyuna a\u00e7\u0131klanan \u201cT\u00fcrkiye\u2019nin Yeni Avrupa Birli\u011fi \u0130leti\u015fim Stratejisi\u201dne ili\u015fkin olarak sivil toplum kurulu\u015flar\u0131n\u0131n de\u011ferlendirmelerinin al\u0131nmas\u0131 amac\u0131yla, 26 Kas\u0131m 2014 tarihinde Avrupa Birli\u011fi Bakanl\u0131\u011f\u0131 taraf\u0131ndan \u0130stanbul\u2019da \u201cSivil Toplumla Diyalog Toplant\u0131s\u0131\u201d ger\u00e7ekle\u015ftirildi.\" \/>\n<meta name=\"robots\" content=\"index, follow, max-snippet:-1, max-image-preview:large, max-video-preview:-1\" \/>\n<link rel=\"canonical\" href=\"https:\/\/ticaret.edu.tr\/avrupa-birligi-uygulama-ve-arastirma-merkezi\/2014\/11\/28\/turkiyenin-yeni-ab-iletisim-stratejisi-sivil-toplumla-diyalog-toplantisi\/\" \/>\n<meta property=\"og:locale\" content=\"tr_TR\" \/>\n<meta property=\"og:type\" content=\"article\" \/>\n<meta property=\"og:title\" content=\"T\u00fcrkiye\u2019nin Yeni AB \u0130leti\u015fim Stratejisi Sivil Toplumla Diyalog Toplant\u0131s\u0131\" \/>\n<meta property=\"og:description\" content=\"Avrupa Birli\u011fi Bakan\u0131 ve Ba\u015fm\u00fczakereci, B\u00fcy\u00fckel\u00e7i Volkan Bozk\u0131r taraf\u0131ndan kamuoyuna a\u00e7\u0131klanan \u201cT\u00fcrkiye\u2019nin Yeni Avrupa Birli\u011fi \u0130leti\u015fim Stratejisi\u201dne ili\u015fkin olarak sivil toplum kurulu\u015flar\u0131n\u0131n de\u011ferlendirmelerinin al\u0131nmas\u0131 amac\u0131yla, 26 Kas\u0131m 2014 tarihinde Avrupa Birli\u011fi Bakanl\u0131\u011f\u0131 taraf\u0131ndan \u0130stanbul\u2019da \u201cSivil Toplumla Diyalog Toplant\u0131s\u0131\u201d ger\u00e7ekle\u015ftirildi.\" \/>\n<meta property=\"og:url\" content=\"https:\/\/ticaret.edu.tr\/avrupa-birligi-uygulama-ve-arastirma-merkezi\/2014\/11\/28\/turkiyenin-yeni-ab-iletisim-stratejisi-sivil-toplumla-diyalog-toplantisi\/\" \/>\n<meta property=\"og:site_name\" content=\"Avrupa Birli\u011fi Uygulama ve Ara\u015ft\u0131rma Merkezi\" \/>\n<meta property=\"article:publisher\" content=\"https:\/\/www.facebook.com\/ticaretedutr\" \/>\n<meta property=\"article:published_time\" content=\"2014-11-28T15:35:24+00:00\" \/>\n<meta property=\"article:modified_time\" content=\"2021-12-06T12:36:31+00:00\" \/>\n<meta property=\"og:image\" content=\"https:\/\/ticaret.edu.tr\/avrupa-birligi-uygulama-ve-arastirma-merkezi\/wp-content\/uploads\/sites\/49\/2021\/01\/T\u00fcrkiyenin-yeni-ab-stratejisi.jpg\" \/>\n\t<meta property=\"og:image:width\" content=\"140\" \/>\n\t<meta property=\"og:image:height\" content=\"140\" \/>\n\t<meta property=\"og:image:type\" content=\"image\/jpeg\" \/>\n<meta name=\"author\" content=\"mckiziltas\" \/>\n<meta name=\"twitter:card\" content=\"summary_large_image\" \/>\n<meta name=\"twitter:creator\" content=\"@ticaretedutr\" \/>\n<meta name=\"twitter:site\" content=\"@ticaretedutr\" \/>\n<meta name=\"twitter:label1\" content=\"Yazan:\" \/>\n\t<meta name=\"twitter:data1\" content=\"mckiziltas\" \/>\n\t<meta name=\"twitter:label2\" content=\"Tahmini okuma s\u00fcresi\" \/>\n\t<meta name=\"twitter:data2\" content=\"1 dakika\" \/>\n<script type=\"application\/ld+json\" class=\"yoast-schema-graph\">{\"@context\":\"https:\/\/schema.org\",\"@graph\":[{\"@type\":\"WebPage\",\"@id\":\"https:\/\/ticaret.edu.tr\/avrupa-birligi-uygulama-ve-arastirma-merkezi\/2014\/11\/28\/turkiyenin-yeni-ab-iletisim-stratejisi-sivil-toplumla-diyalog-toplantisi\/\",\"url\":\"https:\/\/ticaret.edu.tr\/avrupa-birligi-uygulama-ve-arastirma-merkezi\/2014\/11\/28\/turkiyenin-yeni-ab-iletisim-stratejisi-sivil-toplumla-diyalog-toplantisi\/\",\"name\":\"T\u00fcrkiye\u2019nin Yeni AB \u0130leti\u015fim Stratejisi Sivil Toplumla Diyalog Toplant\u0131s\u0131 - Haberler - Avrupa Birli\u011fi Uygulama ve Ara\u015ft\u0131rma Merkezi\",\"isPartOf\":{\"@id\":\"https:\/\/ticaret.edu.tr\/avrupa-birligi-uygulama-ve-arastirma-merkezi\/#website\"},\"datePublished\":\"2014-11-28T15:35:24+00:00\",\"dateModified\":\"2021-12-06T12:36:31+00:00\",\"author\":{\"@id\":\"https:\/\/ticaret.edu.tr\/avrupa-birligi-uygulama-ve-arastirma-merkezi\/#\/schema\/person\/215c3ef896b7f2f5f257d1bea98c3529\"},\"description\":\"Avrupa Birli\u011fi Bakan\u0131 ve Ba\u015fm\u00fczakereci, B\u00fcy\u00fckel\u00e7i Volkan Bozk\u0131r taraf\u0131ndan kamuoyuna a\u00e7\u0131klanan \u201cT\u00fcrkiye\u2019nin Yeni Avrupa Birli\u011fi \u0130leti\u015fim Stratejisi\u201dne ili\u015fkin olarak sivil toplum kurulu\u015flar\u0131n\u0131n de\u011ferlendirmelerinin al\u0131nmas\u0131 amac\u0131yla, 26 Kas\u0131m 2014 tarihinde Avrupa Birli\u011fi Bakanl\u0131\u011f\u0131 taraf\u0131ndan \u0130stanbul\u2019da \u201cSivil Toplumla Diyalog Toplant\u0131s\u0131\u201d ger\u00e7ekle\u015ftirildi.\",\"breadcrumb\":{\"@id\":\"https:\/\/ticaret.edu.tr\/avrupa-birligi-uygulama-ve-arastirma-merkezi\/2014\/11\/28\/turkiyenin-yeni-ab-iletisim-stratejisi-sivil-toplumla-diyalog-toplantisi\/#breadcrumb\"},\"inLanguage\":\"tr\",\"potentialAction\":[{\"@type\":\"ReadAction\",\"target\":[\"https:\/\/ticaret.edu.tr\/avrupa-birligi-uygulama-ve-arastirma-merkezi\/2014\/11\/28\/turkiyenin-yeni-ab-iletisim-stratejisi-sivil-toplumla-diyalog-toplantisi\/\"]}]},{\"@type\":\"BreadcrumbList\",\"@id\":\"https:\/\/ticaret.edu.tr\/avrupa-birligi-uygulama-ve-arastirma-merkezi\/2014\/11\/28\/turkiyenin-yeni-ab-iletisim-stratejisi-sivil-toplumla-diyalog-toplantisi\/#breadcrumb\",\"itemListElement\":[{\"@type\":\"ListItem\",\"position\":1,\"name\":\"Ana sayfa\",\"item\":\"https:\/\/ticaret.edu.tr\/avrupa-birligi-uygulama-ve-arastirma-merkezi\/\"},{\"@type\":\"ListItem\",\"position\":2,\"name\":\"T\u00fcrkiye\u2019nin Yeni AB \u0130leti\u015fim Stratejisi Sivil Toplumla Diyalog Toplant\u0131s\u0131\"}]},{\"@type\":\"WebSite\",\"@id\":\"https:\/\/ticaret.edu.tr\/avrupa-birligi-uygulama-ve-arastirma-merkezi\/#website\",\"url\":\"https:\/\/ticaret.edu.tr\/avrupa-birligi-uygulama-ve-arastirma-merkezi\/\",\"name\":\"Avrupa Birli\u011fi Uygulama ve Ara\u015ft\u0131rma Merkezi\",\"description\":\"Bir ba\u015fka \u0130stanbul Ticaret \u00dcniversitesi site sitesi\",\"potentialAction\":[{\"@type\":\"SearchAction\",\"target\":{\"@type\":\"EntryPoint\",\"urlTemplate\":\"https:\/\/ticaret.edu.tr\/avrupa-birligi-uygulama-ve-arastirma-merkezi\/?s={search_term_string}\"},\"query-input\":\"required name=search_term_string\"}],\"inLanguage\":\"tr\"},{\"@type\":\"Person\",\"@id\":\"https:\/\/ticaret.edu.tr\/avrupa-birligi-uygulama-ve-arastirma-merkezi\/#\/schema\/person\/215c3ef896b7f2f5f257d1bea98c3529\",\"name\":\"mckiziltas\",\"image\":{\"@type\":\"ImageObject\",\"inLanguage\":\"tr\",\"@id\":\"https:\/\/ticaret.edu.tr\/avrupa-birligi-uygulama-ve-arastirma-merkezi\/#\/schema\/person\/image\/\",\"url\":\"http:\/\/1.gravatar.com\/avatar\/a8607bcf789626b55174097b883033be?s=96&d=mm&r=g\",\"contentUrl\":\"http:\/\/1.gravatar.com\/avatar\/a8607bcf789626b55174097b883033be?s=96&d=mm&r=g\",\"caption\":\"mckiziltas\"},\"url\":\"http:\/\/ticaret.edu.tr\/avrupa-birligi-uygulama-ve-arastirma-merkezi\/author\/mckiziltas\/\"}]}<\/script>\n<!-- \/ Yoast SEO Premium plugin. -->","yoast_head_json":{"title":"T\u00fcrkiye\u2019nin Yeni AB \u0130leti\u015fim Stratejisi Sivil Toplumla Diyalog Toplant\u0131s\u0131 - Haberler - Avrupa Birli\u011fi Uygulama ve Ara\u015ft\u0131rma Merkezi","description":"Avrupa Birli\u011fi Bakan\u0131 ve Ba\u015fm\u00fczakereci, B\u00fcy\u00fckel\u00e7i Volkan Bozk\u0131r taraf\u0131ndan kamuoyuna a\u00e7\u0131klanan \u201cT\u00fcrkiye\u2019nin Yeni Avrupa Birli\u011fi \u0130leti\u015fim Stratejisi\u201dne ili\u015fkin olarak sivil toplum kurulu\u015flar\u0131n\u0131n de\u011ferlendirmelerinin al\u0131nmas\u0131 amac\u0131yla, 26 Kas\u0131m 2014 tarihinde Avrupa Birli\u011fi Bakanl\u0131\u011f\u0131 taraf\u0131ndan \u0130stanbul\u2019da \u201cSivil Toplumla Diyalog Toplant\u0131s\u0131\u201d ger\u00e7ekle\u015ftirildi.","robots":{"index":"index","follow":"follow","max-snippet":"max-snippet:-1","max-image-preview":"max-image-preview:large","max-video-preview":"max-video-preview:-1"},"canonical":"https:\/\/ticaret.edu.tr\/avrupa-birligi-uygulama-ve-arastirma-merkezi\/2014\/11\/28\/turkiyenin-yeni-ab-iletisim-stratejisi-sivil-toplumla-diyalog-toplantisi\/","og_locale":"tr_TR","og_type":"article","og_title":"T\u00fcrkiye\u2019nin Yeni AB \u0130leti\u015fim Stratejisi Sivil Toplumla Diyalog Toplant\u0131s\u0131","og_description":"Avrupa Birli\u011fi Bakan\u0131 ve Ba\u015fm\u00fczakereci, B\u00fcy\u00fckel\u00e7i Volkan Bozk\u0131r taraf\u0131ndan kamuoyuna a\u00e7\u0131klanan \u201cT\u00fcrkiye\u2019nin Yeni Avrupa Birli\u011fi \u0130leti\u015fim Stratejisi\u201dne ili\u015fkin olarak sivil toplum kurulu\u015flar\u0131n\u0131n de\u011ferlendirmelerinin al\u0131nmas\u0131 amac\u0131yla, 26 Kas\u0131m 2014 tarihinde Avrupa Birli\u011fi Bakanl\u0131\u011f\u0131 taraf\u0131ndan \u0130stanbul\u2019da \u201cSivil Toplumla Diyalog Toplant\u0131s\u0131\u201d ger\u00e7ekle\u015ftirildi.","og_url":"https:\/\/ticaret.edu.tr\/avrupa-birligi-uygulama-ve-arastirma-merkezi\/2014\/11\/28\/turkiyenin-yeni-ab-iletisim-stratejisi-sivil-toplumla-diyalog-toplantisi\/","og_site_name":"Avrupa Birli\u011fi Uygulama ve Ara\u015ft\u0131rma Merkezi","article_publisher":"https:\/\/www.facebook.com\/ticaretedutr","article_published_time":"2014-11-28T15:35:24+00:00","article_modified_time":"2021-12-06T12:36:31+00:00","og_image":[{"width":140,"height":140,"url":"https:\/\/ticaret.edu.tr\/avrupa-birligi-uygulama-ve-arastirma-merkezi\/wp-content\/uploads\/sites\/49\/2021\/01\/T\u00fcrkiyenin-yeni-ab-stratejisi.jpg","type":"image\/jpeg"}],"author":"mckiziltas","twitter_card":"summary_large_image","twitter_creator":"@ticaretedutr","twitter_site":"@ticaretedutr","twitter_misc":{"Yazan:":"mckiziltas","Tahmini okuma s\u00fcresi":"1 dakika"},"schema":{"@context":"https:\/\/schema.org","@graph":[{"@type":"WebPage","@id":"https:\/\/ticaret.edu.tr\/avrupa-birligi-uygulama-ve-arastirma-merkezi\/2014\/11\/28\/turkiyenin-yeni-ab-iletisim-stratejisi-sivil-toplumla-diyalog-toplantisi\/","url":"https:\/\/ticaret.edu.tr\/avrupa-birligi-uygulama-ve-arastirma-merkezi\/2014\/11\/28\/turkiyenin-yeni-ab-iletisim-stratejisi-sivil-toplumla-diyalog-toplantisi\/","name":"T\u00fcrkiye\u2019nin Yeni AB \u0130leti\u015fim Stratejisi Sivil Toplumla Diyalog Toplant\u0131s\u0131 - Haberler - Avrupa Birli\u011fi Uygulama ve Ara\u015ft\u0131rma Merkezi","isPartOf":{"@id":"https:\/\/ticaret.edu.tr\/avrupa-birligi-uygulama-ve-arastirma-merkezi\/#website"},"datePublished":"2014-11-28T15:35:24+00:00","dateModified":"2021-12-06T12:36:31+00:00","author":{"@id":"https:\/\/ticaret.edu.tr\/avrupa-birligi-uygulama-ve-arastirma-merkezi\/#\/schema\/person\/215c3ef896b7f2f5f257d1bea98c3529"},"description":"Avrupa Birli\u011fi Bakan\u0131 ve Ba\u015fm\u00fczakereci, B\u00fcy\u00fckel\u00e7i Volkan Bozk\u0131r taraf\u0131ndan kamuoyuna a\u00e7\u0131klanan \u201cT\u00fcrkiye\u2019nin Yeni Avrupa Birli\u011fi \u0130leti\u015fim Stratejisi\u201dne ili\u015fkin olarak sivil toplum kurulu\u015flar\u0131n\u0131n de\u011ferlendirmelerinin al\u0131nmas\u0131 amac\u0131yla, 26 Kas\u0131m 2014 tarihinde Avrupa Birli\u011fi Bakanl\u0131\u011f\u0131 taraf\u0131ndan \u0130stanbul\u2019da \u201cSivil Toplumla Diyalog Toplant\u0131s\u0131\u201d ger\u00e7ekle\u015ftirildi.","breadcrumb":{"@id":"https:\/\/ticaret.edu.tr\/avrupa-birligi-uygulama-ve-arastirma-merkezi\/2014\/11\/28\/turkiyenin-yeni-ab-iletisim-stratejisi-sivil-toplumla-diyalog-toplantisi\/#breadcrumb"},"inLanguage":"tr","potentialAction":[{"@type":"ReadAction","target":["https:\/\/ticaret.edu.tr\/avrupa-birligi-uygulama-ve-arastirma-merkezi\/2014\/11\/28\/turkiyenin-yeni-ab-iletisim-stratejisi-sivil-toplumla-diyalog-toplantisi\/"]}]},{"@type":"BreadcrumbList","@id":"https:\/\/ticaret.edu.tr\/avrupa-birligi-uygulama-ve-arastirma-merkezi\/2014\/11\/28\/turkiyenin-yeni-ab-iletisim-stratejisi-sivil-toplumla-diyalog-toplantisi\/#breadcrumb","itemListElement":[{"@type":"ListItem","position":1,"name":"Ana sayfa","item":"https:\/\/ticaret.edu.tr\/avrupa-birligi-uygulama-ve-arastirma-merkezi\/"},{"@type":"ListItem","position":2,"name":"T\u00fcrkiye\u2019nin Yeni AB \u0130leti\u015fim Stratejisi Sivil Toplumla Diyalog Toplant\u0131s\u0131"}]},{"@type":"WebSite","@id":"https:\/\/ticaret.edu.tr\/avrupa-birligi-uygulama-ve-arastirma-merkezi\/#website","url":"https:\/\/ticaret.edu.tr\/avrupa-birligi-uygulama-ve-arastirma-merkezi\/","name":"Avrupa Birli\u011fi Uygulama ve Ara\u015ft\u0131rma Merkezi","description":"Bir ba\u015fka \u0130stanbul Ticaret \u00dcniversitesi site sitesi","potentialAction":[{"@type":"SearchAction","target":{"@type":"EntryPoint","urlTemplate":"https:\/\/ticaret.edu.tr\/avrupa-birligi-uygulama-ve-arastirma-merkezi\/?s={search_term_string}"},"query-input":"required name=search_term_string"}],"inLanguage":"tr"},{"@type":"Person","@id":"https:\/\/ticaret.edu.tr\/avrupa-birligi-uygulama-ve-arastirma-merkezi\/#\/schema\/person\/215c3ef896b7f2f5f257d1bea98c3529","name":"mckiziltas","image":{"@type":"ImageObject","inLanguage":"tr","@id":"https:\/\/ticaret.edu.tr\/avrupa-birligi-uygulama-ve-arastirma-merkezi\/#\/schema\/person\/image\/","url":"http:\/\/1.gravatar.com\/avatar\/a8607bcf789626b55174097b883033be?s=96&d=mm&r=g","contentUrl":"http:\/\/1.gravatar.com\/avatar\/a8607bcf789626b55174097b883033be?s=96&d=mm&r=g","caption":"mckiziltas"},"url":"http:\/\/ticaret.edu.tr\/avrupa-birligi-uygulama-ve-arastirma-merkezi\/author\/mckiziltas\/"}]}},"lang":"tr","translations":{"tr":41},"pll_sync_post":[],"_links":{"self":[{"href":"http:\/\/ticaret.edu.tr\/avrupa-birligi-uygulama-ve-arastirma-merkezi\/wp-json\/wp\/v2\/posts\/41"}],"collection":[{"href":"http:\/\/ticaret.edu.tr\/avrupa-birligi-uygulama-ve-arastirma-merkezi\/wp-json\/wp\/v2\/posts"}],"about":[{"href":"http:\/\/ticaret.edu.tr\/avrupa-birligi-uygulama-ve-arastirma-merkezi\/wp-json\/wp\/v2\/types\/post"}],"author":[{"embeddable":true,"href":"http:\/\/ticaret.edu.tr\/avrupa-birligi-uygulama-ve-arastirma-merkezi\/wp-json\/wp\/v2\/users\/142"}],"replies":[{"embeddable":true,"href":"http:\/\/ticaret.edu.tr\/avrupa-birligi-uygulama-ve-arastirma-merkezi\/wp-json\/wp\/v2\/comments?post=41"}],"version-history":[{"count":1,"href":"http:\/\/ticaret.edu.tr\/avrupa-birligi-uygulama-ve-arastirma-merkezi\/wp-json\/wp\/v2\/posts\/41\/revisions"}],"predecessor-version":[{"id":43,"href":"http:\/\/ticaret.edu.tr\/avrupa-birligi-uygulama-ve-arastirma-merkezi\/wp-json\/wp\/v2\/posts\/41\/revisions\/43"}],"wp:featuredmedia":[{"embeddable":true,"href":"http:\/\/ticaret.edu.tr\/avrupa-birligi-uygulama-ve-arastirma-merkezi\/wp-json\/wp\/v2\/media\/42"}],"wp:attachment":[{"href":"http:\/\/ticaret.edu.tr\/avrupa-birligi-uygulama-ve-arastirma-merkezi\/wp-json\/wp\/v2\/media?parent=41"}],"wp:term":[{"taxonomy":"category","embeddable":true,"href":"http:\/\/ticaret.edu.tr\/avrupa-birligi-uygulama-ve-arastirma-merkezi\/wp-json\/wp\/v2\/categories?post=41"},{"taxonomy":"post_tag","embeddable":true,"href":"http:\/\/ticaret.edu.tr\/avrupa-birligi-uygulama-ve-arastirma-merkezi\/wp-json\/wp\/v2\/tags?post=41"}],"curies":[{"name":"wp","href":"https:\/\/api.w.org\/{rel}","templated":true}]}}