{"id":433,"date":"2026-04-15T12:15:57","date_gmt":"2026-04-15T09:15:57","guid":{"rendered":"https:\/\/ticaret.edu.tr\/avrupa-birligi-uygulama-ve-arastirma-merkezi\/?p=433"},"modified":"2026-04-15T12:15:57","modified_gmt":"2026-04-15T09:15:57","slug":"banglades-buyukelcisi-haqtan-universitemizde-kuresel-perspektif-vurgusu","status":"publish","type":"post","link":"http:\/\/ticaret.edu.tr\/avrupa-birligi-uygulama-ve-arastirma-merkezi\/2026\/04\/15\/banglades-buyukelcisi-haqtan-universitemizde-kuresel-perspektif-vurgusu\/","title":{"rendered":"Banglade\u015f B\u00fcy\u00fckel\u00e7isi HAQ\u2019tan \u00dcniversitemizde K\u00fcresel Perspektif Vurgusu"},"content":{"rendered":"<p><strong>Banglade\u015f Cumhuriyeti Ankara B\u00fcy\u00fckel\u00e7isi M. Amanul HAQ, \u00dcniversitemizde d\u00fczenlenen \u201cB\u00fcy\u00fckel\u00e7iler Konu\u015fuyor\u201d program\u0131nda \u00f6\u011frencilerimizle bir araya gelerek T\u00fcrkiye-Banglade\u015f ili\u015fkilerinden k\u00fcresel geli\u015fmelere uzanan geni\u015f bir \u00e7er\u00e7evede \u00f6nemli de\u011ferlendirmelerde bulundu.<\/strong><\/p>\n<p>\u0130stanbul Ticaret \u00dcniversitesi Avrupa Birli\u011fi Uygulama ve Ara\u015ft\u0131rma Merkezimiz taraf\u0131ndan d\u00fczenlenen \u201cB\u00fcy\u00fckel\u00e7iler Konu\u015fuyor\u201d program\u0131nda, Banglade\u015f Cumhuriyeti Ankara B\u00fcy\u00fckel\u00e7isi M. Amanul HAQ \u00f6\u011frencilerimizle bulu\u015ftu. S\u00e2d\u00e2b\u00e2d Kamp\u00fcs\u00fc S\u00fctl\u00fcce S\u00e2d\u00e2b\u00e2d Toplant\u0131 Salonu\u2019nda ger\u00e7ekle\u015ftirilen program, Siyaset Bilimi ve Uluslararas\u0131 \u0130li\u015fkiler (\u0130ngilizce) B\u00f6l\u00fcm Ba\u015fkan\u0131m\u0131z Do\u00e7. Dr. U\u011fur Yasin Asal\u2019\u0131n moderat\u00f6rl\u00fc\u011f\u00fcnde yap\u0131ld\u0131. Etkinli\u011fe; Rekt\u00f6r\u00fcm\u00fcz Prof. Dr. Necip \u015eim\u015fek, Y\u00fcksek\u00f6\u011fretim Kurulu (Y\u00d6K) \u00dcyesi Prof. Dr. Erol Arcakl\u0131o\u011flu, Rekt\u00f6r Yard\u0131mc\u0131m\u0131z Prof. Dr. Hanifi Parlar, \u0130nsan ve Toplum Bilimleri Fak\u00fcltesi Dekan\u0131m\u0131z Prof. Dr. Ahmet Kavas, Emekli B\u00fcy\u00fckel\u00e7i AHM Moniruzzaman ile B\u00fcy\u00fckel\u00e7ilik yetkilileri ve \u00f6\u011frenciler kat\u0131ld\u0131.<\/p>\n<p><img loading=\"lazy\" decoding=\"async\" class=\"alignnone wp-image-57171 size-large\" src=\"https:\/\/ticaret.edu.tr\/wp-content\/uploads\/2026\/04\/WhatsApp-Image-2026-04-02-at-18.33.47-1-1024x683.jpeg\" alt=\"\" width=\"1024\" height=\"683\" \/><\/p>\n<p><strong>PROF. DR. NEC\u0130P \u015e\u0130M\u015eEK: \u201cSER\u0130M\u0130Z ULUSLARARASI D\u0130YALO\u011eU G\u00dc\u00c7LEND\u0130R\u0130YOR\u201d<\/strong><\/p>\n<p>Program\u0131n a\u00e7\u0131l\u0131\u015f konu\u015fmas\u0131n\u0131 ger\u00e7ekle\u015ftiren Prof. Dr. Necip \u015eim\u015fek, \u201cB\u00fcy\u00fckel\u00e7iler Konu\u015fuyor\u201d serisinin \u00fcniversitemizde uluslararas\u0131 etkile\u015fimi g\u00fc\u00e7lendiren \u00f6nemli bir platform oldu\u011funu vurgulad\u0131. Serinin ilk konu\u011funun Azerbaycan B\u00fcy\u00fckel\u00e7isi oldu\u011funu hat\u0131rlatan Prof. Dr. \u015eim\u015fek, ikinci bulu\u015fmada Banglade\u015f B\u00fcy\u00fckel\u00e7isi M. Amanul HAQ\u2019\u0131 a\u011f\u0131rlamaktan memnuniyet duyduklar\u0131n\u0131 ifade etti. B\u00fcy\u00fckel\u00e7i HAQ\u2019\u0131n uluslararas\u0131 alandaki deneyimlerinin \u00f6\u011frenciler a\u00e7\u0131s\u0131ndan \u00f6nemli bir perspektif sunaca\u011f\u0131n\u0131 belirten Prof. Dr. \u015eim\u015fek, programa katk\u0131 sunan t\u00fcm kat\u0131l\u0131mc\u0131lara te\u015fekk\u00fcr etti.<\/p>\n<p><strong>T\u00dcRK\u0130YE-BANGLADE\u015e \u0130L\u0130\u015eK\u0130LER\u0130 TAR\u0130HTEN GELECE\u011eE ELE ALINDI<\/strong><\/p>\n<p>B\u00fcy\u00fckel\u00e7i M. Amanul HAQ, konu\u015fmas\u0131nda T\u00fcrkiye ile Banglade\u015f aras\u0131ndaki ili\u015fkilerin yaln\u0131zca diplomatik de\u011fil, tarihsel ve k\u00fclt\u00fcrel ba\u011flara dayand\u0131\u011f\u0131n\u0131 vurgulad\u0131. \u0130ki \u00fclke aras\u0131ndaki ili\u015fkilerin 13. y\u00fczy\u0131la uzanan k\u00f6kl\u00fc bir ge\u00e7mi\u015fe sahip oldu\u011funu ifade eden B\u00fcy\u00fckel\u00e7i HAQ, bu ba\u011flar\u0131n zaman i\u00e7inde k\u00fclt\u00fcrel, ekonomik ve diplomatik alanlarda g\u00fc\u00e7lenerek devam etti\u011fini belirtti.<\/p>\n<p>B\u00fcy\u00fckel\u00e7i HAQ, iki \u00fclke aras\u0131ndaki ticaret hacminin geli\u015fme potansiyeline dikkat \u00e7ekerek, ekonomik ili\u015fkilerin daha ileri seviyelere ta\u015f\u0131nabilece\u011fini ifade etti. T\u00fcrkiye ile Banglade\u015f\u2019in tamamlay\u0131c\u0131 ekonomilere sahip oldu\u011funu vurgulayan B\u00fcy\u00fckel\u00e7i HAQ, yat\u0131r\u0131m ve ticaret alanlar\u0131nda i\u015f birli\u011fi f\u0131rsatlar\u0131n\u0131n art\u0131r\u0131lmas\u0131 gerekti\u011fini dile getirdi.<\/p>\n<p><img loading=\"lazy\" decoding=\"async\" class=\"alignnone wp-image-57172 size-large\" src=\"https:\/\/ticaret.edu.tr\/wp-content\/uploads\/2026\/04\/WhatsApp-Image-2026-04-02-at-18.33.47-1024x683.jpeg\" alt=\"\" width=\"1024\" height=\"683\" \/><\/p>\n<p><strong>E\u011e\u0130T\u0130M, K\u00dcLT\u00dcR VE TEKNOLOJ\u0130K \u0130\u015e B\u0130RL\u0130\u011e\u0130 VURGUSU<\/strong><\/p>\n<p>Konu\u015fmas\u0131nda e\u011fitim ve k\u00fclt\u00fcrel etkile\u015fimin \u00f6nemine de de\u011finen B\u00fcy\u00fckel\u00e7i HAQ, \u00f6zellikle son y\u0131llarda T\u00fcrkiye\u2019nin Banglade\u015fli \u00f6\u011frenciler i\u00e7in \u00f6nemli bir e\u011fitim merkezi haline geldi\u011fini ifade etti. Artan \u00f6\u011frenci hareketlili\u011finin iki \u00fclke aras\u0131ndaki ili\u015fkileri g\u00fc\u00e7lendirdi\u011fini belirten B\u00fcy\u00fckel\u00e7i HAQ, \u00fcniversiteler aras\u0131 i\u015f birliklerinin geli\u015ftirilmesinin b\u00fcy\u00fck \u00f6nem ta\u015f\u0131d\u0131\u011f\u0131n\u0131 vurgulad\u0131.<\/p>\n<p>Teknolojik i\u015f birli\u011fi ve dijitalle\u015fme alanlar\u0131n\u0131n iki \u00fclke i\u00e7in \u00f6nemli f\u0131rsatlar sundu\u011funu dile getiren B\u00fcy\u00fckel\u00e7i HAQ, \u00f6zellikle bilgi teknolojileri, e-ticaret ve dijital d\u00f6n\u00fc\u015f\u00fcm alanlar\u0131nda ortak \u00e7al\u0131\u015fmalar\u0131n art\u0131r\u0131labilece\u011fini ifade etti. K\u00fcresel \u00f6l\u00e7ekte artan dezenformasyon riskine de dikkat \u00e7eken B\u00fcy\u00fckel\u00e7i HAQ, bu alanda uluslararas\u0131 i\u015f birli\u011finin \u00f6nemine i\u015faret etti.<\/p>\n<p><img loading=\"lazy\" decoding=\"async\" class=\"alignnone wp-image-57173 size-large\" src=\"https:\/\/ticaret.edu.tr\/wp-content\/uploads\/2026\/04\/WhatsApp-Image-2026-04-02-at-18.33.46-1024x683.jpeg\" alt=\"banglade\u015f b\u00fcy\u00fckel\u00e7isi\" width=\"1024\" height=\"683\" \/><\/p>\n<p><strong>D\u0130PLOMAT\u0130K VE STRATEJ\u0130K \u0130L\u0130\u015eK\u0130LERDE G\u00dc\u00c7L\u00dc \u0130\u015e B\u0130RL\u0130\u011e\u0130<\/strong><\/p>\n<p>Banglade\u015f ile T\u00fcrkiye aras\u0131ndaki diplomatik ili\u015fkilerin g\u00fc\u00e7l\u00fc bir zemine dayand\u0131\u011f\u0131n\u0131 belirten B\u00fcy\u00fckel\u00e7i HAQ, iki \u00fclkenin uluslararas\u0131 platformlarda benzer perspektifler do\u011frultusunda hareket etti\u011fini ifade etti. \u00d6zellikle Birle\u015fmi\u015f Milletler ve \u0130slam \u0130\u015fbirli\u011fi Te\u015fkilat\u0131 gibi uluslararas\u0131 yap\u0131larda s\u00fcrd\u00fcr\u00fclen i\u015f birli\u011finin \u00f6nemine de\u011finen B\u00fcy\u00fckel\u00e7i HAQ, T\u00fcrkiye\u2019nin Banglade\u015f\u2019e verdi\u011fi desteklerin ikili ili\u015fkilerde \u00f6nemli bir yer tuttu\u011funu belirtti.<\/p>\n<p>Savunma alan\u0131ndaki i\u015f birli\u011finin de dikkat \u00e7ekici bir boyuta ula\u015ft\u0131\u011f\u0131n\u0131 ifade eden B\u00fcy\u00fckel\u00e7i HAQ, iki \u00fclke aras\u0131ndaki g\u00fcven temelli ili\u015fkilerin stratejik d\u00fczeyde geli\u015fmeye devam etti\u011fini s\u00f6yledi. Program\u0131n devam\u0131ndaki soru-cevap b\u00f6l\u00fcm\u00fcnde Banglade\u015f Cumhuriyeti Ankara B\u00fcy\u00fckel\u00e7isi M. Amanul HAQ, \u00f6\u011frencilerden gelen sorular\u0131 yan\u0131tlad\u0131. G\u00fcn\u00fcn an\u0131s\u0131na \u00e7ekilen hat\u0131ra foto\u011fraf\u0131 ile etkinlik sona erdi.<\/p>\n","protected":false},"excerpt":{"rendered":"<p>Banglade\u015f Cumhuriyeti Ankara B\u00fcy\u00fckel\u00e7isi M. Amanul HAQ, \u00dcniversitemizde d\u00fczenlenen \u201cB\u00fcy\u00fckel\u00e7iler Konu\u015fuyor\u201d program\u0131nda \u00f6\u011frencilerimizle bir araya gelerek T\u00fcrkiye-Banglade\u015f ili\u015fkilerinden k\u00fcresel geli\u015fmelere uzanan geni\u015f bir \u00e7er\u00e7evede \u00f6nemli de\u011ferlendirmelerde bulundu. \u0130stanbul Ticaret \u00dcniversitesi Avrupa Birli\u011fi Uygulama ve Ara\u015ft\u0131rma Merkezimiz taraf\u0131ndan d\u00fczenlenen \u201cB\u00fcy\u00fckel\u00e7iler Konu\u015fuyor\u201d program\u0131nda, Banglade\u015f Cumhuriyeti Ankara B\u00fcy\u00fckel\u00e7isi M. Amanul HAQ \u00f6\u011frencilerimizle bulu\u015ftu. S\u00e2d\u00e2b\u00e2d Kamp\u00fcs\u00fc S\u00fctl\u00fcce S\u00e2d\u00e2b\u00e2d Toplant\u0131 [&hellip;]<\/p>\n","protected":false},"author":238,"featured_media":434,"comment_status":"closed","ping_status":"closed","sticky":false,"template":"","format":"standard","meta":{"footnotes":""},"categories":[3],"tags":[],"yoast_head":"<!-- This site is optimized with the Yoast SEO Premium plugin v22.1 (Yoast SEO v22.1) - https:\/\/yoast.com\/wordpress\/plugins\/seo\/ -->\n<title>Banglade\u015f B\u00fcy\u00fckel\u00e7isi HAQ\u2019tan \u00dcniversitemizde K\u00fcresel Perspektif Vurgusu - Haberler - Avrupa Birli\u011fi Uygulama ve Ara\u015ft\u0131rma Merkezi<\/title>\n<meta name=\"robots\" content=\"index, follow, max-snippet:-1, max-image-preview:large, max-video-preview:-1\" \/>\n<link rel=\"canonical\" href=\"http:\/\/ticaret.edu.tr\/avrupa-birligi-uygulama-ve-arastirma-merkezi\/2026\/04\/15\/banglades-buyukelcisi-haqtan-universitemizde-kuresel-perspektif-vurgusu\/\" \/>\n<meta property=\"og:locale\" content=\"tr_TR\" \/>\n<meta property=\"og:type\" content=\"article\" \/>\n<meta property=\"og:title\" content=\"Banglade\u015f B\u00fcy\u00fckel\u00e7isi HAQ\u2019tan \u00dcniversitemizde K\u00fcresel Perspektif Vurgusu\" \/>\n<meta property=\"og:description\" content=\"Banglade\u015f Cumhuriyeti Ankara B\u00fcy\u00fckel\u00e7isi M. Amanul HAQ, \u00dcniversitemizde d\u00fczenlenen \u201cB\u00fcy\u00fckel\u00e7iler Konu\u015fuyor\u201d program\u0131nda \u00f6\u011frencilerimizle bir araya gelerek T\u00fcrkiye-Banglade\u015f ili\u015fkilerinden k\u00fcresel geli\u015fmelere uzanan geni\u015f bir \u00e7er\u00e7evede \u00f6nemli de\u011ferlendirmelerde bulundu. \u0130stanbul Ticaret \u00dcniversitesi Avrupa Birli\u011fi Uygulama ve Ara\u015ft\u0131rma Merkezimiz taraf\u0131ndan d\u00fczenlenen \u201cB\u00fcy\u00fckel\u00e7iler Konu\u015fuyor\u201d program\u0131nda, Banglade\u015f Cumhuriyeti Ankara B\u00fcy\u00fckel\u00e7isi M. Amanul HAQ \u00f6\u011frencilerimizle bulu\u015ftu. S\u00e2d\u00e2b\u00e2d Kamp\u00fcs\u00fc S\u00fctl\u00fcce S\u00e2d\u00e2b\u00e2d Toplant\u0131 [&hellip;]\" \/>\n<meta property=\"og:url\" content=\"http:\/\/ticaret.edu.tr\/avrupa-birligi-uygulama-ve-arastirma-merkezi\/2026\/04\/15\/banglades-buyukelcisi-haqtan-universitemizde-kuresel-perspektif-vurgusu\/\" \/>\n<meta property=\"og:site_name\" content=\"Avrupa Birli\u011fi Uygulama ve Ara\u015ft\u0131rma Merkezi\" \/>\n<meta property=\"article:publisher\" content=\"https:\/\/www.facebook.com\/ticaretedutr\" \/>\n<meta property=\"article:published_time\" content=\"2026-04-15T09:15:57+00:00\" \/>\n<meta property=\"og:image\" content=\"http:\/\/ticaret.edu.tr\/avrupa-birligi-uygulama-ve-arastirma-merkezi\/wp-content\/uploads\/sites\/49\/2026\/04\/WhatsApp-Image-2026-04-15-at-10.12.58.jpeg\" \/>\n\t<meta property=\"og:image:width\" content=\"1600\" \/>\n\t<meta property=\"og:image:height\" content=\"1066\" \/>\n\t<meta property=\"og:image:type\" content=\"image\/jpeg\" \/>\n<meta name=\"author\" content=\"gbuzunoglu\" \/>\n<meta name=\"twitter:card\" content=\"summary_large_image\" \/>\n<meta name=\"twitter:creator\" content=\"@ticaretedutr\" \/>\n<meta name=\"twitter:site\" content=\"@ticaretedutr\" \/>\n<meta name=\"twitter:label1\" content=\"Yazan:\" \/>\n\t<meta name=\"twitter:data1\" content=\"gbuzunoglu\" \/>\n\t<meta name=\"twitter:label2\" content=\"Tahmini okuma s\u00fcresi\" \/>\n\t<meta name=\"twitter:data2\" content=\"4 dakika\" \/>\n<script type=\"application\/ld+json\" class=\"yoast-schema-graph\">{\"@context\":\"https:\/\/schema.org\",\"@graph\":[{\"@type\":\"WebPage\",\"@id\":\"http:\/\/ticaret.edu.tr\/avrupa-birligi-uygulama-ve-arastirma-merkezi\/2026\/04\/15\/banglades-buyukelcisi-haqtan-universitemizde-kuresel-perspektif-vurgusu\/\",\"url\":\"http:\/\/ticaret.edu.tr\/avrupa-birligi-uygulama-ve-arastirma-merkezi\/2026\/04\/15\/banglades-buyukelcisi-haqtan-universitemizde-kuresel-perspektif-vurgusu\/\",\"name\":\"Banglade\u015f B\u00fcy\u00fckel\u00e7isi HAQ\u2019tan \u00dcniversitemizde K\u00fcresel Perspektif Vurgusu - Haberler - Avrupa Birli\u011fi Uygulama ve Ara\u015ft\u0131rma Merkezi\",\"isPartOf\":{\"@id\":\"https:\/\/ticaret.edu.tr\/avrupa-birligi-uygulama-ve-arastirma-merkezi\/en\/#website\"},\"datePublished\":\"2026-04-15T09:15:57+00:00\",\"dateModified\":\"2026-04-15T09:15:57+00:00\",\"author\":{\"@id\":\"https:\/\/ticaret.edu.tr\/avrupa-birligi-uygulama-ve-arastirma-merkezi\/en\/#\/schema\/person\/fb6b39b4e091b813d455562f5a3fcf2c\"},\"breadcrumb\":{\"@id\":\"http:\/\/ticaret.edu.tr\/avrupa-birligi-uygulama-ve-arastirma-merkezi\/2026\/04\/15\/banglades-buyukelcisi-haqtan-universitemizde-kuresel-perspektif-vurgusu\/#breadcrumb\"},\"inLanguage\":\"tr\",\"potentialAction\":[{\"@type\":\"ReadAction\",\"target\":[\"http:\/\/ticaret.edu.tr\/avrupa-birligi-uygulama-ve-arastirma-merkezi\/2026\/04\/15\/banglades-buyukelcisi-haqtan-universitemizde-kuresel-perspektif-vurgusu\/\"]}]},{\"@type\":\"BreadcrumbList\",\"@id\":\"http:\/\/ticaret.edu.tr\/avrupa-birligi-uygulama-ve-arastirma-merkezi\/2026\/04\/15\/banglades-buyukelcisi-haqtan-universitemizde-kuresel-perspektif-vurgusu\/#breadcrumb\",\"itemListElement\":[{\"@type\":\"ListItem\",\"position\":1,\"name\":\"Ana sayfa\",\"item\":\"https:\/\/ticaret.edu.tr\/avrupa-birligi-uygulama-ve-arastirma-merkezi\/\"},{\"@type\":\"ListItem\",\"position\":2,\"name\":\"Banglade\u015f B\u00fcy\u00fckel\u00e7isi HAQ\u2019tan \u00dcniversitemizde K\u00fcresel Perspektif Vurgusu\"}]},{\"@type\":\"WebSite\",\"@id\":\"https:\/\/ticaret.edu.tr\/avrupa-birligi-uygulama-ve-arastirma-merkezi\/en\/#website\",\"url\":\"https:\/\/ticaret.edu.tr\/avrupa-birligi-uygulama-ve-arastirma-merkezi\/en\/\",\"name\":\"Avrupa Birli\u011fi Uygulama ve Ara\u015ft\u0131rma Merkezi\",\"description\":\"Bir ba\u015fka \u0130stanbul Ticaret \u00dcniversitesi site sitesi\",\"potentialAction\":[{\"@type\":\"SearchAction\",\"target\":{\"@type\":\"EntryPoint\",\"urlTemplate\":\"https:\/\/ticaret.edu.tr\/avrupa-birligi-uygulama-ve-arastirma-merkezi\/en\/?s={search_term_string}\"},\"query-input\":\"required name=search_term_string\"}],\"inLanguage\":\"tr\"},{\"@type\":\"Person\",\"@id\":\"https:\/\/ticaret.edu.tr\/avrupa-birligi-uygulama-ve-arastirma-merkezi\/en\/#\/schema\/person\/fb6b39b4e091b813d455562f5a3fcf2c\",\"name\":\"gbuzunoglu\",\"image\":{\"@type\":\"ImageObject\",\"inLanguage\":\"tr\",\"@id\":\"https:\/\/ticaret.edu.tr\/avrupa-birligi-uygulama-ve-arastirma-merkezi\/en\/#\/schema\/person\/image\/\",\"url\":\"http:\/\/2.gravatar.com\/avatar\/b9e1cb2d1f836367b56625419ccfb033?s=96&d=mm&r=g\",\"contentUrl\":\"http:\/\/2.gravatar.com\/avatar\/b9e1cb2d1f836367b56625419ccfb033?s=96&d=mm&r=g\",\"caption\":\"gbuzunoglu\"},\"url\":\"http:\/\/ticaret.edu.tr\/avrupa-birligi-uygulama-ve-arastirma-merkezi\/author\/gbuzunoglu\/\"}]}<\/script>\n<!-- \/ Yoast SEO Premium plugin. -->","yoast_head_json":{"title":"Banglade\u015f B\u00fcy\u00fckel\u00e7isi HAQ\u2019tan \u00dcniversitemizde K\u00fcresel Perspektif Vurgusu - Haberler - Avrupa Birli\u011fi Uygulama ve Ara\u015ft\u0131rma Merkezi","robots":{"index":"index","follow":"follow","max-snippet":"max-snippet:-1","max-image-preview":"max-image-preview:large","max-video-preview":"max-video-preview:-1"},"canonical":"http:\/\/ticaret.edu.tr\/avrupa-birligi-uygulama-ve-arastirma-merkezi\/2026\/04\/15\/banglades-buyukelcisi-haqtan-universitemizde-kuresel-perspektif-vurgusu\/","og_locale":"tr_TR","og_type":"article","og_title":"Banglade\u015f B\u00fcy\u00fckel\u00e7isi HAQ\u2019tan \u00dcniversitemizde K\u00fcresel Perspektif Vurgusu","og_description":"Banglade\u015f Cumhuriyeti Ankara B\u00fcy\u00fckel\u00e7isi M. Amanul HAQ, \u00dcniversitemizde d\u00fczenlenen \u201cB\u00fcy\u00fckel\u00e7iler Konu\u015fuyor\u201d program\u0131nda \u00f6\u011frencilerimizle bir araya gelerek T\u00fcrkiye-Banglade\u015f ili\u015fkilerinden k\u00fcresel geli\u015fmelere uzanan geni\u015f bir \u00e7er\u00e7evede \u00f6nemli de\u011ferlendirmelerde bulundu. \u0130stanbul Ticaret \u00dcniversitesi Avrupa Birli\u011fi Uygulama ve Ara\u015ft\u0131rma Merkezimiz taraf\u0131ndan d\u00fczenlenen \u201cB\u00fcy\u00fckel\u00e7iler Konu\u015fuyor\u201d program\u0131nda, Banglade\u015f Cumhuriyeti Ankara B\u00fcy\u00fckel\u00e7isi M. Amanul HAQ \u00f6\u011frencilerimizle bulu\u015ftu. S\u00e2d\u00e2b\u00e2d Kamp\u00fcs\u00fc S\u00fctl\u00fcce S\u00e2d\u00e2b\u00e2d Toplant\u0131 [&hellip;]","og_url":"http:\/\/ticaret.edu.tr\/avrupa-birligi-uygulama-ve-arastirma-merkezi\/2026\/04\/15\/banglades-buyukelcisi-haqtan-universitemizde-kuresel-perspektif-vurgusu\/","og_site_name":"Avrupa Birli\u011fi Uygulama ve Ara\u015ft\u0131rma Merkezi","article_publisher":"https:\/\/www.facebook.com\/ticaretedutr","article_published_time":"2026-04-15T09:15:57+00:00","og_image":[{"width":1600,"height":1066,"url":"http:\/\/ticaret.edu.tr\/avrupa-birligi-uygulama-ve-arastirma-merkezi\/wp-content\/uploads\/sites\/49\/2026\/04\/WhatsApp-Image-2026-04-15-at-10.12.58.jpeg","type":"image\/jpeg"}],"author":"gbuzunoglu","twitter_card":"summary_large_image","twitter_creator":"@ticaretedutr","twitter_site":"@ticaretedutr","twitter_misc":{"Yazan:":"gbuzunoglu","Tahmini okuma s\u00fcresi":"4 dakika"},"schema":{"@context":"https:\/\/schema.org","@graph":[{"@type":"WebPage","@id":"http:\/\/ticaret.edu.tr\/avrupa-birligi-uygulama-ve-arastirma-merkezi\/2026\/04\/15\/banglades-buyukelcisi-haqtan-universitemizde-kuresel-perspektif-vurgusu\/","url":"http:\/\/ticaret.edu.tr\/avrupa-birligi-uygulama-ve-arastirma-merkezi\/2026\/04\/15\/banglades-buyukelcisi-haqtan-universitemizde-kuresel-perspektif-vurgusu\/","name":"Banglade\u015f B\u00fcy\u00fckel\u00e7isi HAQ\u2019tan \u00dcniversitemizde K\u00fcresel Perspektif Vurgusu - Haberler - Avrupa Birli\u011fi Uygulama ve Ara\u015ft\u0131rma Merkezi","isPartOf":{"@id":"https:\/\/ticaret.edu.tr\/avrupa-birligi-uygulama-ve-arastirma-merkezi\/en\/#website"},"datePublished":"2026-04-15T09:15:57+00:00","dateModified":"2026-04-15T09:15:57+00:00","author":{"@id":"https:\/\/ticaret.edu.tr\/avrupa-birligi-uygulama-ve-arastirma-merkezi\/en\/#\/schema\/person\/fb6b39b4e091b813d455562f5a3fcf2c"},"breadcrumb":{"@id":"http:\/\/ticaret.edu.tr\/avrupa-birligi-uygulama-ve-arastirma-merkezi\/2026\/04\/15\/banglades-buyukelcisi-haqtan-universitemizde-kuresel-perspektif-vurgusu\/#breadcrumb"},"inLanguage":"tr","potentialAction":[{"@type":"ReadAction","target":["http:\/\/ticaret.edu.tr\/avrupa-birligi-uygulama-ve-arastirma-merkezi\/2026\/04\/15\/banglades-buyukelcisi-haqtan-universitemizde-kuresel-perspektif-vurgusu\/"]}]},{"@type":"BreadcrumbList","@id":"http:\/\/ticaret.edu.tr\/avrupa-birligi-uygulama-ve-arastirma-merkezi\/2026\/04\/15\/banglades-buyukelcisi-haqtan-universitemizde-kuresel-perspektif-vurgusu\/#breadcrumb","itemListElement":[{"@type":"ListItem","position":1,"name":"Ana sayfa","item":"https:\/\/ticaret.edu.tr\/avrupa-birligi-uygulama-ve-arastirma-merkezi\/"},{"@type":"ListItem","position":2,"name":"Banglade\u015f B\u00fcy\u00fckel\u00e7isi HAQ\u2019tan \u00dcniversitemizde K\u00fcresel Perspektif Vurgusu"}]},{"@type":"WebSite","@id":"https:\/\/ticaret.edu.tr\/avrupa-birligi-uygulama-ve-arastirma-merkezi\/en\/#website","url":"https:\/\/ticaret.edu.tr\/avrupa-birligi-uygulama-ve-arastirma-merkezi\/en\/","name":"Avrupa Birli\u011fi Uygulama ve Ara\u015ft\u0131rma Merkezi","description":"Bir ba\u015fka \u0130stanbul Ticaret \u00dcniversitesi site sitesi","potentialAction":[{"@type":"SearchAction","target":{"@type":"EntryPoint","urlTemplate":"https:\/\/ticaret.edu.tr\/avrupa-birligi-uygulama-ve-arastirma-merkezi\/en\/?s={search_term_string}"},"query-input":"required name=search_term_string"}],"inLanguage":"tr"},{"@type":"Person","@id":"https:\/\/ticaret.edu.tr\/avrupa-birligi-uygulama-ve-arastirma-merkezi\/en\/#\/schema\/person\/fb6b39b4e091b813d455562f5a3fcf2c","name":"gbuzunoglu","image":{"@type":"ImageObject","inLanguage":"tr","@id":"https:\/\/ticaret.edu.tr\/avrupa-birligi-uygulama-ve-arastirma-merkezi\/en\/#\/schema\/person\/image\/","url":"http:\/\/2.gravatar.com\/avatar\/b9e1cb2d1f836367b56625419ccfb033?s=96&d=mm&r=g","contentUrl":"http:\/\/2.gravatar.com\/avatar\/b9e1cb2d1f836367b56625419ccfb033?s=96&d=mm&r=g","caption":"gbuzunoglu"},"url":"http:\/\/ticaret.edu.tr\/avrupa-birligi-uygulama-ve-arastirma-merkezi\/author\/gbuzunoglu\/"}]}},"lang":"tr","translations":{"tr":433},"pll_sync_post":[],"_links":{"self":[{"href":"http:\/\/ticaret.edu.tr\/avrupa-birligi-uygulama-ve-arastirma-merkezi\/wp-json\/wp\/v2\/posts\/433"}],"collection":[{"href":"http:\/\/ticaret.edu.tr\/avrupa-birligi-uygulama-ve-arastirma-merkezi\/wp-json\/wp\/v2\/posts"}],"about":[{"href":"http:\/\/ticaret.edu.tr\/avrupa-birligi-uygulama-ve-arastirma-merkezi\/wp-json\/wp\/v2\/types\/post"}],"author":[{"embeddable":true,"href":"http:\/\/ticaret.edu.tr\/avrupa-birligi-uygulama-ve-arastirma-merkezi\/wp-json\/wp\/v2\/users\/238"}],"replies":[{"embeddable":true,"href":"http:\/\/ticaret.edu.tr\/avrupa-birligi-uygulama-ve-arastirma-merkezi\/wp-json\/wp\/v2\/comments?post=433"}],"version-history":[{"count":1,"href":"http:\/\/ticaret.edu.tr\/avrupa-birligi-uygulama-ve-arastirma-merkezi\/wp-json\/wp\/v2\/posts\/433\/revisions"}],"predecessor-version":[{"id":435,"href":"http:\/\/ticaret.edu.tr\/avrupa-birligi-uygulama-ve-arastirma-merkezi\/wp-json\/wp\/v2\/posts\/433\/revisions\/435"}],"wp:featuredmedia":[{"embeddable":true,"href":"http:\/\/ticaret.edu.tr\/avrupa-birligi-uygulama-ve-arastirma-merkezi\/wp-json\/wp\/v2\/media\/434"}],"wp:attachment":[{"href":"http:\/\/ticaret.edu.tr\/avrupa-birligi-uygulama-ve-arastirma-merkezi\/wp-json\/wp\/v2\/media?parent=433"}],"wp:term":[{"taxonomy":"category","embeddable":true,"href":"http:\/\/ticaret.edu.tr\/avrupa-birligi-uygulama-ve-arastirma-merkezi\/wp-json\/wp\/v2\/categories?post=433"},{"taxonomy":"post_tag","embeddable":true,"href":"http:\/\/ticaret.edu.tr\/avrupa-birligi-uygulama-ve-arastirma-merkezi\/wp-json\/wp\/v2\/tags?post=433"}],"curies":[{"name":"wp","href":"https:\/\/api.w.org\/{rel}","templated":true}]}}