{"id":53,"date":"2015-10-15T18:51:38","date_gmt":"2015-10-15T15:51:38","guid":{"rendered":"http:\/\/ticaret.edu.tr\/abuam\/?p=53"},"modified":"2021-12-06T16:04:33","modified_gmt":"2021-12-06T13:04:33","slug":"avrupa-yerel-demokrasi-haftasi","status":"publish","type":"post","link":"http:\/\/ticaret.edu.tr\/avrupa-birligi-uygulama-ve-arastirma-merkezi\/2015\/10\/15\/avrupa-yerel-demokrasi-haftasi\/","title":{"rendered":"Avrupa Yerel Demokrasi Haftas\u0131"},"content":{"rendered":"<p>L\u00fcleburgaz Belediyesi taraf\u0131ndan bu y\u0131l \u00fc\u00e7\u00fcnc\u00fcs\u00fc d\u00fczenlenen \u201cAvrupa Yerel Demokrasi Haftas\u0131\u201d program\u0131 etkinlikleri kapsam\u0131nda ger\u00e7ekle\u015ftirilen etkinli\u011fe konuk konu\u015fmac\u0131 olarak \u0130stanbul Ticaret \u00dcniversitesi AB Uygulama ve Ara\u015ft\u0131rma Merkezi M\u00fcd\u00fcr\u00fc Yard. Do\u00e7. Dr. A. O\u011fuz Demir konuk olarak kat\u0131ld\u0131.<\/p>\n<p><a href=\"http:\/\/ww4.ticaret.edu.tr\/abmerkezi\/wp-content\/uploads\/sites\/55\/2015\/10\/IMG_3326.jpg\"><img loading=\"lazy\" decoding=\"async\" class=\" size-medium wp-image-240 alignleft\" src=\"http:\/\/ww4.ticaret.edu.tr\/abmerkezi\/wp-content\/uploads\/sites\/55\/2015\/10\/IMG_3326-300x200.jpg\" alt=\"IMG_3326\" width=\"300\" height=\"200\" \/><\/a><\/p>\n","protected":false},"excerpt":{"rendered":"<p>L\u00fcleburgaz Belediyesi taraf\u0131ndan bu y\u0131l \u00fc\u00e7\u00fcnc\u00fcs\u00fc d\u00fczenlenen \u201cAvrupa Yerel Demokrasi Haftas\u0131\u201d program\u0131 etkinlikleri kapsam\u0131nda ger\u00e7ekle\u015ftirilen etkinli\u011fe konuk konu\u015fmac\u0131 olarak \u0130stanbul Ticaret \u00dcniversitesi AB Uygulama ve Ara\u015ft\u0131rma Merkezi M\u00fcd\u00fcr\u00fc Yard. Do\u00e7. Dr. A. O\u011fuz Demir konuk olarak kat\u0131ld\u0131.<\/p>\n","protected":false},"author":142,"featured_media":55,"comment_status":"closed","ping_status":"closed","sticky":false,"template":"","format":"standard","meta":{"footnotes":""},"categories":[3],"tags":[],"yoast_head":"<!-- This site is optimized with the Yoast SEO Premium plugin v22.1 (Yoast SEO v22.1) - https:\/\/yoast.com\/wordpress\/plugins\/seo\/ -->\n<title>Avrupa Yerel Demokrasi Haftas\u0131 - Haberler - Avrupa Birli\u011fi Uygulama ve Ara\u015ft\u0131rma Merkezi<\/title>\n<meta name=\"description\" content=\"Avrupa Yerel Demokrasi Haftas\u0131\" \/>\n<meta name=\"robots\" content=\"index, follow, max-snippet:-1, max-image-preview:large, max-video-preview:-1\" \/>\n<link rel=\"canonical\" href=\"https:\/\/ticaret.edu.tr\/avrupa-birligi-uygulama-ve-arastirma-merkezi\/2015\/10\/15\/avrupa-yerel-demokrasi-haftasi\/\" \/>\n<meta property=\"og:locale\" content=\"tr_TR\" \/>\n<meta property=\"og:type\" content=\"article\" \/>\n<meta property=\"og:title\" content=\"Avrupa Yerel Demokrasi Haftas\u0131\" \/>\n<meta property=\"og:description\" content=\"Avrupa Yerel Demokrasi Haftas\u0131\" \/>\n<meta property=\"og:url\" content=\"https:\/\/ticaret.edu.tr\/avrupa-birligi-uygulama-ve-arastirma-merkezi\/2015\/10\/15\/avrupa-yerel-demokrasi-haftasi\/\" \/>\n<meta property=\"og:site_name\" content=\"Avrupa Birli\u011fi Uygulama ve Ara\u015ft\u0131rma Merkezi\" \/>\n<meta property=\"article:publisher\" content=\"https:\/\/www.facebook.com\/ticaretedutr\" \/>\n<meta property=\"article:published_time\" content=\"2015-10-15T15:51:38+00:00\" \/>\n<meta property=\"article:modified_time\" content=\"2021-12-06T13:04:33+00:00\" \/>\n<meta property=\"og:image\" content=\"https:\/\/ticaret.edu.tr\/avrupa-birligi-uygulama-ve-arastirma-merkezi\/wp-content\/uploads\/sites\/49\/2016\/10\/avrupa-yerel-demokrasi-haftas\u0131.jpg\" \/>\n\t<meta property=\"og:image:width\" content=\"140\" \/>\n\t<meta property=\"og:image:height\" content=\"140\" \/>\n\t<meta property=\"og:image:type\" content=\"image\/jpeg\" \/>\n<meta name=\"author\" content=\"mckiziltas\" \/>\n<meta name=\"twitter:card\" content=\"summary_large_image\" \/>\n<meta name=\"twitter:creator\" content=\"@ticaretedutr\" \/>\n<meta name=\"twitter:site\" content=\"@ticaretedutr\" \/>\n<meta name=\"twitter:label1\" content=\"Yazan:\" \/>\n\t<meta name=\"twitter:data1\" content=\"mckiziltas\" \/>\n<script type=\"application\/ld+json\" class=\"yoast-schema-graph\">{\"@context\":\"https:\/\/schema.org\",\"@graph\":[{\"@type\":\"WebPage\",\"@id\":\"https:\/\/ticaret.edu.tr\/avrupa-birligi-uygulama-ve-arastirma-merkezi\/2015\/10\/15\/avrupa-yerel-demokrasi-haftasi\/\",\"url\":\"https:\/\/ticaret.edu.tr\/avrupa-birligi-uygulama-ve-arastirma-merkezi\/2015\/10\/15\/avrupa-yerel-demokrasi-haftasi\/\",\"name\":\"Avrupa Yerel Demokrasi Haftas\u0131 - Haberler - Avrupa Birli\u011fi Uygulama ve Ara\u015ft\u0131rma Merkezi\",\"isPartOf\":{\"@id\":\"https:\/\/ticaret.edu.tr\/avrupa-birligi-uygulama-ve-arastirma-merkezi\/#website\"},\"datePublished\":\"2015-10-15T15:51:38+00:00\",\"dateModified\":\"2021-12-06T13:04:33+00:00\",\"author\":{\"@id\":\"https:\/\/ticaret.edu.tr\/avrupa-birligi-uygulama-ve-arastirma-merkezi\/#\/schema\/person\/215c3ef896b7f2f5f257d1bea98c3529\"},\"description\":\"Avrupa Yerel Demokrasi Haftas\u0131\",\"breadcrumb\":{\"@id\":\"https:\/\/ticaret.edu.tr\/avrupa-birligi-uygulama-ve-arastirma-merkezi\/2015\/10\/15\/avrupa-yerel-demokrasi-haftasi\/#breadcrumb\"},\"inLanguage\":\"tr\",\"potentialAction\":[{\"@type\":\"ReadAction\",\"target\":[\"https:\/\/ticaret.edu.tr\/avrupa-birligi-uygulama-ve-arastirma-merkezi\/2015\/10\/15\/avrupa-yerel-demokrasi-haftasi\/\"]}]},{\"@type\":\"BreadcrumbList\",\"@id\":\"https:\/\/ticaret.edu.tr\/avrupa-birligi-uygulama-ve-arastirma-merkezi\/2015\/10\/15\/avrupa-yerel-demokrasi-haftasi\/#breadcrumb\",\"itemListElement\":[{\"@type\":\"ListItem\",\"position\":1,\"name\":\"Ana sayfa\",\"item\":\"https:\/\/ticaret.edu.tr\/avrupa-birligi-uygulama-ve-arastirma-merkezi\/\"},{\"@type\":\"ListItem\",\"position\":2,\"name\":\"Avrupa Yerel Demokrasi Haftas\u0131\"}]},{\"@type\":\"WebSite\",\"@id\":\"https:\/\/ticaret.edu.tr\/avrupa-birligi-uygulama-ve-arastirma-merkezi\/#website\",\"url\":\"https:\/\/ticaret.edu.tr\/avrupa-birligi-uygulama-ve-arastirma-merkezi\/\",\"name\":\"Avrupa Birli\u011fi Uygulama ve Ara\u015ft\u0131rma Merkezi\",\"description\":\"Bir ba\u015fka \u0130stanbul Ticaret \u00dcniversitesi site sitesi\",\"potentialAction\":[{\"@type\":\"SearchAction\",\"target\":{\"@type\":\"EntryPoint\",\"urlTemplate\":\"https:\/\/ticaret.edu.tr\/avrupa-birligi-uygulama-ve-arastirma-merkezi\/?s={search_term_string}\"},\"query-input\":\"required name=search_term_string\"}],\"inLanguage\":\"tr\"},{\"@type\":\"Person\",\"@id\":\"https:\/\/ticaret.edu.tr\/avrupa-birligi-uygulama-ve-arastirma-merkezi\/#\/schema\/person\/215c3ef896b7f2f5f257d1bea98c3529\",\"name\":\"mckiziltas\",\"image\":{\"@type\":\"ImageObject\",\"inLanguage\":\"tr\",\"@id\":\"https:\/\/ticaret.edu.tr\/avrupa-birligi-uygulama-ve-arastirma-merkezi\/#\/schema\/person\/image\/\",\"url\":\"http:\/\/1.gravatar.com\/avatar\/a8607bcf789626b55174097b883033be?s=96&d=mm&r=g\",\"contentUrl\":\"http:\/\/1.gravatar.com\/avatar\/a8607bcf789626b55174097b883033be?s=96&d=mm&r=g\",\"caption\":\"mckiziltas\"},\"url\":\"http:\/\/ticaret.edu.tr\/avrupa-birligi-uygulama-ve-arastirma-merkezi\/author\/mckiziltas\/\"}]}<\/script>\n<!-- \/ Yoast SEO Premium plugin. -->","yoast_head_json":{"title":"Avrupa Yerel Demokrasi Haftas\u0131 - Haberler - Avrupa Birli\u011fi Uygulama ve Ara\u015ft\u0131rma Merkezi","description":"Avrupa Yerel Demokrasi Haftas\u0131","robots":{"index":"index","follow":"follow","max-snippet":"max-snippet:-1","max-image-preview":"max-image-preview:large","max-video-preview":"max-video-preview:-1"},"canonical":"https:\/\/ticaret.edu.tr\/avrupa-birligi-uygulama-ve-arastirma-merkezi\/2015\/10\/15\/avrupa-yerel-demokrasi-haftasi\/","og_locale":"tr_TR","og_type":"article","og_title":"Avrupa Yerel Demokrasi Haftas\u0131","og_description":"Avrupa Yerel Demokrasi Haftas\u0131","og_url":"https:\/\/ticaret.edu.tr\/avrupa-birligi-uygulama-ve-arastirma-merkezi\/2015\/10\/15\/avrupa-yerel-demokrasi-haftasi\/","og_site_name":"Avrupa Birli\u011fi Uygulama ve Ara\u015ft\u0131rma Merkezi","article_publisher":"https:\/\/www.facebook.com\/ticaretedutr","article_published_time":"2015-10-15T15:51:38+00:00","article_modified_time":"2021-12-06T13:04:33+00:00","og_image":[{"width":140,"height":140,"url":"https:\/\/ticaret.edu.tr\/avrupa-birligi-uygulama-ve-arastirma-merkezi\/wp-content\/uploads\/sites\/49\/2016\/10\/avrupa-yerel-demokrasi-haftas\u0131.jpg","type":"image\/jpeg"}],"author":"mckiziltas","twitter_card":"summary_large_image","twitter_creator":"@ticaretedutr","twitter_site":"@ticaretedutr","twitter_misc":{"Yazan:":"mckiziltas"},"schema":{"@context":"https:\/\/schema.org","@graph":[{"@type":"WebPage","@id":"https:\/\/ticaret.edu.tr\/avrupa-birligi-uygulama-ve-arastirma-merkezi\/2015\/10\/15\/avrupa-yerel-demokrasi-haftasi\/","url":"https:\/\/ticaret.edu.tr\/avrupa-birligi-uygulama-ve-arastirma-merkezi\/2015\/10\/15\/avrupa-yerel-demokrasi-haftasi\/","name":"Avrupa Yerel Demokrasi Haftas\u0131 - Haberler - Avrupa Birli\u011fi Uygulama ve Ara\u015ft\u0131rma Merkezi","isPartOf":{"@id":"https:\/\/ticaret.edu.tr\/avrupa-birligi-uygulama-ve-arastirma-merkezi\/#website"},"datePublished":"2015-10-15T15:51:38+00:00","dateModified":"2021-12-06T13:04:33+00:00","author":{"@id":"https:\/\/ticaret.edu.tr\/avrupa-birligi-uygulama-ve-arastirma-merkezi\/#\/schema\/person\/215c3ef896b7f2f5f257d1bea98c3529"},"description":"Avrupa Yerel Demokrasi Haftas\u0131","breadcrumb":{"@id":"https:\/\/ticaret.edu.tr\/avrupa-birligi-uygulama-ve-arastirma-merkezi\/2015\/10\/15\/avrupa-yerel-demokrasi-haftasi\/#breadcrumb"},"inLanguage":"tr","potentialAction":[{"@type":"ReadAction","target":["https:\/\/ticaret.edu.tr\/avrupa-birligi-uygulama-ve-arastirma-merkezi\/2015\/10\/15\/avrupa-yerel-demokrasi-haftasi\/"]}]},{"@type":"BreadcrumbList","@id":"https:\/\/ticaret.edu.tr\/avrupa-birligi-uygulama-ve-arastirma-merkezi\/2015\/10\/15\/avrupa-yerel-demokrasi-haftasi\/#breadcrumb","itemListElement":[{"@type":"ListItem","position":1,"name":"Ana sayfa","item":"https:\/\/ticaret.edu.tr\/avrupa-birligi-uygulama-ve-arastirma-merkezi\/"},{"@type":"ListItem","position":2,"name":"Avrupa Yerel Demokrasi Haftas\u0131"}]},{"@type":"WebSite","@id":"https:\/\/ticaret.edu.tr\/avrupa-birligi-uygulama-ve-arastirma-merkezi\/#website","url":"https:\/\/ticaret.edu.tr\/avrupa-birligi-uygulama-ve-arastirma-merkezi\/","name":"Avrupa Birli\u011fi Uygulama ve Ara\u015ft\u0131rma Merkezi","description":"Bir ba\u015fka \u0130stanbul Ticaret \u00dcniversitesi site sitesi","potentialAction":[{"@type":"SearchAction","target":{"@type":"EntryPoint","urlTemplate":"https:\/\/ticaret.edu.tr\/avrupa-birligi-uygulama-ve-arastirma-merkezi\/?s={search_term_string}"},"query-input":"required name=search_term_string"}],"inLanguage":"tr"},{"@type":"Person","@id":"https:\/\/ticaret.edu.tr\/avrupa-birligi-uygulama-ve-arastirma-merkezi\/#\/schema\/person\/215c3ef896b7f2f5f257d1bea98c3529","name":"mckiziltas","image":{"@type":"ImageObject","inLanguage":"tr","@id":"https:\/\/ticaret.edu.tr\/avrupa-birligi-uygulama-ve-arastirma-merkezi\/#\/schema\/person\/image\/","url":"http:\/\/1.gravatar.com\/avatar\/a8607bcf789626b55174097b883033be?s=96&d=mm&r=g","contentUrl":"http:\/\/1.gravatar.com\/avatar\/a8607bcf789626b55174097b883033be?s=96&d=mm&r=g","caption":"mckiziltas"},"url":"http:\/\/ticaret.edu.tr\/avrupa-birligi-uygulama-ve-arastirma-merkezi\/author\/mckiziltas\/"}]}},"lang":"tr","translations":{"tr":53},"pll_sync_post":[],"_links":{"self":[{"href":"http:\/\/ticaret.edu.tr\/avrupa-birligi-uygulama-ve-arastirma-merkezi\/wp-json\/wp\/v2\/posts\/53"}],"collection":[{"href":"http:\/\/ticaret.edu.tr\/avrupa-birligi-uygulama-ve-arastirma-merkezi\/wp-json\/wp\/v2\/posts"}],"about":[{"href":"http:\/\/ticaret.edu.tr\/avrupa-birligi-uygulama-ve-arastirma-merkezi\/wp-json\/wp\/v2\/types\/post"}],"author":[{"embeddable":true,"href":"http:\/\/ticaret.edu.tr\/avrupa-birligi-uygulama-ve-arastirma-merkezi\/wp-json\/wp\/v2\/users\/142"}],"replies":[{"embeddable":true,"href":"http:\/\/ticaret.edu.tr\/avrupa-birligi-uygulama-ve-arastirma-merkezi\/wp-json\/wp\/v2\/comments?post=53"}],"version-history":[{"count":1,"href":"http:\/\/ticaret.edu.tr\/avrupa-birligi-uygulama-ve-arastirma-merkezi\/wp-json\/wp\/v2\/posts\/53\/revisions"}],"predecessor-version":[{"id":54,"href":"http:\/\/ticaret.edu.tr\/avrupa-birligi-uygulama-ve-arastirma-merkezi\/wp-json\/wp\/v2\/posts\/53\/revisions\/54"}],"wp:featuredmedia":[{"embeddable":true,"href":"http:\/\/ticaret.edu.tr\/avrupa-birligi-uygulama-ve-arastirma-merkezi\/wp-json\/wp\/v2\/media\/55"}],"wp:attachment":[{"href":"http:\/\/ticaret.edu.tr\/avrupa-birligi-uygulama-ve-arastirma-merkezi\/wp-json\/wp\/v2\/media?parent=53"}],"wp:term":[{"taxonomy":"category","embeddable":true,"href":"http:\/\/ticaret.edu.tr\/avrupa-birligi-uygulama-ve-arastirma-merkezi\/wp-json\/wp\/v2\/categories?post=53"},{"taxonomy":"post_tag","embeddable":true,"href":"http:\/\/ticaret.edu.tr\/avrupa-birligi-uygulama-ve-arastirma-merkezi\/wp-json\/wp\/v2\/tags?post=53"}],"curies":[{"name":"wp","href":"https:\/\/api.w.org\/{rel}","templated":true}]}}