{"id":1504,"date":"2024-05-13T16:43:21","date_gmt":"2024-05-13T13:43:21","guid":{"rendered":"https:\/\/ticaret.edu.tr\/gorsel-iletisim-tasarimi\/?p=1504"},"modified":"2024-05-13T16:43:21","modified_gmt":"2024-05-13T13:43:21","slug":"film-industry-in-turkey-report-book-launch","status":"publish","type":"post","link":"http:\/\/ticaret.edu.tr\/gorsel-iletisim-tasarimi\/en\/2024\/05\/13\/film-industry-in-turkey-report-book-launch\/","title":{"rendered":"\u201cFilm Industry in Turkey\u201d Report Book Launch."},"content":{"rendered":"<p>The presentation of the report titled &#8216;Film Industry in Turkey (2016-2020)&#8217; published by Istanbul Chamber of Commerce (ITO) was held at ITO&#8217;s Emin\u00f6n\u00fc Headquarters.<\/p>\n<p>The presentation of the research was attended by ITO Vice President Dr. \u0130srafil Kuralay, ITO Board Member M\u00fcnir \u00dcst\u00fcn, Istanbul Commerce University Visual Communication Design Department Head Prof. Dr. R\u0131dvan \u015eent\u00fcrk, Istanbul Ticaret University Visual Communication Design Department Faculty Member Prof. Dr. Ala Sivas G\u00fcl\u00e7ur, Istanbul Medipol University Faculty of Communication Dean Prof. Dr. Ali B\u00fcy\u00fckaslan, Istanbul Medipol University Faculty of Communication Lecturer Assoc. Prof. Dr. \u0130hsan Eken, Istanbul Commerce University Research Assistant Erdil Levent Ertan, Istanbul Commerce University Expert. Galip Berk Sara\u00e7, university academics and moviegoers.<\/p>\n<p>ITO Vice President \u0130srafil Kuralay pointed out that the \u201cFilm Industry in Turkey\u201d reports are valuable in terms of seeing the course of the sector and said, \u201cOur communication and media committee has a great effort on the basis of this study. We also conduct different researches. Our research on the social effects of Turkish TV series has also been completed.\u201d<\/p>\n<p>Prof. Dr. R\u0131dvan \u015eent\u00fcrk, a faculty member at Istanbul Ticaret University, stated that the report, which covers the 5-year period, also includes a part of the pandemic period and said, \u201cIt was an important, critical period in terms of both economic and working conditions. We took care to evaluate this period, and it was more meaningful in terms of making comparisons with previous periods. We tried to measure how the economic reflection during the pandemic affected the sector.\u201d<\/p>\n<p>Kuralay noted that many of the data obtained in the Film Industry in Turkey research, while showing the distance traveled by the film industry, is also a road map. Kuralay said, \u201cWith three separate research reports, we have evaluated the changes that have occurred in the industry over a period of 15 years in the light of scientific methods. At the end of the report, we see that although there have been positive changes, we still do not have the opportunity to evaluate the potential we have in the creative sense. Yes, our TV series can be seen on screens in 150 countries, but we need to achieve the same in cinema.\u201d<\/p>\n<p><strong>Report Highlights<\/strong><\/p>\n<p>The report, prepared by a team led by Prof. Dr. R\u0131dvan \u015eent\u00fcrk, examined the cinema, TV, TV series and animation sectors under many headings ranging from financial resources to export opportunities, while the basic processes such as production, distribution, screening, marketing and exports related to the cinema, film and TV series sectors were also examined in detail.<\/p>\n<p>Looking at the results of the study, a total of 248 domestic TV series were produced in 2016-2020. The series were produced with an average budget of between 1 million and 5 million liras per episode. Budgets varied according to factors such as story, genre and the use of star actors.<\/p>\n<p>In the same period, a total of 1739 works, 647 domestic and 1092 foreign productions, were screened in movie theaters in Turkey. Audiences mainly preferred domestic productions in movie theaters.<\/p>\n<p><img loading=\"lazy\" decoding=\"async\" class=\"alignnone size-medium wp-image-1505\" src=\"http:\/\/ticaret.edu.tr\/gorsel-iletisim-tasarimi\/wp-content\/uploads\/sites\/12\/2024\/05\/7531-300x134.png\" alt=\"\" width=\"300\" height=\"134\" srcset=\"http:\/\/ticaret.edu.tr\/gorsel-iletisim-tasarimi\/wp-content\/uploads\/sites\/12\/2024\/05\/7531-300x134.png 300w, http:\/\/ticaret.edu.tr\/gorsel-iletisim-tasarimi\/wp-content\/uploads\/sites\/12\/2024\/05\/7531-1024x457.png 1024w, http:\/\/ticaret.edu.tr\/gorsel-iletisim-tasarimi\/wp-content\/uploads\/sites\/12\/2024\/05\/7531-768x343.png 768w, http:\/\/ticaret.edu.tr\/gorsel-iletisim-tasarimi\/wp-content\/uploads\/sites\/12\/2024\/05\/7531.png 1114w\" sizes=\"(max-width: 300px) 100vw, 300px\" \/><\/p>\n","protected":false},"excerpt":{"rendered":"<p>The presentation of the report titled &#8216;Film Industry in Turkey (2016-2020)&#8217; published by Istanbul Chamber of Commerce (ITO) was held at ITO&#8217;s Emin\u00f6n\u00fc Headquarters. The presentation of the research was attended by ITO Vice President Dr. \u0130srafil Kuralay, ITO Board Member M\u00fcnir \u00dcst\u00fcn, Istanbul Commerce University Visual Communication Design Department Head Prof. Dr. R\u0131dvan \u015eent\u00fcrk, [&hellip;]<\/p>\n","protected":false},"author":43,"featured_media":961,"comment_status":"closed","ping_status":"closed","sticky":false,"template":"","format":"standard","meta":{"footnotes":""},"categories":[32],"tags":[],"yoast_head":"<!-- This site is optimized with the Yoast SEO Premium plugin v22.1 (Yoast SEO v22.1) - https:\/\/yoast.com\/wordpress\/plugins\/seo\/ -->\n<title>\u201cFilm Industry in Turkey\u201d Report Book Launch. - DEPARTMENT NEWS - G\u00f6rsel \u0130leti\u015fim Tasar\u0131m\u0131<\/title>\n<meta name=\"robots\" content=\"index, follow, max-snippet:-1, max-image-preview:large, max-video-preview:-1\" \/>\n<link rel=\"canonical\" href=\"https:\/\/ticaret.edu.tr\/gorsel-iletisim-tasarimi\/en\/2024\/05\/13\/film-industry-in-turkey-report-book-launch\/\" \/>\n<meta property=\"og:locale\" content=\"tr_TR\" \/>\n<meta property=\"og:type\" content=\"article\" \/>\n<meta property=\"og:title\" content=\"\u201cFilm Industry in Turkey\u201d Report Book Launch.\" \/>\n<meta property=\"og:description\" content=\"The presentation of the report titled &#8216;Film Industry in Turkey (2016-2020)&#8217; published by Istanbul Chamber of Commerce (ITO) was held at ITO&#8217;s Emin\u00f6n\u00fc Headquarters. The presentation of the research was attended by ITO Vice President Dr. \u0130srafil Kuralay, ITO Board Member M\u00fcnir \u00dcst\u00fcn, Istanbul Commerce University Visual Communication Design Department Head Prof. Dr. R\u0131dvan \u015eent\u00fcrk, [&hellip;]\" \/>\n<meta property=\"og:url\" content=\"https:\/\/ticaret.edu.tr\/gorsel-iletisim-tasarimi\/en\/2024\/05\/13\/film-industry-in-turkey-report-book-launch\/\" \/>\n<meta property=\"og:site_name\" content=\"G\u00f6rsel \u0130leti\u015fim Tasar\u0131m\u0131\" \/>\n<meta property=\"article:publisher\" content=\"https:\/\/www.facebook.com\/ticaretedutr\" \/>\n<meta property=\"article:published_time\" content=\"2024-05-13T13:43:21+00:00\" \/>\n<meta property=\"og:image\" content=\"https:\/\/ticaret.edu.tr\/gorsel-iletisim-tasarimi\/wp-content\/uploads\/sites\/12\/2022\/09\/KML_6448-min-1024x683.jpg\" \/>\n\t<meta property=\"og:image:width\" content=\"1024\" \/>\n\t<meta property=\"og:image:height\" content=\"683\" \/>\n\t<meta property=\"og:image:type\" content=\"image\/jpeg\" \/>\n<meta name=\"author\" content=\"gbsarac\" \/>\n<meta name=\"twitter:card\" content=\"summary_large_image\" \/>\n<meta name=\"twitter:creator\" content=\"@ticaretedutr\" \/>\n<meta name=\"twitter:site\" content=\"@ticaretedutr\" \/>\n<meta name=\"twitter:label1\" content=\"Yazan:\" \/>\n\t<meta name=\"twitter:data1\" content=\"gbsarac\" \/>\n\t<meta name=\"twitter:label2\" content=\"Tahmini okuma s\u00fcresi\" \/>\n\t<meta name=\"twitter:data2\" content=\"4 dakika\" \/>\n<script type=\"application\/ld+json\" class=\"yoast-schema-graph\">{\"@context\":\"https:\/\/schema.org\",\"@graph\":[{\"@type\":\"WebPage\",\"@id\":\"https:\/\/ticaret.edu.tr\/gorsel-iletisim-tasarimi\/en\/2024\/05\/13\/film-industry-in-turkey-report-book-launch\/\",\"url\":\"https:\/\/ticaret.edu.tr\/gorsel-iletisim-tasarimi\/en\/2024\/05\/13\/film-industry-in-turkey-report-book-launch\/\",\"name\":\"\u201cFilm Industry in Turkey\u201d Report Book Launch. - DEPARTMENT NEWS - G\u00f6rsel \u0130leti\u015fim Tasar\u0131m\u0131\",\"isPartOf\":{\"@id\":\"https:\/\/ticaret.edu.tr\/gorsel-iletisim-tasarimi\/#website\"},\"datePublished\":\"2024-05-13T13:43:21+00:00\",\"dateModified\":\"2024-05-13T13:43:21+00:00\",\"author\":{\"@id\":\"https:\/\/ticaret.edu.tr\/gorsel-iletisim-tasarimi\/#\/schema\/person\/4aa249b095b70adb71c2dae8d34a1187\"},\"breadcrumb\":{\"@id\":\"https:\/\/ticaret.edu.tr\/gorsel-iletisim-tasarimi\/en\/2024\/05\/13\/film-industry-in-turkey-report-book-launch\/#breadcrumb\"},\"inLanguage\":\"tr\",\"potentialAction\":[{\"@type\":\"ReadAction\",\"target\":[\"https:\/\/ticaret.edu.tr\/gorsel-iletisim-tasarimi\/en\/2024\/05\/13\/film-industry-in-turkey-report-book-launch\/\"]}]},{\"@type\":\"BreadcrumbList\",\"@id\":\"https:\/\/ticaret.edu.tr\/gorsel-iletisim-tasarimi\/en\/2024\/05\/13\/film-industry-in-turkey-report-book-launch\/#breadcrumb\",\"itemListElement\":[{\"@type\":\"ListItem\",\"position\":1,\"name\":\"Ana sayfa\",\"item\":\"https:\/\/ticaret.edu.tr\/gorsel-iletisim-tasarimi\/\"},{\"@type\":\"ListItem\",\"position\":2,\"name\":\"\u201cFilm Industry in Turkey\u201d Report Book Launch.\"}]},{\"@type\":\"WebSite\",\"@id\":\"https:\/\/ticaret.edu.tr\/gorsel-iletisim-tasarimi\/#website\",\"url\":\"https:\/\/ticaret.edu.tr\/gorsel-iletisim-tasarimi\/\",\"name\":\"G\u00f6rsel \u0130leti\u015fim Tasar\u0131m\u0131\",\"description\":\"\",\"potentialAction\":[{\"@type\":\"SearchAction\",\"target\":{\"@type\":\"EntryPoint\",\"urlTemplate\":\"https:\/\/ticaret.edu.tr\/gorsel-iletisim-tasarimi\/?s={search_term_string}\"},\"query-input\":\"required name=search_term_string\"}],\"inLanguage\":\"tr\"},{\"@type\":\"Person\",\"@id\":\"https:\/\/ticaret.edu.tr\/gorsel-iletisim-tasarimi\/#\/schema\/person\/4aa249b095b70adb71c2dae8d34a1187\",\"name\":\"gbsarac\",\"image\":{\"@type\":\"ImageObject\",\"inLanguage\":\"tr\",\"@id\":\"https:\/\/ticaret.edu.tr\/gorsel-iletisim-tasarimi\/#\/schema\/person\/image\/\",\"url\":\"http:\/\/0.gravatar.com\/avatar\/f0052b6e5ab8c994ee1268e017087370?s=96&d=mm&r=g\",\"contentUrl\":\"http:\/\/0.gravatar.com\/avatar\/f0052b6e5ab8c994ee1268e017087370?s=96&d=mm&r=g\",\"caption\":\"gbsarac\"},\"url\":\"http:\/\/ticaret.edu.tr\/gorsel-iletisim-tasarimi\/author\/gbsarac\/\"}]}<\/script>\n<!-- \/ Yoast SEO Premium plugin. -->","yoast_head_json":{"title":"\u201cFilm Industry in Turkey\u201d Report Book Launch. - DEPARTMENT NEWS - G\u00f6rsel \u0130leti\u015fim Tasar\u0131m\u0131","robots":{"index":"index","follow":"follow","max-snippet":"max-snippet:-1","max-image-preview":"max-image-preview:large","max-video-preview":"max-video-preview:-1"},"canonical":"https:\/\/ticaret.edu.tr\/gorsel-iletisim-tasarimi\/en\/2024\/05\/13\/film-industry-in-turkey-report-book-launch\/","og_locale":"tr_TR","og_type":"article","og_title":"\u201cFilm Industry in Turkey\u201d Report Book Launch.","og_description":"The presentation of the report titled &#8216;Film Industry in Turkey (2016-2020)&#8217; published by Istanbul Chamber of Commerce (ITO) was held at ITO&#8217;s Emin\u00f6n\u00fc Headquarters. The presentation of the research was attended by ITO Vice President Dr. \u0130srafil Kuralay, ITO Board Member M\u00fcnir \u00dcst\u00fcn, Istanbul Commerce University Visual Communication Design Department Head Prof. Dr. R\u0131dvan \u015eent\u00fcrk, [&hellip;]","og_url":"https:\/\/ticaret.edu.tr\/gorsel-iletisim-tasarimi\/en\/2024\/05\/13\/film-industry-in-turkey-report-book-launch\/","og_site_name":"G\u00f6rsel \u0130leti\u015fim Tasar\u0131m\u0131","article_publisher":"https:\/\/www.facebook.com\/ticaretedutr","article_published_time":"2024-05-13T13:43:21+00:00","og_image":[{"width":1024,"height":683,"url":"https:\/\/ticaret.edu.tr\/gorsel-iletisim-tasarimi\/wp-content\/uploads\/sites\/12\/2022\/09\/KML_6448-min-1024x683.jpg","type":"image\/jpeg"}],"author":"gbsarac","twitter_card":"summary_large_image","twitter_creator":"@ticaretedutr","twitter_site":"@ticaretedutr","twitter_misc":{"Yazan:":"gbsarac","Tahmini okuma s\u00fcresi":"4 dakika"},"schema":{"@context":"https:\/\/schema.org","@graph":[{"@type":"WebPage","@id":"https:\/\/ticaret.edu.tr\/gorsel-iletisim-tasarimi\/en\/2024\/05\/13\/film-industry-in-turkey-report-book-launch\/","url":"https:\/\/ticaret.edu.tr\/gorsel-iletisim-tasarimi\/en\/2024\/05\/13\/film-industry-in-turkey-report-book-launch\/","name":"\u201cFilm Industry in Turkey\u201d Report Book Launch. - DEPARTMENT NEWS - G\u00f6rsel \u0130leti\u015fim Tasar\u0131m\u0131","isPartOf":{"@id":"https:\/\/ticaret.edu.tr\/gorsel-iletisim-tasarimi\/#website"},"datePublished":"2024-05-13T13:43:21+00:00","dateModified":"2024-05-13T13:43:21+00:00","author":{"@id":"https:\/\/ticaret.edu.tr\/gorsel-iletisim-tasarimi\/#\/schema\/person\/4aa249b095b70adb71c2dae8d34a1187"},"breadcrumb":{"@id":"https:\/\/ticaret.edu.tr\/gorsel-iletisim-tasarimi\/en\/2024\/05\/13\/film-industry-in-turkey-report-book-launch\/#breadcrumb"},"inLanguage":"tr","potentialAction":[{"@type":"ReadAction","target":["https:\/\/ticaret.edu.tr\/gorsel-iletisim-tasarimi\/en\/2024\/05\/13\/film-industry-in-turkey-report-book-launch\/"]}]},{"@type":"BreadcrumbList","@id":"https:\/\/ticaret.edu.tr\/gorsel-iletisim-tasarimi\/en\/2024\/05\/13\/film-industry-in-turkey-report-book-launch\/#breadcrumb","itemListElement":[{"@type":"ListItem","position":1,"name":"Ana sayfa","item":"https:\/\/ticaret.edu.tr\/gorsel-iletisim-tasarimi\/"},{"@type":"ListItem","position":2,"name":"\u201cFilm Industry in Turkey\u201d Report Book Launch."}]},{"@type":"WebSite","@id":"https:\/\/ticaret.edu.tr\/gorsel-iletisim-tasarimi\/#website","url":"https:\/\/ticaret.edu.tr\/gorsel-iletisim-tasarimi\/","name":"G\u00f6rsel \u0130leti\u015fim Tasar\u0131m\u0131","description":"","potentialAction":[{"@type":"SearchAction","target":{"@type":"EntryPoint","urlTemplate":"https:\/\/ticaret.edu.tr\/gorsel-iletisim-tasarimi\/?s={search_term_string}"},"query-input":"required name=search_term_string"}],"inLanguage":"tr"},{"@type":"Person","@id":"https:\/\/ticaret.edu.tr\/gorsel-iletisim-tasarimi\/#\/schema\/person\/4aa249b095b70adb71c2dae8d34a1187","name":"gbsarac","image":{"@type":"ImageObject","inLanguage":"tr","@id":"https:\/\/ticaret.edu.tr\/gorsel-iletisim-tasarimi\/#\/schema\/person\/image\/","url":"http:\/\/0.gravatar.com\/avatar\/f0052b6e5ab8c994ee1268e017087370?s=96&d=mm&r=g","contentUrl":"http:\/\/0.gravatar.com\/avatar\/f0052b6e5ab8c994ee1268e017087370?s=96&d=mm&r=g","caption":"gbsarac"},"url":"http:\/\/ticaret.edu.tr\/gorsel-iletisim-tasarimi\/author\/gbsarac\/"}]}},"lang":"en","translations":{"en":1504,"tr":956},"pll_sync_post":[],"_links":{"self":[{"href":"http:\/\/ticaret.edu.tr\/gorsel-iletisim-tasarimi\/wp-json\/wp\/v2\/posts\/1504"}],"collection":[{"href":"http:\/\/ticaret.edu.tr\/gorsel-iletisim-tasarimi\/wp-json\/wp\/v2\/posts"}],"about":[{"href":"http:\/\/ticaret.edu.tr\/gorsel-iletisim-tasarimi\/wp-json\/wp\/v2\/types\/post"}],"author":[{"embeddable":true,"href":"http:\/\/ticaret.edu.tr\/gorsel-iletisim-tasarimi\/wp-json\/wp\/v2\/users\/43"}],"replies":[{"embeddable":true,"href":"http:\/\/ticaret.edu.tr\/gorsel-iletisim-tasarimi\/wp-json\/wp\/v2\/comments?post=1504"}],"version-history":[{"count":1,"href":"http:\/\/ticaret.edu.tr\/gorsel-iletisim-tasarimi\/wp-json\/wp\/v2\/posts\/1504\/revisions"}],"predecessor-version":[{"id":1506,"href":"http:\/\/ticaret.edu.tr\/gorsel-iletisim-tasarimi\/wp-json\/wp\/v2\/posts\/1504\/revisions\/1506"}],"wp:featuredmedia":[{"embeddable":true,"href":"http:\/\/ticaret.edu.tr\/gorsel-iletisim-tasarimi\/wp-json\/wp\/v2\/media\/961"}],"wp:attachment":[{"href":"http:\/\/ticaret.edu.tr\/gorsel-iletisim-tasarimi\/wp-json\/wp\/v2\/media?parent=1504"}],"wp:term":[{"taxonomy":"category","embeddable":true,"href":"http:\/\/ticaret.edu.tr\/gorsel-iletisim-tasarimi\/wp-json\/wp\/v2\/categories?post=1504"},{"taxonomy":"post_tag","embeddable":true,"href":"http:\/\/ticaret.edu.tr\/gorsel-iletisim-tasarimi\/wp-json\/wp\/v2\/tags?post=1504"}],"curies":[{"name":"wp","href":"https:\/\/api.w.org\/{rel}","templated":true}]}}