{"id":1757,"date":"2025-06-02T14:42:24","date_gmt":"2025-06-02T11:42:24","guid":{"rendered":"https:\/\/ticaret.edu.tr\/havacilik-yonetimi\/?p=1757"},"modified":"2025-06-02T14:42:24","modified_gmt":"2025-06-02T11:42:24","slug":"celebi-yer-hizmetlerinde-insan-kaynaklari-soylesisi-gerceklestirildi","status":"publish","type":"post","link":"http:\/\/ticaret.edu.tr\/havacilik-yonetimi\/2025\/06\/02\/celebi-yer-hizmetlerinde-insan-kaynaklari-soylesisi-gerceklestirildi\/","title":{"rendered":"\u00c7elebi Yer Hizmetlerinde \u0130nsan Kaynaklar\u0131 S\u00f6yle\u015fisi Ger\u00e7ekle\u015ftirildi"},"content":{"rendered":"<p><img loading=\"lazy\" decoding=\"async\" class=\"alignnone size-full wp-image-1758\" src=\"http:\/\/ticaret.edu.tr\/havacilik-yonetimi\/wp-content\/uploads\/sites\/10\/2025\/06\/celebi6-scaled.jpg\" alt=\"\" width=\"2560\" height=\"1440\" srcset=\"http:\/\/ticaret.edu.tr\/havacilik-yonetimi\/wp-content\/uploads\/sites\/10\/2025\/06\/celebi6-scaled.jpg 2560w, http:\/\/ticaret.edu.tr\/havacilik-yonetimi\/wp-content\/uploads\/sites\/10\/2025\/06\/celebi6-300x169.jpg 300w, http:\/\/ticaret.edu.tr\/havacilik-yonetimi\/wp-content\/uploads\/sites\/10\/2025\/06\/celebi6-1024x576.jpg 1024w, http:\/\/ticaret.edu.tr\/havacilik-yonetimi\/wp-content\/uploads\/sites\/10\/2025\/06\/celebi6-768x432.jpg 768w, http:\/\/ticaret.edu.tr\/havacilik-yonetimi\/wp-content\/uploads\/sites\/10\/2025\/06\/celebi6-1536x864.jpg 1536w, http:\/\/ticaret.edu.tr\/havacilik-yonetimi\/wp-content\/uploads\/sites\/10\/2025\/06\/celebi6-2048x1152.jpg 2048w\" sizes=\"(max-width: 2560px) 100vw, 2560px\" \/><\/p>\n<p>\u0130stanbul Ticaret \u00dcniversitesi Sivil Havac\u0131l\u0131k Toplulu\u011fu&#8217; nun d\u00fczenledi\u011fi &#8220;\u00c7elebi Hava Servisinde \u0130nsan Kaynaklar\u0131 Politikalar\u0131&#8221; paneli yo\u011fun kat\u0131l\u0131mla 29 May\u0131s 2025 Per\u015fembe g\u00fcn\u00fc ger\u00e7ekle\u015ftirildi. Panele \u00c7elebi Hava Servisi \u0130nsan Kaynaklar\u0131 M\u00fcd\u00fcr Yard\u0131mc\u0131s\u0131 Arzu \u0130LHAN ile \u0130nsan Kaynaklar\u0131 B\u00f6lge M\u00fcd\u00fcr\u00fc Z\u0131nar GED\u0130K kat\u0131ld\u0131. Kat\u0131l\u0131mc\u0131lar \u00c7elebi Yer Hizmetlerinde insan kaynaklar\u0131 politikalar\u0131ndan, i\u015fe al\u0131m prosed\u00fcrlerinden ve Havac\u0131l\u0131k Y\u00f6netimi B\u00f6l\u00fcm\u00fc \u00f6\u011frencilerinden beklentilerinden bahsettiler. \u00d6zellikle Harekat Departman\u0131nda \u00e7al\u0131\u015fanlar\u0131n yakla\u015f\u0131k yar\u0131s\u0131n\u0131n Havac\u0131l\u0131k Y\u00f6netimi B\u00f6l\u00fcm\u00fc mezunlar\u0131ndan olu\u015ftu\u011funu dile getirdiler. Panel soru-cevap k\u0131sm\u0131 ile ilerleyerek, 2025-2026 akademik y\u0131l\u0131nda \u00c7elebi Yer Hizmetleri ile staj protokol\u00fcn\u00fcn g\u00f6r\u00fc\u015fmeleri ile sonland\u0131r\u0131ld\u0131. S\u00f6yle\u015fiye Havac\u0131l\u0131k Y\u00f6netimi B\u00f6l\u00fcm\u00fc \u00f6\u011frencileri ile \u00f6\u011fretim \u00fcyeleri kat\u0131ld\u0131.<\/p>\n","protected":false},"excerpt":{"rendered":"<p>\u0130stanbul Ticaret \u00dcniversitesi Sivil Havac\u0131l\u0131k Toplulu\u011fu&#8217; nun d\u00fczenledi\u011fi &#8220;\u00c7elebi Hava Servisinde \u0130nsan Kaynaklar\u0131 Politikalar\u0131&#8221; paneli yo\u011fun kat\u0131l\u0131mla 29 May\u0131s 2025 Per\u015fembe g\u00fcn\u00fc ger\u00e7ekle\u015ftirildi. Panele \u00c7elebi Hava Servisi \u0130nsan Kaynaklar\u0131 M\u00fcd\u00fcr Yard\u0131mc\u0131s\u0131 Arzu \u0130LHAN ile \u0130nsan Kaynaklar\u0131 B\u00f6lge M\u00fcd\u00fcr\u00fc Z\u0131nar GED\u0130K kat\u0131ld\u0131. Kat\u0131l\u0131mc\u0131lar \u00c7elebi Yer Hizmetlerinde insan kaynaklar\u0131 politikalar\u0131ndan, i\u015fe al\u0131m prosed\u00fcrlerinden ve Havac\u0131l\u0131k Y\u00f6netimi B\u00f6l\u00fcm\u00fc [&hellip;]<\/p>\n","protected":false},"author":208,"featured_media":1758,"comment_status":"closed","ping_status":"closed","sticky":false,"template":"","format":"standard","meta":{"footnotes":""},"categories":[2],"tags":[],"yoast_head":"<!-- This site is optimized with the Yoast SEO Premium plugin v22.1 (Yoast SEO v22.1) - https:\/\/yoast.com\/wordpress\/plugins\/seo\/ -->\n<title>\u00c7elebi Yer Hizmetlerinde \u0130nsan Kaynaklar\u0131 S\u00f6yle\u015fisi Ger\u00e7ekle\u015ftirildi - Haberler - Havac\u0131l\u0131k Y\u00f6netimi<\/title>\n<meta name=\"robots\" content=\"index, follow, max-snippet:-1, max-image-preview:large, max-video-preview:-1\" \/>\n<link rel=\"canonical\" href=\"http:\/\/ticaret.edu.tr\/havacilik-yonetimi\/2025\/06\/02\/celebi-yer-hizmetlerinde-insan-kaynaklari-soylesisi-gerceklestirildi\/\" \/>\n<meta property=\"og:locale\" content=\"tr_TR\" \/>\n<meta property=\"og:type\" content=\"article\" \/>\n<meta property=\"og:title\" content=\"\u00c7elebi Yer Hizmetlerinde \u0130nsan Kaynaklar\u0131 S\u00f6yle\u015fisi Ger\u00e7ekle\u015ftirildi\" \/>\n<meta property=\"og:description\" content=\"\u0130stanbul Ticaret \u00dcniversitesi Sivil Havac\u0131l\u0131k Toplulu\u011fu&#8217; nun d\u00fczenledi\u011fi &#8220;\u00c7elebi Hava Servisinde \u0130nsan Kaynaklar\u0131 Politikalar\u0131&#8221; paneli yo\u011fun kat\u0131l\u0131mla 29 May\u0131s 2025 Per\u015fembe g\u00fcn\u00fc ger\u00e7ekle\u015ftirildi. Panele \u00c7elebi Hava Servisi \u0130nsan Kaynaklar\u0131 M\u00fcd\u00fcr Yard\u0131mc\u0131s\u0131 Arzu \u0130LHAN ile \u0130nsan Kaynaklar\u0131 B\u00f6lge M\u00fcd\u00fcr\u00fc Z\u0131nar GED\u0130K kat\u0131ld\u0131. Kat\u0131l\u0131mc\u0131lar \u00c7elebi Yer Hizmetlerinde insan kaynaklar\u0131 politikalar\u0131ndan, i\u015fe al\u0131m prosed\u00fcrlerinden ve Havac\u0131l\u0131k Y\u00f6netimi B\u00f6l\u00fcm\u00fc [&hellip;]\" \/>\n<meta property=\"og:url\" content=\"http:\/\/ticaret.edu.tr\/havacilik-yonetimi\/2025\/06\/02\/celebi-yer-hizmetlerinde-insan-kaynaklari-soylesisi-gerceklestirildi\/\" \/>\n<meta property=\"og:site_name\" content=\"Havac\u0131l\u0131k Y\u00f6netimi\" \/>\n<meta property=\"article:publisher\" content=\"https:\/\/www.facebook.com\/ticaretedutr\" \/>\n<meta property=\"article:published_time\" content=\"2025-06-02T11:42:24+00:00\" \/>\n<meta property=\"og:image\" content=\"http:\/\/ticaret.edu.tr\/havacilik-yonetimi\/wp-content\/uploads\/sites\/10\/2025\/06\/celebi6-scaled.jpg\" \/>\n\t<meta property=\"og:image:width\" content=\"2560\" \/>\n\t<meta property=\"og:image:height\" content=\"1440\" \/>\n\t<meta property=\"og:image:type\" content=\"image\/jpeg\" \/>\n<meta name=\"author\" content=\"toz\" \/>\n<meta name=\"twitter:card\" content=\"summary_large_image\" \/>\n<meta name=\"twitter:creator\" content=\"@ticaretedutr\" \/>\n<meta name=\"twitter:site\" content=\"@ticaretedutr\" \/>\n<meta name=\"twitter:label1\" content=\"Yazan:\" \/>\n\t<meta name=\"twitter:data1\" content=\"toz\" \/>\n\t<meta name=\"twitter:label2\" content=\"Tahmini okuma s\u00fcresi\" \/>\n\t<meta name=\"twitter:data2\" content=\"1 dakika\" \/>\n<script type=\"application\/ld+json\" class=\"yoast-schema-graph\">{\"@context\":\"https:\/\/schema.org\",\"@graph\":[{\"@type\":\"WebPage\",\"@id\":\"http:\/\/ticaret.edu.tr\/havacilik-yonetimi\/2025\/06\/02\/celebi-yer-hizmetlerinde-insan-kaynaklari-soylesisi-gerceklestirildi\/\",\"url\":\"http:\/\/ticaret.edu.tr\/havacilik-yonetimi\/2025\/06\/02\/celebi-yer-hizmetlerinde-insan-kaynaklari-soylesisi-gerceklestirildi\/\",\"name\":\"\u00c7elebi Yer Hizmetlerinde \u0130nsan Kaynaklar\u0131 S\u00f6yle\u015fisi Ger\u00e7ekle\u015ftirildi - Haberler - Havac\u0131l\u0131k Y\u00f6netimi\",\"isPartOf\":{\"@id\":\"https:\/\/ticaret.edu.tr\/havacilik-yonetimi\/#website\"},\"datePublished\":\"2025-06-02T11:42:24+00:00\",\"dateModified\":\"2025-06-02T11:42:24+00:00\",\"author\":{\"@id\":\"https:\/\/ticaret.edu.tr\/havacilik-yonetimi\/#\/schema\/person\/ef03f59e4b52587df672fc98d520d0f4\"},\"breadcrumb\":{\"@id\":\"http:\/\/ticaret.edu.tr\/havacilik-yonetimi\/2025\/06\/02\/celebi-yer-hizmetlerinde-insan-kaynaklari-soylesisi-gerceklestirildi\/#breadcrumb\"},\"inLanguage\":\"tr\",\"potentialAction\":[{\"@type\":\"ReadAction\",\"target\":[\"http:\/\/ticaret.edu.tr\/havacilik-yonetimi\/2025\/06\/02\/celebi-yer-hizmetlerinde-insan-kaynaklari-soylesisi-gerceklestirildi\/\"]}]},{\"@type\":\"BreadcrumbList\",\"@id\":\"http:\/\/ticaret.edu.tr\/havacilik-yonetimi\/2025\/06\/02\/celebi-yer-hizmetlerinde-insan-kaynaklari-soylesisi-gerceklestirildi\/#breadcrumb\",\"itemListElement\":[{\"@type\":\"ListItem\",\"position\":1,\"name\":\"Ana sayfa\",\"item\":\"https:\/\/ticaret.edu.tr\/havacilik-yonetimi\/\"},{\"@type\":\"ListItem\",\"position\":2,\"name\":\"\u00c7elebi Yer Hizmetlerinde \u0130nsan Kaynaklar\u0131 S\u00f6yle\u015fisi Ger\u00e7ekle\u015ftirildi\"}]},{\"@type\":\"WebSite\",\"@id\":\"https:\/\/ticaret.edu.tr\/havacilik-yonetimi\/#website\",\"url\":\"https:\/\/ticaret.edu.tr\/havacilik-yonetimi\/\",\"name\":\"Havac\u0131l\u0131k Y\u00f6netimi\",\"description\":\"\",\"potentialAction\":[{\"@type\":\"SearchAction\",\"target\":{\"@type\":\"EntryPoint\",\"urlTemplate\":\"https:\/\/ticaret.edu.tr\/havacilik-yonetimi\/?s={search_term_string}\"},\"query-input\":\"required name=search_term_string\"}],\"inLanguage\":\"tr\"},{\"@type\":\"Person\",\"@id\":\"https:\/\/ticaret.edu.tr\/havacilik-yonetimi\/#\/schema\/person\/ef03f59e4b52587df672fc98d520d0f4\",\"name\":\"toz\",\"image\":{\"@type\":\"ImageObject\",\"inLanguage\":\"tr\",\"@id\":\"https:\/\/ticaret.edu.tr\/havacilik-yonetimi\/#\/schema\/person\/image\/\",\"url\":\"http:\/\/0.gravatar.com\/avatar\/f82eb658675a8c83daae7c105ae5f3fc?s=96&d=mm&r=g\",\"contentUrl\":\"http:\/\/0.gravatar.com\/avatar\/f82eb658675a8c83daae7c105ae5f3fc?s=96&d=mm&r=g\",\"caption\":\"toz\"},\"url\":\"http:\/\/ticaret.edu.tr\/havacilik-yonetimi\/author\/toz\/\"}]}<\/script>\n<!-- \/ Yoast SEO Premium plugin. -->","yoast_head_json":{"title":"\u00c7elebi Yer Hizmetlerinde \u0130nsan Kaynaklar\u0131 S\u00f6yle\u015fisi Ger\u00e7ekle\u015ftirildi - Haberler - Havac\u0131l\u0131k Y\u00f6netimi","robots":{"index":"index","follow":"follow","max-snippet":"max-snippet:-1","max-image-preview":"max-image-preview:large","max-video-preview":"max-video-preview:-1"},"canonical":"http:\/\/ticaret.edu.tr\/havacilik-yonetimi\/2025\/06\/02\/celebi-yer-hizmetlerinde-insan-kaynaklari-soylesisi-gerceklestirildi\/","og_locale":"tr_TR","og_type":"article","og_title":"\u00c7elebi Yer Hizmetlerinde \u0130nsan Kaynaklar\u0131 S\u00f6yle\u015fisi Ger\u00e7ekle\u015ftirildi","og_description":"\u0130stanbul Ticaret \u00dcniversitesi Sivil Havac\u0131l\u0131k Toplulu\u011fu&#8217; nun d\u00fczenledi\u011fi &#8220;\u00c7elebi Hava Servisinde \u0130nsan Kaynaklar\u0131 Politikalar\u0131&#8221; paneli yo\u011fun kat\u0131l\u0131mla 29 May\u0131s 2025 Per\u015fembe g\u00fcn\u00fc ger\u00e7ekle\u015ftirildi. Panele \u00c7elebi Hava Servisi \u0130nsan Kaynaklar\u0131 M\u00fcd\u00fcr Yard\u0131mc\u0131s\u0131 Arzu \u0130LHAN ile \u0130nsan Kaynaklar\u0131 B\u00f6lge M\u00fcd\u00fcr\u00fc Z\u0131nar GED\u0130K kat\u0131ld\u0131. Kat\u0131l\u0131mc\u0131lar \u00c7elebi Yer Hizmetlerinde insan kaynaklar\u0131 politikalar\u0131ndan, i\u015fe al\u0131m prosed\u00fcrlerinden ve Havac\u0131l\u0131k Y\u00f6netimi B\u00f6l\u00fcm\u00fc [&hellip;]","og_url":"http:\/\/ticaret.edu.tr\/havacilik-yonetimi\/2025\/06\/02\/celebi-yer-hizmetlerinde-insan-kaynaklari-soylesisi-gerceklestirildi\/","og_site_name":"Havac\u0131l\u0131k Y\u00f6netimi","article_publisher":"https:\/\/www.facebook.com\/ticaretedutr","article_published_time":"2025-06-02T11:42:24+00:00","og_image":[{"width":2560,"height":1440,"url":"http:\/\/ticaret.edu.tr\/havacilik-yonetimi\/wp-content\/uploads\/sites\/10\/2025\/06\/celebi6-scaled.jpg","type":"image\/jpeg"}],"author":"toz","twitter_card":"summary_large_image","twitter_creator":"@ticaretedutr","twitter_site":"@ticaretedutr","twitter_misc":{"Yazan:":"toz","Tahmini okuma s\u00fcresi":"1 dakika"},"schema":{"@context":"https:\/\/schema.org","@graph":[{"@type":"WebPage","@id":"http:\/\/ticaret.edu.tr\/havacilik-yonetimi\/2025\/06\/02\/celebi-yer-hizmetlerinde-insan-kaynaklari-soylesisi-gerceklestirildi\/","url":"http:\/\/ticaret.edu.tr\/havacilik-yonetimi\/2025\/06\/02\/celebi-yer-hizmetlerinde-insan-kaynaklari-soylesisi-gerceklestirildi\/","name":"\u00c7elebi Yer Hizmetlerinde \u0130nsan Kaynaklar\u0131 S\u00f6yle\u015fisi Ger\u00e7ekle\u015ftirildi - Haberler - Havac\u0131l\u0131k Y\u00f6netimi","isPartOf":{"@id":"https:\/\/ticaret.edu.tr\/havacilik-yonetimi\/#website"},"datePublished":"2025-06-02T11:42:24+00:00","dateModified":"2025-06-02T11:42:24+00:00","author":{"@id":"https:\/\/ticaret.edu.tr\/havacilik-yonetimi\/#\/schema\/person\/ef03f59e4b52587df672fc98d520d0f4"},"breadcrumb":{"@id":"http:\/\/ticaret.edu.tr\/havacilik-yonetimi\/2025\/06\/02\/celebi-yer-hizmetlerinde-insan-kaynaklari-soylesisi-gerceklestirildi\/#breadcrumb"},"inLanguage":"tr","potentialAction":[{"@type":"ReadAction","target":["http:\/\/ticaret.edu.tr\/havacilik-yonetimi\/2025\/06\/02\/celebi-yer-hizmetlerinde-insan-kaynaklari-soylesisi-gerceklestirildi\/"]}]},{"@type":"BreadcrumbList","@id":"http:\/\/ticaret.edu.tr\/havacilik-yonetimi\/2025\/06\/02\/celebi-yer-hizmetlerinde-insan-kaynaklari-soylesisi-gerceklestirildi\/#breadcrumb","itemListElement":[{"@type":"ListItem","position":1,"name":"Ana sayfa","item":"https:\/\/ticaret.edu.tr\/havacilik-yonetimi\/"},{"@type":"ListItem","position":2,"name":"\u00c7elebi Yer Hizmetlerinde \u0130nsan Kaynaklar\u0131 S\u00f6yle\u015fisi Ger\u00e7ekle\u015ftirildi"}]},{"@type":"WebSite","@id":"https:\/\/ticaret.edu.tr\/havacilik-yonetimi\/#website","url":"https:\/\/ticaret.edu.tr\/havacilik-yonetimi\/","name":"Havac\u0131l\u0131k Y\u00f6netimi","description":"","potentialAction":[{"@type":"SearchAction","target":{"@type":"EntryPoint","urlTemplate":"https:\/\/ticaret.edu.tr\/havacilik-yonetimi\/?s={search_term_string}"},"query-input":"required name=search_term_string"}],"inLanguage":"tr"},{"@type":"Person","@id":"https:\/\/ticaret.edu.tr\/havacilik-yonetimi\/#\/schema\/person\/ef03f59e4b52587df672fc98d520d0f4","name":"toz","image":{"@type":"ImageObject","inLanguage":"tr","@id":"https:\/\/ticaret.edu.tr\/havacilik-yonetimi\/#\/schema\/person\/image\/","url":"http:\/\/0.gravatar.com\/avatar\/f82eb658675a8c83daae7c105ae5f3fc?s=96&d=mm&r=g","contentUrl":"http:\/\/0.gravatar.com\/avatar\/f82eb658675a8c83daae7c105ae5f3fc?s=96&d=mm&r=g","caption":"toz"},"url":"http:\/\/ticaret.edu.tr\/havacilik-yonetimi\/author\/toz\/"}]}},"lang":"tr","translations":{"tr":1757},"pll_sync_post":[],"_links":{"self":[{"href":"http:\/\/ticaret.edu.tr\/havacilik-yonetimi\/wp-json\/wp\/v2\/posts\/1757"}],"collection":[{"href":"http:\/\/ticaret.edu.tr\/havacilik-yonetimi\/wp-json\/wp\/v2\/posts"}],"about":[{"href":"http:\/\/ticaret.edu.tr\/havacilik-yonetimi\/wp-json\/wp\/v2\/types\/post"}],"author":[{"embeddable":true,"href":"http:\/\/ticaret.edu.tr\/havacilik-yonetimi\/wp-json\/wp\/v2\/users\/208"}],"replies":[{"embeddable":true,"href":"http:\/\/ticaret.edu.tr\/havacilik-yonetimi\/wp-json\/wp\/v2\/comments?post=1757"}],"version-history":[{"count":1,"href":"http:\/\/ticaret.edu.tr\/havacilik-yonetimi\/wp-json\/wp\/v2\/posts\/1757\/revisions"}],"predecessor-version":[{"id":1759,"href":"http:\/\/ticaret.edu.tr\/havacilik-yonetimi\/wp-json\/wp\/v2\/posts\/1757\/revisions\/1759"}],"wp:featuredmedia":[{"embeddable":true,"href":"http:\/\/ticaret.edu.tr\/havacilik-yonetimi\/wp-json\/wp\/v2\/media\/1758"}],"wp:attachment":[{"href":"http:\/\/ticaret.edu.tr\/havacilik-yonetimi\/wp-json\/wp\/v2\/media?parent=1757"}],"wp:term":[{"taxonomy":"category","embeddable":true,"href":"http:\/\/ticaret.edu.tr\/havacilik-yonetimi\/wp-json\/wp\/v2\/categories?post=1757"},{"taxonomy":"post_tag","embeddable":true,"href":"http:\/\/ticaret.edu.tr\/havacilik-yonetimi\/wp-json\/wp\/v2\/tags?post=1757"}],"curies":[{"name":"wp","href":"https:\/\/api.w.org\/{rel}","templated":true}]}}