{"id":2021,"date":"2026-04-06T18:45:29","date_gmt":"2026-04-06T15:45:29","guid":{"rendered":"https:\/\/ticaret.edu.tr\/havacilik-yonetimi\/?p=2021"},"modified":"2026-04-06T18:45:29","modified_gmt":"2026-04-06T15:45:29","slug":"pilot-defteri-ekibinden-havacilik-yonetimi-ogrencilerine-kapsamli-bilgilendirme-etkinligi","status":"publish","type":"post","link":"http:\/\/ticaret.edu.tr\/havacilik-yonetimi\/2026\/04\/06\/pilot-defteri-ekibinden-havacilik-yonetimi-ogrencilerine-kapsamli-bilgilendirme-etkinligi\/","title":{"rendered":"Pilot Defteri Ekibinden Havac\u0131l\u0131k Y\u00f6netimi \u00d6\u011frencilerine Kapsaml\u0131 Bilgilendirme Etkinli\u011fi"},"content":{"rendered":"<p><span class=\"hover:entity-accent entity-underline inline cursor-pointer align-baseline\"><span class=\"whitespace-normal\">\u0130stanbul Ticaret \u00dcniversitesi<\/span><\/span> Sivil Havac\u0131l\u0131k Toplulu\u011fu taraf\u0131ndan d\u00fczenlenen etkinlik kapsam\u0131nda, Pilot Defteri ekibi, Havac\u0131l\u0131k Y\u00f6netimi b\u00f6l\u00fcm\u00fc \u00f6\u011frencileriyle bir araya geldi. Havac\u0131l\u0131k sekt\u00f6r\u00fcne ilgi duyan \u00f6\u011frenciler i\u00e7in ger\u00e7ekle\u015ftirilen bu \u00f6zel etkinlikte, pilotluk mesle\u011fi ba\u015fta olmak \u00fczere sekt\u00f6rdeki kariyer olanaklar\u0131 kapsaml\u0131 bir \u015fekilde ele al\u0131nd\u0131.<\/p>\n<p>&nbsp;<\/p>\n<p><img loading=\"lazy\" decoding=\"async\" class=\"alignnone wp-image-2025 size-full\" src=\"http:\/\/ticaret.edu.tr\/havacilik-yonetimi\/wp-content\/uploads\/sites\/10\/2026\/04\/e1a9f03e-5f72-4501-a03a-a114c28feb94.jpeg\" alt=\"\" width=\"2048\" height=\"1364\" srcset=\"http:\/\/ticaret.edu.tr\/havacilik-yonetimi\/wp-content\/uploads\/sites\/10\/2026\/04\/e1a9f03e-5f72-4501-a03a-a114c28feb94.jpeg 2048w, http:\/\/ticaret.edu.tr\/havacilik-yonetimi\/wp-content\/uploads\/sites\/10\/2026\/04\/e1a9f03e-5f72-4501-a03a-a114c28feb94-300x200.jpeg 300w, http:\/\/ticaret.edu.tr\/havacilik-yonetimi\/wp-content\/uploads\/sites\/10\/2026\/04\/e1a9f03e-5f72-4501-a03a-a114c28feb94-1024x682.jpeg 1024w, http:\/\/ticaret.edu.tr\/havacilik-yonetimi\/wp-content\/uploads\/sites\/10\/2026\/04\/e1a9f03e-5f72-4501-a03a-a114c28feb94-768x512.jpeg 768w, http:\/\/ticaret.edu.tr\/havacilik-yonetimi\/wp-content\/uploads\/sites\/10\/2026\/04\/e1a9f03e-5f72-4501-a03a-a114c28feb94-1536x1023.jpeg 1536w\" sizes=\"(max-width: 2048px) 100vw, 2048px\" \/><\/p>\n<p>&nbsp;<\/p>\n<p>&nbsp;<\/p>\n<p data-start=\"521\" data-end=\"1016\">Etkinlik boyunca Pilot Defteri ekibi, pilot olma s\u00fcrecine dair t\u00fcm a\u015famalar\u0131 detayl\u0131 bir \u015fekilde aktararak kat\u0131l\u0131mc\u0131lara yol g\u00f6sterdi. E\u011fitim s\u00fcre\u00e7leri, lisanslama a\u015famalar\u0131, u\u00e7u\u015f saatlerinin tamamlanmas\u0131, havayolu \u015firketlerine ba\u015fvuru s\u00fcre\u00e7leri ve mesle\u011fin gerektirdi\u011fi yetkinlikler gibi pek \u00e7ok \u00f6nemli konu ele al\u0131nd\u0131. Bunun yan\u0131 s\u0131ra, havac\u0131l\u0131k sekt\u00f6r\u00fcnde yaln\u0131zca pilotluk de\u011fil; operasyon, planlama, yer hizmetleri ve y\u00f6netim gibi farkl\u0131 kariyer alanlar\u0131na dair de bilgilendirmeler yap\u0131ld\u0131.<\/p>\n<p data-start=\"1018\" data-end=\"1401\">\u00d6\u011frencilerin yo\u011fun ilgi g\u00f6sterdi\u011fi etkinlikte, sekt\u00f6re dair g\u00fcncel geli\u015fmeler ve deneyimler payla\u015f\u0131l\u0131rken, kat\u0131l\u0131mc\u0131lar kariyer planlamalar\u0131na \u0131\u015f\u0131k tutacak \u00f6nemli bilgiler edinme f\u0131rsat\u0131 buldu. Program\u0131n ilerleyen b\u00f6l\u00fcm\u00fcnde ger\u00e7ekle\u015ftirilen soru-cevap oturumunda \u00f6\u011frenciler, merak ettikleri konular\u0131 do\u011frudan sekt\u00f6r temsilcilerine y\u00f6nelterek birebir etkile\u015fim kurma imk\u00e2n\u0131 elde etti.<\/p>\n<p data-start=\"1018\" data-end=\"1401\"><img loading=\"lazy\" decoding=\"async\" class=\"alignnone wp-image-2023 size-full\" src=\"http:\/\/ticaret.edu.tr\/havacilik-yonetimi\/wp-content\/uploads\/sites\/10\/2026\/04\/3d5ad4b9-c413-496b-946e-b4664c28c5f3.jpeg\" alt=\"\" width=\"2048\" height=\"1364\" srcset=\"http:\/\/ticaret.edu.tr\/havacilik-yonetimi\/wp-content\/uploads\/sites\/10\/2026\/04\/3d5ad4b9-c413-496b-946e-b4664c28c5f3.jpeg 2048w, http:\/\/ticaret.edu.tr\/havacilik-yonetimi\/wp-content\/uploads\/sites\/10\/2026\/04\/3d5ad4b9-c413-496b-946e-b4664c28c5f3-300x200.jpeg 300w, http:\/\/ticaret.edu.tr\/havacilik-yonetimi\/wp-content\/uploads\/sites\/10\/2026\/04\/3d5ad4b9-c413-496b-946e-b4664c28c5f3-1024x682.jpeg 1024w, http:\/\/ticaret.edu.tr\/havacilik-yonetimi\/wp-content\/uploads\/sites\/10\/2026\/04\/3d5ad4b9-c413-496b-946e-b4664c28c5f3-768x512.jpeg 768w, http:\/\/ticaret.edu.tr\/havacilik-yonetimi\/wp-content\/uploads\/sites\/10\/2026\/04\/3d5ad4b9-c413-496b-946e-b4664c28c5f3-1536x1023.jpeg 1536w\" sizes=\"(max-width: 2048px) 100vw, 2048px\" \/><\/p>\n<p data-start=\"1403\" data-end=\"1735\">Havac\u0131l\u0131k Y\u00f6netimi b\u00f6l\u00fcm\u00fc akademisyenlerinin de kat\u0131l\u0131m sa\u011flad\u0131\u011f\u0131 etkinlik, \u00f6\u011frenciler ile sekt\u00f6r profesyonelleri aras\u0131nda k\u00f6pr\u00fc kurmas\u0131 a\u00e7\u0131s\u0131ndan b\u00fcy\u00fck \u00f6nem ta\u015f\u0131d\u0131. Bu t\u00fcr organizasyonlar\u0131n \u00f6\u011frencilerin mesleki fark\u0131ndal\u0131klar\u0131n\u0131 art\u0131rd\u0131\u011f\u0131 ve kariyer hedeflerini daha bilin\u00e7li bir \u015fekilde belirlemelerine katk\u0131 sa\u011flad\u0131\u011f\u0131 vurguland\u0131.<\/p>\n<p data-start=\"1737\" data-end=\"1975\"><span class=\"hover:entity-accent entity-underline inline cursor-pointer align-baseline\"><span class=\"whitespace-normal\">Pilot Defteri<\/span><\/span> ekibine de\u011ferli katk\u0131lar\u0131 ve payla\u015f\u0131mlar\u0131 i\u00e7in te\u015fekk\u00fcr ederiz. \u00dcniversitemiz Sivil Havac\u0131l\u0131k Toplulu\u011fu, \u00f6n\u00fcm\u00fczdeki d\u00f6nemde de \u00f6\u011frencileri sekt\u00f6r\u00fcn \u00f6nde gelen isimleriyle bulu\u015fturmaya devam edecektir.<\/p>\n","protected":false},"excerpt":{"rendered":"<p>\u0130stanbul Ticaret \u00dcniversitesi Sivil Havac\u0131l\u0131k Toplulu\u011fu taraf\u0131ndan d\u00fczenlenen etkinlik kapsam\u0131nda, Pilot Defteri ekibi, Havac\u0131l\u0131k Y\u00f6netimi b\u00f6l\u00fcm\u00fc \u00f6\u011frencileriyle bir araya geldi. Havac\u0131l\u0131k sekt\u00f6r\u00fcne ilgi duyan \u00f6\u011frenciler i\u00e7in ger\u00e7ekle\u015ftirilen bu \u00f6zel etkinlikte, pilotluk mesle\u011fi ba\u015fta olmak \u00fczere sekt\u00f6rdeki kariyer olanaklar\u0131 kapsaml\u0131 bir \u015fekilde ele al\u0131nd\u0131. &nbsp; &nbsp; &nbsp; Etkinlik boyunca Pilot Defteri ekibi, pilot olma s\u00fcrecine dair [&hellip;]<\/p>\n","protected":false},"author":251,"featured_media":2023,"comment_status":"closed","ping_status":"closed","sticky":false,"template":"","format":"standard","meta":{"footnotes":""},"categories":[2],"tags":[],"yoast_head":"<!-- This site is optimized with the Yoast SEO Premium plugin v22.1 (Yoast SEO v22.1) - https:\/\/yoast.com\/wordpress\/plugins\/seo\/ -->\n<title>Pilot Defteri Ekibinden Havac\u0131l\u0131k Y\u00f6netimi \u00d6\u011frencilerine Kapsaml\u0131 Bilgilendirme Etkinli\u011fi - Haberler - Havac\u0131l\u0131k Y\u00f6netimi<\/title>\n<meta name=\"robots\" content=\"index, follow, max-snippet:-1, max-image-preview:large, max-video-preview:-1\" \/>\n<link rel=\"canonical\" href=\"http:\/\/ticaret.edu.tr\/havacilik-yonetimi\/2026\/04\/06\/pilot-defteri-ekibinden-havacilik-yonetimi-ogrencilerine-kapsamli-bilgilendirme-etkinligi\/\" \/>\n<meta property=\"og:locale\" content=\"tr_TR\" \/>\n<meta property=\"og:type\" content=\"article\" \/>\n<meta property=\"og:title\" content=\"Pilot Defteri Ekibinden Havac\u0131l\u0131k Y\u00f6netimi \u00d6\u011frencilerine Kapsaml\u0131 Bilgilendirme Etkinli\u011fi\" \/>\n<meta property=\"og:description\" content=\"\u0130stanbul Ticaret \u00dcniversitesi Sivil Havac\u0131l\u0131k Toplulu\u011fu taraf\u0131ndan d\u00fczenlenen etkinlik kapsam\u0131nda, Pilot Defteri ekibi, Havac\u0131l\u0131k Y\u00f6netimi b\u00f6l\u00fcm\u00fc \u00f6\u011frencileriyle bir araya geldi. Havac\u0131l\u0131k sekt\u00f6r\u00fcne ilgi duyan \u00f6\u011frenciler i\u00e7in ger\u00e7ekle\u015ftirilen bu \u00f6zel etkinlikte, pilotluk mesle\u011fi ba\u015fta olmak \u00fczere sekt\u00f6rdeki kariyer olanaklar\u0131 kapsaml\u0131 bir \u015fekilde ele al\u0131nd\u0131. &nbsp; &nbsp; &nbsp; Etkinlik boyunca Pilot Defteri ekibi, pilot olma s\u00fcrecine dair [&hellip;]\" \/>\n<meta property=\"og:url\" content=\"http:\/\/ticaret.edu.tr\/havacilik-yonetimi\/2026\/04\/06\/pilot-defteri-ekibinden-havacilik-yonetimi-ogrencilerine-kapsamli-bilgilendirme-etkinligi\/\" \/>\n<meta property=\"og:site_name\" content=\"Havac\u0131l\u0131k Y\u00f6netimi\" \/>\n<meta property=\"article:publisher\" content=\"https:\/\/www.facebook.com\/ticaretedutr\" \/>\n<meta property=\"article:published_time\" content=\"2026-04-06T15:45:29+00:00\" \/>\n<meta property=\"og:image\" content=\"http:\/\/ticaret.edu.tr\/havacilik-yonetimi\/wp-content\/uploads\/sites\/10\/2026\/04\/3d5ad4b9-c413-496b-946e-b4664c28c5f3.jpeg\" \/>\n\t<meta property=\"og:image:width\" content=\"2048\" \/>\n\t<meta property=\"og:image:height\" content=\"1364\" \/>\n\t<meta property=\"og:image:type\" content=\"image\/jpeg\" \/>\n<meta name=\"author\" content=\"nakyurt\" \/>\n<meta name=\"twitter:card\" content=\"summary_large_image\" \/>\n<meta name=\"twitter:creator\" content=\"@ticaretedutr\" \/>\n<meta name=\"twitter:site\" content=\"@ticaretedutr\" \/>\n<meta name=\"twitter:label1\" content=\"Yazan:\" \/>\n\t<meta name=\"twitter:data1\" content=\"nakyurt\" \/>\n\t<meta name=\"twitter:label2\" content=\"Tahmini okuma s\u00fcresi\" \/>\n\t<meta name=\"twitter:data2\" content=\"2 dakika\" \/>\n<script type=\"application\/ld+json\" class=\"yoast-schema-graph\">{\"@context\":\"https:\/\/schema.org\",\"@graph\":[{\"@type\":\"WebPage\",\"@id\":\"http:\/\/ticaret.edu.tr\/havacilik-yonetimi\/2026\/04\/06\/pilot-defteri-ekibinden-havacilik-yonetimi-ogrencilerine-kapsamli-bilgilendirme-etkinligi\/\",\"url\":\"http:\/\/ticaret.edu.tr\/havacilik-yonetimi\/2026\/04\/06\/pilot-defteri-ekibinden-havacilik-yonetimi-ogrencilerine-kapsamli-bilgilendirme-etkinligi\/\",\"name\":\"Pilot Defteri Ekibinden Havac\u0131l\u0131k Y\u00f6netimi \u00d6\u011frencilerine Kapsaml\u0131 Bilgilendirme Etkinli\u011fi - Haberler - Havac\u0131l\u0131k Y\u00f6netimi\",\"isPartOf\":{\"@id\":\"https:\/\/ticaret.edu.tr\/havacilik-yonetimi\/#website\"},\"datePublished\":\"2026-04-06T15:45:29+00:00\",\"dateModified\":\"2026-04-06T15:45:29+00:00\",\"author\":{\"@id\":\"https:\/\/ticaret.edu.tr\/havacilik-yonetimi\/#\/schema\/person\/94d12b20126c64e9c1910f4f51735e71\"},\"breadcrumb\":{\"@id\":\"http:\/\/ticaret.edu.tr\/havacilik-yonetimi\/2026\/04\/06\/pilot-defteri-ekibinden-havacilik-yonetimi-ogrencilerine-kapsamli-bilgilendirme-etkinligi\/#breadcrumb\"},\"inLanguage\":\"tr\",\"potentialAction\":[{\"@type\":\"ReadAction\",\"target\":[\"http:\/\/ticaret.edu.tr\/havacilik-yonetimi\/2026\/04\/06\/pilot-defteri-ekibinden-havacilik-yonetimi-ogrencilerine-kapsamli-bilgilendirme-etkinligi\/\"]}]},{\"@type\":\"BreadcrumbList\",\"@id\":\"http:\/\/ticaret.edu.tr\/havacilik-yonetimi\/2026\/04\/06\/pilot-defteri-ekibinden-havacilik-yonetimi-ogrencilerine-kapsamli-bilgilendirme-etkinligi\/#breadcrumb\",\"itemListElement\":[{\"@type\":\"ListItem\",\"position\":1,\"name\":\"Ana sayfa\",\"item\":\"https:\/\/ticaret.edu.tr\/havacilik-yonetimi\/\"},{\"@type\":\"ListItem\",\"position\":2,\"name\":\"Pilot Defteri Ekibinden Havac\u0131l\u0131k Y\u00f6netimi \u00d6\u011frencilerine Kapsaml\u0131 Bilgilendirme Etkinli\u011fi\"}]},{\"@type\":\"WebSite\",\"@id\":\"https:\/\/ticaret.edu.tr\/havacilik-yonetimi\/#website\",\"url\":\"https:\/\/ticaret.edu.tr\/havacilik-yonetimi\/\",\"name\":\"Havac\u0131l\u0131k Y\u00f6netimi\",\"description\":\"\",\"potentialAction\":[{\"@type\":\"SearchAction\",\"target\":{\"@type\":\"EntryPoint\",\"urlTemplate\":\"https:\/\/ticaret.edu.tr\/havacilik-yonetimi\/?s={search_term_string}\"},\"query-input\":\"required name=search_term_string\"}],\"inLanguage\":\"tr\"},{\"@type\":\"Person\",\"@id\":\"https:\/\/ticaret.edu.tr\/havacilik-yonetimi\/#\/schema\/person\/94d12b20126c64e9c1910f4f51735e71\",\"name\":\"nakyurt\",\"image\":{\"@type\":\"ImageObject\",\"inLanguage\":\"tr\",\"@id\":\"https:\/\/ticaret.edu.tr\/havacilik-yonetimi\/#\/schema\/person\/image\/\",\"url\":\"http:\/\/1.gravatar.com\/avatar\/a83dc28a60748a43b2740c8495156dfa?s=96&d=mm&r=g\",\"contentUrl\":\"http:\/\/1.gravatar.com\/avatar\/a83dc28a60748a43b2740c8495156dfa?s=96&d=mm&r=g\",\"caption\":\"nakyurt\"},\"url\":\"http:\/\/ticaret.edu.tr\/havacilik-yonetimi\/author\/nakyurt\/\"}]}<\/script>\n<!-- \/ Yoast SEO Premium plugin. -->","yoast_head_json":{"title":"Pilot Defteri Ekibinden Havac\u0131l\u0131k Y\u00f6netimi \u00d6\u011frencilerine Kapsaml\u0131 Bilgilendirme Etkinli\u011fi - Haberler - Havac\u0131l\u0131k Y\u00f6netimi","robots":{"index":"index","follow":"follow","max-snippet":"max-snippet:-1","max-image-preview":"max-image-preview:large","max-video-preview":"max-video-preview:-1"},"canonical":"http:\/\/ticaret.edu.tr\/havacilik-yonetimi\/2026\/04\/06\/pilot-defteri-ekibinden-havacilik-yonetimi-ogrencilerine-kapsamli-bilgilendirme-etkinligi\/","og_locale":"tr_TR","og_type":"article","og_title":"Pilot Defteri Ekibinden Havac\u0131l\u0131k Y\u00f6netimi \u00d6\u011frencilerine Kapsaml\u0131 Bilgilendirme Etkinli\u011fi","og_description":"\u0130stanbul Ticaret \u00dcniversitesi Sivil Havac\u0131l\u0131k Toplulu\u011fu taraf\u0131ndan d\u00fczenlenen etkinlik kapsam\u0131nda, Pilot Defteri ekibi, Havac\u0131l\u0131k Y\u00f6netimi b\u00f6l\u00fcm\u00fc \u00f6\u011frencileriyle bir araya geldi. Havac\u0131l\u0131k sekt\u00f6r\u00fcne ilgi duyan \u00f6\u011frenciler i\u00e7in ger\u00e7ekle\u015ftirilen bu \u00f6zel etkinlikte, pilotluk mesle\u011fi ba\u015fta olmak \u00fczere sekt\u00f6rdeki kariyer olanaklar\u0131 kapsaml\u0131 bir \u015fekilde ele al\u0131nd\u0131. &nbsp; &nbsp; &nbsp; Etkinlik boyunca Pilot Defteri ekibi, pilot olma s\u00fcrecine dair [&hellip;]","og_url":"http:\/\/ticaret.edu.tr\/havacilik-yonetimi\/2026\/04\/06\/pilot-defteri-ekibinden-havacilik-yonetimi-ogrencilerine-kapsamli-bilgilendirme-etkinligi\/","og_site_name":"Havac\u0131l\u0131k Y\u00f6netimi","article_publisher":"https:\/\/www.facebook.com\/ticaretedutr","article_published_time":"2026-04-06T15:45:29+00:00","og_image":[{"width":2048,"height":1364,"url":"http:\/\/ticaret.edu.tr\/havacilik-yonetimi\/wp-content\/uploads\/sites\/10\/2026\/04\/3d5ad4b9-c413-496b-946e-b4664c28c5f3.jpeg","type":"image\/jpeg"}],"author":"nakyurt","twitter_card":"summary_large_image","twitter_creator":"@ticaretedutr","twitter_site":"@ticaretedutr","twitter_misc":{"Yazan:":"nakyurt","Tahmini okuma s\u00fcresi":"2 dakika"},"schema":{"@context":"https:\/\/schema.org","@graph":[{"@type":"WebPage","@id":"http:\/\/ticaret.edu.tr\/havacilik-yonetimi\/2026\/04\/06\/pilot-defteri-ekibinden-havacilik-yonetimi-ogrencilerine-kapsamli-bilgilendirme-etkinligi\/","url":"http:\/\/ticaret.edu.tr\/havacilik-yonetimi\/2026\/04\/06\/pilot-defteri-ekibinden-havacilik-yonetimi-ogrencilerine-kapsamli-bilgilendirme-etkinligi\/","name":"Pilot Defteri Ekibinden Havac\u0131l\u0131k Y\u00f6netimi \u00d6\u011frencilerine Kapsaml\u0131 Bilgilendirme Etkinli\u011fi - Haberler - Havac\u0131l\u0131k Y\u00f6netimi","isPartOf":{"@id":"https:\/\/ticaret.edu.tr\/havacilik-yonetimi\/#website"},"datePublished":"2026-04-06T15:45:29+00:00","dateModified":"2026-04-06T15:45:29+00:00","author":{"@id":"https:\/\/ticaret.edu.tr\/havacilik-yonetimi\/#\/schema\/person\/94d12b20126c64e9c1910f4f51735e71"},"breadcrumb":{"@id":"http:\/\/ticaret.edu.tr\/havacilik-yonetimi\/2026\/04\/06\/pilot-defteri-ekibinden-havacilik-yonetimi-ogrencilerine-kapsamli-bilgilendirme-etkinligi\/#breadcrumb"},"inLanguage":"tr","potentialAction":[{"@type":"ReadAction","target":["http:\/\/ticaret.edu.tr\/havacilik-yonetimi\/2026\/04\/06\/pilot-defteri-ekibinden-havacilik-yonetimi-ogrencilerine-kapsamli-bilgilendirme-etkinligi\/"]}]},{"@type":"BreadcrumbList","@id":"http:\/\/ticaret.edu.tr\/havacilik-yonetimi\/2026\/04\/06\/pilot-defteri-ekibinden-havacilik-yonetimi-ogrencilerine-kapsamli-bilgilendirme-etkinligi\/#breadcrumb","itemListElement":[{"@type":"ListItem","position":1,"name":"Ana sayfa","item":"https:\/\/ticaret.edu.tr\/havacilik-yonetimi\/"},{"@type":"ListItem","position":2,"name":"Pilot Defteri Ekibinden Havac\u0131l\u0131k Y\u00f6netimi \u00d6\u011frencilerine Kapsaml\u0131 Bilgilendirme Etkinli\u011fi"}]},{"@type":"WebSite","@id":"https:\/\/ticaret.edu.tr\/havacilik-yonetimi\/#website","url":"https:\/\/ticaret.edu.tr\/havacilik-yonetimi\/","name":"Havac\u0131l\u0131k Y\u00f6netimi","description":"","potentialAction":[{"@type":"SearchAction","target":{"@type":"EntryPoint","urlTemplate":"https:\/\/ticaret.edu.tr\/havacilik-yonetimi\/?s={search_term_string}"},"query-input":"required name=search_term_string"}],"inLanguage":"tr"},{"@type":"Person","@id":"https:\/\/ticaret.edu.tr\/havacilik-yonetimi\/#\/schema\/person\/94d12b20126c64e9c1910f4f51735e71","name":"nakyurt","image":{"@type":"ImageObject","inLanguage":"tr","@id":"https:\/\/ticaret.edu.tr\/havacilik-yonetimi\/#\/schema\/person\/image\/","url":"http:\/\/1.gravatar.com\/avatar\/a83dc28a60748a43b2740c8495156dfa?s=96&d=mm&r=g","contentUrl":"http:\/\/1.gravatar.com\/avatar\/a83dc28a60748a43b2740c8495156dfa?s=96&d=mm&r=g","caption":"nakyurt"},"url":"http:\/\/ticaret.edu.tr\/havacilik-yonetimi\/author\/nakyurt\/"}]}},"lang":"tr","translations":{"tr":2021},"pll_sync_post":[],"_links":{"self":[{"href":"http:\/\/ticaret.edu.tr\/havacilik-yonetimi\/wp-json\/wp\/v2\/posts\/2021"}],"collection":[{"href":"http:\/\/ticaret.edu.tr\/havacilik-yonetimi\/wp-json\/wp\/v2\/posts"}],"about":[{"href":"http:\/\/ticaret.edu.tr\/havacilik-yonetimi\/wp-json\/wp\/v2\/types\/post"}],"author":[{"embeddable":true,"href":"http:\/\/ticaret.edu.tr\/havacilik-yonetimi\/wp-json\/wp\/v2\/users\/251"}],"replies":[{"embeddable":true,"href":"http:\/\/ticaret.edu.tr\/havacilik-yonetimi\/wp-json\/wp\/v2\/comments?post=2021"}],"version-history":[{"count":3,"href":"http:\/\/ticaret.edu.tr\/havacilik-yonetimi\/wp-json\/wp\/v2\/posts\/2021\/revisions"}],"predecessor-version":[{"id":2028,"href":"http:\/\/ticaret.edu.tr\/havacilik-yonetimi\/wp-json\/wp\/v2\/posts\/2021\/revisions\/2028"}],"wp:featuredmedia":[{"embeddable":true,"href":"http:\/\/ticaret.edu.tr\/havacilik-yonetimi\/wp-json\/wp\/v2\/media\/2023"}],"wp:attachment":[{"href":"http:\/\/ticaret.edu.tr\/havacilik-yonetimi\/wp-json\/wp\/v2\/media?parent=2021"}],"wp:term":[{"taxonomy":"category","embeddable":true,"href":"http:\/\/ticaret.edu.tr\/havacilik-yonetimi\/wp-json\/wp\/v2\/categories?post=2021"},{"taxonomy":"post_tag","embeddable":true,"href":"http:\/\/ticaret.edu.tr\/havacilik-yonetimi\/wp-json\/wp\/v2\/tags?post=2021"}],"curies":[{"name":"wp","href":"https:\/\/api.w.org\/{rel}","templated":true}]}}