{"id":2031,"date":"2026-04-22T15:15:46","date_gmt":"2026-04-22T12:15:46","guid":{"rendered":"https:\/\/ticaret.edu.tr\/havacilik-yonetimi\/?p=2031"},"modified":"2026-04-22T15:15:46","modified_gmt":"2026-04-22T12:15:46","slug":"istanbul-ticaret-universitesi-havacilik-yonetimi-bolumu-ifte-2026da-sektorle-bulustu","status":"publish","type":"post","link":"http:\/\/ticaret.edu.tr\/havacilik-yonetimi\/2026\/04\/22\/istanbul-ticaret-universitesi-havacilik-yonetimi-bolumu-ifte-2026da-sektorle-bulustu\/","title":{"rendered":"\u0130stanbul Ticaret \u00dcniversitesi Havac\u0131l\u0131k Y\u00f6netimi B\u00f6l\u00fcm\u00fc, IFTE 2026\u2019da Sekt\u00f6rle Bulu\u015ftu"},"content":{"rendered":"<p>\u0130stanbul Ticaret \u00dcniversitesi Havac\u0131l\u0131k Y\u00f6netimi B\u00f6l\u00fcm\u00fc, 17-19 Nisan 2026 tarihlerinde \u0130stanbul\u2019da d\u00fczenlenen IFTE Uluslararas\u0131 Havac\u0131l\u0131k E\u011fitimi Fuar\u0131\u2019na kat\u0131l\u0131m sa\u011flad\u0131. B\u00f6l\u00fcm Ba\u015fkan\u0131 Dr. \u00d6\u011fr. \u00dcyesi Tuncel \u00d6z liderli\u011finde, b\u00f6l\u00fcm\u00fcm\u00fcz\u00fcn de\u011ferli \u00f6\u011fretim \u00fcyeleri ve Sivil Havac\u0131l\u0131k Toplulu\u011fu temsilcilerinden olu\u015fan ekibimiz, \u00fcniversitemizi bu prestijli organizasyonda ba\u015far\u0131yla temsil etti. Uluslararas\u0131 d\u00fczeydeki bu kat\u0131l\u0131m, b\u00f6l\u00fcm\u00fcm\u00fcz\u00fcn havac\u0131l\u0131k sekt\u00f6r\u00fcyle kurdu\u011fu g\u00fc\u00e7l\u00fc ba\u011flar\u0131n ve akademik vizyonunun somut bir yans\u0131mas\u0131 oldu.<\/p>\n<p><img loading=\"lazy\" decoding=\"async\" class=\"alignnone wp-image-2032 size-full\" src=\"http:\/\/ticaret.edu.tr\/havacilik-yonetimi\/wp-content\/uploads\/sites\/10\/2026\/04\/64df4b90-b200-4ead-91e5-e678545e247a.jpeg\" alt=\"\" width=\"1600\" height=\"1200\" srcset=\"http:\/\/ticaret.edu.tr\/havacilik-yonetimi\/wp-content\/uploads\/sites\/10\/2026\/04\/64df4b90-b200-4ead-91e5-e678545e247a.jpeg 1600w, http:\/\/ticaret.edu.tr\/havacilik-yonetimi\/wp-content\/uploads\/sites\/10\/2026\/04\/64df4b90-b200-4ead-91e5-e678545e247a-300x225.jpeg 300w, http:\/\/ticaret.edu.tr\/havacilik-yonetimi\/wp-content\/uploads\/sites\/10\/2026\/04\/64df4b90-b200-4ead-91e5-e678545e247a-1024x768.jpeg 1024w, http:\/\/ticaret.edu.tr\/havacilik-yonetimi\/wp-content\/uploads\/sites\/10\/2026\/04\/64df4b90-b200-4ead-91e5-e678545e247a-768x576.jpeg 768w, http:\/\/ticaret.edu.tr\/havacilik-yonetimi\/wp-content\/uploads\/sites\/10\/2026\/04\/64df4b90-b200-4ead-91e5-e678545e247a-1536x1152.jpeg 1536w\" sizes=\"(max-width: 1600px) 100vw, 1600px\" \/><\/p>\n<p>D\u00fcnyan\u0131n d\u00f6rt bir yan\u0131ndan e\u011fitim kurumlar\u0131n\u0131, sivil havac\u0131l\u0131k otoritelerini, havayolu \u015firketlerini ve sekt\u00f6r\u00fcn \u00f6nc\u00fc payda\u015flar\u0131n\u0131 bir araya getiren IFTE; havac\u0131l\u0131k e\u011fitimindeki teknolojik yeniliklerin, g\u00fcncel geli\u015fmelerin ve k\u00fcresel e\u011filimlerin tart\u0131\u015f\u0131ld\u0131\u011f\u0131 en \u00f6nemli platformlardan biri olma misyonunu s\u00fcrd\u00fcr\u00fcyor. Fuar s\u00fcresince ger\u00e7ekle\u015ftirilen paneller, sunumlar ve stratejik g\u00f6r\u00fc\u015fmeler arac\u0131l\u0131\u011f\u0131yla, sekt\u00f6r\u00fcn gelece\u011fine \u0131\u015f\u0131k tutan bilgi ve deneyim payla\u015f\u0131mlar\u0131 ger\u00e7ekle\u015ftirildi.<\/p>\n<p><img loading=\"lazy\" decoding=\"async\" class=\"alignnone wp-image-2033 size-full\" src=\"http:\/\/ticaret.edu.tr\/havacilik-yonetimi\/wp-content\/uploads\/sites\/10\/2026\/04\/cecbaf91-4750-4e15-9130-928659675c80.jpeg\" alt=\"\" width=\"1600\" height=\"1200\" srcset=\"http:\/\/ticaret.edu.tr\/havacilik-yonetimi\/wp-content\/uploads\/sites\/10\/2026\/04\/cecbaf91-4750-4e15-9130-928659675c80.jpeg 1600w, http:\/\/ticaret.edu.tr\/havacilik-yonetimi\/wp-content\/uploads\/sites\/10\/2026\/04\/cecbaf91-4750-4e15-9130-928659675c80-300x225.jpeg 300w, http:\/\/ticaret.edu.tr\/havacilik-yonetimi\/wp-content\/uploads\/sites\/10\/2026\/04\/cecbaf91-4750-4e15-9130-928659675c80-1024x768.jpeg 1024w, http:\/\/ticaret.edu.tr\/havacilik-yonetimi\/wp-content\/uploads\/sites\/10\/2026\/04\/cecbaf91-4750-4e15-9130-928659675c80-768x576.jpeg 768w, http:\/\/ticaret.edu.tr\/havacilik-yonetimi\/wp-content\/uploads\/sites\/10\/2026\/04\/cecbaf91-4750-4e15-9130-928659675c80-1536x1152.jpeg 1536w\" sizes=\"(max-width: 1600px) 100vw, 1600px\" \/><\/p>\n<p>Etkinliklere aktif kat\u0131lan ekibimiz, ulusal ve uluslararas\u0131 d\u00fczeyde sekt\u00f6r i\u015f birlikleri i\u00e7in de\u011ferli temaslar kurdu. \u0130stanbul Ticaret \u00dcniversitesi olarak, havac\u0131l\u0131k sekt\u00f6r\u00fcndeki geli\u015fmeleri yak\u0131ndan takip etmeyi ve \u00f6\u011frencilerimize g\u00fcncel yetkinlikler kazand\u0131rmay\u0131 temel sorumlulu\u011fumuz kabul ediyoruz. IFTE gibi uluslararas\u0131 platformlarda yer almak, sekt\u00f6r ile entegrasyon hedefimiz do\u011frultusunda k\u0131ymetli bir deneyimdir. B\u00f6l\u00fcm\u00fcm\u00fcz, hem ulusal hem de uluslararas\u0131 arenada akademik g\u00f6r\u00fcn\u00fcrl\u00fc\u011f\u00fcn\u00fc g\u00fc\u00e7lendirmeye y\u00f6nelik \u00e7al\u0131\u015fmalar\u0131n\u0131 s\u00fcrd\u00fcrecektir.<\/p>\n<p><img loading=\"lazy\" decoding=\"async\" class=\"alignnone wp-image-2034 size-full\" src=\"http:\/\/ticaret.edu.tr\/havacilik-yonetimi\/wp-content\/uploads\/sites\/10\/2026\/04\/e76d1f84-3d1c-4460-957a-8387c343029a.jpeg\" alt=\"\" width=\"1200\" height=\"1600\" srcset=\"http:\/\/ticaret.edu.tr\/havacilik-yonetimi\/wp-content\/uploads\/sites\/10\/2026\/04\/e76d1f84-3d1c-4460-957a-8387c343029a.jpeg 1200w, http:\/\/ticaret.edu.tr\/havacilik-yonetimi\/wp-content\/uploads\/sites\/10\/2026\/04\/e76d1f84-3d1c-4460-957a-8387c343029a-225x300.jpeg 225w, http:\/\/ticaret.edu.tr\/havacilik-yonetimi\/wp-content\/uploads\/sites\/10\/2026\/04\/e76d1f84-3d1c-4460-957a-8387c343029a-768x1024.jpeg 768w, http:\/\/ticaret.edu.tr\/havacilik-yonetimi\/wp-content\/uploads\/sites\/10\/2026\/04\/e76d1f84-3d1c-4460-957a-8387c343029a-1152x1536.jpeg 1152w\" sizes=\"(max-width: 1200px) 100vw, 1200px\" \/><\/p>\n<p>\u0130stanbul Ticaret \u00dcniversitesi olarak, havac\u0131l\u0131k sekt\u00f6r\u00fcn\u00fcn dinamik yap\u0131s\u0131na uyumlu hareket etmeyi ve \u00f6\u011frencilerimizi en ileri donan\u0131mla gelece\u011fe haz\u0131rlamay\u0131 temel \u00f6nceli\u011fimiz g\u00f6r\u00fcyoruz. IFTE gibi uluslararas\u0131 arenada ses getiren etkinliklerde yer almak, bu vizyonumuz do\u011frultusunda att\u0131\u011f\u0131m\u0131z en stratejik ad\u0131mlardan biridir. B\u00f6l\u00fcm\u00fcm\u00fcz, ulusal ve uluslararas\u0131 d\u00fczeyde etkinli\u011fini art\u0131rmaya ve sekt\u00f6rdeki g\u00f6r\u00fcn\u00fcrl\u00fc\u011f\u00fcn\u00fc g\u00fc\u00e7lendirmeye kararl\u0131l\u0131kla devam edecektir.<\/p>\n<p>&nbsp;<\/p>\n","protected":false},"excerpt":{"rendered":"<p>\u0130stanbul Ticaret \u00dcniversitesi Havac\u0131l\u0131k Y\u00f6netimi B\u00f6l\u00fcm\u00fc, 17-19 Nisan 2026 tarihlerinde \u0130stanbul\u2019da d\u00fczenlenen IFTE Uluslararas\u0131 Havac\u0131l\u0131k E\u011fitimi Fuar\u0131\u2019na kat\u0131l\u0131m sa\u011flad\u0131. B\u00f6l\u00fcm Ba\u015fkan\u0131 Dr. \u00d6\u011fr. \u00dcyesi Tuncel \u00d6z liderli\u011finde, b\u00f6l\u00fcm\u00fcm\u00fcz\u00fcn de\u011ferli \u00f6\u011fretim \u00fcyeleri ve Sivil Havac\u0131l\u0131k Toplulu\u011fu temsilcilerinden olu\u015fan ekibimiz, \u00fcniversitemizi bu prestijli organizasyonda ba\u015far\u0131yla temsil etti. Uluslararas\u0131 d\u00fczeydeki bu kat\u0131l\u0131m, b\u00f6l\u00fcm\u00fcm\u00fcz\u00fcn havac\u0131l\u0131k sekt\u00f6r\u00fcyle kurdu\u011fu g\u00fc\u00e7l\u00fc ba\u011flar\u0131n [&hellip;]<\/p>\n","protected":false},"author":251,"featured_media":2035,"comment_status":"closed","ping_status":"closed","sticky":false,"template":"","format":"standard","meta":{"footnotes":""},"categories":[2],"tags":[],"yoast_head":"<!-- This site is optimized with the Yoast SEO Premium plugin v22.1 (Yoast SEO v22.1) - https:\/\/yoast.com\/wordpress\/plugins\/seo\/ -->\n<title>\u0130stanbul Ticaret \u00dcniversitesi Havac\u0131l\u0131k Y\u00f6netimi B\u00f6l\u00fcm\u00fc, IFTE 2026\u2019da Sekt\u00f6rle Bulu\u015ftu - Haberler - Havac\u0131l\u0131k Y\u00f6netimi<\/title>\n<meta name=\"robots\" content=\"index, follow, max-snippet:-1, max-image-preview:large, max-video-preview:-1\" \/>\n<link rel=\"canonical\" href=\"https:\/\/ticaret.edu.tr\/havacilik-yonetimi\/2026\/04\/22\/istanbul-ticaret-universitesi-havacilik-yonetimi-bolumu-ifte-2026da-sektorle-bulustu\/\" \/>\n<meta property=\"og:locale\" content=\"tr_TR\" \/>\n<meta property=\"og:type\" content=\"article\" \/>\n<meta property=\"og:title\" content=\"\u0130stanbul Ticaret \u00dcniversitesi Havac\u0131l\u0131k Y\u00f6netimi B\u00f6l\u00fcm\u00fc, IFTE 2026\u2019da Sekt\u00f6rle Bulu\u015ftu\" \/>\n<meta property=\"og:description\" content=\"\u0130stanbul Ticaret \u00dcniversitesi Havac\u0131l\u0131k Y\u00f6netimi B\u00f6l\u00fcm\u00fc, 17-19 Nisan 2026 tarihlerinde \u0130stanbul\u2019da d\u00fczenlenen IFTE Uluslararas\u0131 Havac\u0131l\u0131k E\u011fitimi Fuar\u0131\u2019na kat\u0131l\u0131m sa\u011flad\u0131. B\u00f6l\u00fcm Ba\u015fkan\u0131 Dr. \u00d6\u011fr. \u00dcyesi Tuncel \u00d6z liderli\u011finde, b\u00f6l\u00fcm\u00fcm\u00fcz\u00fcn de\u011ferli \u00f6\u011fretim \u00fcyeleri ve Sivil Havac\u0131l\u0131k Toplulu\u011fu temsilcilerinden olu\u015fan ekibimiz, \u00fcniversitemizi bu prestijli organizasyonda ba\u015far\u0131yla temsil etti. Uluslararas\u0131 d\u00fczeydeki bu kat\u0131l\u0131m, b\u00f6l\u00fcm\u00fcm\u00fcz\u00fcn havac\u0131l\u0131k sekt\u00f6r\u00fcyle kurdu\u011fu g\u00fc\u00e7l\u00fc ba\u011flar\u0131n [&hellip;]\" \/>\n<meta property=\"og:url\" content=\"https:\/\/ticaret.edu.tr\/havacilik-yonetimi\/2026\/04\/22\/istanbul-ticaret-universitesi-havacilik-yonetimi-bolumu-ifte-2026da-sektorle-bulustu\/\" \/>\n<meta property=\"og:site_name\" content=\"Havac\u0131l\u0131k Y\u00f6netimi\" \/>\n<meta property=\"article:publisher\" content=\"https:\/\/www.facebook.com\/ticaretedutr\" \/>\n<meta property=\"article:published_time\" content=\"2026-04-22T12:15:46+00:00\" \/>\n<meta property=\"og:image\" content=\"https:\/\/ticaret.edu.tr\/havacilik-yonetimi\/wp-content\/uploads\/sites\/10\/2026\/04\/24b52819-7328-4624-b5e9-d2c5bdab1f0b.jpeg\" \/>\n\t<meta property=\"og:image:width\" content=\"1600\" \/>\n\t<meta property=\"og:image:height\" content=\"1200\" \/>\n\t<meta property=\"og:image:type\" content=\"image\/jpeg\" \/>\n<meta name=\"author\" content=\"nakyurt\" \/>\n<meta name=\"twitter:card\" content=\"summary_large_image\" \/>\n<meta name=\"twitter:creator\" content=\"@ticaretedutr\" \/>\n<meta name=\"twitter:site\" content=\"@ticaretedutr\" \/>\n<meta name=\"twitter:label1\" content=\"Yazan:\" \/>\n\t<meta name=\"twitter:data1\" content=\"nakyurt\" \/>\n\t<meta name=\"twitter:label2\" content=\"Tahmini okuma s\u00fcresi\" \/>\n\t<meta name=\"twitter:data2\" content=\"3 dakika\" \/>\n<script type=\"application\/ld+json\" class=\"yoast-schema-graph\">{\"@context\":\"https:\/\/schema.org\",\"@graph\":[{\"@type\":\"WebPage\",\"@id\":\"https:\/\/ticaret.edu.tr\/havacilik-yonetimi\/2026\/04\/22\/istanbul-ticaret-universitesi-havacilik-yonetimi-bolumu-ifte-2026da-sektorle-bulustu\/\",\"url\":\"https:\/\/ticaret.edu.tr\/havacilik-yonetimi\/2026\/04\/22\/istanbul-ticaret-universitesi-havacilik-yonetimi-bolumu-ifte-2026da-sektorle-bulustu\/\",\"name\":\"\u0130stanbul Ticaret \u00dcniversitesi Havac\u0131l\u0131k Y\u00f6netimi B\u00f6l\u00fcm\u00fc, IFTE 2026\u2019da Sekt\u00f6rle Bulu\u015ftu - Haberler - Havac\u0131l\u0131k Y\u00f6netimi\",\"isPartOf\":{\"@id\":\"https:\/\/ticaret.edu.tr\/havacilik-yonetimi\/#website\"},\"datePublished\":\"2026-04-22T12:15:46+00:00\",\"dateModified\":\"2026-04-22T12:15:46+00:00\",\"author\":{\"@id\":\"https:\/\/ticaret.edu.tr\/havacilik-yonetimi\/#\/schema\/person\/94d12b20126c64e9c1910f4f51735e71\"},\"breadcrumb\":{\"@id\":\"https:\/\/ticaret.edu.tr\/havacilik-yonetimi\/2026\/04\/22\/istanbul-ticaret-universitesi-havacilik-yonetimi-bolumu-ifte-2026da-sektorle-bulustu\/#breadcrumb\"},\"inLanguage\":\"tr\",\"potentialAction\":[{\"@type\":\"ReadAction\",\"target\":[\"https:\/\/ticaret.edu.tr\/havacilik-yonetimi\/2026\/04\/22\/istanbul-ticaret-universitesi-havacilik-yonetimi-bolumu-ifte-2026da-sektorle-bulustu\/\"]}]},{\"@type\":\"BreadcrumbList\",\"@id\":\"https:\/\/ticaret.edu.tr\/havacilik-yonetimi\/2026\/04\/22\/istanbul-ticaret-universitesi-havacilik-yonetimi-bolumu-ifte-2026da-sektorle-bulustu\/#breadcrumb\",\"itemListElement\":[{\"@type\":\"ListItem\",\"position\":1,\"name\":\"Ana sayfa\",\"item\":\"https:\/\/ticaret.edu.tr\/havacilik-yonetimi\/\"},{\"@type\":\"ListItem\",\"position\":2,\"name\":\"\u0130stanbul Ticaret \u00dcniversitesi Havac\u0131l\u0131k Y\u00f6netimi B\u00f6l\u00fcm\u00fc, IFTE 2026\u2019da Sekt\u00f6rle Bulu\u015ftu\"}]},{\"@type\":\"WebSite\",\"@id\":\"https:\/\/ticaret.edu.tr\/havacilik-yonetimi\/#website\",\"url\":\"https:\/\/ticaret.edu.tr\/havacilik-yonetimi\/\",\"name\":\"Havac\u0131l\u0131k Y\u00f6netimi\",\"description\":\"\",\"potentialAction\":[{\"@type\":\"SearchAction\",\"target\":{\"@type\":\"EntryPoint\",\"urlTemplate\":\"https:\/\/ticaret.edu.tr\/havacilik-yonetimi\/?s={search_term_string}\"},\"query-input\":\"required name=search_term_string\"}],\"inLanguage\":\"tr\"},{\"@type\":\"Person\",\"@id\":\"https:\/\/ticaret.edu.tr\/havacilik-yonetimi\/#\/schema\/person\/94d12b20126c64e9c1910f4f51735e71\",\"name\":\"nakyurt\",\"image\":{\"@type\":\"ImageObject\",\"inLanguage\":\"tr\",\"@id\":\"https:\/\/ticaret.edu.tr\/havacilik-yonetimi\/#\/schema\/person\/image\/\",\"url\":\"http:\/\/1.gravatar.com\/avatar\/a83dc28a60748a43b2740c8495156dfa?s=96&d=mm&r=g\",\"contentUrl\":\"http:\/\/1.gravatar.com\/avatar\/a83dc28a60748a43b2740c8495156dfa?s=96&d=mm&r=g\",\"caption\":\"nakyurt\"},\"url\":\"http:\/\/ticaret.edu.tr\/havacilik-yonetimi\/author\/nakyurt\/\"}]}<\/script>\n<!-- \/ Yoast SEO Premium plugin. -->","yoast_head_json":{"title":"\u0130stanbul Ticaret \u00dcniversitesi Havac\u0131l\u0131k Y\u00f6netimi B\u00f6l\u00fcm\u00fc, IFTE 2026\u2019da Sekt\u00f6rle Bulu\u015ftu - Haberler - Havac\u0131l\u0131k Y\u00f6netimi","robots":{"index":"index","follow":"follow","max-snippet":"max-snippet:-1","max-image-preview":"max-image-preview:large","max-video-preview":"max-video-preview:-1"},"canonical":"https:\/\/ticaret.edu.tr\/havacilik-yonetimi\/2026\/04\/22\/istanbul-ticaret-universitesi-havacilik-yonetimi-bolumu-ifte-2026da-sektorle-bulustu\/","og_locale":"tr_TR","og_type":"article","og_title":"\u0130stanbul Ticaret \u00dcniversitesi Havac\u0131l\u0131k Y\u00f6netimi B\u00f6l\u00fcm\u00fc, IFTE 2026\u2019da Sekt\u00f6rle Bulu\u015ftu","og_description":"\u0130stanbul Ticaret \u00dcniversitesi Havac\u0131l\u0131k Y\u00f6netimi B\u00f6l\u00fcm\u00fc, 17-19 Nisan 2026 tarihlerinde \u0130stanbul\u2019da d\u00fczenlenen IFTE Uluslararas\u0131 Havac\u0131l\u0131k E\u011fitimi Fuar\u0131\u2019na kat\u0131l\u0131m sa\u011flad\u0131. B\u00f6l\u00fcm Ba\u015fkan\u0131 Dr. \u00d6\u011fr. \u00dcyesi Tuncel \u00d6z liderli\u011finde, b\u00f6l\u00fcm\u00fcm\u00fcz\u00fcn de\u011ferli \u00f6\u011fretim \u00fcyeleri ve Sivil Havac\u0131l\u0131k Toplulu\u011fu temsilcilerinden olu\u015fan ekibimiz, \u00fcniversitemizi bu prestijli organizasyonda ba\u015far\u0131yla temsil etti. Uluslararas\u0131 d\u00fczeydeki bu kat\u0131l\u0131m, b\u00f6l\u00fcm\u00fcm\u00fcz\u00fcn havac\u0131l\u0131k sekt\u00f6r\u00fcyle kurdu\u011fu g\u00fc\u00e7l\u00fc ba\u011flar\u0131n [&hellip;]","og_url":"https:\/\/ticaret.edu.tr\/havacilik-yonetimi\/2026\/04\/22\/istanbul-ticaret-universitesi-havacilik-yonetimi-bolumu-ifte-2026da-sektorle-bulustu\/","og_site_name":"Havac\u0131l\u0131k Y\u00f6netimi","article_publisher":"https:\/\/www.facebook.com\/ticaretedutr","article_published_time":"2026-04-22T12:15:46+00:00","og_image":[{"width":1600,"height":1200,"url":"https:\/\/ticaret.edu.tr\/havacilik-yonetimi\/wp-content\/uploads\/sites\/10\/2026\/04\/24b52819-7328-4624-b5e9-d2c5bdab1f0b.jpeg","type":"image\/jpeg"}],"author":"nakyurt","twitter_card":"summary_large_image","twitter_creator":"@ticaretedutr","twitter_site":"@ticaretedutr","twitter_misc":{"Yazan:":"nakyurt","Tahmini okuma s\u00fcresi":"3 dakika"},"schema":{"@context":"https:\/\/schema.org","@graph":[{"@type":"WebPage","@id":"https:\/\/ticaret.edu.tr\/havacilik-yonetimi\/2026\/04\/22\/istanbul-ticaret-universitesi-havacilik-yonetimi-bolumu-ifte-2026da-sektorle-bulustu\/","url":"https:\/\/ticaret.edu.tr\/havacilik-yonetimi\/2026\/04\/22\/istanbul-ticaret-universitesi-havacilik-yonetimi-bolumu-ifte-2026da-sektorle-bulustu\/","name":"\u0130stanbul Ticaret \u00dcniversitesi Havac\u0131l\u0131k Y\u00f6netimi B\u00f6l\u00fcm\u00fc, IFTE 2026\u2019da Sekt\u00f6rle Bulu\u015ftu - Haberler - Havac\u0131l\u0131k Y\u00f6netimi","isPartOf":{"@id":"https:\/\/ticaret.edu.tr\/havacilik-yonetimi\/#website"},"datePublished":"2026-04-22T12:15:46+00:00","dateModified":"2026-04-22T12:15:46+00:00","author":{"@id":"https:\/\/ticaret.edu.tr\/havacilik-yonetimi\/#\/schema\/person\/94d12b20126c64e9c1910f4f51735e71"},"breadcrumb":{"@id":"https:\/\/ticaret.edu.tr\/havacilik-yonetimi\/2026\/04\/22\/istanbul-ticaret-universitesi-havacilik-yonetimi-bolumu-ifte-2026da-sektorle-bulustu\/#breadcrumb"},"inLanguage":"tr","potentialAction":[{"@type":"ReadAction","target":["https:\/\/ticaret.edu.tr\/havacilik-yonetimi\/2026\/04\/22\/istanbul-ticaret-universitesi-havacilik-yonetimi-bolumu-ifte-2026da-sektorle-bulustu\/"]}]},{"@type":"BreadcrumbList","@id":"https:\/\/ticaret.edu.tr\/havacilik-yonetimi\/2026\/04\/22\/istanbul-ticaret-universitesi-havacilik-yonetimi-bolumu-ifte-2026da-sektorle-bulustu\/#breadcrumb","itemListElement":[{"@type":"ListItem","position":1,"name":"Ana sayfa","item":"https:\/\/ticaret.edu.tr\/havacilik-yonetimi\/"},{"@type":"ListItem","position":2,"name":"\u0130stanbul Ticaret \u00dcniversitesi Havac\u0131l\u0131k Y\u00f6netimi B\u00f6l\u00fcm\u00fc, IFTE 2026\u2019da Sekt\u00f6rle Bulu\u015ftu"}]},{"@type":"WebSite","@id":"https:\/\/ticaret.edu.tr\/havacilik-yonetimi\/#website","url":"https:\/\/ticaret.edu.tr\/havacilik-yonetimi\/","name":"Havac\u0131l\u0131k Y\u00f6netimi","description":"","potentialAction":[{"@type":"SearchAction","target":{"@type":"EntryPoint","urlTemplate":"https:\/\/ticaret.edu.tr\/havacilik-yonetimi\/?s={search_term_string}"},"query-input":"required name=search_term_string"}],"inLanguage":"tr"},{"@type":"Person","@id":"https:\/\/ticaret.edu.tr\/havacilik-yonetimi\/#\/schema\/person\/94d12b20126c64e9c1910f4f51735e71","name":"nakyurt","image":{"@type":"ImageObject","inLanguage":"tr","@id":"https:\/\/ticaret.edu.tr\/havacilik-yonetimi\/#\/schema\/person\/image\/","url":"http:\/\/1.gravatar.com\/avatar\/a83dc28a60748a43b2740c8495156dfa?s=96&d=mm&r=g","contentUrl":"http:\/\/1.gravatar.com\/avatar\/a83dc28a60748a43b2740c8495156dfa?s=96&d=mm&r=g","caption":"nakyurt"},"url":"http:\/\/ticaret.edu.tr\/havacilik-yonetimi\/author\/nakyurt\/"}]}},"lang":"tr","translations":{"tr":2031},"pll_sync_post":[],"_links":{"self":[{"href":"http:\/\/ticaret.edu.tr\/havacilik-yonetimi\/wp-json\/wp\/v2\/posts\/2031"}],"collection":[{"href":"http:\/\/ticaret.edu.tr\/havacilik-yonetimi\/wp-json\/wp\/v2\/posts"}],"about":[{"href":"http:\/\/ticaret.edu.tr\/havacilik-yonetimi\/wp-json\/wp\/v2\/types\/post"}],"author":[{"embeddable":true,"href":"http:\/\/ticaret.edu.tr\/havacilik-yonetimi\/wp-json\/wp\/v2\/users\/251"}],"replies":[{"embeddable":true,"href":"http:\/\/ticaret.edu.tr\/havacilik-yonetimi\/wp-json\/wp\/v2\/comments?post=2031"}],"version-history":[{"count":3,"href":"http:\/\/ticaret.edu.tr\/havacilik-yonetimi\/wp-json\/wp\/v2\/posts\/2031\/revisions"}],"predecessor-version":[{"id":2040,"href":"http:\/\/ticaret.edu.tr\/havacilik-yonetimi\/wp-json\/wp\/v2\/posts\/2031\/revisions\/2040"}],"wp:featuredmedia":[{"embeddable":true,"href":"http:\/\/ticaret.edu.tr\/havacilik-yonetimi\/wp-json\/wp\/v2\/media\/2035"}],"wp:attachment":[{"href":"http:\/\/ticaret.edu.tr\/havacilik-yonetimi\/wp-json\/wp\/v2\/media?parent=2031"}],"wp:term":[{"taxonomy":"category","embeddable":true,"href":"http:\/\/ticaret.edu.tr\/havacilik-yonetimi\/wp-json\/wp\/v2\/categories?post=2031"},{"taxonomy":"post_tag","embeddable":true,"href":"http:\/\/ticaret.edu.tr\/havacilik-yonetimi\/wp-json\/wp\/v2\/tags?post=2031"}],"curies":[{"name":"wp","href":"https:\/\/api.w.org\/{rel}","templated":true}]}}