{"id":1571,"date":"2026-04-22T15:19:03","date_gmt":"2026-04-22T12:19:03","guid":{"rendered":"https:\/\/ticaret.edu.tr\/ic-mimarlik-ve-cevre-tasarimi\/?p=1571"},"modified":"2026-04-22T15:19:03","modified_gmt":"2026-04-22T12:19:03","slug":"ogr-gor-gokhan-kiyicinin-doktora-tezinden-uretilen-makalesi-archnet-ijarda-yayinlandi","status":"publish","type":"post","link":"http:\/\/ticaret.edu.tr\/ic-mimarlik-ve-cevre-tasarimi\/2026\/04\/22\/ogr-gor-gokhan-kiyicinin-doktora-tezinden-uretilen-makalesi-archnet-ijarda-yayinlandi\/","title":{"rendered":"\u00d6\u011fr. G\u00f6r. G\u00f6khan KIYICI\u2019n\u0131n doktora tezinden \u00fcretilen makalesi Archnet-IJAR\u2019da yay\u0131nland\u0131!"},"content":{"rendered":"<p>\u0130stanbul Ticaret \u00dcniversitesi \u0130\u00e7 Mimarl\u0131k ve \u00c7evre Tasar\u0131m\u0131 B\u00f6l\u00fcm\u00fcm\u00fcz \u00d6\u011fretim Eleman\u0131 G\u00f6khan KIYICI\u2019n\u0131n Prof. Dr. Ozan \u00d6nder \u00d6ZENER y\u00fcr\u00fct\u00fcc\u00fcl\u00fc\u011f\u00fcnde \u0130stanbul Teknik \u00dcniversitesi Mimari Tasar\u0131m program\u0131nda s\u00fcrd\u00fcrd\u00fc\u011f\u00fc doktora tezinden \u00fcretilen makale mimarl\u0131k ve tasar\u0131m ara\u015ft\u0131rmalar\u0131 dergisi\u00a0 Archnet-IJAR: International Journal of Architectural Research Nisan 2026 \u00d6zel Say\u0131s\u0131\u2019nda yay\u0131nland\u0131. Cameron McEwan ve Andreas Lechner\u2019in edit\u00f6rl\u00fc\u011f\u00fcnde haz\u0131rlanan \u00f6zel say\u0131 \u201cHybrid Practices: Practice\/Design\/Theory-Based Research in Architecture\u201d temas\u0131 etraf\u0131nda pedagoji ve bilgi \u00fcretiminde hibrit uygulamalar ile Antroposen \u00e7a\u011f\u0131nda tasar\u0131m ara\u015ft\u0131rmalar\u0131 ve alternatif pedagojiler \u00e7a\u011fr\u0131s\u0131yla duyuruldu.<\/p>\n<p>Q1 kategoride yer alan derginin 21 Nisan 2026\u2019da eri\u015fime a\u00e7t\u0131\u011f\u0131 makale, &#8220;ak\u0131\u015flar \u00e7a\u011f\u0131nda&#8221; mevcut pedagojik yakla\u015f\u0131mlar\u0131n ve tasar\u0131m st\u00fcdyosu uygulamalar\u0131n\u0131n derinlemesine bir de\u011ferlendirmesini sunmakta; sosyal, \u00e7evresel ve teknolojik fakt\u00f6rlerden etkilenen h\u0131zla geli\u015fen mesleki ortam\u0131 g\u00f6z \u00f6n\u00fcnde bulundurarak, e\u011fitimcilerin bak\u0131\u015f a\u00e7\u0131lar\u0131n\u0131 anlamay\u0131 ve de\u011ferlendirmeyi ama\u00e7lamaktad\u0131r. \u00c7al\u0131\u015fma, \u00e7a\u011fda\u015f mimarl\u0131k e\u011fitiminin giderek karma\u015f\u0131kla\u015fan dinamiklerini ve st\u00fcdyo akt\u00f6rlerinin de\u011fi\u015fen rollerini vurgularken, \u00f6\u011frenci inisiyatifinin y\u00fckseli\u015fi, pedagojik stratejilere duyulan ihtiya\u00e7, yeni beceri ve yetkinliklerin ortaya \u00e7\u0131k\u0131\u015f\u0131 ile geni\u015f toplumsal ve mesleki de\u011fi\u015fikliklerle uyumlu geli\u015fen de\u011ferlendirme uygulamalar\u0131 da dahil olmak \u00fczere, tasar\u0131m st\u00fcdyosunda \u00f6nemli d\u00f6n\u00fc\u015f\u00fcmleri bulgulamaktad\u0131r.<\/p>\n<p>&nbsp;<\/p>\n<p>Makaleye a\u015fa\u011f\u0131daki linkten eri\u015fim sa\u011flayabilirsiniz:<\/p>\n<p><strong><a href=\"https:\/\/www.emerald.com\/arch\/article\/doi\/10.1108\/ARCH-12-2025-0584\/1360581\/Pedagogical-transformations-in-the-age-of-flows\">https:\/\/www.emerald.com\/arch\/article\/doi\/10.1108\/ARCH-12-2025-0584\/1360581\/Pedagogical-transformations-in-the-age-of-flows<\/a><\/strong><\/p>\n<p>&nbsp;<\/p>\n<p><img loading=\"lazy\" decoding=\"async\" class=\"aligncenter wp-image-1572 \" src=\"http:\/\/ticaret.edu.tr\/ic-mimarlik-ve-cevre-tasarimi\/wp-content\/uploads\/sites\/24\/2026\/04\/m_cover.jpeg\" alt=\"\" width=\"358\" height=\"494\" srcset=\"http:\/\/ticaret.edu.tr\/ic-mimarlik-ve-cevre-tasarimi\/wp-content\/uploads\/sites\/24\/2026\/04\/m_cover.jpeg 520w, http:\/\/ticaret.edu.tr\/ic-mimarlik-ve-cevre-tasarimi\/wp-content\/uploads\/sites\/24\/2026\/04\/m_cover-218x300.jpeg 218w\" sizes=\"(max-width: 358px) 100vw, 358px\" \/><\/p>\n","protected":false},"excerpt":{"rendered":"<p>\u0130stanbul Ticaret \u00dcniversitesi \u0130\u00e7 Mimarl\u0131k ve \u00c7evre Tasar\u0131m\u0131 B\u00f6l\u00fcm\u00fcm\u00fcz \u00d6\u011fretim Eleman\u0131 G\u00f6khan KIYICI\u2019n\u0131n Prof. Dr. Ozan \u00d6nder \u00d6ZENER y\u00fcr\u00fct\u00fcc\u00fcl\u00fc\u011f\u00fcnde \u0130stanbul Teknik \u00dcniversitesi Mimari Tasar\u0131m program\u0131nda s\u00fcrd\u00fcrd\u00fc\u011f\u00fc doktora tezinden \u00fcretilen makale mimarl\u0131k ve tasar\u0131m ara\u015ft\u0131rmalar\u0131 dergisi\u00a0 Archnet-IJAR: International Journal of Architectural Research Nisan 2026 \u00d6zel Say\u0131s\u0131\u2019nda yay\u0131nland\u0131. Cameron McEwan ve Andreas Lechner\u2019in edit\u00f6rl\u00fc\u011f\u00fcnde haz\u0131rlanan \u00f6zel say\u0131 [&hellip;]<\/p>\n","protected":false},"author":204,"featured_media":1572,"comment_status":"closed","ping_status":"closed","sticky":false,"template":"","format":"standard","meta":{"footnotes":""},"categories":[2],"tags":[],"yoast_head":"<!-- This site is optimized with the Yoast SEO Premium plugin v22.1 (Yoast SEO v22.1) - https:\/\/yoast.com\/wordpress\/plugins\/seo\/ -->\n<title>\u00d6\u011fr. G\u00f6r. G\u00f6khan KIYICI\u2019n\u0131n doktora tezinden \u00fcretilen makalesi Archnet-IJAR\u2019da yay\u0131nland\u0131! - Haberler - \u0130\u00e7 Mimarl\u0131k ve \u00c7evre Tasar\u0131m\u0131<\/title>\n<meta name=\"description\" content=\"\u00d6\u011fr. G\u00f6r. G\u00f6khan KIYICI\u2019n\u0131n doktora tezinden \u00fcretilen makalesi Archnet-IJAR\u2019da yay\u0131nland\u0131!\" \/>\n<meta name=\"robots\" content=\"index, follow, max-snippet:-1, max-image-preview:large, max-video-preview:-1\" \/>\n<link rel=\"canonical\" href=\"https:\/\/ticaret.edu.tr\/ic-mimarlik-ve-cevre-tasarimi\/2026\/04\/22\/ogr-gor-gokhan-kiyicinin-doktora-tezinden-uretilen-makalesi-archnet-ijarda-yayinlandi\/\" \/>\n<meta property=\"og:locale\" content=\"tr_TR\" \/>\n<meta property=\"og:type\" content=\"article\" \/>\n<meta property=\"og:title\" content=\"\u00d6\u011fr. G\u00f6r. G\u00f6khan KIYICI\u2019n\u0131n doktora tezinden \u00fcretilen makalesi Archnet-IJAR\u2019da yay\u0131nland\u0131!\" \/>\n<meta property=\"og:description\" content=\"\u00d6\u011fr. G\u00f6r. G\u00f6khan KIYICI\u2019n\u0131n doktora tezinden \u00fcretilen makalesi Archnet-IJAR\u2019da yay\u0131nland\u0131!\" \/>\n<meta property=\"og:url\" content=\"https:\/\/ticaret.edu.tr\/ic-mimarlik-ve-cevre-tasarimi\/2026\/04\/22\/ogr-gor-gokhan-kiyicinin-doktora-tezinden-uretilen-makalesi-archnet-ijarda-yayinlandi\/\" \/>\n<meta property=\"og:site_name\" content=\"\u0130\u00e7 Mimarl\u0131k ve \u00c7evre Tasar\u0131m\u0131\" \/>\n<meta property=\"article:publisher\" content=\"https:\/\/www.facebook.com\/ticaretedutr\" \/>\n<meta property=\"article:published_time\" content=\"2026-04-22T12:19:03+00:00\" \/>\n<meta property=\"og:image\" content=\"https:\/\/ticaret.edu.tr\/ic-mimarlik-ve-cevre-tasarimi\/wp-content\/uploads\/sites\/24\/2026\/04\/m_cover.jpeg\" \/>\n\t<meta property=\"og:image:width\" content=\"520\" \/>\n\t<meta property=\"og:image:height\" content=\"717\" \/>\n\t<meta property=\"og:image:type\" content=\"image\/jpeg\" \/>\n<meta name=\"author\" content=\"dhocaoglu\" \/>\n<meta name=\"twitter:card\" content=\"summary_large_image\" \/>\n<meta name=\"twitter:creator\" content=\"@ticaretedutr\" \/>\n<meta name=\"twitter:site\" content=\"@ticaretedutr\" \/>\n<meta name=\"twitter:label1\" content=\"Yazan:\" \/>\n\t<meta name=\"twitter:data1\" content=\"dhocaoglu\" \/>\n\t<meta name=\"twitter:label2\" content=\"Tahmini okuma s\u00fcresi\" \/>\n\t<meta name=\"twitter:data2\" content=\"2 dakika\" \/>\n<script type=\"application\/ld+json\" class=\"yoast-schema-graph\">{\"@context\":\"https:\/\/schema.org\",\"@graph\":[{\"@type\":\"WebPage\",\"@id\":\"https:\/\/ticaret.edu.tr\/ic-mimarlik-ve-cevre-tasarimi\/2026\/04\/22\/ogr-gor-gokhan-kiyicinin-doktora-tezinden-uretilen-makalesi-archnet-ijarda-yayinlandi\/\",\"url\":\"https:\/\/ticaret.edu.tr\/ic-mimarlik-ve-cevre-tasarimi\/2026\/04\/22\/ogr-gor-gokhan-kiyicinin-doktora-tezinden-uretilen-makalesi-archnet-ijarda-yayinlandi\/\",\"name\":\"\u00d6\u011fr. G\u00f6r. G\u00f6khan KIYICI\u2019n\u0131n doktora tezinden \u00fcretilen makalesi Archnet-IJAR\u2019da yay\u0131nland\u0131! - Haberler - \u0130\u00e7 Mimarl\u0131k ve \u00c7evre Tasar\u0131m\u0131\",\"isPartOf\":{\"@id\":\"https:\/\/ticaret.edu.tr\/ic-mimarlik-ve-cevre-tasarimi\/#website\"},\"datePublished\":\"2026-04-22T12:19:03+00:00\",\"dateModified\":\"2026-04-22T12:19:03+00:00\",\"author\":{\"@id\":\"https:\/\/ticaret.edu.tr\/ic-mimarlik-ve-cevre-tasarimi\/#\/schema\/person\/4b33a959eef93f5c84b4df04a7b18794\"},\"description\":\"\u00d6\u011fr. G\u00f6r. G\u00f6khan KIYICI\u2019n\u0131n doktora tezinden \u00fcretilen makalesi Archnet-IJAR\u2019da yay\u0131nland\u0131!\",\"breadcrumb\":{\"@id\":\"https:\/\/ticaret.edu.tr\/ic-mimarlik-ve-cevre-tasarimi\/2026\/04\/22\/ogr-gor-gokhan-kiyicinin-doktora-tezinden-uretilen-makalesi-archnet-ijarda-yayinlandi\/#breadcrumb\"},\"inLanguage\":\"tr\",\"potentialAction\":[{\"@type\":\"ReadAction\",\"target\":[\"https:\/\/ticaret.edu.tr\/ic-mimarlik-ve-cevre-tasarimi\/2026\/04\/22\/ogr-gor-gokhan-kiyicinin-doktora-tezinden-uretilen-makalesi-archnet-ijarda-yayinlandi\/\"]}]},{\"@type\":\"BreadcrumbList\",\"@id\":\"https:\/\/ticaret.edu.tr\/ic-mimarlik-ve-cevre-tasarimi\/2026\/04\/22\/ogr-gor-gokhan-kiyicinin-doktora-tezinden-uretilen-makalesi-archnet-ijarda-yayinlandi\/#breadcrumb\",\"itemListElement\":[{\"@type\":\"ListItem\",\"position\":1,\"name\":\"Ana sayfa\",\"item\":\"https:\/\/ticaret.edu.tr\/ic-mimarlik-ve-cevre-tasarimi\/\"},{\"@type\":\"ListItem\",\"position\":2,\"name\":\"\u00d6\u011fr. G\u00f6r. G\u00f6khan KIYICI\u2019n\u0131n doktora tezinden \u00fcretilen makalesi Archnet-IJAR\u2019da yay\u0131nland\u0131!\"}]},{\"@type\":\"WebSite\",\"@id\":\"https:\/\/ticaret.edu.tr\/ic-mimarlik-ve-cevre-tasarimi\/#website\",\"url\":\"https:\/\/ticaret.edu.tr\/ic-mimarlik-ve-cevre-tasarimi\/\",\"name\":\"\u0130\u00e7 Mimarl\u0131k ve \u00c7evre Tasar\u0131m\u0131\",\"description\":\"\",\"potentialAction\":[{\"@type\":\"SearchAction\",\"target\":{\"@type\":\"EntryPoint\",\"urlTemplate\":\"https:\/\/ticaret.edu.tr\/ic-mimarlik-ve-cevre-tasarimi\/?s={search_term_string}\"},\"query-input\":\"required name=search_term_string\"}],\"inLanguage\":\"tr\"},{\"@type\":\"Person\",\"@id\":\"https:\/\/ticaret.edu.tr\/ic-mimarlik-ve-cevre-tasarimi\/#\/schema\/person\/4b33a959eef93f5c84b4df04a7b18794\",\"name\":\"dhocaoglu\",\"image\":{\"@type\":\"ImageObject\",\"inLanguage\":\"tr\",\"@id\":\"https:\/\/ticaret.edu.tr\/ic-mimarlik-ve-cevre-tasarimi\/#\/schema\/person\/image\/\",\"url\":\"http:\/\/1.gravatar.com\/avatar\/77abf400451ffe97ba82b9f0f4aa5cdf?s=96&d=mm&r=g\",\"contentUrl\":\"http:\/\/1.gravatar.com\/avatar\/77abf400451ffe97ba82b9f0f4aa5cdf?s=96&d=mm&r=g\",\"caption\":\"dhocaoglu\"},\"url\":\"http:\/\/ticaret.edu.tr\/ic-mimarlik-ve-cevre-tasarimi\/author\/dhocaoglu\/\"}]}<\/script>\n<!-- \/ Yoast SEO Premium plugin. -->","yoast_head_json":{"title":"\u00d6\u011fr. G\u00f6r. G\u00f6khan KIYICI\u2019n\u0131n doktora tezinden \u00fcretilen makalesi Archnet-IJAR\u2019da yay\u0131nland\u0131! - Haberler - \u0130\u00e7 Mimarl\u0131k ve \u00c7evre Tasar\u0131m\u0131","description":"\u00d6\u011fr. G\u00f6r. G\u00f6khan KIYICI\u2019n\u0131n doktora tezinden \u00fcretilen makalesi Archnet-IJAR\u2019da yay\u0131nland\u0131!","robots":{"index":"index","follow":"follow","max-snippet":"max-snippet:-1","max-image-preview":"max-image-preview:large","max-video-preview":"max-video-preview:-1"},"canonical":"https:\/\/ticaret.edu.tr\/ic-mimarlik-ve-cevre-tasarimi\/2026\/04\/22\/ogr-gor-gokhan-kiyicinin-doktora-tezinden-uretilen-makalesi-archnet-ijarda-yayinlandi\/","og_locale":"tr_TR","og_type":"article","og_title":"\u00d6\u011fr. G\u00f6r. G\u00f6khan KIYICI\u2019n\u0131n doktora tezinden \u00fcretilen makalesi Archnet-IJAR\u2019da yay\u0131nland\u0131!","og_description":"\u00d6\u011fr. G\u00f6r. G\u00f6khan KIYICI\u2019n\u0131n doktora tezinden \u00fcretilen makalesi Archnet-IJAR\u2019da yay\u0131nland\u0131!","og_url":"https:\/\/ticaret.edu.tr\/ic-mimarlik-ve-cevre-tasarimi\/2026\/04\/22\/ogr-gor-gokhan-kiyicinin-doktora-tezinden-uretilen-makalesi-archnet-ijarda-yayinlandi\/","og_site_name":"\u0130\u00e7 Mimarl\u0131k ve \u00c7evre Tasar\u0131m\u0131","article_publisher":"https:\/\/www.facebook.com\/ticaretedutr","article_published_time":"2026-04-22T12:19:03+00:00","og_image":[{"width":520,"height":717,"url":"https:\/\/ticaret.edu.tr\/ic-mimarlik-ve-cevre-tasarimi\/wp-content\/uploads\/sites\/24\/2026\/04\/m_cover.jpeg","type":"image\/jpeg"}],"author":"dhocaoglu","twitter_card":"summary_large_image","twitter_creator":"@ticaretedutr","twitter_site":"@ticaretedutr","twitter_misc":{"Yazan:":"dhocaoglu","Tahmini okuma s\u00fcresi":"2 dakika"},"schema":{"@context":"https:\/\/schema.org","@graph":[{"@type":"WebPage","@id":"https:\/\/ticaret.edu.tr\/ic-mimarlik-ve-cevre-tasarimi\/2026\/04\/22\/ogr-gor-gokhan-kiyicinin-doktora-tezinden-uretilen-makalesi-archnet-ijarda-yayinlandi\/","url":"https:\/\/ticaret.edu.tr\/ic-mimarlik-ve-cevre-tasarimi\/2026\/04\/22\/ogr-gor-gokhan-kiyicinin-doktora-tezinden-uretilen-makalesi-archnet-ijarda-yayinlandi\/","name":"\u00d6\u011fr. G\u00f6r. G\u00f6khan KIYICI\u2019n\u0131n doktora tezinden \u00fcretilen makalesi Archnet-IJAR\u2019da yay\u0131nland\u0131! - Haberler - \u0130\u00e7 Mimarl\u0131k ve \u00c7evre Tasar\u0131m\u0131","isPartOf":{"@id":"https:\/\/ticaret.edu.tr\/ic-mimarlik-ve-cevre-tasarimi\/#website"},"datePublished":"2026-04-22T12:19:03+00:00","dateModified":"2026-04-22T12:19:03+00:00","author":{"@id":"https:\/\/ticaret.edu.tr\/ic-mimarlik-ve-cevre-tasarimi\/#\/schema\/person\/4b33a959eef93f5c84b4df04a7b18794"},"description":"\u00d6\u011fr. G\u00f6r. G\u00f6khan KIYICI\u2019n\u0131n doktora tezinden \u00fcretilen makalesi Archnet-IJAR\u2019da yay\u0131nland\u0131!","breadcrumb":{"@id":"https:\/\/ticaret.edu.tr\/ic-mimarlik-ve-cevre-tasarimi\/2026\/04\/22\/ogr-gor-gokhan-kiyicinin-doktora-tezinden-uretilen-makalesi-archnet-ijarda-yayinlandi\/#breadcrumb"},"inLanguage":"tr","potentialAction":[{"@type":"ReadAction","target":["https:\/\/ticaret.edu.tr\/ic-mimarlik-ve-cevre-tasarimi\/2026\/04\/22\/ogr-gor-gokhan-kiyicinin-doktora-tezinden-uretilen-makalesi-archnet-ijarda-yayinlandi\/"]}]},{"@type":"BreadcrumbList","@id":"https:\/\/ticaret.edu.tr\/ic-mimarlik-ve-cevre-tasarimi\/2026\/04\/22\/ogr-gor-gokhan-kiyicinin-doktora-tezinden-uretilen-makalesi-archnet-ijarda-yayinlandi\/#breadcrumb","itemListElement":[{"@type":"ListItem","position":1,"name":"Ana sayfa","item":"https:\/\/ticaret.edu.tr\/ic-mimarlik-ve-cevre-tasarimi\/"},{"@type":"ListItem","position":2,"name":"\u00d6\u011fr. G\u00f6r. G\u00f6khan KIYICI\u2019n\u0131n doktora tezinden \u00fcretilen makalesi Archnet-IJAR\u2019da yay\u0131nland\u0131!"}]},{"@type":"WebSite","@id":"https:\/\/ticaret.edu.tr\/ic-mimarlik-ve-cevre-tasarimi\/#website","url":"https:\/\/ticaret.edu.tr\/ic-mimarlik-ve-cevre-tasarimi\/","name":"\u0130\u00e7 Mimarl\u0131k ve \u00c7evre Tasar\u0131m\u0131","description":"","potentialAction":[{"@type":"SearchAction","target":{"@type":"EntryPoint","urlTemplate":"https:\/\/ticaret.edu.tr\/ic-mimarlik-ve-cevre-tasarimi\/?s={search_term_string}"},"query-input":"required name=search_term_string"}],"inLanguage":"tr"},{"@type":"Person","@id":"https:\/\/ticaret.edu.tr\/ic-mimarlik-ve-cevre-tasarimi\/#\/schema\/person\/4b33a959eef93f5c84b4df04a7b18794","name":"dhocaoglu","image":{"@type":"ImageObject","inLanguage":"tr","@id":"https:\/\/ticaret.edu.tr\/ic-mimarlik-ve-cevre-tasarimi\/#\/schema\/person\/image\/","url":"http:\/\/1.gravatar.com\/avatar\/77abf400451ffe97ba82b9f0f4aa5cdf?s=96&d=mm&r=g","contentUrl":"http:\/\/1.gravatar.com\/avatar\/77abf400451ffe97ba82b9f0f4aa5cdf?s=96&d=mm&r=g","caption":"dhocaoglu"},"url":"http:\/\/ticaret.edu.tr\/ic-mimarlik-ve-cevre-tasarimi\/author\/dhocaoglu\/"}]}},"lang":"tr","translations":{"tr":1571},"pll_sync_post":[],"_links":{"self":[{"href":"http:\/\/ticaret.edu.tr\/ic-mimarlik-ve-cevre-tasarimi\/wp-json\/wp\/v2\/posts\/1571"}],"collection":[{"href":"http:\/\/ticaret.edu.tr\/ic-mimarlik-ve-cevre-tasarimi\/wp-json\/wp\/v2\/posts"}],"about":[{"href":"http:\/\/ticaret.edu.tr\/ic-mimarlik-ve-cevre-tasarimi\/wp-json\/wp\/v2\/types\/post"}],"author":[{"embeddable":true,"href":"http:\/\/ticaret.edu.tr\/ic-mimarlik-ve-cevre-tasarimi\/wp-json\/wp\/v2\/users\/204"}],"replies":[{"embeddable":true,"href":"http:\/\/ticaret.edu.tr\/ic-mimarlik-ve-cevre-tasarimi\/wp-json\/wp\/v2\/comments?post=1571"}],"version-history":[{"count":3,"href":"http:\/\/ticaret.edu.tr\/ic-mimarlik-ve-cevre-tasarimi\/wp-json\/wp\/v2\/posts\/1571\/revisions"}],"predecessor-version":[{"id":1579,"href":"http:\/\/ticaret.edu.tr\/ic-mimarlik-ve-cevre-tasarimi\/wp-json\/wp\/v2\/posts\/1571\/revisions\/1579"}],"wp:featuredmedia":[{"embeddable":true,"href":"http:\/\/ticaret.edu.tr\/ic-mimarlik-ve-cevre-tasarimi\/wp-json\/wp\/v2\/media\/1572"}],"wp:attachment":[{"href":"http:\/\/ticaret.edu.tr\/ic-mimarlik-ve-cevre-tasarimi\/wp-json\/wp\/v2\/media?parent=1571"}],"wp:term":[{"taxonomy":"category","embeddable":true,"href":"http:\/\/ticaret.edu.tr\/ic-mimarlik-ve-cevre-tasarimi\/wp-json\/wp\/v2\/categories?post=1571"},{"taxonomy":"post_tag","embeddable":true,"href":"http:\/\/ticaret.edu.tr\/ic-mimarlik-ve-cevre-tasarimi\/wp-json\/wp\/v2\/tags?post=1571"}],"curies":[{"name":"wp","href":"https:\/\/api.w.org\/{rel}","templated":true}]}}