{"id":1886,"date":"2026-04-13T16:16:37","date_gmt":"2026-04-13T13:16:37","guid":{"rendered":"https:\/\/ticaret.edu.tr\/insan-ve-toplum-bilimleri-fakultesi\/?p=1886"},"modified":"2026-04-13T16:16:37","modified_gmt":"2026-04-13T13:16:37","slug":"ogrencimiz-aysenur-topraki-dualarla-yad-ettik","status":"publish","type":"post","link":"http:\/\/ticaret.edu.tr\/insan-ve-toplum-bilimleri-fakultesi\/2026\/04\/13\/ogrencimiz-aysenur-topraki-dualarla-yad-ettik\/","title":{"rendered":"\u00d6\u011frencimiz Ay\u015fenur Toprak\u2019\u0131 Dualarla Yad Ettik"},"content":{"rendered":"<p>\u00dcniversitemizin k\u0131ymetli \u00f6\u011frencisi, Psikoloji B\u00f6l\u00fcm\u00fc mezunumuz ve Sosyoloji \u00c7ift Anadal \u00f6\u011frencimiz Ay\u015fenur Toprak\u2019\u0131n zamans\u0131z vefat\u0131 \u00fczerine ge\u00e7ti\u011fimiz hafta \u00fcniversitemizde bir taziye ve anma program\u0131 ger\u00e7ekle\u015ftirilmi\u015ftir.<br \/>\n\u00dcniversitemizin Rekt\u00f6r\u00fc Prof. Dr. Necip \u015eim\u015fek, Rekt\u00f6r Yard\u0131mc\u0131s\u0131 Prof. Dr. Hanifi Parlar yan\u0131 s\u0131ra \u00d6\u011fretim \u00dcyeleri ve merhumun \u00f6\u011frenci arkada\u015flar\u0131n\u0131n kat\u0131l\u0131m\u0131yla d\u00fczenlenen programda, Ay\u015fenur\u2019un hat\u0131ras\u0131 dualarla an\u0131lm\u0131\u015f; \u00fcniversite ailemiz bir araya gelerek Ay\u015fenur i\u00e7in Hatim Duas\u0131 yapm\u0131\u015ft\u0131r. Onu her zaman sevgi ve rahmetle hat\u0131rlayaca\u011f\u0131z.<br \/>\n\u0130stanbul Ticaret \u00dcniversitesi olarak \u00f6\u011frencimize bir kez daha Allah\u2019tan rahmet, t\u00fcm sevenlerine sab\u0131rlar dileriz.<br \/>\nMekan\u0131 cennet olsun.<\/p>\n<p><img loading=\"lazy\" decoding=\"async\" class=\"alignnone size-large wp-image-1887\" src=\"http:\/\/ticaret.edu.tr\/insan-ve-toplum-bilimleri-fakultesi\/wp-content\/uploads\/sites\/3\/2026\/04\/1-1024x682.jpg\" alt=\"\" width=\"1024\" height=\"682\" srcset=\"http:\/\/ticaret.edu.tr\/insan-ve-toplum-bilimleri-fakultesi\/wp-content\/uploads\/sites\/3\/2026\/04\/1-1024x682.jpg 1024w, http:\/\/ticaret.edu.tr\/insan-ve-toplum-bilimleri-fakultesi\/wp-content\/uploads\/sites\/3\/2026\/04\/1-300x200.jpg 300w, http:\/\/ticaret.edu.tr\/insan-ve-toplum-bilimleri-fakultesi\/wp-content\/uploads\/sites\/3\/2026\/04\/1-768x512.jpg 768w, http:\/\/ticaret.edu.tr\/insan-ve-toplum-bilimleri-fakultesi\/wp-content\/uploads\/sites\/3\/2026\/04\/1-1536x1023.jpg 1536w, http:\/\/ticaret.edu.tr\/insan-ve-toplum-bilimleri-fakultesi\/wp-content\/uploads\/sites\/3\/2026\/04\/1.jpg 1600w\" sizes=\"(max-width: 1024px) 100vw, 1024px\" \/><\/p>\n<p><img loading=\"lazy\" decoding=\"async\" class=\"alignnone size-large wp-image-1888\" src=\"http:\/\/ticaret.edu.tr\/insan-ve-toplum-bilimleri-fakultesi\/wp-content\/uploads\/sites\/3\/2026\/04\/2-1024x682.jpg\" alt=\"\" width=\"1024\" height=\"682\" srcset=\"http:\/\/ticaret.edu.tr\/insan-ve-toplum-bilimleri-fakultesi\/wp-content\/uploads\/sites\/3\/2026\/04\/2-1024x682.jpg 1024w, http:\/\/ticaret.edu.tr\/insan-ve-toplum-bilimleri-fakultesi\/wp-content\/uploads\/sites\/3\/2026\/04\/2-300x200.jpg 300w, http:\/\/ticaret.edu.tr\/insan-ve-toplum-bilimleri-fakultesi\/wp-content\/uploads\/sites\/3\/2026\/04\/2-768x512.jpg 768w, http:\/\/ticaret.edu.tr\/insan-ve-toplum-bilimleri-fakultesi\/wp-content\/uploads\/sites\/3\/2026\/04\/2-1536x1023.jpg 1536w, http:\/\/ticaret.edu.tr\/insan-ve-toplum-bilimleri-fakultesi\/wp-content\/uploads\/sites\/3\/2026\/04\/2.jpg 1600w\" sizes=\"(max-width: 1024px) 100vw, 1024px\" \/><\/p>\n<p><img loading=\"lazy\" decoding=\"async\" class=\"alignnone size-large wp-image-1889\" src=\"http:\/\/ticaret.edu.tr\/insan-ve-toplum-bilimleri-fakultesi\/wp-content\/uploads\/sites\/3\/2026\/04\/3-1024x682.jpg\" alt=\"\" width=\"1024\" height=\"682\" srcset=\"http:\/\/ticaret.edu.tr\/insan-ve-toplum-bilimleri-fakultesi\/wp-content\/uploads\/sites\/3\/2026\/04\/3-1024x682.jpg 1024w, http:\/\/ticaret.edu.tr\/insan-ve-toplum-bilimleri-fakultesi\/wp-content\/uploads\/sites\/3\/2026\/04\/3-300x200.jpg 300w, http:\/\/ticaret.edu.tr\/insan-ve-toplum-bilimleri-fakultesi\/wp-content\/uploads\/sites\/3\/2026\/04\/3-768x512.jpg 768w, http:\/\/ticaret.edu.tr\/insan-ve-toplum-bilimleri-fakultesi\/wp-content\/uploads\/sites\/3\/2026\/04\/3-1536x1023.jpg 1536w, http:\/\/ticaret.edu.tr\/insan-ve-toplum-bilimleri-fakultesi\/wp-content\/uploads\/sites\/3\/2026\/04\/3.jpg 1600w\" sizes=\"(max-width: 1024px) 100vw, 1024px\" \/><\/p>\n","protected":false},"excerpt":{"rendered":"<p>\u00dcniversitemizin k\u0131ymetli \u00f6\u011frencisi, Psikoloji B\u00f6l\u00fcm\u00fc mezunumuz ve Sosyoloji \u00c7ift Anadal \u00f6\u011frencimiz Ay\u015fenur Toprak\u2019\u0131n zamans\u0131z vefat\u0131 \u00fczerine ge\u00e7ti\u011fimiz hafta \u00fcniversitemizde bir taziye ve anma program\u0131 ger\u00e7ekle\u015ftirilmi\u015ftir. \u00dcniversitemizin Rekt\u00f6r\u00fc Prof. Dr. Necip \u015eim\u015fek, Rekt\u00f6r Yard\u0131mc\u0131s\u0131 Prof. Dr. Hanifi Parlar yan\u0131 s\u0131ra \u00d6\u011fretim \u00dcyeleri ve merhumun \u00f6\u011frenci arkada\u015flar\u0131n\u0131n kat\u0131l\u0131m\u0131yla d\u00fczenlenen programda, Ay\u015fenur\u2019un hat\u0131ras\u0131 dualarla an\u0131lm\u0131\u015f; \u00fcniversite ailemiz bir [&hellip;]<\/p>\n","protected":false},"author":247,"featured_media":1887,"comment_status":"closed","ping_status":"closed","sticky":false,"template":"","format":"standard","meta":{"footnotes":""},"categories":[2],"tags":[],"yoast_head":"<!-- This site is optimized with the Yoast SEO Premium plugin v22.1 (Yoast SEO v22.1) - https:\/\/yoast.com\/wordpress\/plugins\/seo\/ -->\n<title>\u00d6\u011frencimiz Ay\u015fenur Toprak\u2019\u0131 Dualarla Yad Ettik - Haberler - \u0130nsan ve Toplum Bilimleri Fak\u00fcltesi<\/title>\n<meta name=\"robots\" content=\"index, follow, max-snippet:-1, max-image-preview:large, max-video-preview:-1\" \/>\n<link rel=\"canonical\" href=\"http:\/\/ticaret.edu.tr\/insan-ve-toplum-bilimleri-fakultesi\/2026\/04\/13\/ogrencimiz-aysenur-topraki-dualarla-yad-ettik\/\" \/>\n<meta property=\"og:locale\" content=\"tr_TR\" \/>\n<meta property=\"og:type\" content=\"article\" \/>\n<meta property=\"og:title\" content=\"\u00d6\u011frencimiz Ay\u015fenur Toprak\u2019\u0131 Dualarla Yad Ettik\" \/>\n<meta property=\"og:description\" content=\"\u00dcniversitemizin k\u0131ymetli \u00f6\u011frencisi, Psikoloji B\u00f6l\u00fcm\u00fc mezunumuz ve Sosyoloji \u00c7ift Anadal \u00f6\u011frencimiz Ay\u015fenur Toprak\u2019\u0131n zamans\u0131z vefat\u0131 \u00fczerine ge\u00e7ti\u011fimiz hafta \u00fcniversitemizde bir taziye ve anma program\u0131 ger\u00e7ekle\u015ftirilmi\u015ftir. \u00dcniversitemizin Rekt\u00f6r\u00fc Prof. Dr. Necip \u015eim\u015fek, Rekt\u00f6r Yard\u0131mc\u0131s\u0131 Prof. Dr. Hanifi Parlar yan\u0131 s\u0131ra \u00d6\u011fretim \u00dcyeleri ve merhumun \u00f6\u011frenci arkada\u015flar\u0131n\u0131n kat\u0131l\u0131m\u0131yla d\u00fczenlenen programda, Ay\u015fenur\u2019un hat\u0131ras\u0131 dualarla an\u0131lm\u0131\u015f; \u00fcniversite ailemiz bir [&hellip;]\" \/>\n<meta property=\"og:url\" content=\"http:\/\/ticaret.edu.tr\/insan-ve-toplum-bilimleri-fakultesi\/2026\/04\/13\/ogrencimiz-aysenur-topraki-dualarla-yad-ettik\/\" \/>\n<meta property=\"og:site_name\" content=\"\u0130nsan ve Toplum Bilimleri Fak\u00fcltesi\" \/>\n<meta property=\"article:publisher\" content=\"https:\/\/www.facebook.com\/ticaretedutr\" \/>\n<meta property=\"article:published_time\" content=\"2026-04-13T13:16:37+00:00\" \/>\n<meta property=\"og:image\" content=\"http:\/\/ticaret.edu.tr\/insan-ve-toplum-bilimleri-fakultesi\/wp-content\/uploads\/sites\/3\/2026\/04\/1.jpg\" \/>\n\t<meta property=\"og:image:width\" content=\"1600\" \/>\n\t<meta property=\"og:image:height\" content=\"1066\" \/>\n\t<meta property=\"og:image:type\" content=\"image\/jpeg\" \/>\n<meta name=\"author\" content=\"mbal\" \/>\n<meta name=\"twitter:card\" content=\"summary_large_image\" \/>\n<meta name=\"twitter:creator\" content=\"@ticaretedutr\" \/>\n<meta name=\"twitter:site\" content=\"@ticaretedutr\" \/>\n<meta name=\"twitter:label1\" content=\"Yazan:\" \/>\n\t<meta name=\"twitter:data1\" content=\"mbal\" \/>\n\t<meta name=\"twitter:label2\" content=\"Tahmini okuma s\u00fcresi\" \/>\n\t<meta name=\"twitter:data2\" content=\"2 dakika\" \/>\n<script type=\"application\/ld+json\" class=\"yoast-schema-graph\">{\"@context\":\"https:\/\/schema.org\",\"@graph\":[{\"@type\":\"WebPage\",\"@id\":\"http:\/\/ticaret.edu.tr\/insan-ve-toplum-bilimleri-fakultesi\/2026\/04\/13\/ogrencimiz-aysenur-topraki-dualarla-yad-ettik\/\",\"url\":\"http:\/\/ticaret.edu.tr\/insan-ve-toplum-bilimleri-fakultesi\/2026\/04\/13\/ogrencimiz-aysenur-topraki-dualarla-yad-ettik\/\",\"name\":\"\u00d6\u011frencimiz Ay\u015fenur Toprak\u2019\u0131 Dualarla Yad Ettik - Haberler - \u0130nsan ve Toplum Bilimleri Fak\u00fcltesi\",\"isPartOf\":{\"@id\":\"http:\/\/ticaret.edu.tr\/insan-ve-toplum-bilimleri-fakultesi\/#website\"},\"datePublished\":\"2026-04-13T13:16:37+00:00\",\"dateModified\":\"2026-04-13T13:16:37+00:00\",\"author\":{\"@id\":\"http:\/\/ticaret.edu.tr\/insan-ve-toplum-bilimleri-fakultesi\/#\/schema\/person\/c78295d005f058659e2c8ee56c690ee8\"},\"breadcrumb\":{\"@id\":\"http:\/\/ticaret.edu.tr\/insan-ve-toplum-bilimleri-fakultesi\/2026\/04\/13\/ogrencimiz-aysenur-topraki-dualarla-yad-ettik\/#breadcrumb\"},\"inLanguage\":\"tr\",\"potentialAction\":[{\"@type\":\"ReadAction\",\"target\":[\"http:\/\/ticaret.edu.tr\/insan-ve-toplum-bilimleri-fakultesi\/2026\/04\/13\/ogrencimiz-aysenur-topraki-dualarla-yad-ettik\/\"]}]},{\"@type\":\"BreadcrumbList\",\"@id\":\"http:\/\/ticaret.edu.tr\/insan-ve-toplum-bilimleri-fakultesi\/2026\/04\/13\/ogrencimiz-aysenur-topraki-dualarla-yad-ettik\/#breadcrumb\",\"itemListElement\":[{\"@type\":\"ListItem\",\"position\":1,\"name\":\"Ana sayfa\",\"item\":\"http:\/\/ticaret.edu.tr\/insan-ve-toplum-bilimleri-fakultesi\/\"},{\"@type\":\"ListItem\",\"position\":2,\"name\":\"\u00d6\u011frencimiz Ay\u015fenur Toprak\u2019\u0131 Dualarla Yad Ettik\"}]},{\"@type\":\"WebSite\",\"@id\":\"http:\/\/ticaret.edu.tr\/insan-ve-toplum-bilimleri-fakultesi\/#website\",\"url\":\"http:\/\/ticaret.edu.tr\/insan-ve-toplum-bilimleri-fakultesi\/\",\"name\":\"\u0130nsan ve Toplum Bilimleri Fak\u00fcltesi\",\"description\":\"\",\"potentialAction\":[{\"@type\":\"SearchAction\",\"target\":{\"@type\":\"EntryPoint\",\"urlTemplate\":\"http:\/\/ticaret.edu.tr\/insan-ve-toplum-bilimleri-fakultesi\/?s={search_term_string}\"},\"query-input\":\"required name=search_term_string\"}],\"inLanguage\":\"tr\"},{\"@type\":\"Person\",\"@id\":\"http:\/\/ticaret.edu.tr\/insan-ve-toplum-bilimleri-fakultesi\/#\/schema\/person\/c78295d005f058659e2c8ee56c690ee8\",\"name\":\"mbal\",\"image\":{\"@type\":\"ImageObject\",\"inLanguage\":\"tr\",\"@id\":\"http:\/\/ticaret.edu.tr\/insan-ve-toplum-bilimleri-fakultesi\/#\/schema\/person\/image\/\",\"url\":\"http:\/\/2.gravatar.com\/avatar\/e52d03b7cf8951d3c86b9b45a8762ce3?s=96&d=mm&r=g\",\"contentUrl\":\"http:\/\/2.gravatar.com\/avatar\/e52d03b7cf8951d3c86b9b45a8762ce3?s=96&d=mm&r=g\",\"caption\":\"mbal\"},\"url\":\"http:\/\/ticaret.edu.tr\/insan-ve-toplum-bilimleri-fakultesi\/author\/mbal\/\"}]}<\/script>\n<!-- \/ Yoast SEO Premium plugin. -->","yoast_head_json":{"title":"\u00d6\u011frencimiz Ay\u015fenur Toprak\u2019\u0131 Dualarla Yad Ettik - Haberler - \u0130nsan ve Toplum Bilimleri Fak\u00fcltesi","robots":{"index":"index","follow":"follow","max-snippet":"max-snippet:-1","max-image-preview":"max-image-preview:large","max-video-preview":"max-video-preview:-1"},"canonical":"http:\/\/ticaret.edu.tr\/insan-ve-toplum-bilimleri-fakultesi\/2026\/04\/13\/ogrencimiz-aysenur-topraki-dualarla-yad-ettik\/","og_locale":"tr_TR","og_type":"article","og_title":"\u00d6\u011frencimiz Ay\u015fenur Toprak\u2019\u0131 Dualarla Yad Ettik","og_description":"\u00dcniversitemizin k\u0131ymetli \u00f6\u011frencisi, Psikoloji B\u00f6l\u00fcm\u00fc mezunumuz ve Sosyoloji \u00c7ift Anadal \u00f6\u011frencimiz Ay\u015fenur Toprak\u2019\u0131n zamans\u0131z vefat\u0131 \u00fczerine ge\u00e7ti\u011fimiz hafta \u00fcniversitemizde bir taziye ve anma program\u0131 ger\u00e7ekle\u015ftirilmi\u015ftir. \u00dcniversitemizin Rekt\u00f6r\u00fc Prof. Dr. Necip \u015eim\u015fek, Rekt\u00f6r Yard\u0131mc\u0131s\u0131 Prof. Dr. Hanifi Parlar yan\u0131 s\u0131ra \u00d6\u011fretim \u00dcyeleri ve merhumun \u00f6\u011frenci arkada\u015flar\u0131n\u0131n kat\u0131l\u0131m\u0131yla d\u00fczenlenen programda, Ay\u015fenur\u2019un hat\u0131ras\u0131 dualarla an\u0131lm\u0131\u015f; \u00fcniversite ailemiz bir [&hellip;]","og_url":"http:\/\/ticaret.edu.tr\/insan-ve-toplum-bilimleri-fakultesi\/2026\/04\/13\/ogrencimiz-aysenur-topraki-dualarla-yad-ettik\/","og_site_name":"\u0130nsan ve Toplum Bilimleri Fak\u00fcltesi","article_publisher":"https:\/\/www.facebook.com\/ticaretedutr","article_published_time":"2026-04-13T13:16:37+00:00","og_image":[{"width":1600,"height":1066,"url":"http:\/\/ticaret.edu.tr\/insan-ve-toplum-bilimleri-fakultesi\/wp-content\/uploads\/sites\/3\/2026\/04\/1.jpg","type":"image\/jpeg"}],"author":"mbal","twitter_card":"summary_large_image","twitter_creator":"@ticaretedutr","twitter_site":"@ticaretedutr","twitter_misc":{"Yazan:":"mbal","Tahmini okuma s\u00fcresi":"2 dakika"},"schema":{"@context":"https:\/\/schema.org","@graph":[{"@type":"WebPage","@id":"http:\/\/ticaret.edu.tr\/insan-ve-toplum-bilimleri-fakultesi\/2026\/04\/13\/ogrencimiz-aysenur-topraki-dualarla-yad-ettik\/","url":"http:\/\/ticaret.edu.tr\/insan-ve-toplum-bilimleri-fakultesi\/2026\/04\/13\/ogrencimiz-aysenur-topraki-dualarla-yad-ettik\/","name":"\u00d6\u011frencimiz Ay\u015fenur Toprak\u2019\u0131 Dualarla Yad Ettik - Haberler - \u0130nsan ve Toplum Bilimleri Fak\u00fcltesi","isPartOf":{"@id":"http:\/\/ticaret.edu.tr\/insan-ve-toplum-bilimleri-fakultesi\/#website"},"datePublished":"2026-04-13T13:16:37+00:00","dateModified":"2026-04-13T13:16:37+00:00","author":{"@id":"http:\/\/ticaret.edu.tr\/insan-ve-toplum-bilimleri-fakultesi\/#\/schema\/person\/c78295d005f058659e2c8ee56c690ee8"},"breadcrumb":{"@id":"http:\/\/ticaret.edu.tr\/insan-ve-toplum-bilimleri-fakultesi\/2026\/04\/13\/ogrencimiz-aysenur-topraki-dualarla-yad-ettik\/#breadcrumb"},"inLanguage":"tr","potentialAction":[{"@type":"ReadAction","target":["http:\/\/ticaret.edu.tr\/insan-ve-toplum-bilimleri-fakultesi\/2026\/04\/13\/ogrencimiz-aysenur-topraki-dualarla-yad-ettik\/"]}]},{"@type":"BreadcrumbList","@id":"http:\/\/ticaret.edu.tr\/insan-ve-toplum-bilimleri-fakultesi\/2026\/04\/13\/ogrencimiz-aysenur-topraki-dualarla-yad-ettik\/#breadcrumb","itemListElement":[{"@type":"ListItem","position":1,"name":"Ana sayfa","item":"http:\/\/ticaret.edu.tr\/insan-ve-toplum-bilimleri-fakultesi\/"},{"@type":"ListItem","position":2,"name":"\u00d6\u011frencimiz Ay\u015fenur Toprak\u2019\u0131 Dualarla Yad Ettik"}]},{"@type":"WebSite","@id":"http:\/\/ticaret.edu.tr\/insan-ve-toplum-bilimleri-fakultesi\/#website","url":"http:\/\/ticaret.edu.tr\/insan-ve-toplum-bilimleri-fakultesi\/","name":"\u0130nsan ve Toplum Bilimleri Fak\u00fcltesi","description":"","potentialAction":[{"@type":"SearchAction","target":{"@type":"EntryPoint","urlTemplate":"http:\/\/ticaret.edu.tr\/insan-ve-toplum-bilimleri-fakultesi\/?s={search_term_string}"},"query-input":"required name=search_term_string"}],"inLanguage":"tr"},{"@type":"Person","@id":"http:\/\/ticaret.edu.tr\/insan-ve-toplum-bilimleri-fakultesi\/#\/schema\/person\/c78295d005f058659e2c8ee56c690ee8","name":"mbal","image":{"@type":"ImageObject","inLanguage":"tr","@id":"http:\/\/ticaret.edu.tr\/insan-ve-toplum-bilimleri-fakultesi\/#\/schema\/person\/image\/","url":"http:\/\/2.gravatar.com\/avatar\/e52d03b7cf8951d3c86b9b45a8762ce3?s=96&d=mm&r=g","contentUrl":"http:\/\/2.gravatar.com\/avatar\/e52d03b7cf8951d3c86b9b45a8762ce3?s=96&d=mm&r=g","caption":"mbal"},"url":"http:\/\/ticaret.edu.tr\/insan-ve-toplum-bilimleri-fakultesi\/author\/mbal\/"}]}},"lang":"tr","translations":{"tr":1886},"pll_sync_post":[],"_links":{"self":[{"href":"http:\/\/ticaret.edu.tr\/insan-ve-toplum-bilimleri-fakultesi\/wp-json\/wp\/v2\/posts\/1886"}],"collection":[{"href":"http:\/\/ticaret.edu.tr\/insan-ve-toplum-bilimleri-fakultesi\/wp-json\/wp\/v2\/posts"}],"about":[{"href":"http:\/\/ticaret.edu.tr\/insan-ve-toplum-bilimleri-fakultesi\/wp-json\/wp\/v2\/types\/post"}],"author":[{"embeddable":true,"href":"http:\/\/ticaret.edu.tr\/insan-ve-toplum-bilimleri-fakultesi\/wp-json\/wp\/v2\/users\/247"}],"replies":[{"embeddable":true,"href":"http:\/\/ticaret.edu.tr\/insan-ve-toplum-bilimleri-fakultesi\/wp-json\/wp\/v2\/comments?post=1886"}],"version-history":[{"count":1,"href":"http:\/\/ticaret.edu.tr\/insan-ve-toplum-bilimleri-fakultesi\/wp-json\/wp\/v2\/posts\/1886\/revisions"}],"predecessor-version":[{"id":1890,"href":"http:\/\/ticaret.edu.tr\/insan-ve-toplum-bilimleri-fakultesi\/wp-json\/wp\/v2\/posts\/1886\/revisions\/1890"}],"wp:featuredmedia":[{"embeddable":true,"href":"http:\/\/ticaret.edu.tr\/insan-ve-toplum-bilimleri-fakultesi\/wp-json\/wp\/v2\/media\/1887"}],"wp:attachment":[{"href":"http:\/\/ticaret.edu.tr\/insan-ve-toplum-bilimleri-fakultesi\/wp-json\/wp\/v2\/media?parent=1886"}],"wp:term":[{"taxonomy":"category","embeddable":true,"href":"http:\/\/ticaret.edu.tr\/insan-ve-toplum-bilimleri-fakultesi\/wp-json\/wp\/v2\/categories?post=1886"},{"taxonomy":"post_tag","embeddable":true,"href":"http:\/\/ticaret.edu.tr\/insan-ve-toplum-bilimleri-fakultesi\/wp-json\/wp\/v2\/tags?post=1886"}],"curies":[{"name":"wp","href":"https:\/\/api.w.org\/{rel}","templated":true}]}}