{"id":156,"date":"2021-05-20T15:06:00","date_gmt":"2021-05-20T12:06:00","guid":{"rendered":"http:\/\/ticaret.edu.tr\/ieesuam\/?p=156"},"modified":"2021-09-16T13:00:01","modified_gmt":"2021-09-16T10:00:01","slug":"ahilik-perspektifinden-guncel-meselelere-bakis-etkinligi-gerceklestirilecek","status":"publish","type":"post","link":"http:\/\/ticaret.edu.tr\/islam-ekonomisi-ve-ekonomik-sistemler-uygulama-ve-arastirma-merkezi\/2021\/05\/20\/ahilik-perspektifinden-guncel-meselelere-bakis-etkinligi-gerceklestirilecek\/","title":{"rendered":"Ahilik Perspektifinden G\u00fcncel Meselelere Bak\u0131\u015f Etkinli\u011fi Ger\u00e7ekle\u015ftirilecek"},"content":{"rendered":"<p>Yar\u0131n (21 May\u0131s 2021) saat 14:30&#8217;da merkezimiz m\u00fcd\u00fcr\u00fc Prof.Dr.Necdet \u015eensoy&#8217;un organizasyonuyla alanlar\u0131nda k\u0131ymetli kat\u0131l\u0131mc\u0131lar\u0131n e\u015fli\u011finde Zoom \u00fczerinden &#8216;Ahilik Perspektifinden G\u00fcncel Meselelere Bak\u0131\u015f&#8217; etkinli\u011fi ger\u00e7ekle\u015ftirilecektir.<\/p>\n<p>&nbsp;<\/p>\n<p><img loading=\"lazy\" decoding=\"async\" class=\"alignnone  wp-image-157\" src=\"http:\/\/ticaret.edu.tr\/ieesuam\/wp-content\/uploads\/sites\/48\/2021\/05\/ahilik-300x124.jpg\" alt=\"\" width=\"423\" height=\"175\" srcset=\"http:\/\/ticaret.edu.tr\/islam-ekonomisi-ve-ekonomik-sistemler-uygulama-ve-arastirma-merkezi\/wp-content\/uploads\/sites\/48\/2021\/05\/ahilik-300x124.jpg 300w, http:\/\/ticaret.edu.tr\/islam-ekonomisi-ve-ekonomik-sistemler-uygulama-ve-arastirma-merkezi\/wp-content\/uploads\/sites\/48\/2021\/05\/ahilik.jpg 666w\" sizes=\"(max-width: 423px) 100vw, 423px\" \/><\/p>\n","protected":false},"excerpt":{"rendered":"<p>Yar\u0131n (21 May\u0131s 2021) saat 14:30&#8217;da merkezimiz m\u00fcd\u00fcr\u00fc Prof.Dr.Necdet \u015eensoy&#8217;un organizasyonuyla alanlar\u0131nda k\u0131ymetli kat\u0131l\u0131mc\u0131lar\u0131n e\u015fli\u011finde Zoom \u00fczerinden &#8216;Ahilik Perspektifinden G\u00fcncel Meselelere Bak\u0131\u015f&#8217; etkinli\u011fi ger\u00e7ekle\u015ftirilecektir. &nbsp;<\/p>\n","protected":false},"author":142,"featured_media":157,"comment_status":"closed","ping_status":"closed","sticky":false,"template":"","format":"standard","meta":{"footnotes":""},"categories":[3],"tags":[],"yoast_head":"<!-- This site is optimized with the Yoast SEO Premium plugin v22.1 (Yoast SEO v22.1) - https:\/\/yoast.com\/wordpress\/plugins\/seo\/ -->\n<title>Ahilik Perspektifinden G\u00fcncel Meselelere Bak\u0131\u015f Etkinli\u011fi Ger\u00e7ekle\u015ftirilecek - \u0130slam Ekonomisi ve Ekonomik Sistemler Uygulama ve Ara\u015ft\u0131rma Merkezi<\/title>\n<meta name=\"robots\" content=\"index, follow, max-snippet:-1, max-image-preview:large, max-video-preview:-1\" \/>\n<link rel=\"canonical\" href=\"https:\/\/ticaret.edu.tr\/islam-ekonomisi-ve-ekonomik-sistemler-uygulama-ve-arastirma-merkezi\/2021\/05\/20\/ahilik-perspektifinden-guncel-meselelere-bakis-etkinligi-gerceklestirilecek\/\" \/>\n<meta property=\"og:locale\" content=\"tr_TR\" \/>\n<meta property=\"og:type\" content=\"article\" \/>\n<meta property=\"og:title\" content=\"Ahilik Perspektifinden G\u00fcncel Meselelere Bak\u0131\u015f Etkinli\u011fi Ger\u00e7ekle\u015ftirilecek\" \/>\n<meta property=\"og:description\" content=\"Yar\u0131n (21 May\u0131s 2021) saat 14:30&#8217;da merkezimiz m\u00fcd\u00fcr\u00fc Prof.Dr.Necdet \u015eensoy&#8217;un organizasyonuyla alanlar\u0131nda k\u0131ymetli kat\u0131l\u0131mc\u0131lar\u0131n e\u015fli\u011finde Zoom \u00fczerinden &#8216;Ahilik Perspektifinden G\u00fcncel Meselelere Bak\u0131\u015f&#8217; etkinli\u011fi ger\u00e7ekle\u015ftirilecektir. &nbsp;\" \/>\n<meta property=\"og:url\" content=\"https:\/\/ticaret.edu.tr\/islam-ekonomisi-ve-ekonomik-sistemler-uygulama-ve-arastirma-merkezi\/2021\/05\/20\/ahilik-perspektifinden-guncel-meselelere-bakis-etkinligi-gerceklestirilecek\/\" \/>\n<meta property=\"og:site_name\" content=\"\u0130slam Ekonomisi ve Ekonomik Sistemler Uygulama ve Ara\u015ft\u0131rma Merkezi\" \/>\n<meta property=\"article:publisher\" content=\"https:\/\/www.facebook.com\/ticaretedutr\" \/>\n<meta property=\"article:published_time\" content=\"2021-05-20T12:06:00+00:00\" \/>\n<meta property=\"article:modified_time\" content=\"2021-09-16T10:00:01+00:00\" \/>\n<meta property=\"og:image\" content=\"https:\/\/ticaret.edu.tr\/islam-ekonomisi-ve-ekonomik-sistemler-uygulama-ve-arastirma-merkezi\/wp-content\/uploads\/sites\/48\/2021\/05\/ahilik.jpg\" \/>\n\t<meta property=\"og:image:width\" content=\"666\" \/>\n\t<meta property=\"og:image:height\" content=\"275\" \/>\n\t<meta property=\"og:image:type\" content=\"image\/jpeg\" \/>\n<meta name=\"author\" content=\"mckiziltas\" \/>\n<meta name=\"twitter:card\" content=\"summary_large_image\" \/>\n<meta name=\"twitter:creator\" content=\"@ticaretedutr\" \/>\n<meta name=\"twitter:site\" content=\"@ticaretedutr\" \/>\n<meta name=\"twitter:label1\" content=\"Yazan:\" \/>\n\t<meta name=\"twitter:data1\" content=\"mckiziltas\" \/>\n<script type=\"application\/ld+json\" class=\"yoast-schema-graph\">{\"@context\":\"https:\/\/schema.org\",\"@graph\":[{\"@type\":\"WebPage\",\"@id\":\"https:\/\/ticaret.edu.tr\/islam-ekonomisi-ve-ekonomik-sistemler-uygulama-ve-arastirma-merkezi\/2021\/05\/20\/ahilik-perspektifinden-guncel-meselelere-bakis-etkinligi-gerceklestirilecek\/\",\"url\":\"https:\/\/ticaret.edu.tr\/islam-ekonomisi-ve-ekonomik-sistemler-uygulama-ve-arastirma-merkezi\/2021\/05\/20\/ahilik-perspektifinden-guncel-meselelere-bakis-etkinligi-gerceklestirilecek\/\",\"name\":\"Ahilik Perspektifinden G\u00fcncel Meselelere Bak\u0131\u015f Etkinli\u011fi Ger\u00e7ekle\u015ftirilecek - \u0130slam Ekonomisi ve Ekonomik Sistemler Uygulama ve Ara\u015ft\u0131rma Merkezi\",\"isPartOf\":{\"@id\":\"https:\/\/ticaret.edu.tr\/islam-ekonomisi-ve-ekonomik-sistemler-uygulama-ve-arastirma-merkezi\/#website\"},\"datePublished\":\"2021-05-20T12:06:00+00:00\",\"dateModified\":\"2021-09-16T10:00:01+00:00\",\"author\":{\"@id\":\"https:\/\/ticaret.edu.tr\/islam-ekonomisi-ve-ekonomik-sistemler-uygulama-ve-arastirma-merkezi\/#\/schema\/person\/215c3ef896b7f2f5f257d1bea98c3529\"},\"breadcrumb\":{\"@id\":\"https:\/\/ticaret.edu.tr\/islam-ekonomisi-ve-ekonomik-sistemler-uygulama-ve-arastirma-merkezi\/2021\/05\/20\/ahilik-perspektifinden-guncel-meselelere-bakis-etkinligi-gerceklestirilecek\/#breadcrumb\"},\"inLanguage\":\"tr\",\"potentialAction\":[{\"@type\":\"ReadAction\",\"target\":[\"https:\/\/ticaret.edu.tr\/islam-ekonomisi-ve-ekonomik-sistemler-uygulama-ve-arastirma-merkezi\/2021\/05\/20\/ahilik-perspektifinden-guncel-meselelere-bakis-etkinligi-gerceklestirilecek\/\"]}]},{\"@type\":\"BreadcrumbList\",\"@id\":\"https:\/\/ticaret.edu.tr\/islam-ekonomisi-ve-ekonomik-sistemler-uygulama-ve-arastirma-merkezi\/2021\/05\/20\/ahilik-perspektifinden-guncel-meselelere-bakis-etkinligi-gerceklestirilecek\/#breadcrumb\",\"itemListElement\":[{\"@type\":\"ListItem\",\"position\":1,\"name\":\"Ana sayfa\",\"item\":\"https:\/\/ticaret.edu.tr\/islam-ekonomisi-ve-ekonomik-sistemler-uygulama-ve-arastirma-merkezi\/\"},{\"@type\":\"ListItem\",\"position\":2,\"name\":\"Ahilik Perspektifinden G\u00fcncel Meselelere Bak\u0131\u015f Etkinli\u011fi Ger\u00e7ekle\u015ftirilecek\"}]},{\"@type\":\"WebSite\",\"@id\":\"https:\/\/ticaret.edu.tr\/islam-ekonomisi-ve-ekonomik-sistemler-uygulama-ve-arastirma-merkezi\/#website\",\"url\":\"https:\/\/ticaret.edu.tr\/islam-ekonomisi-ve-ekonomik-sistemler-uygulama-ve-arastirma-merkezi\/\",\"name\":\"\u0130slam Ekonomisi ve Ekonomik Sistemler Uygulama ve Ara\u015ft\u0131rma Merkezi\",\"description\":\"Bir ba\u015fka \u0130stanbul Ticaret \u00dcniversitesi site sitesi\",\"potentialAction\":[{\"@type\":\"SearchAction\",\"target\":{\"@type\":\"EntryPoint\",\"urlTemplate\":\"https:\/\/ticaret.edu.tr\/islam-ekonomisi-ve-ekonomik-sistemler-uygulama-ve-arastirma-merkezi\/?s={search_term_string}\"},\"query-input\":\"required name=search_term_string\"}],\"inLanguage\":\"tr\"},{\"@type\":\"Person\",\"@id\":\"https:\/\/ticaret.edu.tr\/islam-ekonomisi-ve-ekonomik-sistemler-uygulama-ve-arastirma-merkezi\/#\/schema\/person\/215c3ef896b7f2f5f257d1bea98c3529\",\"name\":\"mckiziltas\",\"image\":{\"@type\":\"ImageObject\",\"inLanguage\":\"tr\",\"@id\":\"https:\/\/ticaret.edu.tr\/islam-ekonomisi-ve-ekonomik-sistemler-uygulama-ve-arastirma-merkezi\/#\/schema\/person\/image\/\",\"url\":\"http:\/\/1.gravatar.com\/avatar\/a8607bcf789626b55174097b883033be?s=96&d=mm&r=g\",\"contentUrl\":\"http:\/\/1.gravatar.com\/avatar\/a8607bcf789626b55174097b883033be?s=96&d=mm&r=g\",\"caption\":\"mckiziltas\"},\"url\":\"http:\/\/ticaret.edu.tr\/islam-ekonomisi-ve-ekonomik-sistemler-uygulama-ve-arastirma-merkezi\/author\/mckiziltas\/\"}]}<\/script>\n<!-- \/ Yoast SEO Premium plugin. -->","yoast_head_json":{"title":"Ahilik Perspektifinden G\u00fcncel Meselelere Bak\u0131\u015f Etkinli\u011fi Ger\u00e7ekle\u015ftirilecek - \u0130slam Ekonomisi ve Ekonomik Sistemler Uygulama ve Ara\u015ft\u0131rma Merkezi","robots":{"index":"index","follow":"follow","max-snippet":"max-snippet:-1","max-image-preview":"max-image-preview:large","max-video-preview":"max-video-preview:-1"},"canonical":"https:\/\/ticaret.edu.tr\/islam-ekonomisi-ve-ekonomik-sistemler-uygulama-ve-arastirma-merkezi\/2021\/05\/20\/ahilik-perspektifinden-guncel-meselelere-bakis-etkinligi-gerceklestirilecek\/","og_locale":"tr_TR","og_type":"article","og_title":"Ahilik Perspektifinden G\u00fcncel Meselelere Bak\u0131\u015f Etkinli\u011fi Ger\u00e7ekle\u015ftirilecek","og_description":"Yar\u0131n (21 May\u0131s 2021) saat 14:30&#8217;da merkezimiz m\u00fcd\u00fcr\u00fc Prof.Dr.Necdet \u015eensoy&#8217;un organizasyonuyla alanlar\u0131nda k\u0131ymetli kat\u0131l\u0131mc\u0131lar\u0131n e\u015fli\u011finde Zoom \u00fczerinden &#8216;Ahilik Perspektifinden G\u00fcncel Meselelere Bak\u0131\u015f&#8217; etkinli\u011fi ger\u00e7ekle\u015ftirilecektir. &nbsp;","og_url":"https:\/\/ticaret.edu.tr\/islam-ekonomisi-ve-ekonomik-sistemler-uygulama-ve-arastirma-merkezi\/2021\/05\/20\/ahilik-perspektifinden-guncel-meselelere-bakis-etkinligi-gerceklestirilecek\/","og_site_name":"\u0130slam Ekonomisi ve Ekonomik Sistemler Uygulama ve Ara\u015ft\u0131rma Merkezi","article_publisher":"https:\/\/www.facebook.com\/ticaretedutr","article_published_time":"2021-05-20T12:06:00+00:00","article_modified_time":"2021-09-16T10:00:01+00:00","og_image":[{"width":666,"height":275,"url":"https:\/\/ticaret.edu.tr\/islam-ekonomisi-ve-ekonomik-sistemler-uygulama-ve-arastirma-merkezi\/wp-content\/uploads\/sites\/48\/2021\/05\/ahilik.jpg","type":"image\/jpeg"}],"author":"mckiziltas","twitter_card":"summary_large_image","twitter_creator":"@ticaretedutr","twitter_site":"@ticaretedutr","twitter_misc":{"Yazan:":"mckiziltas"},"schema":{"@context":"https:\/\/schema.org","@graph":[{"@type":"WebPage","@id":"https:\/\/ticaret.edu.tr\/islam-ekonomisi-ve-ekonomik-sistemler-uygulama-ve-arastirma-merkezi\/2021\/05\/20\/ahilik-perspektifinden-guncel-meselelere-bakis-etkinligi-gerceklestirilecek\/","url":"https:\/\/ticaret.edu.tr\/islam-ekonomisi-ve-ekonomik-sistemler-uygulama-ve-arastirma-merkezi\/2021\/05\/20\/ahilik-perspektifinden-guncel-meselelere-bakis-etkinligi-gerceklestirilecek\/","name":"Ahilik Perspektifinden G\u00fcncel Meselelere Bak\u0131\u015f Etkinli\u011fi Ger\u00e7ekle\u015ftirilecek - \u0130slam Ekonomisi ve Ekonomik Sistemler Uygulama ve Ara\u015ft\u0131rma Merkezi","isPartOf":{"@id":"https:\/\/ticaret.edu.tr\/islam-ekonomisi-ve-ekonomik-sistemler-uygulama-ve-arastirma-merkezi\/#website"},"datePublished":"2021-05-20T12:06:00+00:00","dateModified":"2021-09-16T10:00:01+00:00","author":{"@id":"https:\/\/ticaret.edu.tr\/islam-ekonomisi-ve-ekonomik-sistemler-uygulama-ve-arastirma-merkezi\/#\/schema\/person\/215c3ef896b7f2f5f257d1bea98c3529"},"breadcrumb":{"@id":"https:\/\/ticaret.edu.tr\/islam-ekonomisi-ve-ekonomik-sistemler-uygulama-ve-arastirma-merkezi\/2021\/05\/20\/ahilik-perspektifinden-guncel-meselelere-bakis-etkinligi-gerceklestirilecek\/#breadcrumb"},"inLanguage":"tr","potentialAction":[{"@type":"ReadAction","target":["https:\/\/ticaret.edu.tr\/islam-ekonomisi-ve-ekonomik-sistemler-uygulama-ve-arastirma-merkezi\/2021\/05\/20\/ahilik-perspektifinden-guncel-meselelere-bakis-etkinligi-gerceklestirilecek\/"]}]},{"@type":"BreadcrumbList","@id":"https:\/\/ticaret.edu.tr\/islam-ekonomisi-ve-ekonomik-sistemler-uygulama-ve-arastirma-merkezi\/2021\/05\/20\/ahilik-perspektifinden-guncel-meselelere-bakis-etkinligi-gerceklestirilecek\/#breadcrumb","itemListElement":[{"@type":"ListItem","position":1,"name":"Ana sayfa","item":"https:\/\/ticaret.edu.tr\/islam-ekonomisi-ve-ekonomik-sistemler-uygulama-ve-arastirma-merkezi\/"},{"@type":"ListItem","position":2,"name":"Ahilik Perspektifinden G\u00fcncel Meselelere Bak\u0131\u015f Etkinli\u011fi Ger\u00e7ekle\u015ftirilecek"}]},{"@type":"WebSite","@id":"https:\/\/ticaret.edu.tr\/islam-ekonomisi-ve-ekonomik-sistemler-uygulama-ve-arastirma-merkezi\/#website","url":"https:\/\/ticaret.edu.tr\/islam-ekonomisi-ve-ekonomik-sistemler-uygulama-ve-arastirma-merkezi\/","name":"\u0130slam Ekonomisi ve Ekonomik Sistemler Uygulama ve Ara\u015ft\u0131rma Merkezi","description":"Bir ba\u015fka \u0130stanbul Ticaret \u00dcniversitesi site sitesi","potentialAction":[{"@type":"SearchAction","target":{"@type":"EntryPoint","urlTemplate":"https:\/\/ticaret.edu.tr\/islam-ekonomisi-ve-ekonomik-sistemler-uygulama-ve-arastirma-merkezi\/?s={search_term_string}"},"query-input":"required name=search_term_string"}],"inLanguage":"tr"},{"@type":"Person","@id":"https:\/\/ticaret.edu.tr\/islam-ekonomisi-ve-ekonomik-sistemler-uygulama-ve-arastirma-merkezi\/#\/schema\/person\/215c3ef896b7f2f5f257d1bea98c3529","name":"mckiziltas","image":{"@type":"ImageObject","inLanguage":"tr","@id":"https:\/\/ticaret.edu.tr\/islam-ekonomisi-ve-ekonomik-sistemler-uygulama-ve-arastirma-merkezi\/#\/schema\/person\/image\/","url":"http:\/\/1.gravatar.com\/avatar\/a8607bcf789626b55174097b883033be?s=96&d=mm&r=g","contentUrl":"http:\/\/1.gravatar.com\/avatar\/a8607bcf789626b55174097b883033be?s=96&d=mm&r=g","caption":"mckiziltas"},"url":"http:\/\/ticaret.edu.tr\/islam-ekonomisi-ve-ekonomik-sistemler-uygulama-ve-arastirma-merkezi\/author\/mckiziltas\/"}]}},"lang":"tr","translations":{"tr":156},"pll_sync_post":[],"_links":{"self":[{"href":"http:\/\/ticaret.edu.tr\/islam-ekonomisi-ve-ekonomik-sistemler-uygulama-ve-arastirma-merkezi\/wp-json\/wp\/v2\/posts\/156"}],"collection":[{"href":"http:\/\/ticaret.edu.tr\/islam-ekonomisi-ve-ekonomik-sistemler-uygulama-ve-arastirma-merkezi\/wp-json\/wp\/v2\/posts"}],"about":[{"href":"http:\/\/ticaret.edu.tr\/islam-ekonomisi-ve-ekonomik-sistemler-uygulama-ve-arastirma-merkezi\/wp-json\/wp\/v2\/types\/post"}],"author":[{"embeddable":true,"href":"http:\/\/ticaret.edu.tr\/islam-ekonomisi-ve-ekonomik-sistemler-uygulama-ve-arastirma-merkezi\/wp-json\/wp\/v2\/users\/142"}],"replies":[{"embeddable":true,"href":"http:\/\/ticaret.edu.tr\/islam-ekonomisi-ve-ekonomik-sistemler-uygulama-ve-arastirma-merkezi\/wp-json\/wp\/v2\/comments?post=156"}],"version-history":[{"count":1,"href":"http:\/\/ticaret.edu.tr\/islam-ekonomisi-ve-ekonomik-sistemler-uygulama-ve-arastirma-merkezi\/wp-json\/wp\/v2\/posts\/156\/revisions"}],"predecessor-version":[{"id":158,"href":"http:\/\/ticaret.edu.tr\/islam-ekonomisi-ve-ekonomik-sistemler-uygulama-ve-arastirma-merkezi\/wp-json\/wp\/v2\/posts\/156\/revisions\/158"}],"wp:featuredmedia":[{"embeddable":true,"href":"http:\/\/ticaret.edu.tr\/islam-ekonomisi-ve-ekonomik-sistemler-uygulama-ve-arastirma-merkezi\/wp-json\/wp\/v2\/media\/157"}],"wp:attachment":[{"href":"http:\/\/ticaret.edu.tr\/islam-ekonomisi-ve-ekonomik-sistemler-uygulama-ve-arastirma-merkezi\/wp-json\/wp\/v2\/media?parent=156"}],"wp:term":[{"taxonomy":"category","embeddable":true,"href":"http:\/\/ticaret.edu.tr\/islam-ekonomisi-ve-ekonomik-sistemler-uygulama-ve-arastirma-merkezi\/wp-json\/wp\/v2\/categories?post=156"},{"taxonomy":"post_tag","embeddable":true,"href":"http:\/\/ticaret.edu.tr\/islam-ekonomisi-ve-ekonomik-sistemler-uygulama-ve-arastirma-merkezi\/wp-json\/wp\/v2\/tags?post=156"}],"curies":[{"name":"wp","href":"https:\/\/api.w.org\/{rel}","templated":true}]}}