{"id":373,"date":"2022-10-03T09:25:38","date_gmt":"2022-10-03T06:25:38","guid":{"rendered":"https:\/\/ticaret.edu.tr\/islam-ekonomisi-ve-ekonomik-sistemler-uygulama-ve-arastirma-merkezi\/?p=373"},"modified":"2022-10-03T09:25:38","modified_gmt":"2022-10-03T06:25:38","slug":"islam-ekonomisi-merkezi-tarafindan-8-ekimde-12-fifc-organizasyonu-gerceklestirilecek","status":"publish","type":"post","link":"http:\/\/ticaret.edu.tr\/islam-ekonomisi-ve-ekonomik-sistemler-uygulama-ve-arastirma-merkezi\/2022\/10\/03\/islam-ekonomisi-merkezi-tarafindan-8-ekimde-12-fifc-organizasyonu-gerceklestirilecek\/","title":{"rendered":"\u0130slam Ekonomisi Merkezi taraf\u0131ndan 8 Ekim&#8217;de 12.FIFC organizasyonu ger\u00e7ekle\u015ftirilecek"},"content":{"rendered":"<p><img loading=\"lazy\" decoding=\"async\" class=\"alignnone wp-image-375 size-full\" src=\"http:\/\/ticaret.edu.tr\/islam-ekonomisi-ve-ekonomik-sistemler-uygulama-ve-arastirma-merkezi\/wp-content\/uploads\/sites\/48\/2022\/09\/IMG-20220930-WA0042.jpg\" alt=\"\" width=\"1131\" height=\"1600\" srcset=\"http:\/\/ticaret.edu.tr\/islam-ekonomisi-ve-ekonomik-sistemler-uygulama-ve-arastirma-merkezi\/wp-content\/uploads\/sites\/48\/2022\/09\/IMG-20220930-WA0042.jpg 1131w, http:\/\/ticaret.edu.tr\/islam-ekonomisi-ve-ekonomik-sistemler-uygulama-ve-arastirma-merkezi\/wp-content\/uploads\/sites\/48\/2022\/09\/IMG-20220930-WA0042-212x300.jpg 212w, http:\/\/ticaret.edu.tr\/islam-ekonomisi-ve-ekonomik-sistemler-uygulama-ve-arastirma-merkezi\/wp-content\/uploads\/sites\/48\/2022\/09\/IMG-20220930-WA0042-724x1024.jpg 724w, http:\/\/ticaret.edu.tr\/islam-ekonomisi-ve-ekonomik-sistemler-uygulama-ve-arastirma-merkezi\/wp-content\/uploads\/sites\/48\/2022\/09\/IMG-20220930-WA0042-768x1086.jpg 768w, http:\/\/ticaret.edu.tr\/islam-ekonomisi-ve-ekonomik-sistemler-uygulama-ve-arastirma-merkezi\/wp-content\/uploads\/sites\/48\/2022\/09\/IMG-20220930-WA0042-1086x1536.jpg 1086w\" sizes=\"(max-width: 1131px) 100vw, 1131px\" \/><\/p>\n<p>\u00dcniversitemiz ad\u0131na \u0130slam Ekonomisi merkezimizin d\u00fczenleyici ortakl\u0131\u011f\u0131nda Uluslararas\u0131 12.FIFC (\u0130slam Finans\u0131n\u0131n Temelleri Konferans\u0131) organizasyonu ger\u00e7ekle\u015ftirilecektir. Konferans\u0131n 8 Ekim 2022 tarihindeki program\u0131 \u00fcniversitemiz ev sahipli\u011finde y\u00fcz y\u00fcze olarak S\u00fctl\u00fcce Yerle\u015fkesi Konferans Salonundan yap\u0131lacakt\u0131r. Uluslararas\u0131 akademik kat\u0131l\u0131m\u0131 y\u00fcksek konferans\u0131n Endonezya, Malezya, Pakistan, Arap \u00fclkeleri ba\u015fta olmak \u00fczere \u00e7ok say\u0131da \u00fclkeden i\u015ftirak\u00e7ileri ve zengin bir tebli\u011fi g\u00f6nderimi bulunmaktad\u0131r.<\/p>\n<p><a href=\"http:\/\/ticaret.edu.tr\/islam-ekonomisi-ve-ekonomik-sistemler-uygulama-ve-arastirma-merkezi\/wp-content\/uploads\/sites\/48\/2022\/09\/12thFIFC2022-Booklet_final-30-Sept-2021.pdf\">Program i\u00e7in t\u0131klay\u0131n\u0131z.<\/a><\/p>\n","protected":false},"excerpt":{"rendered":"<p>\u00dcniversitemiz ad\u0131na \u0130slam Ekonomisi merkezimizin d\u00fczenleyici ortakl\u0131\u011f\u0131nda Uluslararas\u0131 12.FIFC (\u0130slam Finans\u0131n\u0131n Temelleri Konferans\u0131) organizasyonu ger\u00e7ekle\u015ftirilecektir. Konferans\u0131n 8 Ekim 2022 tarihindeki program\u0131 \u00fcniversitemiz ev sahipli\u011finde y\u00fcz y\u00fcze olarak S\u00fctl\u00fcce Yerle\u015fkesi Konferans Salonundan yap\u0131lacakt\u0131r. Uluslararas\u0131 akademik kat\u0131l\u0131m\u0131 y\u00fcksek konferans\u0131n Endonezya, Malezya, Pakistan, Arap \u00fclkeleri ba\u015fta olmak \u00fczere \u00e7ok say\u0131da \u00fclkeden i\u015ftirak\u00e7ileri ve zengin bir tebli\u011fi g\u00f6nderimi bulunmaktad\u0131r. [&hellip;]<\/p>\n","protected":false},"author":142,"featured_media":375,"comment_status":"closed","ping_status":"closed","sticky":false,"template":"","format":"standard","meta":{"footnotes":""},"categories":[3,4],"tags":[],"yoast_head":"<!-- This site is optimized with the Yoast SEO Premium plugin v22.1 (Yoast SEO v22.1) - https:\/\/yoast.com\/wordpress\/plugins\/seo\/ -->\n<title>\u0130slam Ekonomisi Merkezi taraf\u0131ndan 8 Ekim&#039;de 12.FIFC organizasyonu ger\u00e7ekle\u015ftirilecek - Duyurular - \u0130slam Ekonomisi ve Ekonomik Sistemler Uygulama ve Ara\u015ft\u0131rma Merkezi<\/title>\n<meta name=\"description\" content=\"\u0130slam Ekonomisi merkezi 12.FIFC konferans\u0131n\u0131 d\u00fczenliyor.\" \/>\n<meta name=\"robots\" content=\"index, follow, max-snippet:-1, max-image-preview:large, max-video-preview:-1\" \/>\n<link rel=\"canonical\" href=\"http:\/\/ticaret.edu.tr\/islam-ekonomisi-ve-ekonomik-sistemler-uygulama-ve-arastirma-merkezi\/2022\/10\/03\/islam-ekonomisi-merkezi-tarafindan-8-ekimde-12-fifc-organizasyonu-gerceklestirilecek\/\" \/>\n<meta property=\"og:locale\" content=\"tr_TR\" \/>\n<meta property=\"og:type\" content=\"article\" \/>\n<meta property=\"og:title\" content=\"\u0130slam Ekonomisi Merkezi taraf\u0131ndan 8 Ekim&#039;de 12.FIFC organizasyonu ger\u00e7ekle\u015ftirilecek\" \/>\n<meta property=\"og:description\" content=\"\u0130slam Ekonomisi merkezi 12.FIFC konferans\u0131n\u0131 d\u00fczenliyor.\" \/>\n<meta property=\"og:url\" content=\"http:\/\/ticaret.edu.tr\/islam-ekonomisi-ve-ekonomik-sistemler-uygulama-ve-arastirma-merkezi\/2022\/10\/03\/islam-ekonomisi-merkezi-tarafindan-8-ekimde-12-fifc-organizasyonu-gerceklestirilecek\/\" \/>\n<meta property=\"og:site_name\" content=\"\u0130slam Ekonomisi ve Ekonomik Sistemler Uygulama ve Ara\u015ft\u0131rma Merkezi\" \/>\n<meta property=\"article:publisher\" content=\"https:\/\/www.facebook.com\/ticaretedutr\" \/>\n<meta property=\"article:published_time\" content=\"2022-10-03T06:25:38+00:00\" \/>\n<meta property=\"og:image\" content=\"http:\/\/ticaret.edu.tr\/islam-ekonomisi-ve-ekonomik-sistemler-uygulama-ve-arastirma-merkezi\/wp-content\/uploads\/sites\/48\/2022\/09\/IMG-20220930-WA0042.jpg\" \/>\n\t<meta property=\"og:image:width\" content=\"1131\" \/>\n\t<meta property=\"og:image:height\" content=\"1600\" \/>\n\t<meta property=\"og:image:type\" content=\"image\/jpeg\" \/>\n<meta name=\"author\" content=\"mckiziltas\" \/>\n<meta name=\"twitter:card\" content=\"summary_large_image\" \/>\n<meta name=\"twitter:creator\" content=\"@ticaretedutr\" \/>\n<meta name=\"twitter:site\" content=\"@ticaretedutr\" \/>\n<meta name=\"twitter:label1\" content=\"Yazan:\" \/>\n\t<meta name=\"twitter:data1\" content=\"mckiziltas\" \/>\n\t<meta name=\"twitter:label2\" content=\"Tahmini okuma s\u00fcresi\" \/>\n\t<meta name=\"twitter:data2\" content=\"1 dakika\" \/>\n<script type=\"application\/ld+json\" class=\"yoast-schema-graph\">{\"@context\":\"https:\/\/schema.org\",\"@graph\":[{\"@type\":\"WebPage\",\"@id\":\"http:\/\/ticaret.edu.tr\/islam-ekonomisi-ve-ekonomik-sistemler-uygulama-ve-arastirma-merkezi\/2022\/10\/03\/islam-ekonomisi-merkezi-tarafindan-8-ekimde-12-fifc-organizasyonu-gerceklestirilecek\/\",\"url\":\"http:\/\/ticaret.edu.tr\/islam-ekonomisi-ve-ekonomik-sistemler-uygulama-ve-arastirma-merkezi\/2022\/10\/03\/islam-ekonomisi-merkezi-tarafindan-8-ekimde-12-fifc-organizasyonu-gerceklestirilecek\/\",\"name\":\"\u0130slam Ekonomisi Merkezi taraf\u0131ndan 8 Ekim'de 12.FIFC organizasyonu ger\u00e7ekle\u015ftirilecek - Duyurular - \u0130slam Ekonomisi ve Ekonomik Sistemler Uygulama ve Ara\u015ft\u0131rma Merkezi\",\"isPartOf\":{\"@id\":\"https:\/\/ticaret.edu.tr\/islam-ekonomisi-ve-ekonomik-sistemler-uygulama-ve-arastirma-merkezi\/#website\"},\"datePublished\":\"2022-10-03T06:25:38+00:00\",\"dateModified\":\"2022-10-03T06:25:38+00:00\",\"author\":{\"@id\":\"https:\/\/ticaret.edu.tr\/islam-ekonomisi-ve-ekonomik-sistemler-uygulama-ve-arastirma-merkezi\/#\/schema\/person\/215c3ef896b7f2f5f257d1bea98c3529\"},\"description\":\"\u0130slam Ekonomisi merkezi 12.FIFC konferans\u0131n\u0131 d\u00fczenliyor.\",\"breadcrumb\":{\"@id\":\"http:\/\/ticaret.edu.tr\/islam-ekonomisi-ve-ekonomik-sistemler-uygulama-ve-arastirma-merkezi\/2022\/10\/03\/islam-ekonomisi-merkezi-tarafindan-8-ekimde-12-fifc-organizasyonu-gerceklestirilecek\/#breadcrumb\"},\"inLanguage\":\"tr\",\"potentialAction\":[{\"@type\":\"ReadAction\",\"target\":[\"http:\/\/ticaret.edu.tr\/islam-ekonomisi-ve-ekonomik-sistemler-uygulama-ve-arastirma-merkezi\/2022\/10\/03\/islam-ekonomisi-merkezi-tarafindan-8-ekimde-12-fifc-organizasyonu-gerceklestirilecek\/\"]}]},{\"@type\":\"BreadcrumbList\",\"@id\":\"http:\/\/ticaret.edu.tr\/islam-ekonomisi-ve-ekonomik-sistemler-uygulama-ve-arastirma-merkezi\/2022\/10\/03\/islam-ekonomisi-merkezi-tarafindan-8-ekimde-12-fifc-organizasyonu-gerceklestirilecek\/#breadcrumb\",\"itemListElement\":[{\"@type\":\"ListItem\",\"position\":1,\"name\":\"Ana sayfa\",\"item\":\"https:\/\/ticaret.edu.tr\/islam-ekonomisi-ve-ekonomik-sistemler-uygulama-ve-arastirma-merkezi\/\"},{\"@type\":\"ListItem\",\"position\":2,\"name\":\"\u0130slam Ekonomisi Merkezi taraf\u0131ndan 8 Ekim&#8217;de 12.FIFC organizasyonu ger\u00e7ekle\u015ftirilecek\"}]},{\"@type\":\"WebSite\",\"@id\":\"https:\/\/ticaret.edu.tr\/islam-ekonomisi-ve-ekonomik-sistemler-uygulama-ve-arastirma-merkezi\/#website\",\"url\":\"https:\/\/ticaret.edu.tr\/islam-ekonomisi-ve-ekonomik-sistemler-uygulama-ve-arastirma-merkezi\/\",\"name\":\"\u0130slam Ekonomisi ve Ekonomik Sistemler Uygulama ve Ara\u015ft\u0131rma Merkezi\",\"description\":\"Bir ba\u015fka \u0130stanbul Ticaret \u00dcniversitesi site sitesi\",\"potentialAction\":[{\"@type\":\"SearchAction\",\"target\":{\"@type\":\"EntryPoint\",\"urlTemplate\":\"https:\/\/ticaret.edu.tr\/islam-ekonomisi-ve-ekonomik-sistemler-uygulama-ve-arastirma-merkezi\/?s={search_term_string}\"},\"query-input\":\"required name=search_term_string\"}],\"inLanguage\":\"tr\"},{\"@type\":\"Person\",\"@id\":\"https:\/\/ticaret.edu.tr\/islam-ekonomisi-ve-ekonomik-sistemler-uygulama-ve-arastirma-merkezi\/#\/schema\/person\/215c3ef896b7f2f5f257d1bea98c3529\",\"name\":\"mckiziltas\",\"image\":{\"@type\":\"ImageObject\",\"inLanguage\":\"tr\",\"@id\":\"https:\/\/ticaret.edu.tr\/islam-ekonomisi-ve-ekonomik-sistemler-uygulama-ve-arastirma-merkezi\/#\/schema\/person\/image\/\",\"url\":\"http:\/\/1.gravatar.com\/avatar\/a8607bcf789626b55174097b883033be?s=96&d=mm&r=g\",\"contentUrl\":\"http:\/\/1.gravatar.com\/avatar\/a8607bcf789626b55174097b883033be?s=96&d=mm&r=g\",\"caption\":\"mckiziltas\"},\"url\":\"http:\/\/ticaret.edu.tr\/islam-ekonomisi-ve-ekonomik-sistemler-uygulama-ve-arastirma-merkezi\/author\/mckiziltas\/\"}]}<\/script>\n<!-- \/ Yoast SEO Premium plugin. -->","yoast_head_json":{"title":"\u0130slam Ekonomisi Merkezi taraf\u0131ndan 8 Ekim'de 12.FIFC organizasyonu ger\u00e7ekle\u015ftirilecek - Duyurular - \u0130slam Ekonomisi ve Ekonomik Sistemler Uygulama ve Ara\u015ft\u0131rma Merkezi","description":"\u0130slam Ekonomisi merkezi 12.FIFC konferans\u0131n\u0131 d\u00fczenliyor.","robots":{"index":"index","follow":"follow","max-snippet":"max-snippet:-1","max-image-preview":"max-image-preview:large","max-video-preview":"max-video-preview:-1"},"canonical":"http:\/\/ticaret.edu.tr\/islam-ekonomisi-ve-ekonomik-sistemler-uygulama-ve-arastirma-merkezi\/2022\/10\/03\/islam-ekonomisi-merkezi-tarafindan-8-ekimde-12-fifc-organizasyonu-gerceklestirilecek\/","og_locale":"tr_TR","og_type":"article","og_title":"\u0130slam Ekonomisi Merkezi taraf\u0131ndan 8 Ekim'de 12.FIFC organizasyonu ger\u00e7ekle\u015ftirilecek","og_description":"\u0130slam Ekonomisi merkezi 12.FIFC konferans\u0131n\u0131 d\u00fczenliyor.","og_url":"http:\/\/ticaret.edu.tr\/islam-ekonomisi-ve-ekonomik-sistemler-uygulama-ve-arastirma-merkezi\/2022\/10\/03\/islam-ekonomisi-merkezi-tarafindan-8-ekimde-12-fifc-organizasyonu-gerceklestirilecek\/","og_site_name":"\u0130slam Ekonomisi ve Ekonomik Sistemler Uygulama ve Ara\u015ft\u0131rma Merkezi","article_publisher":"https:\/\/www.facebook.com\/ticaretedutr","article_published_time":"2022-10-03T06:25:38+00:00","og_image":[{"width":1131,"height":1600,"url":"http:\/\/ticaret.edu.tr\/islam-ekonomisi-ve-ekonomik-sistemler-uygulama-ve-arastirma-merkezi\/wp-content\/uploads\/sites\/48\/2022\/09\/IMG-20220930-WA0042.jpg","type":"image\/jpeg"}],"author":"mckiziltas","twitter_card":"summary_large_image","twitter_creator":"@ticaretedutr","twitter_site":"@ticaretedutr","twitter_misc":{"Yazan:":"mckiziltas","Tahmini okuma s\u00fcresi":"1 dakika"},"schema":{"@context":"https:\/\/schema.org","@graph":[{"@type":"WebPage","@id":"http:\/\/ticaret.edu.tr\/islam-ekonomisi-ve-ekonomik-sistemler-uygulama-ve-arastirma-merkezi\/2022\/10\/03\/islam-ekonomisi-merkezi-tarafindan-8-ekimde-12-fifc-organizasyonu-gerceklestirilecek\/","url":"http:\/\/ticaret.edu.tr\/islam-ekonomisi-ve-ekonomik-sistemler-uygulama-ve-arastirma-merkezi\/2022\/10\/03\/islam-ekonomisi-merkezi-tarafindan-8-ekimde-12-fifc-organizasyonu-gerceklestirilecek\/","name":"\u0130slam Ekonomisi Merkezi taraf\u0131ndan 8 Ekim'de 12.FIFC organizasyonu ger\u00e7ekle\u015ftirilecek - Duyurular - \u0130slam Ekonomisi ve Ekonomik Sistemler Uygulama ve Ara\u015ft\u0131rma Merkezi","isPartOf":{"@id":"https:\/\/ticaret.edu.tr\/islam-ekonomisi-ve-ekonomik-sistemler-uygulama-ve-arastirma-merkezi\/#website"},"datePublished":"2022-10-03T06:25:38+00:00","dateModified":"2022-10-03T06:25:38+00:00","author":{"@id":"https:\/\/ticaret.edu.tr\/islam-ekonomisi-ve-ekonomik-sistemler-uygulama-ve-arastirma-merkezi\/#\/schema\/person\/215c3ef896b7f2f5f257d1bea98c3529"},"description":"\u0130slam Ekonomisi merkezi 12.FIFC konferans\u0131n\u0131 d\u00fczenliyor.","breadcrumb":{"@id":"http:\/\/ticaret.edu.tr\/islam-ekonomisi-ve-ekonomik-sistemler-uygulama-ve-arastirma-merkezi\/2022\/10\/03\/islam-ekonomisi-merkezi-tarafindan-8-ekimde-12-fifc-organizasyonu-gerceklestirilecek\/#breadcrumb"},"inLanguage":"tr","potentialAction":[{"@type":"ReadAction","target":["http:\/\/ticaret.edu.tr\/islam-ekonomisi-ve-ekonomik-sistemler-uygulama-ve-arastirma-merkezi\/2022\/10\/03\/islam-ekonomisi-merkezi-tarafindan-8-ekimde-12-fifc-organizasyonu-gerceklestirilecek\/"]}]},{"@type":"BreadcrumbList","@id":"http:\/\/ticaret.edu.tr\/islam-ekonomisi-ve-ekonomik-sistemler-uygulama-ve-arastirma-merkezi\/2022\/10\/03\/islam-ekonomisi-merkezi-tarafindan-8-ekimde-12-fifc-organizasyonu-gerceklestirilecek\/#breadcrumb","itemListElement":[{"@type":"ListItem","position":1,"name":"Ana sayfa","item":"https:\/\/ticaret.edu.tr\/islam-ekonomisi-ve-ekonomik-sistemler-uygulama-ve-arastirma-merkezi\/"},{"@type":"ListItem","position":2,"name":"\u0130slam Ekonomisi Merkezi taraf\u0131ndan 8 Ekim&#8217;de 12.FIFC organizasyonu ger\u00e7ekle\u015ftirilecek"}]},{"@type":"WebSite","@id":"https:\/\/ticaret.edu.tr\/islam-ekonomisi-ve-ekonomik-sistemler-uygulama-ve-arastirma-merkezi\/#website","url":"https:\/\/ticaret.edu.tr\/islam-ekonomisi-ve-ekonomik-sistemler-uygulama-ve-arastirma-merkezi\/","name":"\u0130slam Ekonomisi ve Ekonomik Sistemler Uygulama ve Ara\u015ft\u0131rma Merkezi","description":"Bir ba\u015fka \u0130stanbul Ticaret \u00dcniversitesi site sitesi","potentialAction":[{"@type":"SearchAction","target":{"@type":"EntryPoint","urlTemplate":"https:\/\/ticaret.edu.tr\/islam-ekonomisi-ve-ekonomik-sistemler-uygulama-ve-arastirma-merkezi\/?s={search_term_string}"},"query-input":"required name=search_term_string"}],"inLanguage":"tr"},{"@type":"Person","@id":"https:\/\/ticaret.edu.tr\/islam-ekonomisi-ve-ekonomik-sistemler-uygulama-ve-arastirma-merkezi\/#\/schema\/person\/215c3ef896b7f2f5f257d1bea98c3529","name":"mckiziltas","image":{"@type":"ImageObject","inLanguage":"tr","@id":"https:\/\/ticaret.edu.tr\/islam-ekonomisi-ve-ekonomik-sistemler-uygulama-ve-arastirma-merkezi\/#\/schema\/person\/image\/","url":"http:\/\/1.gravatar.com\/avatar\/a8607bcf789626b55174097b883033be?s=96&d=mm&r=g","contentUrl":"http:\/\/1.gravatar.com\/avatar\/a8607bcf789626b55174097b883033be?s=96&d=mm&r=g","caption":"mckiziltas"},"url":"http:\/\/ticaret.edu.tr\/islam-ekonomisi-ve-ekonomik-sistemler-uygulama-ve-arastirma-merkezi\/author\/mckiziltas\/"}]}},"lang":"tr","translations":{"tr":373},"pll_sync_post":[],"_links":{"self":[{"href":"http:\/\/ticaret.edu.tr\/islam-ekonomisi-ve-ekonomik-sistemler-uygulama-ve-arastirma-merkezi\/wp-json\/wp\/v2\/posts\/373"}],"collection":[{"href":"http:\/\/ticaret.edu.tr\/islam-ekonomisi-ve-ekonomik-sistemler-uygulama-ve-arastirma-merkezi\/wp-json\/wp\/v2\/posts"}],"about":[{"href":"http:\/\/ticaret.edu.tr\/islam-ekonomisi-ve-ekonomik-sistemler-uygulama-ve-arastirma-merkezi\/wp-json\/wp\/v2\/types\/post"}],"author":[{"embeddable":true,"href":"http:\/\/ticaret.edu.tr\/islam-ekonomisi-ve-ekonomik-sistemler-uygulama-ve-arastirma-merkezi\/wp-json\/wp\/v2\/users\/142"}],"replies":[{"embeddable":true,"href":"http:\/\/ticaret.edu.tr\/islam-ekonomisi-ve-ekonomik-sistemler-uygulama-ve-arastirma-merkezi\/wp-json\/wp\/v2\/comments?post=373"}],"version-history":[{"count":1,"href":"http:\/\/ticaret.edu.tr\/islam-ekonomisi-ve-ekonomik-sistemler-uygulama-ve-arastirma-merkezi\/wp-json\/wp\/v2\/posts\/373\/revisions"}],"predecessor-version":[{"id":376,"href":"http:\/\/ticaret.edu.tr\/islam-ekonomisi-ve-ekonomik-sistemler-uygulama-ve-arastirma-merkezi\/wp-json\/wp\/v2\/posts\/373\/revisions\/376"}],"wp:featuredmedia":[{"embeddable":true,"href":"http:\/\/ticaret.edu.tr\/islam-ekonomisi-ve-ekonomik-sistemler-uygulama-ve-arastirma-merkezi\/wp-json\/wp\/v2\/media\/375"}],"wp:attachment":[{"href":"http:\/\/ticaret.edu.tr\/islam-ekonomisi-ve-ekonomik-sistemler-uygulama-ve-arastirma-merkezi\/wp-json\/wp\/v2\/media?parent=373"}],"wp:term":[{"taxonomy":"category","embeddable":true,"href":"http:\/\/ticaret.edu.tr\/islam-ekonomisi-ve-ekonomik-sistemler-uygulama-ve-arastirma-merkezi\/wp-json\/wp\/v2\/categories?post=373"},{"taxonomy":"post_tag","embeddable":true,"href":"http:\/\/ticaret.edu.tr\/islam-ekonomisi-ve-ekonomik-sistemler-uygulama-ve-arastirma-merkezi\/wp-json\/wp\/v2\/tags?post=373"}],"curies":[{"name":"wp","href":"https:\/\/api.w.org\/{rel}","templated":true}]}}