{"id":418,"date":"2023-04-03T11:30:58","date_gmt":"2023-04-03T08:30:58","guid":{"rendered":"https:\/\/ticaret.edu.tr\/islam-ekonomisi-ve-ekonomik-sistemler-uygulama-ve-arastirma-merkezi\/?p=418"},"modified":"2023-04-03T11:30:58","modified_gmt":"2023-04-03T08:30:58","slug":"cumhurbaskanligi-finans-ofisi-tarafindan-duzenlenen-katilim-genc-gelisim-ozel-programi-basliyor","status":"publish","type":"post","link":"http:\/\/ticaret.edu.tr\/islam-ekonomisi-ve-ekonomik-sistemler-uygulama-ve-arastirma-merkezi\/2023\/04\/03\/cumhurbaskanligi-finans-ofisi-tarafindan-duzenlenen-katilim-genc-gelisim-ozel-programi-basliyor\/","title":{"rendered":"Cumhurba\u015fkanl\u0131\u011f\u0131 Finans Ofisi Taraf\u0131ndan D\u00fczenlenen Kat\u0131l\u0131m Gen\u00e7 Geli\u015fim \u00d6zel Program\u0131 Ba\u015fl\u0131yor"},"content":{"rendered":"<p><img loading=\"lazy\" decoding=\"async\" class=\"alignnone wp-image-419 size-large\" src=\"http:\/\/ticaret.edu.tr\/islam-ekonomisi-ve-ekonomik-sistemler-uygulama-ve-arastirma-merkezi\/wp-content\/uploads\/sites\/48\/2023\/04\/katilim-genc-1024x481.jpg\" alt=\"kat\u0131l\u0131m gen\u00e7\" width=\"1024\" height=\"481\" srcset=\"http:\/\/ticaret.edu.tr\/islam-ekonomisi-ve-ekonomik-sistemler-uygulama-ve-arastirma-merkezi\/wp-content\/uploads\/sites\/48\/2023\/04\/katilim-genc-1024x481.jpg 1024w, http:\/\/ticaret.edu.tr\/islam-ekonomisi-ve-ekonomik-sistemler-uygulama-ve-arastirma-merkezi\/wp-content\/uploads\/sites\/48\/2023\/04\/katilim-genc-300x141.jpg 300w, http:\/\/ticaret.edu.tr\/islam-ekonomisi-ve-ekonomik-sistemler-uygulama-ve-arastirma-merkezi\/wp-content\/uploads\/sites\/48\/2023\/04\/katilim-genc-768x361.jpg 768w, http:\/\/ticaret.edu.tr\/islam-ekonomisi-ve-ekonomik-sistemler-uygulama-ve-arastirma-merkezi\/wp-content\/uploads\/sites\/48\/2023\/04\/katilim-genc.jpg 1258w\" sizes=\"(max-width: 1024px) 100vw, 1024px\" \/><\/p>\n<p>Kat\u0131l\u0131m Finans alan\u0131nda insan kayna\u011f\u0131 potansiyelinin art\u0131r\u0131lmas\u0131, mevcut insan kayna\u011f\u0131n\u0131n geli\u015ftirilmesi ve bu alandaki fark\u0131ndal\u0131\u011f\u0131n ve finansal okuryazarl\u0131\u011f\u0131n y\u00fckseltilmesi amac\u0131yla Cumhurba\u015fkanl\u0131\u011f\u0131 Finans Ofisi ve IFCap Building i\u015f birli\u011finde 2021 y\u0131l\u0131nda hayata ge\u00e7irilen \u201cKat\u0131l\u0131m Gen\u00e7 Geli\u015fim (KGG)\u201d program\u0131n\u0131n, 6 \u015eubat 2023 tarihinde ger\u00e7ekle\u015fen depremlerden etkilenen gen\u00e7 yetenekleri kapsayacak \u015fekilde istihdam garantili olan \u00f6zel program\u0131na ba\u015fvurular 23 Mart 2023 tarihinde ba\u015flad\u0131.<\/p>\n<p>Depremden etkilenen 11 ilde kendileri veya birinci derece yak\u0131nlar\u0131 ikamet eden veya bu illerdeki y\u00fcksek\u00f6\u011fretim kurumlar\u0131nda \u00f6\u011frenim g\u00f6ren, \u00fcniversitelerin lisans son s\u0131n\u0131f, y\u00fcksek lisans\/doktora \u00f6\u011frencisi veya \u00fcniversite mezunu, t\u00fcm gen\u00e7 yeteneklerin kat\u0131l\u0131m\u0131na a\u00e7\u0131k olan program i\u00e7in ba\u015fvurular, tarihi 31 Mart 2023\u2019e kadar devam edecek. Depremlerden etkilenen gen\u00e7lerin istihdam\u0131na do\u011frudan destek olmak amac\u0131yla ba\u015flat\u0131lan Kat\u0131l\u0131m Gen\u00e7 Geli\u015fim \u00d6zel Program\u0131\u2019n\u0131 ba\u015far\u0131yla tamamlayanlara, kat\u0131l\u0131m finans kurulu\u015flar\u0131nda kariyerlerine do\u011frudan ba\u015flama f\u0131rsat\u0131 tan\u0131nacak ve \u201cKat\u0131l\u0131m Finans Temel E\u011fitim Sertifikas\u0131\u201d almaya hak kazanacakt\u0131r.<\/p>\n<p>Program hakk\u0131nda ayr\u0131nt\u0131l\u0131 bilgi almak ve ba\u015fvuru formunu doldurmak i\u00e7in: <a href=\"https:\/\/katilimgencgelisim.cbfo.gov.tr\/\">https:\/\/katilimgencgelisim.cbfo.gov.tr\/<\/a><\/p>\n","protected":false},"excerpt":{"rendered":"<p>Kat\u0131l\u0131m Finans alan\u0131nda insan kayna\u011f\u0131 potansiyelinin art\u0131r\u0131lmas\u0131, mevcut insan kayna\u011f\u0131n\u0131n geli\u015ftirilmesi ve bu alandaki fark\u0131ndal\u0131\u011f\u0131n ve finansal okuryazarl\u0131\u011f\u0131n y\u00fckseltilmesi amac\u0131yla Cumhurba\u015fkanl\u0131\u011f\u0131 Finans Ofisi ve IFCap Building i\u015f birli\u011finde 2021 y\u0131l\u0131nda hayata ge\u00e7irilen \u201cKat\u0131l\u0131m Gen\u00e7 Geli\u015fim (KGG)\u201d program\u0131n\u0131n, 6 \u015eubat 2023 tarihinde ger\u00e7ekle\u015fen depremlerden etkilenen gen\u00e7 yetenekleri kapsayacak \u015fekilde istihdam garantili olan \u00f6zel program\u0131na ba\u015fvurular 23 [&hellip;]<\/p>\n","protected":false},"author":142,"featured_media":419,"comment_status":"closed","ping_status":"closed","sticky":false,"template":"","format":"standard","meta":{"footnotes":""},"categories":[3],"tags":[],"yoast_head":"<!-- This site is optimized with the Yoast SEO Premium plugin v22.1 (Yoast SEO v22.1) - https:\/\/yoast.com\/wordpress\/plugins\/seo\/ -->\n<title>Cumhurba\u015fkanl\u0131\u011f\u0131 Finans Ofisi Taraf\u0131ndan D\u00fczenlenen Kat\u0131l\u0131m Gen\u00e7 Geli\u015fim \u00d6zel Program\u0131 Ba\u015fl\u0131yor - Duyurular - \u0130slam Ekonomisi ve Ekonomik Sistemler Uygulama ve Ara\u015ft\u0131rma Merkezi<\/title>\n<meta name=\"description\" content=\"Cumhurba\u015fkanl\u0131\u011f\u0131 Finans Ofisi taraf\u0131ndan Kat\u0131l\u0131m Gen\u00e7 Geli\u015fim \u00f6zel program\u0131 d\u00fczenlenmektedir.\" \/>\n<meta name=\"robots\" content=\"index, follow, max-snippet:-1, max-image-preview:large, max-video-preview:-1\" \/>\n<link rel=\"canonical\" href=\"https:\/\/ticaret.edu.tr\/islam-ekonomisi-ve-ekonomik-sistemler-uygulama-ve-arastirma-merkezi\/2023\/04\/03\/cumhurbaskanligi-finans-ofisi-tarafindan-duzenlenen-katilim-genc-gelisim-ozel-programi-basliyor\/\" \/>\n<meta property=\"og:locale\" content=\"tr_TR\" \/>\n<meta property=\"og:type\" content=\"article\" \/>\n<meta property=\"og:title\" content=\"Cumhurba\u015fkanl\u0131\u011f\u0131 Finans Ofisi Taraf\u0131ndan D\u00fczenlenen Kat\u0131l\u0131m Gen\u00e7 Geli\u015fim \u00d6zel Program\u0131 Ba\u015fl\u0131yor\" \/>\n<meta property=\"og:description\" content=\"Cumhurba\u015fkanl\u0131\u011f\u0131 Finans Ofisi taraf\u0131ndan Kat\u0131l\u0131m Gen\u00e7 Geli\u015fim \u00f6zel program\u0131 d\u00fczenlenmektedir.\" \/>\n<meta property=\"og:url\" content=\"https:\/\/ticaret.edu.tr\/islam-ekonomisi-ve-ekonomik-sistemler-uygulama-ve-arastirma-merkezi\/2023\/04\/03\/cumhurbaskanligi-finans-ofisi-tarafindan-duzenlenen-katilim-genc-gelisim-ozel-programi-basliyor\/\" \/>\n<meta property=\"og:site_name\" content=\"\u0130slam Ekonomisi ve Ekonomik Sistemler Uygulama ve Ara\u015ft\u0131rma Merkezi\" \/>\n<meta property=\"article:publisher\" content=\"https:\/\/www.facebook.com\/ticaretedutr\" \/>\n<meta property=\"article:published_time\" content=\"2023-04-03T08:30:58+00:00\" \/>\n<meta property=\"og:image\" content=\"https:\/\/ticaret.edu.tr\/islam-ekonomisi-ve-ekonomik-sistemler-uygulama-ve-arastirma-merkezi\/wp-content\/uploads\/sites\/48\/2023\/04\/katilim-genc.jpg\" \/>\n\t<meta property=\"og:image:width\" content=\"1258\" \/>\n\t<meta property=\"og:image:height\" content=\"591\" \/>\n\t<meta property=\"og:image:type\" content=\"image\/jpeg\" \/>\n<meta name=\"author\" content=\"mckiziltas\" \/>\n<meta name=\"twitter:card\" content=\"summary_large_image\" \/>\n<meta name=\"twitter:creator\" content=\"@ticaretedutr\" \/>\n<meta name=\"twitter:site\" content=\"@ticaretedutr\" \/>\n<meta name=\"twitter:label1\" content=\"Yazan:\" \/>\n\t<meta name=\"twitter:data1\" content=\"mckiziltas\" \/>\n\t<meta name=\"twitter:label2\" content=\"Tahmini okuma s\u00fcresi\" \/>\n\t<meta name=\"twitter:data2\" content=\"1 dakika\" \/>\n<script type=\"application\/ld+json\" class=\"yoast-schema-graph\">{\"@context\":\"https:\/\/schema.org\",\"@graph\":[{\"@type\":\"WebPage\",\"@id\":\"https:\/\/ticaret.edu.tr\/islam-ekonomisi-ve-ekonomik-sistemler-uygulama-ve-arastirma-merkezi\/2023\/04\/03\/cumhurbaskanligi-finans-ofisi-tarafindan-duzenlenen-katilim-genc-gelisim-ozel-programi-basliyor\/\",\"url\":\"https:\/\/ticaret.edu.tr\/islam-ekonomisi-ve-ekonomik-sistemler-uygulama-ve-arastirma-merkezi\/2023\/04\/03\/cumhurbaskanligi-finans-ofisi-tarafindan-duzenlenen-katilim-genc-gelisim-ozel-programi-basliyor\/\",\"name\":\"Cumhurba\u015fkanl\u0131\u011f\u0131 Finans Ofisi Taraf\u0131ndan D\u00fczenlenen Kat\u0131l\u0131m Gen\u00e7 Geli\u015fim \u00d6zel Program\u0131 Ba\u015fl\u0131yor - Duyurular - \u0130slam Ekonomisi ve Ekonomik Sistemler Uygulama ve Ara\u015ft\u0131rma Merkezi\",\"isPartOf\":{\"@id\":\"https:\/\/ticaret.edu.tr\/islam-ekonomisi-ve-ekonomik-sistemler-uygulama-ve-arastirma-merkezi\/#website\"},\"datePublished\":\"2023-04-03T08:30:58+00:00\",\"dateModified\":\"2023-04-03T08:30:58+00:00\",\"author\":{\"@id\":\"https:\/\/ticaret.edu.tr\/islam-ekonomisi-ve-ekonomik-sistemler-uygulama-ve-arastirma-merkezi\/#\/schema\/person\/215c3ef896b7f2f5f257d1bea98c3529\"},\"description\":\"Cumhurba\u015fkanl\u0131\u011f\u0131 Finans Ofisi taraf\u0131ndan Kat\u0131l\u0131m Gen\u00e7 Geli\u015fim \u00f6zel program\u0131 d\u00fczenlenmektedir.\",\"breadcrumb\":{\"@id\":\"https:\/\/ticaret.edu.tr\/islam-ekonomisi-ve-ekonomik-sistemler-uygulama-ve-arastirma-merkezi\/2023\/04\/03\/cumhurbaskanligi-finans-ofisi-tarafindan-duzenlenen-katilim-genc-gelisim-ozel-programi-basliyor\/#breadcrumb\"},\"inLanguage\":\"tr\",\"potentialAction\":[{\"@type\":\"ReadAction\",\"target\":[\"https:\/\/ticaret.edu.tr\/islam-ekonomisi-ve-ekonomik-sistemler-uygulama-ve-arastirma-merkezi\/2023\/04\/03\/cumhurbaskanligi-finans-ofisi-tarafindan-duzenlenen-katilim-genc-gelisim-ozel-programi-basliyor\/\"]}]},{\"@type\":\"BreadcrumbList\",\"@id\":\"https:\/\/ticaret.edu.tr\/islam-ekonomisi-ve-ekonomik-sistemler-uygulama-ve-arastirma-merkezi\/2023\/04\/03\/cumhurbaskanligi-finans-ofisi-tarafindan-duzenlenen-katilim-genc-gelisim-ozel-programi-basliyor\/#breadcrumb\",\"itemListElement\":[{\"@type\":\"ListItem\",\"position\":1,\"name\":\"Ana sayfa\",\"item\":\"https:\/\/ticaret.edu.tr\/islam-ekonomisi-ve-ekonomik-sistemler-uygulama-ve-arastirma-merkezi\/\"},{\"@type\":\"ListItem\",\"position\":2,\"name\":\"Cumhurba\u015fkanl\u0131\u011f\u0131 Finans Ofisi Taraf\u0131ndan D\u00fczenlenen Kat\u0131l\u0131m Gen\u00e7 Geli\u015fim \u00d6zel Program\u0131 Ba\u015fl\u0131yor\"}]},{\"@type\":\"WebSite\",\"@id\":\"https:\/\/ticaret.edu.tr\/islam-ekonomisi-ve-ekonomik-sistemler-uygulama-ve-arastirma-merkezi\/#website\",\"url\":\"https:\/\/ticaret.edu.tr\/islam-ekonomisi-ve-ekonomik-sistemler-uygulama-ve-arastirma-merkezi\/\",\"name\":\"\u0130slam Ekonomisi ve Ekonomik Sistemler Uygulama ve Ara\u015ft\u0131rma Merkezi\",\"description\":\"Bir ba\u015fka \u0130stanbul Ticaret \u00dcniversitesi site sitesi\",\"potentialAction\":[{\"@type\":\"SearchAction\",\"target\":{\"@type\":\"EntryPoint\",\"urlTemplate\":\"https:\/\/ticaret.edu.tr\/islam-ekonomisi-ve-ekonomik-sistemler-uygulama-ve-arastirma-merkezi\/?s={search_term_string}\"},\"query-input\":\"required name=search_term_string\"}],\"inLanguage\":\"tr\"},{\"@type\":\"Person\",\"@id\":\"https:\/\/ticaret.edu.tr\/islam-ekonomisi-ve-ekonomik-sistemler-uygulama-ve-arastirma-merkezi\/#\/schema\/person\/215c3ef896b7f2f5f257d1bea98c3529\",\"name\":\"mckiziltas\",\"image\":{\"@type\":\"ImageObject\",\"inLanguage\":\"tr\",\"@id\":\"https:\/\/ticaret.edu.tr\/islam-ekonomisi-ve-ekonomik-sistemler-uygulama-ve-arastirma-merkezi\/#\/schema\/person\/image\/\",\"url\":\"http:\/\/1.gravatar.com\/avatar\/a8607bcf789626b55174097b883033be?s=96&d=mm&r=g\",\"contentUrl\":\"http:\/\/1.gravatar.com\/avatar\/a8607bcf789626b55174097b883033be?s=96&d=mm&r=g\",\"caption\":\"mckiziltas\"},\"url\":\"http:\/\/ticaret.edu.tr\/islam-ekonomisi-ve-ekonomik-sistemler-uygulama-ve-arastirma-merkezi\/author\/mckiziltas\/\"}]}<\/script>\n<!-- \/ Yoast SEO Premium plugin. -->","yoast_head_json":{"title":"Cumhurba\u015fkanl\u0131\u011f\u0131 Finans Ofisi Taraf\u0131ndan D\u00fczenlenen Kat\u0131l\u0131m Gen\u00e7 Geli\u015fim \u00d6zel Program\u0131 Ba\u015fl\u0131yor - Duyurular - \u0130slam Ekonomisi ve Ekonomik Sistemler Uygulama ve Ara\u015ft\u0131rma Merkezi","description":"Cumhurba\u015fkanl\u0131\u011f\u0131 Finans Ofisi taraf\u0131ndan Kat\u0131l\u0131m Gen\u00e7 Geli\u015fim \u00f6zel program\u0131 d\u00fczenlenmektedir.","robots":{"index":"index","follow":"follow","max-snippet":"max-snippet:-1","max-image-preview":"max-image-preview:large","max-video-preview":"max-video-preview:-1"},"canonical":"https:\/\/ticaret.edu.tr\/islam-ekonomisi-ve-ekonomik-sistemler-uygulama-ve-arastirma-merkezi\/2023\/04\/03\/cumhurbaskanligi-finans-ofisi-tarafindan-duzenlenen-katilim-genc-gelisim-ozel-programi-basliyor\/","og_locale":"tr_TR","og_type":"article","og_title":"Cumhurba\u015fkanl\u0131\u011f\u0131 Finans Ofisi Taraf\u0131ndan D\u00fczenlenen Kat\u0131l\u0131m Gen\u00e7 Geli\u015fim \u00d6zel Program\u0131 Ba\u015fl\u0131yor","og_description":"Cumhurba\u015fkanl\u0131\u011f\u0131 Finans Ofisi taraf\u0131ndan Kat\u0131l\u0131m Gen\u00e7 Geli\u015fim \u00f6zel program\u0131 d\u00fczenlenmektedir.","og_url":"https:\/\/ticaret.edu.tr\/islam-ekonomisi-ve-ekonomik-sistemler-uygulama-ve-arastirma-merkezi\/2023\/04\/03\/cumhurbaskanligi-finans-ofisi-tarafindan-duzenlenen-katilim-genc-gelisim-ozel-programi-basliyor\/","og_site_name":"\u0130slam Ekonomisi ve Ekonomik Sistemler Uygulama ve Ara\u015ft\u0131rma Merkezi","article_publisher":"https:\/\/www.facebook.com\/ticaretedutr","article_published_time":"2023-04-03T08:30:58+00:00","og_image":[{"width":1258,"height":591,"url":"https:\/\/ticaret.edu.tr\/islam-ekonomisi-ve-ekonomik-sistemler-uygulama-ve-arastirma-merkezi\/wp-content\/uploads\/sites\/48\/2023\/04\/katilim-genc.jpg","type":"image\/jpeg"}],"author":"mckiziltas","twitter_card":"summary_large_image","twitter_creator":"@ticaretedutr","twitter_site":"@ticaretedutr","twitter_misc":{"Yazan:":"mckiziltas","Tahmini okuma s\u00fcresi":"1 dakika"},"schema":{"@context":"https:\/\/schema.org","@graph":[{"@type":"WebPage","@id":"https:\/\/ticaret.edu.tr\/islam-ekonomisi-ve-ekonomik-sistemler-uygulama-ve-arastirma-merkezi\/2023\/04\/03\/cumhurbaskanligi-finans-ofisi-tarafindan-duzenlenen-katilim-genc-gelisim-ozel-programi-basliyor\/","url":"https:\/\/ticaret.edu.tr\/islam-ekonomisi-ve-ekonomik-sistemler-uygulama-ve-arastirma-merkezi\/2023\/04\/03\/cumhurbaskanligi-finans-ofisi-tarafindan-duzenlenen-katilim-genc-gelisim-ozel-programi-basliyor\/","name":"Cumhurba\u015fkanl\u0131\u011f\u0131 Finans Ofisi Taraf\u0131ndan D\u00fczenlenen Kat\u0131l\u0131m Gen\u00e7 Geli\u015fim \u00d6zel Program\u0131 Ba\u015fl\u0131yor - Duyurular - \u0130slam Ekonomisi ve Ekonomik Sistemler Uygulama ve Ara\u015ft\u0131rma Merkezi","isPartOf":{"@id":"https:\/\/ticaret.edu.tr\/islam-ekonomisi-ve-ekonomik-sistemler-uygulama-ve-arastirma-merkezi\/#website"},"datePublished":"2023-04-03T08:30:58+00:00","dateModified":"2023-04-03T08:30:58+00:00","author":{"@id":"https:\/\/ticaret.edu.tr\/islam-ekonomisi-ve-ekonomik-sistemler-uygulama-ve-arastirma-merkezi\/#\/schema\/person\/215c3ef896b7f2f5f257d1bea98c3529"},"description":"Cumhurba\u015fkanl\u0131\u011f\u0131 Finans Ofisi taraf\u0131ndan Kat\u0131l\u0131m Gen\u00e7 Geli\u015fim \u00f6zel program\u0131 d\u00fczenlenmektedir.","breadcrumb":{"@id":"https:\/\/ticaret.edu.tr\/islam-ekonomisi-ve-ekonomik-sistemler-uygulama-ve-arastirma-merkezi\/2023\/04\/03\/cumhurbaskanligi-finans-ofisi-tarafindan-duzenlenen-katilim-genc-gelisim-ozel-programi-basliyor\/#breadcrumb"},"inLanguage":"tr","potentialAction":[{"@type":"ReadAction","target":["https:\/\/ticaret.edu.tr\/islam-ekonomisi-ve-ekonomik-sistemler-uygulama-ve-arastirma-merkezi\/2023\/04\/03\/cumhurbaskanligi-finans-ofisi-tarafindan-duzenlenen-katilim-genc-gelisim-ozel-programi-basliyor\/"]}]},{"@type":"BreadcrumbList","@id":"https:\/\/ticaret.edu.tr\/islam-ekonomisi-ve-ekonomik-sistemler-uygulama-ve-arastirma-merkezi\/2023\/04\/03\/cumhurbaskanligi-finans-ofisi-tarafindan-duzenlenen-katilim-genc-gelisim-ozel-programi-basliyor\/#breadcrumb","itemListElement":[{"@type":"ListItem","position":1,"name":"Ana sayfa","item":"https:\/\/ticaret.edu.tr\/islam-ekonomisi-ve-ekonomik-sistemler-uygulama-ve-arastirma-merkezi\/"},{"@type":"ListItem","position":2,"name":"Cumhurba\u015fkanl\u0131\u011f\u0131 Finans Ofisi Taraf\u0131ndan D\u00fczenlenen Kat\u0131l\u0131m Gen\u00e7 Geli\u015fim \u00d6zel Program\u0131 Ba\u015fl\u0131yor"}]},{"@type":"WebSite","@id":"https:\/\/ticaret.edu.tr\/islam-ekonomisi-ve-ekonomik-sistemler-uygulama-ve-arastirma-merkezi\/#website","url":"https:\/\/ticaret.edu.tr\/islam-ekonomisi-ve-ekonomik-sistemler-uygulama-ve-arastirma-merkezi\/","name":"\u0130slam Ekonomisi ve Ekonomik Sistemler Uygulama ve Ara\u015ft\u0131rma Merkezi","description":"Bir ba\u015fka \u0130stanbul Ticaret \u00dcniversitesi site sitesi","potentialAction":[{"@type":"SearchAction","target":{"@type":"EntryPoint","urlTemplate":"https:\/\/ticaret.edu.tr\/islam-ekonomisi-ve-ekonomik-sistemler-uygulama-ve-arastirma-merkezi\/?s={search_term_string}"},"query-input":"required name=search_term_string"}],"inLanguage":"tr"},{"@type":"Person","@id":"https:\/\/ticaret.edu.tr\/islam-ekonomisi-ve-ekonomik-sistemler-uygulama-ve-arastirma-merkezi\/#\/schema\/person\/215c3ef896b7f2f5f257d1bea98c3529","name":"mckiziltas","image":{"@type":"ImageObject","inLanguage":"tr","@id":"https:\/\/ticaret.edu.tr\/islam-ekonomisi-ve-ekonomik-sistemler-uygulama-ve-arastirma-merkezi\/#\/schema\/person\/image\/","url":"http:\/\/1.gravatar.com\/avatar\/a8607bcf789626b55174097b883033be?s=96&d=mm&r=g","contentUrl":"http:\/\/1.gravatar.com\/avatar\/a8607bcf789626b55174097b883033be?s=96&d=mm&r=g","caption":"mckiziltas"},"url":"http:\/\/ticaret.edu.tr\/islam-ekonomisi-ve-ekonomik-sistemler-uygulama-ve-arastirma-merkezi\/author\/mckiziltas\/"}]}},"lang":"tr","translations":{"tr":418},"pll_sync_post":[],"_links":{"self":[{"href":"http:\/\/ticaret.edu.tr\/islam-ekonomisi-ve-ekonomik-sistemler-uygulama-ve-arastirma-merkezi\/wp-json\/wp\/v2\/posts\/418"}],"collection":[{"href":"http:\/\/ticaret.edu.tr\/islam-ekonomisi-ve-ekonomik-sistemler-uygulama-ve-arastirma-merkezi\/wp-json\/wp\/v2\/posts"}],"about":[{"href":"http:\/\/ticaret.edu.tr\/islam-ekonomisi-ve-ekonomik-sistemler-uygulama-ve-arastirma-merkezi\/wp-json\/wp\/v2\/types\/post"}],"author":[{"embeddable":true,"href":"http:\/\/ticaret.edu.tr\/islam-ekonomisi-ve-ekonomik-sistemler-uygulama-ve-arastirma-merkezi\/wp-json\/wp\/v2\/users\/142"}],"replies":[{"embeddable":true,"href":"http:\/\/ticaret.edu.tr\/islam-ekonomisi-ve-ekonomik-sistemler-uygulama-ve-arastirma-merkezi\/wp-json\/wp\/v2\/comments?post=418"}],"version-history":[{"count":1,"href":"http:\/\/ticaret.edu.tr\/islam-ekonomisi-ve-ekonomik-sistemler-uygulama-ve-arastirma-merkezi\/wp-json\/wp\/v2\/posts\/418\/revisions"}],"predecessor-version":[{"id":420,"href":"http:\/\/ticaret.edu.tr\/islam-ekonomisi-ve-ekonomik-sistemler-uygulama-ve-arastirma-merkezi\/wp-json\/wp\/v2\/posts\/418\/revisions\/420"}],"wp:featuredmedia":[{"embeddable":true,"href":"http:\/\/ticaret.edu.tr\/islam-ekonomisi-ve-ekonomik-sistemler-uygulama-ve-arastirma-merkezi\/wp-json\/wp\/v2\/media\/419"}],"wp:attachment":[{"href":"http:\/\/ticaret.edu.tr\/islam-ekonomisi-ve-ekonomik-sistemler-uygulama-ve-arastirma-merkezi\/wp-json\/wp\/v2\/media?parent=418"}],"wp:term":[{"taxonomy":"category","embeddable":true,"href":"http:\/\/ticaret.edu.tr\/islam-ekonomisi-ve-ekonomik-sistemler-uygulama-ve-arastirma-merkezi\/wp-json\/wp\/v2\/categories?post=418"},{"taxonomy":"post_tag","embeddable":true,"href":"http:\/\/ticaret.edu.tr\/islam-ekonomisi-ve-ekonomik-sistemler-uygulama-ve-arastirma-merkezi\/wp-json\/wp\/v2\/tags?post=418"}],"curies":[{"name":"wp","href":"https:\/\/api.w.org\/{rel}","templated":true}]}}