{"id":427,"date":"2023-05-24T11:33:36","date_gmt":"2023-05-24T08:33:36","guid":{"rendered":"https:\/\/ticaret.edu.tr\/islam-ekonomisi-ve-ekonomik-sistemler-uygulama-ve-arastirma-merkezi\/?p=427"},"modified":"2023-05-24T11:33:41","modified_gmt":"2023-05-24T08:33:41","slug":"islam-ekonomisi-ve-katilim-bankaciliginda-yonetisim","status":"publish","type":"post","link":"http:\/\/ticaret.edu.tr\/islam-ekonomisi-ve-ekonomik-sistemler-uygulama-ve-arastirma-merkezi\/2023\/05\/24\/islam-ekonomisi-ve-katilim-bankaciliginda-yonetisim\/","title":{"rendered":"\u0130slam Ekonomisi ve Kat\u0131l\u0131m Bankac\u0131l\u0131\u011f\u0131nda Y\u00f6neti\u015fim"},"content":{"rendered":"<p>Bug\u00fcn (24 May\u0131s 2023) saat 18:00-20:00 aras\u0131nda Merkez m\u00fcd\u00fcr\u00fcm\u00fcz Prof.Dr.Necdet \u015eensoy moderat\u00f6rl\u00fc\u011f\u00fcnde Kuveyt T\u00fcrk HR Business Partner Muhammet Ali Erdo\u011fan ve Kuveyt T\u00fcrk Genel M\u00fcd\u00fcr Yard\u0131mc\u0131s\u0131 Dr.Ahmet Albayrak\u2019\u0131n kat\u0131l\u0131m\u0131yla Zoom \u00fczerinden \u00e7evrimi\u00e7i olarak \u2018\u0130slam Ekonomisi ve Kat\u0131l\u0131m Bankac\u0131l\u0131\u011f\u0131nda Y\u00f6neti\u015fim\u2019 konulu etkinlik ger\u00e7ekle\u015ftirilecektir.<\/p>\n<p><img loading=\"lazy\" decoding=\"async\" class=\"alignnone size-full wp-image-423\" src=\"http:\/\/ticaret.edu.tr\/islam-ekonomisi-ve-ekonomik-sistemler-uygulama-ve-arastirma-merkezi\/wp-content\/uploads\/sites\/48\/2023\/05\/IMG-20230524-WA0008-1.jpg\" alt=\"\" width=\"207\" height=\"259\" \/><\/p>\n","protected":false},"excerpt":{"rendered":"<p>Bug\u00fcn (24 May\u0131s 2023) saat 18:00-20:00 aras\u0131nda Merkez m\u00fcd\u00fcr\u00fcm\u00fcz Prof.Dr.Necdet \u015eensoy moderat\u00f6rl\u00fc\u011f\u00fcnde Kuveyt T\u00fcrk HR Business Partner Muhammet Ali Erdo\u011fan ve Kuveyt T\u00fcrk Genel M\u00fcd\u00fcr Yard\u0131mc\u0131s\u0131 Dr.Ahmet Albayrak\u2019\u0131n kat\u0131l\u0131m\u0131yla Zoom \u00fczerinden \u00e7evrimi\u00e7i olarak \u2018\u0130slam Ekonomisi ve Kat\u0131l\u0131m Bankac\u0131l\u0131\u011f\u0131nda Y\u00f6neti\u015fim\u2019 konulu etkinlik ger\u00e7ekle\u015ftirilecektir.<\/p>\n","protected":false},"author":142,"featured_media":422,"comment_status":"closed","ping_status":"closed","sticky":false,"template":"","format":"standard","meta":{"footnotes":""},"categories":[4],"tags":[],"yoast_head":"<!-- This site is optimized with the Yoast SEO Premium plugin v22.1 (Yoast SEO v22.1) - https:\/\/yoast.com\/wordpress\/plugins\/seo\/ -->\n<title>\u0130slam Ekonomisi ve Kat\u0131l\u0131m Bankac\u0131l\u0131\u011f\u0131nda Y\u00f6neti\u015fim - Etkinlikler - \u0130slam Ekonomisi ve Ekonomik Sistemler Uygulama ve Ara\u015ft\u0131rma Merkezi<\/title>\n<meta name=\"description\" content=\"\u0130slam Ekonomisi ve Kat\u0131l\u0131m Bankac\u0131l\u0131\u011f\u0131nda Y\u00f6neti\u015fim etkinli\u011fi ger\u00e7ekle\u015ftirilecektir.\" \/>\n<meta name=\"robots\" content=\"index, follow, max-snippet:-1, max-image-preview:large, max-video-preview:-1\" \/>\n<link rel=\"canonical\" href=\"https:\/\/ticaret.edu.tr\/islam-ekonomisi-ve-ekonomik-sistemler-uygulama-ve-arastirma-merkezi\/2023\/05\/24\/islam-ekonomisi-ve-katilim-bankaciliginda-yonetisim\/\" \/>\n<meta property=\"og:locale\" content=\"tr_TR\" \/>\n<meta property=\"og:type\" content=\"article\" \/>\n<meta property=\"og:title\" content=\"\u0130slam Ekonomisi ve Kat\u0131l\u0131m Bankac\u0131l\u0131\u011f\u0131nda Y\u00f6neti\u015fim\" \/>\n<meta property=\"og:description\" content=\"\u0130slam Ekonomisi ve Kat\u0131l\u0131m Bankac\u0131l\u0131\u011f\u0131nda Y\u00f6neti\u015fim etkinli\u011fi ger\u00e7ekle\u015ftirilecektir.\" \/>\n<meta property=\"og:url\" content=\"https:\/\/ticaret.edu.tr\/islam-ekonomisi-ve-ekonomik-sistemler-uygulama-ve-arastirma-merkezi\/2023\/05\/24\/islam-ekonomisi-ve-katilim-bankaciliginda-yonetisim\/\" \/>\n<meta property=\"og:site_name\" content=\"\u0130slam Ekonomisi ve Ekonomik Sistemler Uygulama ve Ara\u015ft\u0131rma Merkezi\" \/>\n<meta property=\"article:publisher\" content=\"https:\/\/www.facebook.com\/ticaretedutr\" \/>\n<meta property=\"article:published_time\" content=\"2023-05-24T08:33:36+00:00\" \/>\n<meta property=\"article:modified_time\" content=\"2023-05-24T08:33:41+00:00\" \/>\n<meta property=\"og:image\" content=\"https:\/\/ticaret.edu.tr\/islam-ekonomisi-ve-ekonomik-sistemler-uygulama-ve-arastirma-merkezi\/wp-content\/uploads\/sites\/48\/2023\/05\/IMG-20230524-WA0008.jpg\" \/>\n\t<meta property=\"og:image:width\" content=\"207\" \/>\n\t<meta property=\"og:image:height\" content=\"259\" \/>\n\t<meta property=\"og:image:type\" content=\"image\/jpeg\" \/>\n<meta name=\"author\" content=\"mckiziltas\" \/>\n<meta name=\"twitter:card\" content=\"summary_large_image\" \/>\n<meta name=\"twitter:creator\" content=\"@ticaretedutr\" \/>\n<meta name=\"twitter:site\" content=\"@ticaretedutr\" \/>\n<meta name=\"twitter:label1\" content=\"Yazan:\" \/>\n\t<meta name=\"twitter:data1\" content=\"mckiziltas\" \/>\n<script type=\"application\/ld+json\" class=\"yoast-schema-graph\">{\"@context\":\"https:\/\/schema.org\",\"@graph\":[{\"@type\":\"WebPage\",\"@id\":\"https:\/\/ticaret.edu.tr\/islam-ekonomisi-ve-ekonomik-sistemler-uygulama-ve-arastirma-merkezi\/2023\/05\/24\/islam-ekonomisi-ve-katilim-bankaciliginda-yonetisim\/\",\"url\":\"https:\/\/ticaret.edu.tr\/islam-ekonomisi-ve-ekonomik-sistemler-uygulama-ve-arastirma-merkezi\/2023\/05\/24\/islam-ekonomisi-ve-katilim-bankaciliginda-yonetisim\/\",\"name\":\"\u0130slam Ekonomisi ve Kat\u0131l\u0131m Bankac\u0131l\u0131\u011f\u0131nda Y\u00f6neti\u015fim - Etkinlikler - \u0130slam Ekonomisi ve Ekonomik Sistemler Uygulama ve Ara\u015ft\u0131rma Merkezi\",\"isPartOf\":{\"@id\":\"https:\/\/ticaret.edu.tr\/islam-ekonomisi-ve-ekonomik-sistemler-uygulama-ve-arastirma-merkezi\/#website\"},\"datePublished\":\"2023-05-24T08:33:36+00:00\",\"dateModified\":\"2023-05-24T08:33:41+00:00\",\"author\":{\"@id\":\"https:\/\/ticaret.edu.tr\/islam-ekonomisi-ve-ekonomik-sistemler-uygulama-ve-arastirma-merkezi\/#\/schema\/person\/215c3ef896b7f2f5f257d1bea98c3529\"},\"description\":\"\u0130slam Ekonomisi ve Kat\u0131l\u0131m Bankac\u0131l\u0131\u011f\u0131nda Y\u00f6neti\u015fim etkinli\u011fi ger\u00e7ekle\u015ftirilecektir.\",\"breadcrumb\":{\"@id\":\"https:\/\/ticaret.edu.tr\/islam-ekonomisi-ve-ekonomik-sistemler-uygulama-ve-arastirma-merkezi\/2023\/05\/24\/islam-ekonomisi-ve-katilim-bankaciliginda-yonetisim\/#breadcrumb\"},\"inLanguage\":\"tr\",\"potentialAction\":[{\"@type\":\"ReadAction\",\"target\":[\"https:\/\/ticaret.edu.tr\/islam-ekonomisi-ve-ekonomik-sistemler-uygulama-ve-arastirma-merkezi\/2023\/05\/24\/islam-ekonomisi-ve-katilim-bankaciliginda-yonetisim\/\"]}]},{\"@type\":\"BreadcrumbList\",\"@id\":\"https:\/\/ticaret.edu.tr\/islam-ekonomisi-ve-ekonomik-sistemler-uygulama-ve-arastirma-merkezi\/2023\/05\/24\/islam-ekonomisi-ve-katilim-bankaciliginda-yonetisim\/#breadcrumb\",\"itemListElement\":[{\"@type\":\"ListItem\",\"position\":1,\"name\":\"Ana sayfa\",\"item\":\"https:\/\/ticaret.edu.tr\/islam-ekonomisi-ve-ekonomik-sistemler-uygulama-ve-arastirma-merkezi\/\"},{\"@type\":\"ListItem\",\"position\":2,\"name\":\"\u0130slam Ekonomisi ve Kat\u0131l\u0131m Bankac\u0131l\u0131\u011f\u0131nda Y\u00f6neti\u015fim\"}]},{\"@type\":\"WebSite\",\"@id\":\"https:\/\/ticaret.edu.tr\/islam-ekonomisi-ve-ekonomik-sistemler-uygulama-ve-arastirma-merkezi\/#website\",\"url\":\"https:\/\/ticaret.edu.tr\/islam-ekonomisi-ve-ekonomik-sistemler-uygulama-ve-arastirma-merkezi\/\",\"name\":\"\u0130slam Ekonomisi ve Ekonomik Sistemler Uygulama ve Ara\u015ft\u0131rma Merkezi\",\"description\":\"Bir ba\u015fka \u0130stanbul Ticaret \u00dcniversitesi site sitesi\",\"potentialAction\":[{\"@type\":\"SearchAction\",\"target\":{\"@type\":\"EntryPoint\",\"urlTemplate\":\"https:\/\/ticaret.edu.tr\/islam-ekonomisi-ve-ekonomik-sistemler-uygulama-ve-arastirma-merkezi\/?s={search_term_string}\"},\"query-input\":\"required name=search_term_string\"}],\"inLanguage\":\"tr\"},{\"@type\":\"Person\",\"@id\":\"https:\/\/ticaret.edu.tr\/islam-ekonomisi-ve-ekonomik-sistemler-uygulama-ve-arastirma-merkezi\/#\/schema\/person\/215c3ef896b7f2f5f257d1bea98c3529\",\"name\":\"mckiziltas\",\"image\":{\"@type\":\"ImageObject\",\"inLanguage\":\"tr\",\"@id\":\"https:\/\/ticaret.edu.tr\/islam-ekonomisi-ve-ekonomik-sistemler-uygulama-ve-arastirma-merkezi\/#\/schema\/person\/image\/\",\"url\":\"http:\/\/1.gravatar.com\/avatar\/a8607bcf789626b55174097b883033be?s=96&d=mm&r=g\",\"contentUrl\":\"http:\/\/1.gravatar.com\/avatar\/a8607bcf789626b55174097b883033be?s=96&d=mm&r=g\",\"caption\":\"mckiziltas\"},\"url\":\"http:\/\/ticaret.edu.tr\/islam-ekonomisi-ve-ekonomik-sistemler-uygulama-ve-arastirma-merkezi\/author\/mckiziltas\/\"}]}<\/script>\n<!-- \/ Yoast SEO Premium plugin. -->","yoast_head_json":{"title":"\u0130slam Ekonomisi ve Kat\u0131l\u0131m Bankac\u0131l\u0131\u011f\u0131nda Y\u00f6neti\u015fim - Etkinlikler - \u0130slam Ekonomisi ve Ekonomik Sistemler Uygulama ve Ara\u015ft\u0131rma Merkezi","description":"\u0130slam Ekonomisi ve Kat\u0131l\u0131m Bankac\u0131l\u0131\u011f\u0131nda Y\u00f6neti\u015fim etkinli\u011fi ger\u00e7ekle\u015ftirilecektir.","robots":{"index":"index","follow":"follow","max-snippet":"max-snippet:-1","max-image-preview":"max-image-preview:large","max-video-preview":"max-video-preview:-1"},"canonical":"https:\/\/ticaret.edu.tr\/islam-ekonomisi-ve-ekonomik-sistemler-uygulama-ve-arastirma-merkezi\/2023\/05\/24\/islam-ekonomisi-ve-katilim-bankaciliginda-yonetisim\/","og_locale":"tr_TR","og_type":"article","og_title":"\u0130slam Ekonomisi ve Kat\u0131l\u0131m Bankac\u0131l\u0131\u011f\u0131nda Y\u00f6neti\u015fim","og_description":"\u0130slam Ekonomisi ve Kat\u0131l\u0131m Bankac\u0131l\u0131\u011f\u0131nda Y\u00f6neti\u015fim etkinli\u011fi ger\u00e7ekle\u015ftirilecektir.","og_url":"https:\/\/ticaret.edu.tr\/islam-ekonomisi-ve-ekonomik-sistemler-uygulama-ve-arastirma-merkezi\/2023\/05\/24\/islam-ekonomisi-ve-katilim-bankaciliginda-yonetisim\/","og_site_name":"\u0130slam Ekonomisi ve Ekonomik Sistemler Uygulama ve Ara\u015ft\u0131rma Merkezi","article_publisher":"https:\/\/www.facebook.com\/ticaretedutr","article_published_time":"2023-05-24T08:33:36+00:00","article_modified_time":"2023-05-24T08:33:41+00:00","og_image":[{"width":207,"height":259,"url":"https:\/\/ticaret.edu.tr\/islam-ekonomisi-ve-ekonomik-sistemler-uygulama-ve-arastirma-merkezi\/wp-content\/uploads\/sites\/48\/2023\/05\/IMG-20230524-WA0008.jpg","type":"image\/jpeg"}],"author":"mckiziltas","twitter_card":"summary_large_image","twitter_creator":"@ticaretedutr","twitter_site":"@ticaretedutr","twitter_misc":{"Yazan:":"mckiziltas"},"schema":{"@context":"https:\/\/schema.org","@graph":[{"@type":"WebPage","@id":"https:\/\/ticaret.edu.tr\/islam-ekonomisi-ve-ekonomik-sistemler-uygulama-ve-arastirma-merkezi\/2023\/05\/24\/islam-ekonomisi-ve-katilim-bankaciliginda-yonetisim\/","url":"https:\/\/ticaret.edu.tr\/islam-ekonomisi-ve-ekonomik-sistemler-uygulama-ve-arastirma-merkezi\/2023\/05\/24\/islam-ekonomisi-ve-katilim-bankaciliginda-yonetisim\/","name":"\u0130slam Ekonomisi ve Kat\u0131l\u0131m Bankac\u0131l\u0131\u011f\u0131nda Y\u00f6neti\u015fim - Etkinlikler - \u0130slam Ekonomisi ve Ekonomik Sistemler Uygulama ve Ara\u015ft\u0131rma Merkezi","isPartOf":{"@id":"https:\/\/ticaret.edu.tr\/islam-ekonomisi-ve-ekonomik-sistemler-uygulama-ve-arastirma-merkezi\/#website"},"datePublished":"2023-05-24T08:33:36+00:00","dateModified":"2023-05-24T08:33:41+00:00","author":{"@id":"https:\/\/ticaret.edu.tr\/islam-ekonomisi-ve-ekonomik-sistemler-uygulama-ve-arastirma-merkezi\/#\/schema\/person\/215c3ef896b7f2f5f257d1bea98c3529"},"description":"\u0130slam Ekonomisi ve Kat\u0131l\u0131m Bankac\u0131l\u0131\u011f\u0131nda Y\u00f6neti\u015fim etkinli\u011fi ger\u00e7ekle\u015ftirilecektir.","breadcrumb":{"@id":"https:\/\/ticaret.edu.tr\/islam-ekonomisi-ve-ekonomik-sistemler-uygulama-ve-arastirma-merkezi\/2023\/05\/24\/islam-ekonomisi-ve-katilim-bankaciliginda-yonetisim\/#breadcrumb"},"inLanguage":"tr","potentialAction":[{"@type":"ReadAction","target":["https:\/\/ticaret.edu.tr\/islam-ekonomisi-ve-ekonomik-sistemler-uygulama-ve-arastirma-merkezi\/2023\/05\/24\/islam-ekonomisi-ve-katilim-bankaciliginda-yonetisim\/"]}]},{"@type":"BreadcrumbList","@id":"https:\/\/ticaret.edu.tr\/islam-ekonomisi-ve-ekonomik-sistemler-uygulama-ve-arastirma-merkezi\/2023\/05\/24\/islam-ekonomisi-ve-katilim-bankaciliginda-yonetisim\/#breadcrumb","itemListElement":[{"@type":"ListItem","position":1,"name":"Ana sayfa","item":"https:\/\/ticaret.edu.tr\/islam-ekonomisi-ve-ekonomik-sistemler-uygulama-ve-arastirma-merkezi\/"},{"@type":"ListItem","position":2,"name":"\u0130slam Ekonomisi ve Kat\u0131l\u0131m Bankac\u0131l\u0131\u011f\u0131nda Y\u00f6neti\u015fim"}]},{"@type":"WebSite","@id":"https:\/\/ticaret.edu.tr\/islam-ekonomisi-ve-ekonomik-sistemler-uygulama-ve-arastirma-merkezi\/#website","url":"https:\/\/ticaret.edu.tr\/islam-ekonomisi-ve-ekonomik-sistemler-uygulama-ve-arastirma-merkezi\/","name":"\u0130slam Ekonomisi ve Ekonomik Sistemler Uygulama ve Ara\u015ft\u0131rma Merkezi","description":"Bir ba\u015fka \u0130stanbul Ticaret \u00dcniversitesi site sitesi","potentialAction":[{"@type":"SearchAction","target":{"@type":"EntryPoint","urlTemplate":"https:\/\/ticaret.edu.tr\/islam-ekonomisi-ve-ekonomik-sistemler-uygulama-ve-arastirma-merkezi\/?s={search_term_string}"},"query-input":"required name=search_term_string"}],"inLanguage":"tr"},{"@type":"Person","@id":"https:\/\/ticaret.edu.tr\/islam-ekonomisi-ve-ekonomik-sistemler-uygulama-ve-arastirma-merkezi\/#\/schema\/person\/215c3ef896b7f2f5f257d1bea98c3529","name":"mckiziltas","image":{"@type":"ImageObject","inLanguage":"tr","@id":"https:\/\/ticaret.edu.tr\/islam-ekonomisi-ve-ekonomik-sistemler-uygulama-ve-arastirma-merkezi\/#\/schema\/person\/image\/","url":"http:\/\/1.gravatar.com\/avatar\/a8607bcf789626b55174097b883033be?s=96&d=mm&r=g","contentUrl":"http:\/\/1.gravatar.com\/avatar\/a8607bcf789626b55174097b883033be?s=96&d=mm&r=g","caption":"mckiziltas"},"url":"http:\/\/ticaret.edu.tr\/islam-ekonomisi-ve-ekonomik-sistemler-uygulama-ve-arastirma-merkezi\/author\/mckiziltas\/"}]}},"lang":"tr","translations":{"tr":427},"pll_sync_post":[],"_links":{"self":[{"href":"http:\/\/ticaret.edu.tr\/islam-ekonomisi-ve-ekonomik-sistemler-uygulama-ve-arastirma-merkezi\/wp-json\/wp\/v2\/posts\/427"}],"collection":[{"href":"http:\/\/ticaret.edu.tr\/islam-ekonomisi-ve-ekonomik-sistemler-uygulama-ve-arastirma-merkezi\/wp-json\/wp\/v2\/posts"}],"about":[{"href":"http:\/\/ticaret.edu.tr\/islam-ekonomisi-ve-ekonomik-sistemler-uygulama-ve-arastirma-merkezi\/wp-json\/wp\/v2\/types\/post"}],"author":[{"embeddable":true,"href":"http:\/\/ticaret.edu.tr\/islam-ekonomisi-ve-ekonomik-sistemler-uygulama-ve-arastirma-merkezi\/wp-json\/wp\/v2\/users\/142"}],"replies":[{"embeddable":true,"href":"http:\/\/ticaret.edu.tr\/islam-ekonomisi-ve-ekonomik-sistemler-uygulama-ve-arastirma-merkezi\/wp-json\/wp\/v2\/comments?post=427"}],"version-history":[{"count":1,"href":"http:\/\/ticaret.edu.tr\/islam-ekonomisi-ve-ekonomik-sistemler-uygulama-ve-arastirma-merkezi\/wp-json\/wp\/v2\/posts\/427\/revisions"}],"predecessor-version":[{"id":428,"href":"http:\/\/ticaret.edu.tr\/islam-ekonomisi-ve-ekonomik-sistemler-uygulama-ve-arastirma-merkezi\/wp-json\/wp\/v2\/posts\/427\/revisions\/428"}],"wp:featuredmedia":[{"embeddable":true,"href":"http:\/\/ticaret.edu.tr\/islam-ekonomisi-ve-ekonomik-sistemler-uygulama-ve-arastirma-merkezi\/wp-json\/wp\/v2\/media\/422"}],"wp:attachment":[{"href":"http:\/\/ticaret.edu.tr\/islam-ekonomisi-ve-ekonomik-sistemler-uygulama-ve-arastirma-merkezi\/wp-json\/wp\/v2\/media?parent=427"}],"wp:term":[{"taxonomy":"category","embeddable":true,"href":"http:\/\/ticaret.edu.tr\/islam-ekonomisi-ve-ekonomik-sistemler-uygulama-ve-arastirma-merkezi\/wp-json\/wp\/v2\/categories?post=427"},{"taxonomy":"post_tag","embeddable":true,"href":"http:\/\/ticaret.edu.tr\/islam-ekonomisi-ve-ekonomik-sistemler-uygulama-ve-arastirma-merkezi\/wp-json\/wp\/v2\/tags?post=427"}],"curies":[{"name":"wp","href":"https:\/\/api.w.org\/{rel}","templated":true}]}}