{"id":116,"date":"2019-04-11T12:00:32","date_gmt":"2019-04-11T09:00:32","guid":{"rendered":"http:\/\/ticaret.edu.tr\/isl\/?p=116"},"modified":"2021-08-17T13:27:42","modified_gmt":"2021-08-17T10:27:42","slug":"kobilerde-kurumsallasma-ve-kuresellesme-isimli-soylesi-duzenlenmistir","status":"publish","type":"post","link":"http:\/\/ticaret.edu.tr\/isletme-bolumu\/2019\/04\/11\/kobilerde-kurumsallasma-ve-kuresellesme-isimli-soylesi-duzenlenmistir\/","title":{"rendered":"\u201cKobi\u2019lerde Kurumsalla\u015fma ve K\u00fcreselle\u015fme\u201d \u0130simli S\u00f6yle\u015fi D\u00fczenlenmi\u015ftir."},"content":{"rendered":"<p>Kurumsal Y\u00f6netim ve Sosyal Sorumluluk Uygulama ve Ara\u015ft\u0131rma Merkezi ve \u0130\u015fletme B\u00f6l\u00fcm\u00fc Nikken T\u00fcrkiye A.\u015e. Genel M\u00fcd\u00fcr\u00fc ve \u0130TO Sanayi \u0130htisas Komite \u00dcyesi Dr. Ayhan Etyemez\u2019in kat\u0131l\u0131m\u0131yla 11 Nisan saat 12.00 de S\u00fctl\u00fcce Yerle\u015fkesi D-302 no\u2019lu s\u0131n\u0131fta \u201cKobi\u2019lerde Kurumsalla\u015fma ve K\u00fcreselle\u015fme\u201d isimli s\u00f6yle\u015fi d\u00fczenlenmi\u015ftir.<\/p>\n<p>&nbsp;<\/p>\n<p><img loading=\"lazy\" decoding=\"async\" class=\"aligncenter wp-image-118\" src=\"http:\/\/ticaret.edu.tr\/isl\/wp-content\/uploads\/sites\/8\/2020\/05\/haber-5-812x1024.jpg\" alt=\"\" width=\"689\" height=\"869\" srcset=\"http:\/\/ticaret.edu.tr\/isletme-bolumu\/wp-content\/uploads\/sites\/8\/2020\/05\/haber-5-812x1024.jpg 812w, http:\/\/ticaret.edu.tr\/isletme-bolumu\/wp-content\/uploads\/sites\/8\/2020\/05\/haber-5-238x300.jpg 238w, http:\/\/ticaret.edu.tr\/isletme-bolumu\/wp-content\/uploads\/sites\/8\/2020\/05\/haber-5-768x969.jpg 768w, http:\/\/ticaret.edu.tr\/isletme-bolumu\/wp-content\/uploads\/sites\/8\/2020\/05\/haber-5.jpg 964w\" sizes=\"(max-width: 689px) 100vw, 689px\" \/><\/p>\n","protected":false},"excerpt":{"rendered":"<p>Kurumsal Y\u00f6netim ve Sosyal Sorumluluk Uygulama ve Ara\u015ft\u0131rma Merkezi ve \u0130\u015fletme B\u00f6l\u00fcm\u00fc Nikken T\u00fcrkiye A.\u015e. Genel M\u00fcd\u00fcr\u00fc ve \u0130TO Sanayi \u0130htisas Komite \u00dcyesi Dr. Ayhan Etyemez\u2019in kat\u0131l\u0131m\u0131yla 11 Nisan saat 12.00 de S\u00fctl\u00fcce Yerle\u015fkesi D-302 no\u2019lu s\u0131n\u0131fta \u201cKobi\u2019lerde Kurumsalla\u015fma ve K\u00fcreselle\u015fme\u201d isimli s\u00f6yle\u015fi d\u00fczenlenmi\u015ftir. &nbsp;<\/p>\n","protected":false},"author":58,"featured_media":348,"comment_status":"closed","ping_status":"closed","sticky":false,"template":"","format":"standard","meta":{"footnotes":""},"categories":[2],"tags":[],"yoast_head":"<!-- This site is optimized with the Yoast SEO Premium plugin v22.1 (Yoast SEO v22.1) - https:\/\/yoast.com\/wordpress\/plugins\/seo\/ -->\n<title>\u201cKobi\u2019lerde Kurumsalla\u015fma ve K\u00fcreselle\u015fme\u201d \u0130simli S\u00f6yle\u015fi D\u00fczenlenmi\u015ftir. - \u0130\u015fletme<\/title>\n<meta name=\"robots\" content=\"index, follow, max-snippet:-1, max-image-preview:large, max-video-preview:-1\" \/>\n<link rel=\"canonical\" href=\"http:\/\/ticaret.edu.tr\/isletme-bolumu\/2019\/04\/11\/kobilerde-kurumsallasma-ve-kuresellesme-isimli-soylesi-duzenlenmistir\/\" \/>\n<meta property=\"og:locale\" content=\"tr_TR\" \/>\n<meta property=\"og:type\" content=\"article\" \/>\n<meta property=\"og:title\" content=\"\u201cKobi\u2019lerde Kurumsalla\u015fma ve K\u00fcreselle\u015fme\u201d \u0130simli S\u00f6yle\u015fi D\u00fczenlenmi\u015ftir.\" \/>\n<meta property=\"og:description\" content=\"Kurumsal Y\u00f6netim ve Sosyal Sorumluluk Uygulama ve Ara\u015ft\u0131rma Merkezi ve \u0130\u015fletme B\u00f6l\u00fcm\u00fc Nikken T\u00fcrkiye A.\u015e. Genel M\u00fcd\u00fcr\u00fc ve \u0130TO Sanayi \u0130htisas Komite \u00dcyesi Dr. Ayhan Etyemez\u2019in kat\u0131l\u0131m\u0131yla 11 Nisan saat 12.00 de S\u00fctl\u00fcce Yerle\u015fkesi D-302 no\u2019lu s\u0131n\u0131fta \u201cKobi\u2019lerde Kurumsalla\u015fma ve K\u00fcreselle\u015fme\u201d isimli s\u00f6yle\u015fi d\u00fczenlenmi\u015ftir. &nbsp;\" \/>\n<meta property=\"og:url\" content=\"http:\/\/ticaret.edu.tr\/isletme-bolumu\/2019\/04\/11\/kobilerde-kurumsallasma-ve-kuresellesme-isimli-soylesi-duzenlenmistir\/\" \/>\n<meta property=\"og:site_name\" content=\"\u0130\u015fletme\" \/>\n<meta property=\"article:publisher\" content=\"https:\/\/www.facebook.com\/ticaretedutr\" \/>\n<meta property=\"article:published_time\" content=\"2019-04-11T09:00:32+00:00\" \/>\n<meta property=\"article:modified_time\" content=\"2021-08-17T10:27:42+00:00\" \/>\n<meta property=\"og:image\" content=\"http:\/\/ticaret.edu.tr\/isletme-bolumu\/wp-content\/uploads\/sites\/8\/2019\/04\/KOB\u0130\u2019lerde-Kurumsalla\u015fma-ve-K\u00fcreselle\u015fme.png\" \/>\n\t<meta property=\"og:image:width\" content=\"700\" \/>\n\t<meta property=\"og:image:height\" content=\"460\" \/>\n\t<meta property=\"og:image:type\" content=\"image\/png\" \/>\n<meta name=\"author\" content=\"hnhatipoglu\" \/>\n<meta name=\"twitter:card\" content=\"summary_large_image\" \/>\n<meta name=\"twitter:creator\" content=\"@ticaretedutr\" \/>\n<meta name=\"twitter:site\" content=\"@ticaretedutr\" \/>\n<meta name=\"twitter:label1\" content=\"Yazan:\" \/>\n\t<meta name=\"twitter:data1\" content=\"hnhatipoglu\" \/>\n<script type=\"application\/ld+json\" class=\"yoast-schema-graph\">{\"@context\":\"https:\/\/schema.org\",\"@graph\":[{\"@type\":\"WebPage\",\"@id\":\"http:\/\/ticaret.edu.tr\/isletme-bolumu\/2019\/04\/11\/kobilerde-kurumsallasma-ve-kuresellesme-isimli-soylesi-duzenlenmistir\/\",\"url\":\"http:\/\/ticaret.edu.tr\/isletme-bolumu\/2019\/04\/11\/kobilerde-kurumsallasma-ve-kuresellesme-isimli-soylesi-duzenlenmistir\/\",\"name\":\"\u201cKobi\u2019lerde Kurumsalla\u015fma ve K\u00fcreselle\u015fme\u201d \u0130simli S\u00f6yle\u015fi D\u00fczenlenmi\u015ftir. - \u0130\u015fletme\",\"isPartOf\":{\"@id\":\"https:\/\/ticaret.edu.tr\/isletme-bolumu\/#website\"},\"datePublished\":\"2019-04-11T09:00:32+00:00\",\"dateModified\":\"2021-08-17T10:27:42+00:00\",\"author\":{\"@id\":\"https:\/\/ticaret.edu.tr\/isletme-bolumu\/#\/schema\/person\/6a81be209243d40fe84d7d97850c4c7b\"},\"breadcrumb\":{\"@id\":\"http:\/\/ticaret.edu.tr\/isletme-bolumu\/2019\/04\/11\/kobilerde-kurumsallasma-ve-kuresellesme-isimli-soylesi-duzenlenmistir\/#breadcrumb\"},\"inLanguage\":\"tr\",\"potentialAction\":[{\"@type\":\"ReadAction\",\"target\":[\"http:\/\/ticaret.edu.tr\/isletme-bolumu\/2019\/04\/11\/kobilerde-kurumsallasma-ve-kuresellesme-isimli-soylesi-duzenlenmistir\/\"]}]},{\"@type\":\"BreadcrumbList\",\"@id\":\"http:\/\/ticaret.edu.tr\/isletme-bolumu\/2019\/04\/11\/kobilerde-kurumsallasma-ve-kuresellesme-isimli-soylesi-duzenlenmistir\/#breadcrumb\",\"itemListElement\":[{\"@type\":\"ListItem\",\"position\":1,\"name\":\"Ana sayfa\",\"item\":\"http:\/\/ticaret.edu.tr\/isletme-bolumu\/en\/\"},{\"@type\":\"ListItem\",\"position\":2,\"name\":\"\u201cKobi\u2019lerde Kurumsalla\u015fma ve K\u00fcreselle\u015fme\u201d \u0130simli S\u00f6yle\u015fi D\u00fczenlenmi\u015ftir.\"}]},{\"@type\":\"WebSite\",\"@id\":\"https:\/\/ticaret.edu.tr\/isletme-bolumu\/#website\",\"url\":\"https:\/\/ticaret.edu.tr\/isletme-bolumu\/\",\"name\":\"\u0130\u015fletme\",\"description\":\"\",\"potentialAction\":[{\"@type\":\"SearchAction\",\"target\":{\"@type\":\"EntryPoint\",\"urlTemplate\":\"https:\/\/ticaret.edu.tr\/isletme-bolumu\/?s={search_term_string}\"},\"query-input\":\"required name=search_term_string\"}],\"inLanguage\":\"tr\"},{\"@type\":\"Person\",\"@id\":\"https:\/\/ticaret.edu.tr\/isletme-bolumu\/#\/schema\/person\/6a81be209243d40fe84d7d97850c4c7b\",\"name\":\"hnhatipoglu\",\"image\":{\"@type\":\"ImageObject\",\"inLanguage\":\"tr\",\"@id\":\"https:\/\/ticaret.edu.tr\/isletme-bolumu\/#\/schema\/person\/image\/\",\"url\":\"http:\/\/1.gravatar.com\/avatar\/acb9c2e8f6521a0264a11dd0a981cfc5?s=96&d=mm&r=g\",\"contentUrl\":\"http:\/\/1.gravatar.com\/avatar\/acb9c2e8f6521a0264a11dd0a981cfc5?s=96&d=mm&r=g\",\"caption\":\"hnhatipoglu\"},\"url\":\"http:\/\/ticaret.edu.tr\/isletme-bolumu\/author\/hnhatipoglu\/\"}]}<\/script>\n<!-- \/ Yoast SEO Premium plugin. -->","yoast_head_json":{"title":"\u201cKobi\u2019lerde Kurumsalla\u015fma ve K\u00fcreselle\u015fme\u201d \u0130simli S\u00f6yle\u015fi D\u00fczenlenmi\u015ftir. - \u0130\u015fletme","robots":{"index":"index","follow":"follow","max-snippet":"max-snippet:-1","max-image-preview":"max-image-preview:large","max-video-preview":"max-video-preview:-1"},"canonical":"http:\/\/ticaret.edu.tr\/isletme-bolumu\/2019\/04\/11\/kobilerde-kurumsallasma-ve-kuresellesme-isimli-soylesi-duzenlenmistir\/","og_locale":"tr_TR","og_type":"article","og_title":"\u201cKobi\u2019lerde Kurumsalla\u015fma ve K\u00fcreselle\u015fme\u201d \u0130simli S\u00f6yle\u015fi D\u00fczenlenmi\u015ftir.","og_description":"Kurumsal Y\u00f6netim ve Sosyal Sorumluluk Uygulama ve Ara\u015ft\u0131rma Merkezi ve \u0130\u015fletme B\u00f6l\u00fcm\u00fc Nikken T\u00fcrkiye A.\u015e. Genel M\u00fcd\u00fcr\u00fc ve \u0130TO Sanayi \u0130htisas Komite \u00dcyesi Dr. Ayhan Etyemez\u2019in kat\u0131l\u0131m\u0131yla 11 Nisan saat 12.00 de S\u00fctl\u00fcce Yerle\u015fkesi D-302 no\u2019lu s\u0131n\u0131fta \u201cKobi\u2019lerde Kurumsalla\u015fma ve K\u00fcreselle\u015fme\u201d isimli s\u00f6yle\u015fi d\u00fczenlenmi\u015ftir. &nbsp;","og_url":"http:\/\/ticaret.edu.tr\/isletme-bolumu\/2019\/04\/11\/kobilerde-kurumsallasma-ve-kuresellesme-isimli-soylesi-duzenlenmistir\/","og_site_name":"\u0130\u015fletme","article_publisher":"https:\/\/www.facebook.com\/ticaretedutr","article_published_time":"2019-04-11T09:00:32+00:00","article_modified_time":"2021-08-17T10:27:42+00:00","og_image":[{"width":700,"height":460,"url":"http:\/\/ticaret.edu.tr\/isletme-bolumu\/wp-content\/uploads\/sites\/8\/2019\/04\/KOB\u0130\u2019lerde-Kurumsalla\u015fma-ve-K\u00fcreselle\u015fme.png","type":"image\/png"}],"author":"hnhatipoglu","twitter_card":"summary_large_image","twitter_creator":"@ticaretedutr","twitter_site":"@ticaretedutr","twitter_misc":{"Yazan:":"hnhatipoglu"},"schema":{"@context":"https:\/\/schema.org","@graph":[{"@type":"WebPage","@id":"http:\/\/ticaret.edu.tr\/isletme-bolumu\/2019\/04\/11\/kobilerde-kurumsallasma-ve-kuresellesme-isimli-soylesi-duzenlenmistir\/","url":"http:\/\/ticaret.edu.tr\/isletme-bolumu\/2019\/04\/11\/kobilerde-kurumsallasma-ve-kuresellesme-isimli-soylesi-duzenlenmistir\/","name":"\u201cKobi\u2019lerde Kurumsalla\u015fma ve K\u00fcreselle\u015fme\u201d \u0130simli S\u00f6yle\u015fi D\u00fczenlenmi\u015ftir. - \u0130\u015fletme","isPartOf":{"@id":"https:\/\/ticaret.edu.tr\/isletme-bolumu\/#website"},"datePublished":"2019-04-11T09:00:32+00:00","dateModified":"2021-08-17T10:27:42+00:00","author":{"@id":"https:\/\/ticaret.edu.tr\/isletme-bolumu\/#\/schema\/person\/6a81be209243d40fe84d7d97850c4c7b"},"breadcrumb":{"@id":"http:\/\/ticaret.edu.tr\/isletme-bolumu\/2019\/04\/11\/kobilerde-kurumsallasma-ve-kuresellesme-isimli-soylesi-duzenlenmistir\/#breadcrumb"},"inLanguage":"tr","potentialAction":[{"@type":"ReadAction","target":["http:\/\/ticaret.edu.tr\/isletme-bolumu\/2019\/04\/11\/kobilerde-kurumsallasma-ve-kuresellesme-isimli-soylesi-duzenlenmistir\/"]}]},{"@type":"BreadcrumbList","@id":"http:\/\/ticaret.edu.tr\/isletme-bolumu\/2019\/04\/11\/kobilerde-kurumsallasma-ve-kuresellesme-isimli-soylesi-duzenlenmistir\/#breadcrumb","itemListElement":[{"@type":"ListItem","position":1,"name":"Ana sayfa","item":"http:\/\/ticaret.edu.tr\/isletme-bolumu\/en\/"},{"@type":"ListItem","position":2,"name":"\u201cKobi\u2019lerde Kurumsalla\u015fma ve K\u00fcreselle\u015fme\u201d \u0130simli S\u00f6yle\u015fi D\u00fczenlenmi\u015ftir."}]},{"@type":"WebSite","@id":"https:\/\/ticaret.edu.tr\/isletme-bolumu\/#website","url":"https:\/\/ticaret.edu.tr\/isletme-bolumu\/","name":"\u0130\u015fletme","description":"","potentialAction":[{"@type":"SearchAction","target":{"@type":"EntryPoint","urlTemplate":"https:\/\/ticaret.edu.tr\/isletme-bolumu\/?s={search_term_string}"},"query-input":"required name=search_term_string"}],"inLanguage":"tr"},{"@type":"Person","@id":"https:\/\/ticaret.edu.tr\/isletme-bolumu\/#\/schema\/person\/6a81be209243d40fe84d7d97850c4c7b","name":"hnhatipoglu","image":{"@type":"ImageObject","inLanguage":"tr","@id":"https:\/\/ticaret.edu.tr\/isletme-bolumu\/#\/schema\/person\/image\/","url":"http:\/\/1.gravatar.com\/avatar\/acb9c2e8f6521a0264a11dd0a981cfc5?s=96&d=mm&r=g","contentUrl":"http:\/\/1.gravatar.com\/avatar\/acb9c2e8f6521a0264a11dd0a981cfc5?s=96&d=mm&r=g","caption":"hnhatipoglu"},"url":"http:\/\/ticaret.edu.tr\/isletme-bolumu\/author\/hnhatipoglu\/"}]}},"lang":"tr","translations":{"tr":116},"pll_sync_post":[],"_links":{"self":[{"href":"http:\/\/ticaret.edu.tr\/isletme-bolumu\/wp-json\/wp\/v2\/posts\/116"}],"collection":[{"href":"http:\/\/ticaret.edu.tr\/isletme-bolumu\/wp-json\/wp\/v2\/posts"}],"about":[{"href":"http:\/\/ticaret.edu.tr\/isletme-bolumu\/wp-json\/wp\/v2\/types\/post"}],"author":[{"embeddable":true,"href":"http:\/\/ticaret.edu.tr\/isletme-bolumu\/wp-json\/wp\/v2\/users\/58"}],"replies":[{"embeddable":true,"href":"http:\/\/ticaret.edu.tr\/isletme-bolumu\/wp-json\/wp\/v2\/comments?post=116"}],"version-history":[{"count":3,"href":"http:\/\/ticaret.edu.tr\/isletme-bolumu\/wp-json\/wp\/v2\/posts\/116\/revisions"}],"predecessor-version":[{"id":145,"href":"http:\/\/ticaret.edu.tr\/isletme-bolumu\/wp-json\/wp\/v2\/posts\/116\/revisions\/145"}],"wp:featuredmedia":[{"embeddable":true,"href":"http:\/\/ticaret.edu.tr\/isletme-bolumu\/wp-json\/wp\/v2\/media\/348"}],"wp:attachment":[{"href":"http:\/\/ticaret.edu.tr\/isletme-bolumu\/wp-json\/wp\/v2\/media?parent=116"}],"wp:term":[{"taxonomy":"category","embeddable":true,"href":"http:\/\/ticaret.edu.tr\/isletme-bolumu\/wp-json\/wp\/v2\/categories?post=116"},{"taxonomy":"post_tag","embeddable":true,"href":"http:\/\/ticaret.edu.tr\/isletme-bolumu\/wp-json\/wp\/v2\/tags?post=116"}],"curies":[{"name":"wp","href":"https:\/\/api.w.org\/{rel}","templated":true}]}}