{"id":1398,"date":"2023-02-03T09:54:41","date_gmt":"2023-02-03T06:54:41","guid":{"rendered":"https:\/\/ticaret.edu.tr\/isletme-bolumu\/?p=1398"},"modified":"2023-02-03T09:54:41","modified_gmt":"2023-02-03T06:54:41","slug":"isletme-toplulugu-erbakan-malkoc-ile-is-dunyasi-konferansini-gerceklestirdi","status":"publish","type":"post","link":"http:\/\/ticaret.edu.tr\/isletme-bolumu\/2023\/02\/03\/isletme-toplulugu-erbakan-malkoc-ile-is-dunyasi-konferansini-gerceklestirdi\/","title":{"rendered":"\u0130\u015fletme Toplulu\u011fu Erbakan Malko\u00e7 ile \u0130\u015f D\u00fcnyas\u0131 Konferans\u0131n\u0131 Ger\u00e7ekle\u015ftirdi"},"content":{"rendered":"<p><strong>\u0130\u015f D\u00fcnyas\u0131 Konferans\u0131: Erbakan Malko\u00e7<\/strong><\/p>\n<p>\u0130stanbul Ticaret \u00dcniversitesi \u0130\u015fletme Toplulu\u011fu taraf\u0131ndan d\u00fczenlenen 2022-2023 E\u011fitim ve \u00d6\u011fretim D\u00f6nemi\u2019nin ilk \u0130\u015f D\u00fcnyas\u0131 Konferans\u0131 03.11.2022 tarihinde ger\u00e7ekle\u015ftirildi. Etkinli\u011fe; Otomotiv sekt\u00f6r\u00fcnde \u00e7\u0131\u011f\u0131r a\u00e7an, \u00c7\u0131lg\u0131n T\u00fcrk Erbakan Malko\u00e7 konuk oldu.<\/p>\n<p>\u0130\u015fletme B\u00f6l\u00fcm Ba\u015fkan\u0131 Prof. Dr. Ahu Tu\u011fba Karabulut\u2019un, Ar\u015f. G\u00f6rv. H\u00fcmeyra Nur Hatipo\u011flu\u2019nun ve \u0130\u015fletme Toplulu\u011fu Ba\u015fkan\u0131 Emirhan Algan\u2019\u0131n a\u00e7\u0131l\u0131\u015f konu\u015fmas\u0131yla ba\u015flayan etkinlik, Erbakan Malko\u00e7\u2019un s\u00f6yle\u015fisi ile devam etti. Etkinli\u011fin sonuna do\u011fru sosyal medya arac\u0131l\u0131\u011f\u0131 ile sorulan sorular, Moderat\u00f6r Melisa Malko\u00e7 taraf\u0131ndan Erbakan Malko\u00e7\u2019a y\u00f6neltildi. Ard\u0131ndan salondaki \u00f6\u011frenciler taraf\u0131ndan sorulan sorular yan\u0131tland\u0131.<\/p>\n<p>\u0130\u015fletme B\u00f6l\u00fcm Ba\u015fkan\u0131 Prof. Dr. Ahu Tu\u011fba Karabulut\u2019un ve \u0130\u015fletme Toplulu\u011fu Ba\u015fkan\u0131 Emirhan Algan\u2019\u0131n konu\u011fa plaket ve \u00e7i\u00e7ek takdim etmesiyle etkinlik sona erdi. B\u00fcy\u00fck ilgi g\u00f6ren etkinlikte Erbakan Malko\u00e7, etkinli\u011fi d\u00fczenleyen ve g\u00f6rev alan i\u015fletme toplulu\u011fu y\u00f6netim kurulu ve komisyon \u00fcyeleri ile tek tek tan\u0131\u015f\u0131p sohbet etti.<\/p>\n<p><img loading=\"lazy\" decoding=\"async\" class=\"aligncenter size-full wp-image-1399\" src=\"http:\/\/ticaret.edu.tr\/isletme-bolumu\/wp-content\/uploads\/sites\/8\/2023\/02\/WhatsApp-Image-2022-12-26-at-20.02.48-1.jpeg\" alt=\"\" width=\"1024\" height=\"768\" srcset=\"http:\/\/ticaret.edu.tr\/isletme-bolumu\/wp-content\/uploads\/sites\/8\/2023\/02\/WhatsApp-Image-2022-12-26-at-20.02.48-1.jpeg 1024w, http:\/\/ticaret.edu.tr\/isletme-bolumu\/wp-content\/uploads\/sites\/8\/2023\/02\/WhatsApp-Image-2022-12-26-at-20.02.48-1-300x225.jpeg 300w, http:\/\/ticaret.edu.tr\/isletme-bolumu\/wp-content\/uploads\/sites\/8\/2023\/02\/WhatsApp-Image-2022-12-26-at-20.02.48-1-768x576.jpeg 768w\" sizes=\"(max-width: 1024px) 100vw, 1024px\" \/><img loading=\"lazy\" decoding=\"async\" class=\"aligncenter size-full wp-image-1400\" src=\"http:\/\/ticaret.edu.tr\/isletme-bolumu\/wp-content\/uploads\/sites\/8\/2023\/02\/WhatsApp-Image-2022-12-26-at-20.02.48.jpeg\" alt=\"\" width=\"1024\" height=\"768\" srcset=\"http:\/\/ticaret.edu.tr\/isletme-bolumu\/wp-content\/uploads\/sites\/8\/2023\/02\/WhatsApp-Image-2022-12-26-at-20.02.48.jpeg 1024w, http:\/\/ticaret.edu.tr\/isletme-bolumu\/wp-content\/uploads\/sites\/8\/2023\/02\/WhatsApp-Image-2022-12-26-at-20.02.48-300x225.jpeg 300w, http:\/\/ticaret.edu.tr\/isletme-bolumu\/wp-content\/uploads\/sites\/8\/2023\/02\/WhatsApp-Image-2022-12-26-at-20.02.48-768x576.jpeg 768w\" sizes=\"(max-width: 1024px) 100vw, 1024px\" \/><\/p>\n<p>&nbsp;<\/p>\n","protected":false},"excerpt":{"rendered":"<p>\u0130\u015f D\u00fcnyas\u0131 Konferans\u0131: Erbakan Malko\u00e7 \u0130stanbul Ticaret \u00dcniversitesi \u0130\u015fletme Toplulu\u011fu taraf\u0131ndan d\u00fczenlenen 2022-2023 E\u011fitim ve \u00d6\u011fretim D\u00f6nemi\u2019nin ilk \u0130\u015f D\u00fcnyas\u0131 Konferans\u0131 03.11.2022 tarihinde ger\u00e7ekle\u015ftirildi. Etkinli\u011fe; Otomotiv sekt\u00f6r\u00fcnde \u00e7\u0131\u011f\u0131r a\u00e7an, \u00c7\u0131lg\u0131n T\u00fcrk Erbakan Malko\u00e7 konuk oldu. \u0130\u015fletme B\u00f6l\u00fcm Ba\u015fkan\u0131 Prof. Dr. Ahu Tu\u011fba Karabulut\u2019un, Ar\u015f. G\u00f6rv. H\u00fcmeyra Nur Hatipo\u011flu\u2019nun ve \u0130\u015fletme Toplulu\u011fu Ba\u015fkan\u0131 Emirhan Algan\u2019\u0131n a\u00e7\u0131l\u0131\u015f [&hellip;]<\/p>\n","protected":false},"author":58,"featured_media":1400,"comment_status":"closed","ping_status":"closed","sticky":false,"template":"","format":"standard","meta":{"footnotes":""},"categories":[2],"tags":[],"yoast_head":"<!-- This site is optimized with the Yoast SEO Premium plugin v22.1 (Yoast SEO v22.1) - https:\/\/yoast.com\/wordpress\/plugins\/seo\/ -->\n<title>\u0130\u015fletme Toplulu\u011fu Erbakan Malko\u00e7 ile \u0130\u015f D\u00fcnyas\u0131 Konferans\u0131n\u0131 Ger\u00e7ekle\u015ftirdi - Haberler - \u0130\u015fletme<\/title>\n<meta name=\"robots\" content=\"index, follow, max-snippet:-1, max-image-preview:large, max-video-preview:-1\" \/>\n<link rel=\"canonical\" href=\"http:\/\/ticaret.edu.tr\/isletme-bolumu\/2023\/02\/03\/isletme-toplulugu-erbakan-malkoc-ile-is-dunyasi-konferansini-gerceklestirdi\/\" \/>\n<meta property=\"og:locale\" content=\"tr_TR\" \/>\n<meta property=\"og:type\" content=\"article\" \/>\n<meta property=\"og:title\" content=\"\u0130\u015fletme Toplulu\u011fu Erbakan Malko\u00e7 ile \u0130\u015f D\u00fcnyas\u0131 Konferans\u0131n\u0131 Ger\u00e7ekle\u015ftirdi\" \/>\n<meta property=\"og:description\" content=\"\u0130\u015f D\u00fcnyas\u0131 Konferans\u0131: Erbakan Malko\u00e7 \u0130stanbul Ticaret \u00dcniversitesi \u0130\u015fletme Toplulu\u011fu taraf\u0131ndan d\u00fczenlenen 2022-2023 E\u011fitim ve \u00d6\u011fretim D\u00f6nemi\u2019nin ilk \u0130\u015f D\u00fcnyas\u0131 Konferans\u0131 03.11.2022 tarihinde ger\u00e7ekle\u015ftirildi. Etkinli\u011fe; Otomotiv sekt\u00f6r\u00fcnde \u00e7\u0131\u011f\u0131r a\u00e7an, \u00c7\u0131lg\u0131n T\u00fcrk Erbakan Malko\u00e7 konuk oldu. \u0130\u015fletme B\u00f6l\u00fcm Ba\u015fkan\u0131 Prof. Dr. Ahu Tu\u011fba Karabulut\u2019un, Ar\u015f. G\u00f6rv. H\u00fcmeyra Nur Hatipo\u011flu\u2019nun ve \u0130\u015fletme Toplulu\u011fu Ba\u015fkan\u0131 Emirhan Algan\u2019\u0131n a\u00e7\u0131l\u0131\u015f [&hellip;]\" \/>\n<meta property=\"og:url\" content=\"http:\/\/ticaret.edu.tr\/isletme-bolumu\/2023\/02\/03\/isletme-toplulugu-erbakan-malkoc-ile-is-dunyasi-konferansini-gerceklestirdi\/\" \/>\n<meta property=\"og:site_name\" content=\"\u0130\u015fletme\" \/>\n<meta property=\"article:publisher\" content=\"https:\/\/www.facebook.com\/ticaretedutr\" \/>\n<meta property=\"article:published_time\" content=\"2023-02-03T06:54:41+00:00\" \/>\n<meta property=\"og:image\" content=\"http:\/\/ticaret.edu.tr\/isletme-bolumu\/wp-content\/uploads\/sites\/8\/2023\/02\/WhatsApp-Image-2022-12-26-at-20.02.48.jpeg\" \/>\n\t<meta property=\"og:image:width\" content=\"1024\" \/>\n\t<meta property=\"og:image:height\" content=\"768\" \/>\n\t<meta property=\"og:image:type\" content=\"image\/jpeg\" \/>\n<meta name=\"author\" content=\"hnhatipoglu\" \/>\n<meta name=\"twitter:card\" content=\"summary_large_image\" \/>\n<meta name=\"twitter:creator\" content=\"@ticaretedutr\" \/>\n<meta name=\"twitter:site\" content=\"@ticaretedutr\" \/>\n<meta name=\"twitter:label1\" content=\"Yazan:\" \/>\n\t<meta name=\"twitter:data1\" content=\"hnhatipoglu\" \/>\n\t<meta name=\"twitter:label2\" content=\"Tahmini okuma s\u00fcresi\" \/>\n\t<meta name=\"twitter:data2\" content=\"1 dakika\" \/>\n<script type=\"application\/ld+json\" class=\"yoast-schema-graph\">{\"@context\":\"https:\/\/schema.org\",\"@graph\":[{\"@type\":\"WebPage\",\"@id\":\"http:\/\/ticaret.edu.tr\/isletme-bolumu\/2023\/02\/03\/isletme-toplulugu-erbakan-malkoc-ile-is-dunyasi-konferansini-gerceklestirdi\/\",\"url\":\"http:\/\/ticaret.edu.tr\/isletme-bolumu\/2023\/02\/03\/isletme-toplulugu-erbakan-malkoc-ile-is-dunyasi-konferansini-gerceklestirdi\/\",\"name\":\"\u0130\u015fletme Toplulu\u011fu Erbakan Malko\u00e7 ile \u0130\u015f D\u00fcnyas\u0131 Konferans\u0131n\u0131 Ger\u00e7ekle\u015ftirdi - Haberler - \u0130\u015fletme\",\"isPartOf\":{\"@id\":\"https:\/\/ticaret.edu.tr\/isletme-bolumu\/#website\"},\"datePublished\":\"2023-02-03T06:54:41+00:00\",\"dateModified\":\"2023-02-03T06:54:41+00:00\",\"author\":{\"@id\":\"https:\/\/ticaret.edu.tr\/isletme-bolumu\/#\/schema\/person\/6a81be209243d40fe84d7d97850c4c7b\"},\"breadcrumb\":{\"@id\":\"http:\/\/ticaret.edu.tr\/isletme-bolumu\/2023\/02\/03\/isletme-toplulugu-erbakan-malkoc-ile-is-dunyasi-konferansini-gerceklestirdi\/#breadcrumb\"},\"inLanguage\":\"tr\",\"potentialAction\":[{\"@type\":\"ReadAction\",\"target\":[\"http:\/\/ticaret.edu.tr\/isletme-bolumu\/2023\/02\/03\/isletme-toplulugu-erbakan-malkoc-ile-is-dunyasi-konferansini-gerceklestirdi\/\"]}]},{\"@type\":\"BreadcrumbList\",\"@id\":\"http:\/\/ticaret.edu.tr\/isletme-bolumu\/2023\/02\/03\/isletme-toplulugu-erbakan-malkoc-ile-is-dunyasi-konferansini-gerceklestirdi\/#breadcrumb\",\"itemListElement\":[{\"@type\":\"ListItem\",\"position\":1,\"name\":\"Ana sayfa\",\"item\":\"http:\/\/ticaret.edu.tr\/isletme-bolumu\/en\/\"},{\"@type\":\"ListItem\",\"position\":2,\"name\":\"\u0130\u015fletme Toplulu\u011fu Erbakan Malko\u00e7 ile \u0130\u015f D\u00fcnyas\u0131 Konferans\u0131n\u0131 Ger\u00e7ekle\u015ftirdi\"}]},{\"@type\":\"WebSite\",\"@id\":\"https:\/\/ticaret.edu.tr\/isletme-bolumu\/#website\",\"url\":\"https:\/\/ticaret.edu.tr\/isletme-bolumu\/\",\"name\":\"\u0130\u015fletme\",\"description\":\"\",\"potentialAction\":[{\"@type\":\"SearchAction\",\"target\":{\"@type\":\"EntryPoint\",\"urlTemplate\":\"https:\/\/ticaret.edu.tr\/isletme-bolumu\/?s={search_term_string}\"},\"query-input\":\"required name=search_term_string\"}],\"inLanguage\":\"tr\"},{\"@type\":\"Person\",\"@id\":\"https:\/\/ticaret.edu.tr\/isletme-bolumu\/#\/schema\/person\/6a81be209243d40fe84d7d97850c4c7b\",\"name\":\"hnhatipoglu\",\"image\":{\"@type\":\"ImageObject\",\"inLanguage\":\"tr\",\"@id\":\"https:\/\/ticaret.edu.tr\/isletme-bolumu\/#\/schema\/person\/image\/\",\"url\":\"http:\/\/1.gravatar.com\/avatar\/acb9c2e8f6521a0264a11dd0a981cfc5?s=96&d=mm&r=g\",\"contentUrl\":\"http:\/\/1.gravatar.com\/avatar\/acb9c2e8f6521a0264a11dd0a981cfc5?s=96&d=mm&r=g\",\"caption\":\"hnhatipoglu\"},\"url\":\"http:\/\/ticaret.edu.tr\/isletme-bolumu\/author\/hnhatipoglu\/\"}]}<\/script>\n<!-- \/ Yoast SEO Premium plugin. -->","yoast_head_json":{"title":"\u0130\u015fletme Toplulu\u011fu Erbakan Malko\u00e7 ile \u0130\u015f D\u00fcnyas\u0131 Konferans\u0131n\u0131 Ger\u00e7ekle\u015ftirdi - Haberler - \u0130\u015fletme","robots":{"index":"index","follow":"follow","max-snippet":"max-snippet:-1","max-image-preview":"max-image-preview:large","max-video-preview":"max-video-preview:-1"},"canonical":"http:\/\/ticaret.edu.tr\/isletme-bolumu\/2023\/02\/03\/isletme-toplulugu-erbakan-malkoc-ile-is-dunyasi-konferansini-gerceklestirdi\/","og_locale":"tr_TR","og_type":"article","og_title":"\u0130\u015fletme Toplulu\u011fu Erbakan Malko\u00e7 ile \u0130\u015f D\u00fcnyas\u0131 Konferans\u0131n\u0131 Ger\u00e7ekle\u015ftirdi","og_description":"\u0130\u015f D\u00fcnyas\u0131 Konferans\u0131: Erbakan Malko\u00e7 \u0130stanbul Ticaret \u00dcniversitesi \u0130\u015fletme Toplulu\u011fu taraf\u0131ndan d\u00fczenlenen 2022-2023 E\u011fitim ve \u00d6\u011fretim D\u00f6nemi\u2019nin ilk \u0130\u015f D\u00fcnyas\u0131 Konferans\u0131 03.11.2022 tarihinde ger\u00e7ekle\u015ftirildi. Etkinli\u011fe; Otomotiv sekt\u00f6r\u00fcnde \u00e7\u0131\u011f\u0131r a\u00e7an, \u00c7\u0131lg\u0131n T\u00fcrk Erbakan Malko\u00e7 konuk oldu. \u0130\u015fletme B\u00f6l\u00fcm Ba\u015fkan\u0131 Prof. Dr. Ahu Tu\u011fba Karabulut\u2019un, Ar\u015f. G\u00f6rv. H\u00fcmeyra Nur Hatipo\u011flu\u2019nun ve \u0130\u015fletme Toplulu\u011fu Ba\u015fkan\u0131 Emirhan Algan\u2019\u0131n a\u00e7\u0131l\u0131\u015f [&hellip;]","og_url":"http:\/\/ticaret.edu.tr\/isletme-bolumu\/2023\/02\/03\/isletme-toplulugu-erbakan-malkoc-ile-is-dunyasi-konferansini-gerceklestirdi\/","og_site_name":"\u0130\u015fletme","article_publisher":"https:\/\/www.facebook.com\/ticaretedutr","article_published_time":"2023-02-03T06:54:41+00:00","og_image":[{"width":1024,"height":768,"url":"http:\/\/ticaret.edu.tr\/isletme-bolumu\/wp-content\/uploads\/sites\/8\/2023\/02\/WhatsApp-Image-2022-12-26-at-20.02.48.jpeg","type":"image\/jpeg"}],"author":"hnhatipoglu","twitter_card":"summary_large_image","twitter_creator":"@ticaretedutr","twitter_site":"@ticaretedutr","twitter_misc":{"Yazan:":"hnhatipoglu","Tahmini okuma s\u00fcresi":"1 dakika"},"schema":{"@context":"https:\/\/schema.org","@graph":[{"@type":"WebPage","@id":"http:\/\/ticaret.edu.tr\/isletme-bolumu\/2023\/02\/03\/isletme-toplulugu-erbakan-malkoc-ile-is-dunyasi-konferansini-gerceklestirdi\/","url":"http:\/\/ticaret.edu.tr\/isletme-bolumu\/2023\/02\/03\/isletme-toplulugu-erbakan-malkoc-ile-is-dunyasi-konferansini-gerceklestirdi\/","name":"\u0130\u015fletme Toplulu\u011fu Erbakan Malko\u00e7 ile \u0130\u015f D\u00fcnyas\u0131 Konferans\u0131n\u0131 Ger\u00e7ekle\u015ftirdi - Haberler - \u0130\u015fletme","isPartOf":{"@id":"https:\/\/ticaret.edu.tr\/isletme-bolumu\/#website"},"datePublished":"2023-02-03T06:54:41+00:00","dateModified":"2023-02-03T06:54:41+00:00","author":{"@id":"https:\/\/ticaret.edu.tr\/isletme-bolumu\/#\/schema\/person\/6a81be209243d40fe84d7d97850c4c7b"},"breadcrumb":{"@id":"http:\/\/ticaret.edu.tr\/isletme-bolumu\/2023\/02\/03\/isletme-toplulugu-erbakan-malkoc-ile-is-dunyasi-konferansini-gerceklestirdi\/#breadcrumb"},"inLanguage":"tr","potentialAction":[{"@type":"ReadAction","target":["http:\/\/ticaret.edu.tr\/isletme-bolumu\/2023\/02\/03\/isletme-toplulugu-erbakan-malkoc-ile-is-dunyasi-konferansini-gerceklestirdi\/"]}]},{"@type":"BreadcrumbList","@id":"http:\/\/ticaret.edu.tr\/isletme-bolumu\/2023\/02\/03\/isletme-toplulugu-erbakan-malkoc-ile-is-dunyasi-konferansini-gerceklestirdi\/#breadcrumb","itemListElement":[{"@type":"ListItem","position":1,"name":"Ana sayfa","item":"http:\/\/ticaret.edu.tr\/isletme-bolumu\/en\/"},{"@type":"ListItem","position":2,"name":"\u0130\u015fletme Toplulu\u011fu Erbakan Malko\u00e7 ile \u0130\u015f D\u00fcnyas\u0131 Konferans\u0131n\u0131 Ger\u00e7ekle\u015ftirdi"}]},{"@type":"WebSite","@id":"https:\/\/ticaret.edu.tr\/isletme-bolumu\/#website","url":"https:\/\/ticaret.edu.tr\/isletme-bolumu\/","name":"\u0130\u015fletme","description":"","potentialAction":[{"@type":"SearchAction","target":{"@type":"EntryPoint","urlTemplate":"https:\/\/ticaret.edu.tr\/isletme-bolumu\/?s={search_term_string}"},"query-input":"required name=search_term_string"}],"inLanguage":"tr"},{"@type":"Person","@id":"https:\/\/ticaret.edu.tr\/isletme-bolumu\/#\/schema\/person\/6a81be209243d40fe84d7d97850c4c7b","name":"hnhatipoglu","image":{"@type":"ImageObject","inLanguage":"tr","@id":"https:\/\/ticaret.edu.tr\/isletme-bolumu\/#\/schema\/person\/image\/","url":"http:\/\/1.gravatar.com\/avatar\/acb9c2e8f6521a0264a11dd0a981cfc5?s=96&d=mm&r=g","contentUrl":"http:\/\/1.gravatar.com\/avatar\/acb9c2e8f6521a0264a11dd0a981cfc5?s=96&d=mm&r=g","caption":"hnhatipoglu"},"url":"http:\/\/ticaret.edu.tr\/isletme-bolumu\/author\/hnhatipoglu\/"}]}},"lang":"tr","translations":{"tr":1398},"pll_sync_post":[],"_links":{"self":[{"href":"http:\/\/ticaret.edu.tr\/isletme-bolumu\/wp-json\/wp\/v2\/posts\/1398"}],"collection":[{"href":"http:\/\/ticaret.edu.tr\/isletme-bolumu\/wp-json\/wp\/v2\/posts"}],"about":[{"href":"http:\/\/ticaret.edu.tr\/isletme-bolumu\/wp-json\/wp\/v2\/types\/post"}],"author":[{"embeddable":true,"href":"http:\/\/ticaret.edu.tr\/isletme-bolumu\/wp-json\/wp\/v2\/users\/58"}],"replies":[{"embeddable":true,"href":"http:\/\/ticaret.edu.tr\/isletme-bolumu\/wp-json\/wp\/v2\/comments?post=1398"}],"version-history":[{"count":1,"href":"http:\/\/ticaret.edu.tr\/isletme-bolumu\/wp-json\/wp\/v2\/posts\/1398\/revisions"}],"predecessor-version":[{"id":1401,"href":"http:\/\/ticaret.edu.tr\/isletme-bolumu\/wp-json\/wp\/v2\/posts\/1398\/revisions\/1401"}],"wp:featuredmedia":[{"embeddable":true,"href":"http:\/\/ticaret.edu.tr\/isletme-bolumu\/wp-json\/wp\/v2\/media\/1400"}],"wp:attachment":[{"href":"http:\/\/ticaret.edu.tr\/isletme-bolumu\/wp-json\/wp\/v2\/media?parent=1398"}],"wp:term":[{"taxonomy":"category","embeddable":true,"href":"http:\/\/ticaret.edu.tr\/isletme-bolumu\/wp-json\/wp\/v2\/categories?post=1398"},{"taxonomy":"post_tag","embeddable":true,"href":"http:\/\/ticaret.edu.tr\/isletme-bolumu\/wp-json\/wp\/v2\/tags?post=1398"}],"curies":[{"name":"wp","href":"https:\/\/api.w.org\/{rel}","templated":true}]}}