{"id":1452,"date":"2023-06-09T14:00:25","date_gmt":"2023-06-09T11:00:25","guid":{"rendered":"https:\/\/ticaret.edu.tr\/isletme-bolumu\/?p=1452"},"modified":"2023-06-09T14:00:25","modified_gmt":"2023-06-09T11:00:25","slug":"isletme-bolumu-ve-isletme-toplulugu-istanbul-ticaret-odasi-proje-ve-is-gelistirme-mudurlugu-uzman-yardimcisi-hamidettin-yucelin-katilimi-ile-ito-istanbul-ticaret-universitesi-kariye","status":"publish","type":"post","link":"http:\/\/ticaret.edu.tr\/isletme-bolumu\/2023\/06\/09\/isletme-bolumu-ve-isletme-toplulugu-istanbul-ticaret-odasi-proje-ve-is-gelistirme-mudurlugu-uzman-yardimcisi-hamidettin-yucelin-katilimi-ile-ito-istanbul-ticaret-universitesi-kariye\/","title":{"rendered":"\u0130\u015fletme B\u00f6l\u00fcm\u00fc ve \u0130\u015fletme Toplulu\u011fu, \u0130stanbul Ticaret Odas\u0131 Proje ve \u0130\u015f Geli\u015ftirme M\u00fcd\u00fcrl\u00fc\u011f\u00fc Uzman Yard\u0131mc\u0131s\u0131 Hamidettin Y\u00fccel\u2019in Kat\u0131l\u0131m\u0131 ile \u201c\u0130TO-\u0130stanbul Ticaret \u00dcniversitesi Kariyer \u0130\u015fbirlikleri\u201d Etkinli\u011fini Ger\u00e7ekle\u015ftirdi."},"content":{"rendered":"<p>\u0130stanbul Ticaret \u00dcniversitesi \u0130\u015fletme B\u00f6l\u00fcm\u00fc ve \u0130\u015fletme Toplulu\u011fu, 16 May\u0131s 2023 tarihinde Sal\u0131 g\u00fcn\u00fc \u0130stanbul Ticaret Odas\u0131 Proje ve \u0130\u015f Geli\u015ftirme M\u00fcd\u00fcrl\u00fc\u011f\u00fc Uzman Yard\u0131mc\u0131s\u0131 Hamidettin Y\u00fccel\u2019in Kat\u0131l\u0131m\u0131 ile bir etkinlik ger\u00e7ekle\u015ftirdi. Etkinlik \u0130\u015fletme B\u00f6l\u00fcm Ba\u015fkan\u0131 Prof. Dr. Ahu Tu\u011fba Karabulut\u2019un a\u00e7\u0131l\u0131\u015f konu\u015fmas\u0131 ile ba\u015flad\u0131. \u0130\u015fletme Toplulu\u011fu Ba\u015fkan Yard\u0131mc\u0131s\u0131 Naim Toker\u2019in moderat\u00f6rl\u00fc\u011f\u00fcnde \u0130TO ve \u0130stanbul Ticaret \u00dcniversitesi aras\u0131nda ger\u00e7ekle\u015fen i\u015fbirlikleri hakk\u0131nda sorular\u0131n konu\u011fumuz taraf\u0131ndan cevapland\u0131r\u0131lmas\u0131 ile devam etti. Etkinlik, \u0130\u015fletme Toplulu\u011fu Ba\u015fkan\u0131 Emirhan Algan\u2019\u0131n te\u015fekk\u00fcr sertifikas\u0131n\u0131 konu\u011fa takdim etmesiyle son buldu.<\/p>\n<p>Etkinli\u011fin videosu \u0130stanbul Ticaret \u00dcniversitesi YouTube kanal\u0131nda <a href=\"https:\/\/www.youtube.com\/watch?v=vfiv3oWMkDk\">https:\/\/www.youtube.com\/watch?v=vfiv3oWMkDk<\/a> linkinden eri\u015filmektedir.<\/p>\n<p><strong> <img loading=\"lazy\" decoding=\"async\" class=\"aligncenter size-large wp-image-1448\" src=\"http:\/\/ticaret.edu.tr\/isletme-bolumu\/wp-content\/uploads\/sites\/8\/2023\/06\/WhatsApp-Image-2023-06-09-at-11.33.36-1-1024x768.jpeg\" alt=\"\" width=\"1024\" height=\"768\" srcset=\"http:\/\/ticaret.edu.tr\/isletme-bolumu\/wp-content\/uploads\/sites\/8\/2023\/06\/WhatsApp-Image-2023-06-09-at-11.33.36-1-1024x768.jpeg 1024w, http:\/\/ticaret.edu.tr\/isletme-bolumu\/wp-content\/uploads\/sites\/8\/2023\/06\/WhatsApp-Image-2023-06-09-at-11.33.36-1-300x225.jpeg 300w, http:\/\/ticaret.edu.tr\/isletme-bolumu\/wp-content\/uploads\/sites\/8\/2023\/06\/WhatsApp-Image-2023-06-09-at-11.33.36-1-768x576.jpeg 768w, http:\/\/ticaret.edu.tr\/isletme-bolumu\/wp-content\/uploads\/sites\/8\/2023\/06\/WhatsApp-Image-2023-06-09-at-11.33.36-1-1536x1152.jpeg 1536w, http:\/\/ticaret.edu.tr\/isletme-bolumu\/wp-content\/uploads\/sites\/8\/2023\/06\/WhatsApp-Image-2023-06-09-at-11.33.36-1.jpeg 2048w\" sizes=\"(max-width: 1024px) 100vw, 1024px\" \/><\/strong><\/p>\n<p><strong> <img loading=\"lazy\" decoding=\"async\" class=\"aligncenter size-large wp-image-1449\" src=\"http:\/\/ticaret.edu.tr\/isletme-bolumu\/wp-content\/uploads\/sites\/8\/2023\/06\/WhatsApp-Image-2023-06-09-at-11.33.06-1024x768.jpeg\" alt=\"\" width=\"1024\" height=\"768\" srcset=\"http:\/\/ticaret.edu.tr\/isletme-bolumu\/wp-content\/uploads\/sites\/8\/2023\/06\/WhatsApp-Image-2023-06-09-at-11.33.06-1024x768.jpeg 1024w, http:\/\/ticaret.edu.tr\/isletme-bolumu\/wp-content\/uploads\/sites\/8\/2023\/06\/WhatsApp-Image-2023-06-09-at-11.33.06-300x225.jpeg 300w, http:\/\/ticaret.edu.tr\/isletme-bolumu\/wp-content\/uploads\/sites\/8\/2023\/06\/WhatsApp-Image-2023-06-09-at-11.33.06-768x576.jpeg 768w, http:\/\/ticaret.edu.tr\/isletme-bolumu\/wp-content\/uploads\/sites\/8\/2023\/06\/WhatsApp-Image-2023-06-09-at-11.33.06-1536x1152.jpeg 1536w, http:\/\/ticaret.edu.tr\/isletme-bolumu\/wp-content\/uploads\/sites\/8\/2023\/06\/WhatsApp-Image-2023-06-09-at-11.33.06.jpeg 2048w\" sizes=\"(max-width: 1024px) 100vw, 1024px\" \/><\/strong><\/p>\n","protected":false},"excerpt":{"rendered":"<p>\u0130stanbul Ticaret \u00dcniversitesi \u0130\u015fletme B\u00f6l\u00fcm\u00fc ve \u0130\u015fletme Toplulu\u011fu, 16 May\u0131s 2023 tarihinde Sal\u0131 g\u00fcn\u00fc \u0130stanbul Ticaret Odas\u0131 Proje ve \u0130\u015f Geli\u015ftirme M\u00fcd\u00fcrl\u00fc\u011f\u00fc Uzman Yard\u0131mc\u0131s\u0131 Hamidettin Y\u00fccel\u2019in Kat\u0131l\u0131m\u0131 ile bir etkinlik ger\u00e7ekle\u015ftirdi. Etkinlik \u0130\u015fletme B\u00f6l\u00fcm Ba\u015fkan\u0131 Prof. Dr. Ahu Tu\u011fba Karabulut\u2019un a\u00e7\u0131l\u0131\u015f konu\u015fmas\u0131 ile ba\u015flad\u0131. \u0130\u015fletme Toplulu\u011fu Ba\u015fkan Yard\u0131mc\u0131s\u0131 Naim Toker\u2019in moderat\u00f6rl\u00fc\u011f\u00fcnde \u0130TO ve \u0130stanbul Ticaret [&hellip;]<\/p>\n","protected":false},"author":58,"featured_media":1418,"comment_status":"closed","ping_status":"closed","sticky":false,"template":"","format":"standard","meta":{"footnotes":""},"categories":[2],"tags":[],"yoast_head":"<!-- This site is optimized with the Yoast SEO Premium plugin v22.1 (Yoast SEO v22.1) - https:\/\/yoast.com\/wordpress\/plugins\/seo\/ -->\n<title>\u0130\u015fletme B\u00f6l\u00fcm\u00fc ve \u0130\u015fletme Toplulu\u011fu, \u0130stanbul Ticaret Odas\u0131 Proje ve \u0130\u015f Geli\u015ftirme M\u00fcd\u00fcrl\u00fc\u011f\u00fc Uzman Yard\u0131mc\u0131s\u0131 Hamidettin Y\u00fccel\u2019in Kat\u0131l\u0131m\u0131 ile \u201c\u0130TO-\u0130stanbul Ticaret \u00dcniversitesi Kariyer \u0130\u015fbirlikleri\u201d Etkinli\u011fini Ger\u00e7ekle\u015ftirdi. - Haberler - \u0130\u015fletme<\/title>\n<meta name=\"robots\" content=\"index, follow, max-snippet:-1, max-image-preview:large, max-video-preview:-1\" \/>\n<link rel=\"canonical\" href=\"http:\/\/ticaret.edu.tr\/isletme-bolumu\/2023\/06\/09\/isletme-bolumu-ve-isletme-toplulugu-istanbul-ticaret-odasi-proje-ve-is-gelistirme-mudurlugu-uzman-yardimcisi-hamidettin-yucelin-katilimi-ile-ito-istanbul-ticaret-universitesi-kariye\/\" \/>\n<meta property=\"og:locale\" content=\"tr_TR\" \/>\n<meta property=\"og:type\" content=\"article\" \/>\n<meta property=\"og:title\" content=\"\u0130\u015fletme B\u00f6l\u00fcm\u00fc ve \u0130\u015fletme Toplulu\u011fu, \u0130stanbul Ticaret Odas\u0131 Proje ve \u0130\u015f Geli\u015ftirme M\u00fcd\u00fcrl\u00fc\u011f\u00fc Uzman Yard\u0131mc\u0131s\u0131 Hamidettin Y\u00fccel\u2019in Kat\u0131l\u0131m\u0131 ile \u201c\u0130TO-\u0130stanbul Ticaret \u00dcniversitesi Kariyer \u0130\u015fbirlikleri\u201d Etkinli\u011fini Ger\u00e7ekle\u015ftirdi.\" \/>\n<meta property=\"og:description\" content=\"\u0130stanbul Ticaret \u00dcniversitesi \u0130\u015fletme B\u00f6l\u00fcm\u00fc ve \u0130\u015fletme Toplulu\u011fu, 16 May\u0131s 2023 tarihinde Sal\u0131 g\u00fcn\u00fc \u0130stanbul Ticaret Odas\u0131 Proje ve \u0130\u015f Geli\u015ftirme M\u00fcd\u00fcrl\u00fc\u011f\u00fc Uzman Yard\u0131mc\u0131s\u0131 Hamidettin Y\u00fccel\u2019in Kat\u0131l\u0131m\u0131 ile bir etkinlik ger\u00e7ekle\u015ftirdi. Etkinlik \u0130\u015fletme B\u00f6l\u00fcm Ba\u015fkan\u0131 Prof. Dr. Ahu Tu\u011fba Karabulut\u2019un a\u00e7\u0131l\u0131\u015f konu\u015fmas\u0131 ile ba\u015flad\u0131. \u0130\u015fletme Toplulu\u011fu Ba\u015fkan Yard\u0131mc\u0131s\u0131 Naim Toker\u2019in moderat\u00f6rl\u00fc\u011f\u00fcnde \u0130TO ve \u0130stanbul Ticaret [&hellip;]\" \/>\n<meta property=\"og:url\" content=\"http:\/\/ticaret.edu.tr\/isletme-bolumu\/2023\/06\/09\/isletme-bolumu-ve-isletme-toplulugu-istanbul-ticaret-odasi-proje-ve-is-gelistirme-mudurlugu-uzman-yardimcisi-hamidettin-yucelin-katilimi-ile-ito-istanbul-ticaret-universitesi-kariye\/\" \/>\n<meta property=\"og:site_name\" content=\"\u0130\u015fletme\" \/>\n<meta property=\"article:publisher\" content=\"https:\/\/www.facebook.com\/ticaretedutr\" \/>\n<meta property=\"article:published_time\" content=\"2023-06-09T11:00:25+00:00\" \/>\n<meta property=\"og:image\" content=\"http:\/\/ticaret.edu.tr\/isletme-bolumu\/wp-content\/uploads\/sites\/8\/2023\/05\/sertac-hamza-etkinlik-haberi-2.jpeg\" \/>\n\t<meta property=\"og:image:width\" content=\"1024\" \/>\n\t<meta property=\"og:image:height\" content=\"591\" \/>\n\t<meta property=\"og:image:type\" content=\"image\/jpeg\" \/>\n<meta name=\"author\" content=\"hnhatipoglu\" \/>\n<meta name=\"twitter:card\" content=\"summary_large_image\" \/>\n<meta name=\"twitter:creator\" content=\"@ticaretedutr\" \/>\n<meta name=\"twitter:site\" content=\"@ticaretedutr\" \/>\n<meta name=\"twitter:label1\" content=\"Yazan:\" \/>\n\t<meta name=\"twitter:data1\" content=\"hnhatipoglu\" \/>\n\t<meta name=\"twitter:label2\" content=\"Tahmini okuma s\u00fcresi\" \/>\n\t<meta name=\"twitter:data2\" content=\"1 dakika\" \/>\n<script type=\"application\/ld+json\" class=\"yoast-schema-graph\">{\"@context\":\"https:\/\/schema.org\",\"@graph\":[{\"@type\":\"WebPage\",\"@id\":\"http:\/\/ticaret.edu.tr\/isletme-bolumu\/2023\/06\/09\/isletme-bolumu-ve-isletme-toplulugu-istanbul-ticaret-odasi-proje-ve-is-gelistirme-mudurlugu-uzman-yardimcisi-hamidettin-yucelin-katilimi-ile-ito-istanbul-ticaret-universitesi-kariye\/\",\"url\":\"http:\/\/ticaret.edu.tr\/isletme-bolumu\/2023\/06\/09\/isletme-bolumu-ve-isletme-toplulugu-istanbul-ticaret-odasi-proje-ve-is-gelistirme-mudurlugu-uzman-yardimcisi-hamidettin-yucelin-katilimi-ile-ito-istanbul-ticaret-universitesi-kariye\/\",\"name\":\"\u0130\u015fletme B\u00f6l\u00fcm\u00fc ve \u0130\u015fletme Toplulu\u011fu, \u0130stanbul Ticaret Odas\u0131 Proje ve \u0130\u015f Geli\u015ftirme M\u00fcd\u00fcrl\u00fc\u011f\u00fc Uzman Yard\u0131mc\u0131s\u0131 Hamidettin Y\u00fccel\u2019in Kat\u0131l\u0131m\u0131 ile \u201c\u0130TO-\u0130stanbul Ticaret \u00dcniversitesi Kariyer \u0130\u015fbirlikleri\u201d Etkinli\u011fini Ger\u00e7ekle\u015ftirdi. - Haberler - \u0130\u015fletme\",\"isPartOf\":{\"@id\":\"https:\/\/ticaret.edu.tr\/isletme-bolumu\/#website\"},\"datePublished\":\"2023-06-09T11:00:25+00:00\",\"dateModified\":\"2023-06-09T11:00:25+00:00\",\"author\":{\"@id\":\"https:\/\/ticaret.edu.tr\/isletme-bolumu\/#\/schema\/person\/6a81be209243d40fe84d7d97850c4c7b\"},\"breadcrumb\":{\"@id\":\"http:\/\/ticaret.edu.tr\/isletme-bolumu\/2023\/06\/09\/isletme-bolumu-ve-isletme-toplulugu-istanbul-ticaret-odasi-proje-ve-is-gelistirme-mudurlugu-uzman-yardimcisi-hamidettin-yucelin-katilimi-ile-ito-istanbul-ticaret-universitesi-kariye\/#breadcrumb\"},\"inLanguage\":\"tr\",\"potentialAction\":[{\"@type\":\"ReadAction\",\"target\":[\"http:\/\/ticaret.edu.tr\/isletme-bolumu\/2023\/06\/09\/isletme-bolumu-ve-isletme-toplulugu-istanbul-ticaret-odasi-proje-ve-is-gelistirme-mudurlugu-uzman-yardimcisi-hamidettin-yucelin-katilimi-ile-ito-istanbul-ticaret-universitesi-kariye\/\"]}]},{\"@type\":\"BreadcrumbList\",\"@id\":\"http:\/\/ticaret.edu.tr\/isletme-bolumu\/2023\/06\/09\/isletme-bolumu-ve-isletme-toplulugu-istanbul-ticaret-odasi-proje-ve-is-gelistirme-mudurlugu-uzman-yardimcisi-hamidettin-yucelin-katilimi-ile-ito-istanbul-ticaret-universitesi-kariye\/#breadcrumb\",\"itemListElement\":[{\"@type\":\"ListItem\",\"position\":1,\"name\":\"Ana sayfa\",\"item\":\"http:\/\/ticaret.edu.tr\/isletme-bolumu\/en\/\"},{\"@type\":\"ListItem\",\"position\":2,\"name\":\"\u0130\u015fletme B\u00f6l\u00fcm\u00fc ve \u0130\u015fletme Toplulu\u011fu, \u0130stanbul Ticaret Odas\u0131 Proje ve \u0130\u015f Geli\u015ftirme M\u00fcd\u00fcrl\u00fc\u011f\u00fc Uzman Yard\u0131mc\u0131s\u0131 Hamidettin Y\u00fccel\u2019in Kat\u0131l\u0131m\u0131 ile \u201c\u0130TO-\u0130stanbul Ticaret \u00dcniversitesi Kariyer \u0130\u015fbirlikleri\u201d Etkinli\u011fini Ger\u00e7ekle\u015ftirdi.\"}]},{\"@type\":\"WebSite\",\"@id\":\"https:\/\/ticaret.edu.tr\/isletme-bolumu\/#website\",\"url\":\"https:\/\/ticaret.edu.tr\/isletme-bolumu\/\",\"name\":\"\u0130\u015fletme\",\"description\":\"\",\"potentialAction\":[{\"@type\":\"SearchAction\",\"target\":{\"@type\":\"EntryPoint\",\"urlTemplate\":\"https:\/\/ticaret.edu.tr\/isletme-bolumu\/?s={search_term_string}\"},\"query-input\":\"required name=search_term_string\"}],\"inLanguage\":\"tr\"},{\"@type\":\"Person\",\"@id\":\"https:\/\/ticaret.edu.tr\/isletme-bolumu\/#\/schema\/person\/6a81be209243d40fe84d7d97850c4c7b\",\"name\":\"hnhatipoglu\",\"image\":{\"@type\":\"ImageObject\",\"inLanguage\":\"tr\",\"@id\":\"https:\/\/ticaret.edu.tr\/isletme-bolumu\/#\/schema\/person\/image\/\",\"url\":\"http:\/\/1.gravatar.com\/avatar\/acb9c2e8f6521a0264a11dd0a981cfc5?s=96&d=mm&r=g\",\"contentUrl\":\"http:\/\/1.gravatar.com\/avatar\/acb9c2e8f6521a0264a11dd0a981cfc5?s=96&d=mm&r=g\",\"caption\":\"hnhatipoglu\"},\"url\":\"http:\/\/ticaret.edu.tr\/isletme-bolumu\/author\/hnhatipoglu\/\"}]}<\/script>\n<!-- \/ Yoast SEO Premium plugin. -->","yoast_head_json":{"title":"\u0130\u015fletme B\u00f6l\u00fcm\u00fc ve \u0130\u015fletme Toplulu\u011fu, \u0130stanbul Ticaret Odas\u0131 Proje ve \u0130\u015f Geli\u015ftirme M\u00fcd\u00fcrl\u00fc\u011f\u00fc Uzman Yard\u0131mc\u0131s\u0131 Hamidettin Y\u00fccel\u2019in Kat\u0131l\u0131m\u0131 ile \u201c\u0130TO-\u0130stanbul Ticaret \u00dcniversitesi Kariyer \u0130\u015fbirlikleri\u201d Etkinli\u011fini Ger\u00e7ekle\u015ftirdi. - Haberler - \u0130\u015fletme","robots":{"index":"index","follow":"follow","max-snippet":"max-snippet:-1","max-image-preview":"max-image-preview:large","max-video-preview":"max-video-preview:-1"},"canonical":"http:\/\/ticaret.edu.tr\/isletme-bolumu\/2023\/06\/09\/isletme-bolumu-ve-isletme-toplulugu-istanbul-ticaret-odasi-proje-ve-is-gelistirme-mudurlugu-uzman-yardimcisi-hamidettin-yucelin-katilimi-ile-ito-istanbul-ticaret-universitesi-kariye\/","og_locale":"tr_TR","og_type":"article","og_title":"\u0130\u015fletme B\u00f6l\u00fcm\u00fc ve \u0130\u015fletme Toplulu\u011fu, \u0130stanbul Ticaret Odas\u0131 Proje ve \u0130\u015f Geli\u015ftirme M\u00fcd\u00fcrl\u00fc\u011f\u00fc Uzman Yard\u0131mc\u0131s\u0131 Hamidettin Y\u00fccel\u2019in Kat\u0131l\u0131m\u0131 ile \u201c\u0130TO-\u0130stanbul Ticaret \u00dcniversitesi Kariyer \u0130\u015fbirlikleri\u201d Etkinli\u011fini Ger\u00e7ekle\u015ftirdi.","og_description":"\u0130stanbul Ticaret \u00dcniversitesi \u0130\u015fletme B\u00f6l\u00fcm\u00fc ve \u0130\u015fletme Toplulu\u011fu, 16 May\u0131s 2023 tarihinde Sal\u0131 g\u00fcn\u00fc \u0130stanbul Ticaret Odas\u0131 Proje ve \u0130\u015f Geli\u015ftirme M\u00fcd\u00fcrl\u00fc\u011f\u00fc Uzman Yard\u0131mc\u0131s\u0131 Hamidettin Y\u00fccel\u2019in Kat\u0131l\u0131m\u0131 ile bir etkinlik ger\u00e7ekle\u015ftirdi. Etkinlik \u0130\u015fletme B\u00f6l\u00fcm Ba\u015fkan\u0131 Prof. Dr. Ahu Tu\u011fba Karabulut\u2019un a\u00e7\u0131l\u0131\u015f konu\u015fmas\u0131 ile ba\u015flad\u0131. \u0130\u015fletme Toplulu\u011fu Ba\u015fkan Yard\u0131mc\u0131s\u0131 Naim Toker\u2019in moderat\u00f6rl\u00fc\u011f\u00fcnde \u0130TO ve \u0130stanbul Ticaret [&hellip;]","og_url":"http:\/\/ticaret.edu.tr\/isletme-bolumu\/2023\/06\/09\/isletme-bolumu-ve-isletme-toplulugu-istanbul-ticaret-odasi-proje-ve-is-gelistirme-mudurlugu-uzman-yardimcisi-hamidettin-yucelin-katilimi-ile-ito-istanbul-ticaret-universitesi-kariye\/","og_site_name":"\u0130\u015fletme","article_publisher":"https:\/\/www.facebook.com\/ticaretedutr","article_published_time":"2023-06-09T11:00:25+00:00","og_image":[{"width":1024,"height":591,"url":"http:\/\/ticaret.edu.tr\/isletme-bolumu\/wp-content\/uploads\/sites\/8\/2023\/05\/sertac-hamza-etkinlik-haberi-2.jpeg","type":"image\/jpeg"}],"author":"hnhatipoglu","twitter_card":"summary_large_image","twitter_creator":"@ticaretedutr","twitter_site":"@ticaretedutr","twitter_misc":{"Yazan:":"hnhatipoglu","Tahmini okuma s\u00fcresi":"1 dakika"},"schema":{"@context":"https:\/\/schema.org","@graph":[{"@type":"WebPage","@id":"http:\/\/ticaret.edu.tr\/isletme-bolumu\/2023\/06\/09\/isletme-bolumu-ve-isletme-toplulugu-istanbul-ticaret-odasi-proje-ve-is-gelistirme-mudurlugu-uzman-yardimcisi-hamidettin-yucelin-katilimi-ile-ito-istanbul-ticaret-universitesi-kariye\/","url":"http:\/\/ticaret.edu.tr\/isletme-bolumu\/2023\/06\/09\/isletme-bolumu-ve-isletme-toplulugu-istanbul-ticaret-odasi-proje-ve-is-gelistirme-mudurlugu-uzman-yardimcisi-hamidettin-yucelin-katilimi-ile-ito-istanbul-ticaret-universitesi-kariye\/","name":"\u0130\u015fletme B\u00f6l\u00fcm\u00fc ve \u0130\u015fletme Toplulu\u011fu, \u0130stanbul Ticaret Odas\u0131 Proje ve \u0130\u015f Geli\u015ftirme M\u00fcd\u00fcrl\u00fc\u011f\u00fc Uzman Yard\u0131mc\u0131s\u0131 Hamidettin Y\u00fccel\u2019in Kat\u0131l\u0131m\u0131 ile \u201c\u0130TO-\u0130stanbul Ticaret \u00dcniversitesi Kariyer \u0130\u015fbirlikleri\u201d Etkinli\u011fini Ger\u00e7ekle\u015ftirdi. - Haberler - \u0130\u015fletme","isPartOf":{"@id":"https:\/\/ticaret.edu.tr\/isletme-bolumu\/#website"},"datePublished":"2023-06-09T11:00:25+00:00","dateModified":"2023-06-09T11:00:25+00:00","author":{"@id":"https:\/\/ticaret.edu.tr\/isletme-bolumu\/#\/schema\/person\/6a81be209243d40fe84d7d97850c4c7b"},"breadcrumb":{"@id":"http:\/\/ticaret.edu.tr\/isletme-bolumu\/2023\/06\/09\/isletme-bolumu-ve-isletme-toplulugu-istanbul-ticaret-odasi-proje-ve-is-gelistirme-mudurlugu-uzman-yardimcisi-hamidettin-yucelin-katilimi-ile-ito-istanbul-ticaret-universitesi-kariye\/#breadcrumb"},"inLanguage":"tr","potentialAction":[{"@type":"ReadAction","target":["http:\/\/ticaret.edu.tr\/isletme-bolumu\/2023\/06\/09\/isletme-bolumu-ve-isletme-toplulugu-istanbul-ticaret-odasi-proje-ve-is-gelistirme-mudurlugu-uzman-yardimcisi-hamidettin-yucelin-katilimi-ile-ito-istanbul-ticaret-universitesi-kariye\/"]}]},{"@type":"BreadcrumbList","@id":"http:\/\/ticaret.edu.tr\/isletme-bolumu\/2023\/06\/09\/isletme-bolumu-ve-isletme-toplulugu-istanbul-ticaret-odasi-proje-ve-is-gelistirme-mudurlugu-uzman-yardimcisi-hamidettin-yucelin-katilimi-ile-ito-istanbul-ticaret-universitesi-kariye\/#breadcrumb","itemListElement":[{"@type":"ListItem","position":1,"name":"Ana sayfa","item":"http:\/\/ticaret.edu.tr\/isletme-bolumu\/en\/"},{"@type":"ListItem","position":2,"name":"\u0130\u015fletme B\u00f6l\u00fcm\u00fc ve \u0130\u015fletme Toplulu\u011fu, \u0130stanbul Ticaret Odas\u0131 Proje ve \u0130\u015f Geli\u015ftirme M\u00fcd\u00fcrl\u00fc\u011f\u00fc Uzman Yard\u0131mc\u0131s\u0131 Hamidettin Y\u00fccel\u2019in Kat\u0131l\u0131m\u0131 ile \u201c\u0130TO-\u0130stanbul Ticaret \u00dcniversitesi Kariyer \u0130\u015fbirlikleri\u201d Etkinli\u011fini Ger\u00e7ekle\u015ftirdi."}]},{"@type":"WebSite","@id":"https:\/\/ticaret.edu.tr\/isletme-bolumu\/#website","url":"https:\/\/ticaret.edu.tr\/isletme-bolumu\/","name":"\u0130\u015fletme","description":"","potentialAction":[{"@type":"SearchAction","target":{"@type":"EntryPoint","urlTemplate":"https:\/\/ticaret.edu.tr\/isletme-bolumu\/?s={search_term_string}"},"query-input":"required name=search_term_string"}],"inLanguage":"tr"},{"@type":"Person","@id":"https:\/\/ticaret.edu.tr\/isletme-bolumu\/#\/schema\/person\/6a81be209243d40fe84d7d97850c4c7b","name":"hnhatipoglu","image":{"@type":"ImageObject","inLanguage":"tr","@id":"https:\/\/ticaret.edu.tr\/isletme-bolumu\/#\/schema\/person\/image\/","url":"http:\/\/1.gravatar.com\/avatar\/acb9c2e8f6521a0264a11dd0a981cfc5?s=96&d=mm&r=g","contentUrl":"http:\/\/1.gravatar.com\/avatar\/acb9c2e8f6521a0264a11dd0a981cfc5?s=96&d=mm&r=g","caption":"hnhatipoglu"},"url":"http:\/\/ticaret.edu.tr\/isletme-bolumu\/author\/hnhatipoglu\/"}]}},"lang":"tr","translations":{"en":1462,"tr":1452},"pll_sync_post":[],"_links":{"self":[{"href":"http:\/\/ticaret.edu.tr\/isletme-bolumu\/wp-json\/wp\/v2\/posts\/1452"}],"collection":[{"href":"http:\/\/ticaret.edu.tr\/isletme-bolumu\/wp-json\/wp\/v2\/posts"}],"about":[{"href":"http:\/\/ticaret.edu.tr\/isletme-bolumu\/wp-json\/wp\/v2\/types\/post"}],"author":[{"embeddable":true,"href":"http:\/\/ticaret.edu.tr\/isletme-bolumu\/wp-json\/wp\/v2\/users\/58"}],"replies":[{"embeddable":true,"href":"http:\/\/ticaret.edu.tr\/isletme-bolumu\/wp-json\/wp\/v2\/comments?post=1452"}],"version-history":[{"count":1,"href":"http:\/\/ticaret.edu.tr\/isletme-bolumu\/wp-json\/wp\/v2\/posts\/1452\/revisions"}],"predecessor-version":[{"id":1453,"href":"http:\/\/ticaret.edu.tr\/isletme-bolumu\/wp-json\/wp\/v2\/posts\/1452\/revisions\/1453"}],"wp:featuredmedia":[{"embeddable":true,"href":"http:\/\/ticaret.edu.tr\/isletme-bolumu\/wp-json\/wp\/v2\/media\/1418"}],"wp:attachment":[{"href":"http:\/\/ticaret.edu.tr\/isletme-bolumu\/wp-json\/wp\/v2\/media?parent=1452"}],"wp:term":[{"taxonomy":"category","embeddable":true,"href":"http:\/\/ticaret.edu.tr\/isletme-bolumu\/wp-json\/wp\/v2\/categories?post=1452"},{"taxonomy":"post_tag","embeddable":true,"href":"http:\/\/ticaret.edu.tr\/isletme-bolumu\/wp-json\/wp\/v2\/tags?post=1452"}],"curies":[{"name":"wp","href":"https:\/\/api.w.org\/{rel}","templated":true}]}}