{"id":1724,"date":"2024-05-15T15:28:08","date_gmt":"2024-05-15T12:28:08","guid":{"rendered":"https:\/\/ticaret.edu.tr\/isletme-bolumu\/?p=1724"},"modified":"2024-05-16T12:27:13","modified_gmt":"2024-05-16T09:27:13","slug":"akademisyenlerimiz-2023-yili-matbaacilik-sektor-raporunu-hazirladi","status":"publish","type":"post","link":"http:\/\/ticaret.edu.tr\/isletme-bolumu\/2024\/05\/15\/akademisyenlerimiz-2023-yili-matbaacilik-sektor-raporunu-hazirladi\/","title":{"rendered":"Akademisyenlerimiz 2023 y\u0131l\u0131 Matbaac\u0131l\u0131k Sekt\u00f6r Raporunu Haz\u0131rlad\u0131."},"content":{"rendered":"<p class=\"elementToProof\"><a href=\"https:\/\/avesis.ticaret.edu.tr\/otorlak\">Prof. Dr. \u00d6mer TORLAK<\/a> y\u00fcr\u00fct\u00fcc\u00fcl\u00fc\u011f\u00fcnde,\u00a0Prof. Dr. Ahu Tu\u011fba KARABULUT, <a href=\"https:\/\/avesis.ticaret.edu.tr\/hnhatipoglu\">Ar\u015f. G\u00f6r. H\u00fcmeyra Nur HAT\u0130PO\u011eLU<\/a> ve <a href=\"https:\/\/avesis.ticaret.edu.tr\/dmakdemir\">Ar\u015f. G\u00f6r. Do\u011fan Mert Akdemir<\/a> ara\u015ft\u0131rma\u00a0ekibi ile birlikte matbaac\u0131l\u0131k sekt\u00f6r\u00fcn\u00fcn tan\u0131mlamas\u0131n\u0131 yapmak, mevcut durum de\u011ferlendirmesini ortaya koymak, sekt\u00f6r\u00fcn gelece\u011fine ili\u015fkin \u00f6ng\u00f6r\u00fcler ve beklentiler do\u011frultusunda mevcut problemlere ili\u015fkin \u00e7\u00f6z\u00fcm \u00f6nerileri sunarak sekt\u00f6r\u00fcn geli\u015fmesi ad\u0131na \u00f6ng\u00f6r\u00fcde bulunmak amac\u0131yla \u0130stanbul Ticaret Odas\u0131 (\u0130TO) b\u00fcnyesinde Matbaac\u0131l\u0131k Sekt\u00f6r Raporu haz\u0131rlanm\u0131\u015ft\u0131r.<\/p>\n<p>Bu amaca y\u00f6nelik 2022 y\u0131l\u0131n\u0131n Eyl\u00fcl ay\u0131nda bir \u00f6n \u00e7al\u0131\u015fma yap\u0131lm\u0131\u015ft\u0131r. 2022 y\u0131l\u0131nda yap\u0131lan \u00f6n \u00e7al\u0131\u015fma i\u00e7in ilk a\u015famada sekt\u00f6re ili\u015fkin dok\u00fcmanlar ve akademik \u00e7al\u0131\u015fmalar incelenmi\u015ftir. \u0130kinci a\u015famada, sekt\u00f6r temsilcileri ile \u00e7evrimi\u00e7i ortamda g\u00f6r\u00fc\u015fmeler yap\u0131lm\u0131\u015ft\u0131r. \u00dc\u00e7\u00fcnc\u00fc a\u015famada ise anket y\u00f6ntemi ile toplanan veriler analiz edilmi\u015f, nitel ve nicel veriler birlikte de\u011ferlendirilmi\u015f, gelece\u011fe ili\u015fkin \u00f6ng\u00f6r\u00fcler ve ba\u015fl\u0131ca problemlere y\u00f6nelik \u00e7\u00f6z\u00fcm \u00f6nerileri sunulmu\u015ftur.<\/p>\n","protected":false},"excerpt":{"rendered":"<p>Prof. Dr. \u00d6mer TORLAK y\u00fcr\u00fct\u00fcc\u00fcl\u00fc\u011f\u00fcnde,\u00a0Prof. Dr. Ahu Tu\u011fba KARABULUT, Ar\u015f. G\u00f6r. H\u00fcmeyra Nur HAT\u0130PO\u011eLU ve Ar\u015f. G\u00f6r. Do\u011fan Mert Akdemir ara\u015ft\u0131rma\u00a0ekibi ile birlikte matbaac\u0131l\u0131k sekt\u00f6r\u00fcn\u00fcn tan\u0131mlamas\u0131n\u0131 yapmak, mevcut durum de\u011ferlendirmesini ortaya koymak, sekt\u00f6r\u00fcn gelece\u011fine ili\u015fkin \u00f6ng\u00f6r\u00fcler ve beklentiler do\u011frultusunda mevcut problemlere ili\u015fkin \u00e7\u00f6z\u00fcm \u00f6nerileri sunarak sekt\u00f6r\u00fcn geli\u015fmesi ad\u0131na \u00f6ng\u00f6r\u00fcde bulunmak amac\u0131yla \u0130stanbul Ticaret Odas\u0131 (\u0130TO) [&hellip;]<\/p>\n","protected":false},"author":58,"featured_media":1464,"comment_status":"closed","ping_status":"closed","sticky":false,"template":"","format":"standard","meta":{"footnotes":""},"categories":[2],"tags":[],"yoast_head":"<!-- This site is optimized with the Yoast SEO Premium plugin v22.1 (Yoast SEO v22.1) - https:\/\/yoast.com\/wordpress\/plugins\/seo\/ -->\n<title>Akademisyenlerimiz 2023 y\u0131l\u0131 Matbaac\u0131l\u0131k Sekt\u00f6r Raporunu Haz\u0131rlad\u0131. - Haberler - \u0130\u015fletme<\/title>\n<meta name=\"robots\" content=\"index, follow, max-snippet:-1, max-image-preview:large, max-video-preview:-1\" \/>\n<link rel=\"canonical\" href=\"http:\/\/ticaret.edu.tr\/isletme-bolumu\/2024\/05\/15\/akademisyenlerimiz-2023-yili-matbaacilik-sektor-raporunu-hazirladi\/\" \/>\n<meta property=\"og:locale\" content=\"tr_TR\" \/>\n<meta property=\"og:type\" content=\"article\" \/>\n<meta property=\"og:title\" content=\"Akademisyenlerimiz 2023 y\u0131l\u0131 Matbaac\u0131l\u0131k Sekt\u00f6r Raporunu Haz\u0131rlad\u0131.\" \/>\n<meta property=\"og:description\" content=\"Prof. Dr. \u00d6mer TORLAK y\u00fcr\u00fct\u00fcc\u00fcl\u00fc\u011f\u00fcnde,\u00a0Prof. Dr. Ahu Tu\u011fba KARABULUT, Ar\u015f. G\u00f6r. H\u00fcmeyra Nur HAT\u0130PO\u011eLU ve Ar\u015f. G\u00f6r. Do\u011fan Mert Akdemir ara\u015ft\u0131rma\u00a0ekibi ile birlikte matbaac\u0131l\u0131k sekt\u00f6r\u00fcn\u00fcn tan\u0131mlamas\u0131n\u0131 yapmak, mevcut durum de\u011ferlendirmesini ortaya koymak, sekt\u00f6r\u00fcn gelece\u011fine ili\u015fkin \u00f6ng\u00f6r\u00fcler ve beklentiler do\u011frultusunda mevcut problemlere ili\u015fkin \u00e7\u00f6z\u00fcm \u00f6nerileri sunarak sekt\u00f6r\u00fcn geli\u015fmesi ad\u0131na \u00f6ng\u00f6r\u00fcde bulunmak amac\u0131yla \u0130stanbul Ticaret Odas\u0131 (\u0130TO) [&hellip;]\" \/>\n<meta property=\"og:url\" content=\"http:\/\/ticaret.edu.tr\/isletme-bolumu\/2024\/05\/15\/akademisyenlerimiz-2023-yili-matbaacilik-sektor-raporunu-hazirladi\/\" \/>\n<meta property=\"og:site_name\" content=\"\u0130\u015fletme\" \/>\n<meta property=\"article:publisher\" content=\"https:\/\/www.facebook.com\/ticaretedutr\" \/>\n<meta property=\"article:published_time\" content=\"2024-05-15T12:28:08+00:00\" \/>\n<meta property=\"article:modified_time\" content=\"2024-05-16T09:27:13+00:00\" \/>\n<meta property=\"og:image\" content=\"http:\/\/ticaret.edu.tr\/isletme-bolumu\/wp-content\/uploads\/sites\/8\/2023\/06\/web_logo_2022-01.jpg\" \/>\n\t<meta property=\"og:image:width\" content=\"1250\" \/>\n\t<meta property=\"og:image:height\" content=\"833\" \/>\n\t<meta property=\"og:image:type\" content=\"image\/jpeg\" \/>\n<meta name=\"author\" content=\"hnhatipoglu\" \/>\n<meta name=\"twitter:card\" content=\"summary_large_image\" \/>\n<meta name=\"twitter:creator\" content=\"@ticaretedutr\" \/>\n<meta name=\"twitter:site\" content=\"@ticaretedutr\" \/>\n<meta name=\"twitter:label1\" content=\"Yazan:\" \/>\n\t<meta name=\"twitter:data1\" content=\"hnhatipoglu\" \/>\n\t<meta name=\"twitter:label2\" content=\"Tahmini okuma s\u00fcresi\" \/>\n\t<meta name=\"twitter:data2\" content=\"1 dakika\" \/>\n<script type=\"application\/ld+json\" class=\"yoast-schema-graph\">{\"@context\":\"https:\/\/schema.org\",\"@graph\":[{\"@type\":\"WebPage\",\"@id\":\"http:\/\/ticaret.edu.tr\/isletme-bolumu\/2024\/05\/15\/akademisyenlerimiz-2023-yili-matbaacilik-sektor-raporunu-hazirladi\/\",\"url\":\"http:\/\/ticaret.edu.tr\/isletme-bolumu\/2024\/05\/15\/akademisyenlerimiz-2023-yili-matbaacilik-sektor-raporunu-hazirladi\/\",\"name\":\"Akademisyenlerimiz 2023 y\u0131l\u0131 Matbaac\u0131l\u0131k Sekt\u00f6r Raporunu Haz\u0131rlad\u0131. - Haberler - \u0130\u015fletme\",\"isPartOf\":{\"@id\":\"https:\/\/ticaret.edu.tr\/isletme-bolumu\/#website\"},\"datePublished\":\"2024-05-15T12:28:08+00:00\",\"dateModified\":\"2024-05-16T09:27:13+00:00\",\"author\":{\"@id\":\"https:\/\/ticaret.edu.tr\/isletme-bolumu\/#\/schema\/person\/6a81be209243d40fe84d7d97850c4c7b\"},\"breadcrumb\":{\"@id\":\"http:\/\/ticaret.edu.tr\/isletme-bolumu\/2024\/05\/15\/akademisyenlerimiz-2023-yili-matbaacilik-sektor-raporunu-hazirladi\/#breadcrumb\"},\"inLanguage\":\"tr\",\"potentialAction\":[{\"@type\":\"ReadAction\",\"target\":[\"http:\/\/ticaret.edu.tr\/isletme-bolumu\/2024\/05\/15\/akademisyenlerimiz-2023-yili-matbaacilik-sektor-raporunu-hazirladi\/\"]}]},{\"@type\":\"BreadcrumbList\",\"@id\":\"http:\/\/ticaret.edu.tr\/isletme-bolumu\/2024\/05\/15\/akademisyenlerimiz-2023-yili-matbaacilik-sektor-raporunu-hazirladi\/#breadcrumb\",\"itemListElement\":[{\"@type\":\"ListItem\",\"position\":1,\"name\":\"Ana sayfa\",\"item\":\"http:\/\/ticaret.edu.tr\/isletme-bolumu\/en\/\"},{\"@type\":\"ListItem\",\"position\":2,\"name\":\"Akademisyenlerimiz 2023 y\u0131l\u0131 Matbaac\u0131l\u0131k Sekt\u00f6r Raporunu Haz\u0131rlad\u0131.\"}]},{\"@type\":\"WebSite\",\"@id\":\"https:\/\/ticaret.edu.tr\/isletme-bolumu\/#website\",\"url\":\"https:\/\/ticaret.edu.tr\/isletme-bolumu\/\",\"name\":\"\u0130\u015fletme\",\"description\":\"\",\"potentialAction\":[{\"@type\":\"SearchAction\",\"target\":{\"@type\":\"EntryPoint\",\"urlTemplate\":\"https:\/\/ticaret.edu.tr\/isletme-bolumu\/?s={search_term_string}\"},\"query-input\":\"required name=search_term_string\"}],\"inLanguage\":\"tr\"},{\"@type\":\"Person\",\"@id\":\"https:\/\/ticaret.edu.tr\/isletme-bolumu\/#\/schema\/person\/6a81be209243d40fe84d7d97850c4c7b\",\"name\":\"hnhatipoglu\",\"image\":{\"@type\":\"ImageObject\",\"inLanguage\":\"tr\",\"@id\":\"https:\/\/ticaret.edu.tr\/isletme-bolumu\/#\/schema\/person\/image\/\",\"url\":\"http:\/\/1.gravatar.com\/avatar\/acb9c2e8f6521a0264a11dd0a981cfc5?s=96&d=mm&r=g\",\"contentUrl\":\"http:\/\/1.gravatar.com\/avatar\/acb9c2e8f6521a0264a11dd0a981cfc5?s=96&d=mm&r=g\",\"caption\":\"hnhatipoglu\"},\"url\":\"http:\/\/ticaret.edu.tr\/isletme-bolumu\/author\/hnhatipoglu\/\"}]}<\/script>\n<!-- \/ Yoast SEO Premium plugin. -->","yoast_head_json":{"title":"Akademisyenlerimiz 2023 y\u0131l\u0131 Matbaac\u0131l\u0131k Sekt\u00f6r Raporunu Haz\u0131rlad\u0131. - Haberler - \u0130\u015fletme","robots":{"index":"index","follow":"follow","max-snippet":"max-snippet:-1","max-image-preview":"max-image-preview:large","max-video-preview":"max-video-preview:-1"},"canonical":"http:\/\/ticaret.edu.tr\/isletme-bolumu\/2024\/05\/15\/akademisyenlerimiz-2023-yili-matbaacilik-sektor-raporunu-hazirladi\/","og_locale":"tr_TR","og_type":"article","og_title":"Akademisyenlerimiz 2023 y\u0131l\u0131 Matbaac\u0131l\u0131k Sekt\u00f6r Raporunu Haz\u0131rlad\u0131.","og_description":"Prof. Dr. \u00d6mer TORLAK y\u00fcr\u00fct\u00fcc\u00fcl\u00fc\u011f\u00fcnde,\u00a0Prof. Dr. Ahu Tu\u011fba KARABULUT, Ar\u015f. G\u00f6r. H\u00fcmeyra Nur HAT\u0130PO\u011eLU ve Ar\u015f. G\u00f6r. Do\u011fan Mert Akdemir ara\u015ft\u0131rma\u00a0ekibi ile birlikte matbaac\u0131l\u0131k sekt\u00f6r\u00fcn\u00fcn tan\u0131mlamas\u0131n\u0131 yapmak, mevcut durum de\u011ferlendirmesini ortaya koymak, sekt\u00f6r\u00fcn gelece\u011fine ili\u015fkin \u00f6ng\u00f6r\u00fcler ve beklentiler do\u011frultusunda mevcut problemlere ili\u015fkin \u00e7\u00f6z\u00fcm \u00f6nerileri sunarak sekt\u00f6r\u00fcn geli\u015fmesi ad\u0131na \u00f6ng\u00f6r\u00fcde bulunmak amac\u0131yla \u0130stanbul Ticaret Odas\u0131 (\u0130TO) [&hellip;]","og_url":"http:\/\/ticaret.edu.tr\/isletme-bolumu\/2024\/05\/15\/akademisyenlerimiz-2023-yili-matbaacilik-sektor-raporunu-hazirladi\/","og_site_name":"\u0130\u015fletme","article_publisher":"https:\/\/www.facebook.com\/ticaretedutr","article_published_time":"2024-05-15T12:28:08+00:00","article_modified_time":"2024-05-16T09:27:13+00:00","og_image":[{"width":1250,"height":833,"url":"http:\/\/ticaret.edu.tr\/isletme-bolumu\/wp-content\/uploads\/sites\/8\/2023\/06\/web_logo_2022-01.jpg","type":"image\/jpeg"}],"author":"hnhatipoglu","twitter_card":"summary_large_image","twitter_creator":"@ticaretedutr","twitter_site":"@ticaretedutr","twitter_misc":{"Yazan:":"hnhatipoglu","Tahmini okuma s\u00fcresi":"1 dakika"},"schema":{"@context":"https:\/\/schema.org","@graph":[{"@type":"WebPage","@id":"http:\/\/ticaret.edu.tr\/isletme-bolumu\/2024\/05\/15\/akademisyenlerimiz-2023-yili-matbaacilik-sektor-raporunu-hazirladi\/","url":"http:\/\/ticaret.edu.tr\/isletme-bolumu\/2024\/05\/15\/akademisyenlerimiz-2023-yili-matbaacilik-sektor-raporunu-hazirladi\/","name":"Akademisyenlerimiz 2023 y\u0131l\u0131 Matbaac\u0131l\u0131k Sekt\u00f6r Raporunu Haz\u0131rlad\u0131. - Haberler - \u0130\u015fletme","isPartOf":{"@id":"https:\/\/ticaret.edu.tr\/isletme-bolumu\/#website"},"datePublished":"2024-05-15T12:28:08+00:00","dateModified":"2024-05-16T09:27:13+00:00","author":{"@id":"https:\/\/ticaret.edu.tr\/isletme-bolumu\/#\/schema\/person\/6a81be209243d40fe84d7d97850c4c7b"},"breadcrumb":{"@id":"http:\/\/ticaret.edu.tr\/isletme-bolumu\/2024\/05\/15\/akademisyenlerimiz-2023-yili-matbaacilik-sektor-raporunu-hazirladi\/#breadcrumb"},"inLanguage":"tr","potentialAction":[{"@type":"ReadAction","target":["http:\/\/ticaret.edu.tr\/isletme-bolumu\/2024\/05\/15\/akademisyenlerimiz-2023-yili-matbaacilik-sektor-raporunu-hazirladi\/"]}]},{"@type":"BreadcrumbList","@id":"http:\/\/ticaret.edu.tr\/isletme-bolumu\/2024\/05\/15\/akademisyenlerimiz-2023-yili-matbaacilik-sektor-raporunu-hazirladi\/#breadcrumb","itemListElement":[{"@type":"ListItem","position":1,"name":"Ana sayfa","item":"http:\/\/ticaret.edu.tr\/isletme-bolumu\/en\/"},{"@type":"ListItem","position":2,"name":"Akademisyenlerimiz 2023 y\u0131l\u0131 Matbaac\u0131l\u0131k Sekt\u00f6r Raporunu Haz\u0131rlad\u0131."}]},{"@type":"WebSite","@id":"https:\/\/ticaret.edu.tr\/isletme-bolumu\/#website","url":"https:\/\/ticaret.edu.tr\/isletme-bolumu\/","name":"\u0130\u015fletme","description":"","potentialAction":[{"@type":"SearchAction","target":{"@type":"EntryPoint","urlTemplate":"https:\/\/ticaret.edu.tr\/isletme-bolumu\/?s={search_term_string}"},"query-input":"required name=search_term_string"}],"inLanguage":"tr"},{"@type":"Person","@id":"https:\/\/ticaret.edu.tr\/isletme-bolumu\/#\/schema\/person\/6a81be209243d40fe84d7d97850c4c7b","name":"hnhatipoglu","image":{"@type":"ImageObject","inLanguage":"tr","@id":"https:\/\/ticaret.edu.tr\/isletme-bolumu\/#\/schema\/person\/image\/","url":"http:\/\/1.gravatar.com\/avatar\/acb9c2e8f6521a0264a11dd0a981cfc5?s=96&d=mm&r=g","contentUrl":"http:\/\/1.gravatar.com\/avatar\/acb9c2e8f6521a0264a11dd0a981cfc5?s=96&d=mm&r=g","caption":"hnhatipoglu"},"url":"http:\/\/ticaret.edu.tr\/isletme-bolumu\/author\/hnhatipoglu\/"}]}},"lang":"tr","translations":{"tr":1724},"pll_sync_post":[],"_links":{"self":[{"href":"http:\/\/ticaret.edu.tr\/isletme-bolumu\/wp-json\/wp\/v2\/posts\/1724"}],"collection":[{"href":"http:\/\/ticaret.edu.tr\/isletme-bolumu\/wp-json\/wp\/v2\/posts"}],"about":[{"href":"http:\/\/ticaret.edu.tr\/isletme-bolumu\/wp-json\/wp\/v2\/types\/post"}],"author":[{"embeddable":true,"href":"http:\/\/ticaret.edu.tr\/isletme-bolumu\/wp-json\/wp\/v2\/users\/58"}],"replies":[{"embeddable":true,"href":"http:\/\/ticaret.edu.tr\/isletme-bolumu\/wp-json\/wp\/v2\/comments?post=1724"}],"version-history":[{"count":4,"href":"http:\/\/ticaret.edu.tr\/isletme-bolumu\/wp-json\/wp\/v2\/posts\/1724\/revisions"}],"predecessor-version":[{"id":1731,"href":"http:\/\/ticaret.edu.tr\/isletme-bolumu\/wp-json\/wp\/v2\/posts\/1724\/revisions\/1731"}],"wp:featuredmedia":[{"embeddable":true,"href":"http:\/\/ticaret.edu.tr\/isletme-bolumu\/wp-json\/wp\/v2\/media\/1464"}],"wp:attachment":[{"href":"http:\/\/ticaret.edu.tr\/isletme-bolumu\/wp-json\/wp\/v2\/media?parent=1724"}],"wp:term":[{"taxonomy":"category","embeddable":true,"href":"http:\/\/ticaret.edu.tr\/isletme-bolumu\/wp-json\/wp\/v2\/categories?post=1724"},{"taxonomy":"post_tag","embeddable":true,"href":"http:\/\/ticaret.edu.tr\/isletme-bolumu\/wp-json\/wp\/v2\/tags?post=1724"}],"curies":[{"name":"wp","href":"https:\/\/api.w.org\/{rel}","templated":true}]}}