{"id":2589,"date":"2025-11-13T15:32:43","date_gmt":"2025-11-13T12:32:43","guid":{"rendered":"https:\/\/ticaret.edu.tr\/isletme-bolumu\/?p=2589"},"modified":"2025-11-25T16:42:24","modified_gmt":"2025-11-25T13:42:24","slug":"uluslararasi-kooperatifler-yili-etkinligi-universitemizde-gerceklesti","status":"publish","type":"post","link":"http:\/\/ticaret.edu.tr\/isletme-bolumu\/2025\/11\/13\/uluslararasi-kooperatifler-yili-etkinligi-universitemizde-gerceklesti\/","title":{"rendered":"Uluslararas\u0131 Kooperatifler Y\u0131l\u0131 Etkinli\u011fi \u00dcniversitemizde Ger\u00e7ekle\u015fti"},"content":{"rendered":"<p data-start=\"103\" data-end=\"556\">\u00dcniversitemiz, Birle\u015fmi\u015f Milletler taraf\u0131ndan 2025 y\u0131l\u0131n\u0131n\u00a0 \u201cUluslararas\u0131 Kooperatifler Y\u0131l\u0131\u201d ilan edilmesi kapsam\u0131nda \u00f6\u011frencilerin kooperatif\u00e7ilik konusundaki fark\u0131ndal\u0131\u011f\u0131n\u0131 art\u0131rmay\u0131 ama\u00e7layan bir etkinli\u011fe ev sahipli\u011fi yapt\u0131. A\u00e7\u0131l\u0131\u015f konu\u015fmas\u0131n\u0131 ger\u00e7ekle\u015ftiren \u0130\u015fletme B\u00f6l\u00fcm Ba\u015fkan\u0131 Do\u00e7. Dr. Mehmet Sa\u011flam, kooperatif\u00e7ili\u011fin s\u00fcrd\u00fcr\u00fclebilir kalk\u0131nma hedefleriyle ba\u011flant\u0131s\u0131na de\u011finerek \u00f6\u011frencilerin bu bilin\u00e7le yeti\u015fmesinin \u00f6nemini vurgulad\u0131.<\/p>\n<p data-start=\"558\" data-end=\"1133\">Etkinlikte; \u0130stanbul \u0130l Ticaret M\u00fcd\u00fcr\u00fc \u0130smail Mente\u015fe, Ticaret Bakanl\u0131\u011f\u0131 Kooperatif\u00e7ilik Genel M\u00fcd\u00fcrl\u00fc\u011f\u00fc\u2019nden Ticaret Uzman\u0131 Fuat Ayd\u0131n, \u0130kitelli OSB Ba\u015fkan\u0131 Mustafa Keskin, 15. B\u00f6lge Esnaf ve Sanatk\u00e2rlar Kredi ve Kefalet Kooperatifleri Birli\u011fi Ba\u015fkan\u0131 Mustafa Silahy\u00fcrekli, Masko \u0130stanbul Mobilya ve Ah\u015fap E\u015fya \u0130malat\u00e7\u0131lar\u0131 Site \u0130\u015fletme Kooperatifi Ba\u015fkan\u0131\u00a0 Mehmet Mutlu, \u00c7i\u00e7ek\u00e7ilik \u00dcretim ve Pazarlama Kooperatifi Ba\u015fkan\u0131 Muammer Yaz\u0131c\u0131 ve Hemdem Kad\u0131n Giri\u015fimi \u00dcretim ve \u0130\u015fletme Kooperatifi Ba\u015fkan\u0131 Yasemin Say\u0131lgan\u00a0s\u00f6z alarak kendi alanlar\u0131nda kooperatif\u00e7ili\u011fin ekonomik, sosyal ve toplumsal etkilerine dair bilgi ve deneyimlerini payla\u015ft\u0131lar.<\/p>\n<p data-start=\"1135\" data-end=\"1462\" data-is-last-node=\"\" data-is-only-node=\"\">Konu\u015fmac\u0131lar; kamp\u00fcs kooperatifleri modeli, gen\u00e7 giri\u015fimcilik, \u00fcretici kooperatiflerinin d\u00f6n\u00fc\u015f\u00fcm\u00fc, kad\u0131n kooperatiflerinin g\u00fc\u00e7lendirici etkisi ve \u00fcniversite\u2013sanayi i\u015f birli\u011fi gibi konulara de\u011finerek i\u015fletme \u00f6\u011frencilerine geni\u015f bir perspektif sundu. Program, soru-cevap b\u00f6l\u00fcm\u00fc ve te\u015fekk\u00fcr belgesi takdiminin ard\u0131ndan tamamland\u0131.<\/p>\n<p data-start=\"1135\" data-end=\"1462\" data-is-last-node=\"\" data-is-only-node=\"\"><img decoding=\"async\" src=\"https:\/\/ticaret.edu.tr\/wp-content\/uploads\/2025\/05\/DSCF3711-1024x683.jpg\" \/><\/p>\n","protected":false},"excerpt":{"rendered":"<p>\u00dcniversitemiz, Birle\u015fmi\u015f Milletler taraf\u0131ndan 2025 y\u0131l\u0131n\u0131n\u00a0 \u201cUluslararas\u0131 Kooperatifler Y\u0131l\u0131\u201d ilan edilmesi kapsam\u0131nda \u00f6\u011frencilerin kooperatif\u00e7ilik konusundaki fark\u0131ndal\u0131\u011f\u0131n\u0131 art\u0131rmay\u0131 ama\u00e7layan bir etkinli\u011fe ev sahipli\u011fi yapt\u0131. A\u00e7\u0131l\u0131\u015f konu\u015fmas\u0131n\u0131 ger\u00e7ekle\u015ftiren \u0130\u015fletme B\u00f6l\u00fcm Ba\u015fkan\u0131 Do\u00e7. Dr. Mehmet Sa\u011flam, kooperatif\u00e7ili\u011fin s\u00fcrd\u00fcr\u00fclebilir kalk\u0131nma hedefleriyle ba\u011flant\u0131s\u0131na de\u011finerek \u00f6\u011frencilerin bu bilin\u00e7le yeti\u015fmesinin \u00f6nemini vurgulad\u0131. Etkinlikte; \u0130stanbul \u0130l Ticaret M\u00fcd\u00fcr\u00fc \u0130smail Mente\u015fe, Ticaret Bakanl\u0131\u011f\u0131 Kooperatif\u00e7ilik [&hellip;]<\/p>\n","protected":false},"author":58,"featured_media":0,"comment_status":"closed","ping_status":"closed","sticky":false,"template":"","format":"standard","meta":{"footnotes":""},"categories":[4,2],"tags":[],"yoast_head":"<!-- This site is optimized with the Yoast SEO Premium plugin v22.1 (Yoast SEO v22.1) - https:\/\/yoast.com\/wordpress\/plugins\/seo\/ -->\n<title>Uluslararas\u0131 Kooperatifler Y\u0131l\u0131 Etkinli\u011fi \u00dcniversitemizde Ger\u00e7ekle\u015fti - Haberler - \u0130\u015fletme<\/title>\n<meta name=\"robots\" content=\"index, follow, max-snippet:-1, max-image-preview:large, max-video-preview:-1\" \/>\n<link rel=\"canonical\" href=\"http:\/\/ticaret.edu.tr\/isletme-bolumu\/2025\/11\/13\/uluslararasi-kooperatifler-yili-etkinligi-universitemizde-gerceklesti\/\" \/>\n<meta property=\"og:locale\" content=\"tr_TR\" \/>\n<meta property=\"og:type\" content=\"article\" \/>\n<meta property=\"og:title\" content=\"Uluslararas\u0131 Kooperatifler Y\u0131l\u0131 Etkinli\u011fi \u00dcniversitemizde Ger\u00e7ekle\u015fti\" \/>\n<meta property=\"og:description\" content=\"\u00dcniversitemiz, Birle\u015fmi\u015f Milletler taraf\u0131ndan 2025 y\u0131l\u0131n\u0131n\u00a0 \u201cUluslararas\u0131 Kooperatifler Y\u0131l\u0131\u201d ilan edilmesi kapsam\u0131nda \u00f6\u011frencilerin kooperatif\u00e7ilik konusundaki fark\u0131ndal\u0131\u011f\u0131n\u0131 art\u0131rmay\u0131 ama\u00e7layan bir etkinli\u011fe ev sahipli\u011fi yapt\u0131. A\u00e7\u0131l\u0131\u015f konu\u015fmas\u0131n\u0131 ger\u00e7ekle\u015ftiren \u0130\u015fletme B\u00f6l\u00fcm Ba\u015fkan\u0131 Do\u00e7. Dr. Mehmet Sa\u011flam, kooperatif\u00e7ili\u011fin s\u00fcrd\u00fcr\u00fclebilir kalk\u0131nma hedefleriyle ba\u011flant\u0131s\u0131na de\u011finerek \u00f6\u011frencilerin bu bilin\u00e7le yeti\u015fmesinin \u00f6nemini vurgulad\u0131. Etkinlikte; \u0130stanbul \u0130l Ticaret M\u00fcd\u00fcr\u00fc \u0130smail Mente\u015fe, Ticaret Bakanl\u0131\u011f\u0131 Kooperatif\u00e7ilik [&hellip;]\" \/>\n<meta property=\"og:url\" content=\"http:\/\/ticaret.edu.tr\/isletme-bolumu\/2025\/11\/13\/uluslararasi-kooperatifler-yili-etkinligi-universitemizde-gerceklesti\/\" \/>\n<meta property=\"og:site_name\" content=\"\u0130\u015fletme\" \/>\n<meta property=\"article:publisher\" content=\"https:\/\/www.facebook.com\/ticaretedutr\" \/>\n<meta property=\"article:published_time\" content=\"2025-11-13T12:32:43+00:00\" \/>\n<meta property=\"article:modified_time\" content=\"2025-11-25T13:42:24+00:00\" \/>\n<meta property=\"og:image\" content=\"https:\/\/ticaret.edu.tr\/wp-content\/uploads\/2025\/05\/DSCF3711-1024x683.jpg\" \/>\n<meta name=\"author\" content=\"hnhatipoglu\" \/>\n<meta name=\"twitter:card\" content=\"summary_large_image\" \/>\n<meta name=\"twitter:creator\" content=\"@ticaretedutr\" \/>\n<meta name=\"twitter:site\" content=\"@ticaretedutr\" \/>\n<meta name=\"twitter:label1\" content=\"Yazan:\" \/>\n\t<meta name=\"twitter:data1\" content=\"hnhatipoglu\" \/>\n\t<meta name=\"twitter:label2\" content=\"Tahmini okuma s\u00fcresi\" \/>\n\t<meta name=\"twitter:data2\" content=\"2 dakika\" \/>\n<script type=\"application\/ld+json\" class=\"yoast-schema-graph\">{\"@context\":\"https:\/\/schema.org\",\"@graph\":[{\"@type\":\"WebPage\",\"@id\":\"http:\/\/ticaret.edu.tr\/isletme-bolumu\/2025\/11\/13\/uluslararasi-kooperatifler-yili-etkinligi-universitemizde-gerceklesti\/\",\"url\":\"http:\/\/ticaret.edu.tr\/isletme-bolumu\/2025\/11\/13\/uluslararasi-kooperatifler-yili-etkinligi-universitemizde-gerceklesti\/\",\"name\":\"Uluslararas\u0131 Kooperatifler Y\u0131l\u0131 Etkinli\u011fi \u00dcniversitemizde Ger\u00e7ekle\u015fti - Haberler - \u0130\u015fletme\",\"isPartOf\":{\"@id\":\"https:\/\/ticaret.edu.tr\/isletme-bolumu\/#website\"},\"datePublished\":\"2025-11-13T12:32:43+00:00\",\"dateModified\":\"2025-11-25T13:42:24+00:00\",\"author\":{\"@id\":\"https:\/\/ticaret.edu.tr\/isletme-bolumu\/#\/schema\/person\/6a81be209243d40fe84d7d97850c4c7b\"},\"breadcrumb\":{\"@id\":\"http:\/\/ticaret.edu.tr\/isletme-bolumu\/2025\/11\/13\/uluslararasi-kooperatifler-yili-etkinligi-universitemizde-gerceklesti\/#breadcrumb\"},\"inLanguage\":\"tr\",\"potentialAction\":[{\"@type\":\"ReadAction\",\"target\":[\"http:\/\/ticaret.edu.tr\/isletme-bolumu\/2025\/11\/13\/uluslararasi-kooperatifler-yili-etkinligi-universitemizde-gerceklesti\/\"]}]},{\"@type\":\"BreadcrumbList\",\"@id\":\"http:\/\/ticaret.edu.tr\/isletme-bolumu\/2025\/11\/13\/uluslararasi-kooperatifler-yili-etkinligi-universitemizde-gerceklesti\/#breadcrumb\",\"itemListElement\":[{\"@type\":\"ListItem\",\"position\":1,\"name\":\"Ana sayfa\",\"item\":\"http:\/\/ticaret.edu.tr\/isletme-bolumu\/en\/\"},{\"@type\":\"ListItem\",\"position\":2,\"name\":\"Uluslararas\u0131 Kooperatifler Y\u0131l\u0131 Etkinli\u011fi \u00dcniversitemizde Ger\u00e7ekle\u015fti\"}]},{\"@type\":\"WebSite\",\"@id\":\"https:\/\/ticaret.edu.tr\/isletme-bolumu\/#website\",\"url\":\"https:\/\/ticaret.edu.tr\/isletme-bolumu\/\",\"name\":\"\u0130\u015fletme\",\"description\":\"\",\"potentialAction\":[{\"@type\":\"SearchAction\",\"target\":{\"@type\":\"EntryPoint\",\"urlTemplate\":\"https:\/\/ticaret.edu.tr\/isletme-bolumu\/?s={search_term_string}\"},\"query-input\":\"required name=search_term_string\"}],\"inLanguage\":\"tr\"},{\"@type\":\"Person\",\"@id\":\"https:\/\/ticaret.edu.tr\/isletme-bolumu\/#\/schema\/person\/6a81be209243d40fe84d7d97850c4c7b\",\"name\":\"hnhatipoglu\",\"image\":{\"@type\":\"ImageObject\",\"inLanguage\":\"tr\",\"@id\":\"https:\/\/ticaret.edu.tr\/isletme-bolumu\/#\/schema\/person\/image\/\",\"url\":\"http:\/\/1.gravatar.com\/avatar\/acb9c2e8f6521a0264a11dd0a981cfc5?s=96&d=mm&r=g\",\"contentUrl\":\"http:\/\/1.gravatar.com\/avatar\/acb9c2e8f6521a0264a11dd0a981cfc5?s=96&d=mm&r=g\",\"caption\":\"hnhatipoglu\"},\"url\":\"http:\/\/ticaret.edu.tr\/isletme-bolumu\/author\/hnhatipoglu\/\"}]}<\/script>\n<!-- \/ Yoast SEO Premium plugin. -->","yoast_head_json":{"title":"Uluslararas\u0131 Kooperatifler Y\u0131l\u0131 Etkinli\u011fi \u00dcniversitemizde Ger\u00e7ekle\u015fti - Haberler - \u0130\u015fletme","robots":{"index":"index","follow":"follow","max-snippet":"max-snippet:-1","max-image-preview":"max-image-preview:large","max-video-preview":"max-video-preview:-1"},"canonical":"http:\/\/ticaret.edu.tr\/isletme-bolumu\/2025\/11\/13\/uluslararasi-kooperatifler-yili-etkinligi-universitemizde-gerceklesti\/","og_locale":"tr_TR","og_type":"article","og_title":"Uluslararas\u0131 Kooperatifler Y\u0131l\u0131 Etkinli\u011fi \u00dcniversitemizde Ger\u00e7ekle\u015fti","og_description":"\u00dcniversitemiz, Birle\u015fmi\u015f Milletler taraf\u0131ndan 2025 y\u0131l\u0131n\u0131n\u00a0 \u201cUluslararas\u0131 Kooperatifler Y\u0131l\u0131\u201d ilan edilmesi kapsam\u0131nda \u00f6\u011frencilerin kooperatif\u00e7ilik konusundaki fark\u0131ndal\u0131\u011f\u0131n\u0131 art\u0131rmay\u0131 ama\u00e7layan bir etkinli\u011fe ev sahipli\u011fi yapt\u0131. A\u00e7\u0131l\u0131\u015f konu\u015fmas\u0131n\u0131 ger\u00e7ekle\u015ftiren \u0130\u015fletme B\u00f6l\u00fcm Ba\u015fkan\u0131 Do\u00e7. Dr. Mehmet Sa\u011flam, kooperatif\u00e7ili\u011fin s\u00fcrd\u00fcr\u00fclebilir kalk\u0131nma hedefleriyle ba\u011flant\u0131s\u0131na de\u011finerek \u00f6\u011frencilerin bu bilin\u00e7le yeti\u015fmesinin \u00f6nemini vurgulad\u0131. Etkinlikte; \u0130stanbul \u0130l Ticaret M\u00fcd\u00fcr\u00fc \u0130smail Mente\u015fe, Ticaret Bakanl\u0131\u011f\u0131 Kooperatif\u00e7ilik [&hellip;]","og_url":"http:\/\/ticaret.edu.tr\/isletme-bolumu\/2025\/11\/13\/uluslararasi-kooperatifler-yili-etkinligi-universitemizde-gerceklesti\/","og_site_name":"\u0130\u015fletme","article_publisher":"https:\/\/www.facebook.com\/ticaretedutr","article_published_time":"2025-11-13T12:32:43+00:00","article_modified_time":"2025-11-25T13:42:24+00:00","og_image":[{"url":"https:\/\/ticaret.edu.tr\/wp-content\/uploads\/2025\/05\/DSCF3711-1024x683.jpg"}],"author":"hnhatipoglu","twitter_card":"summary_large_image","twitter_creator":"@ticaretedutr","twitter_site":"@ticaretedutr","twitter_misc":{"Yazan:":"hnhatipoglu","Tahmini okuma s\u00fcresi":"2 dakika"},"schema":{"@context":"https:\/\/schema.org","@graph":[{"@type":"WebPage","@id":"http:\/\/ticaret.edu.tr\/isletme-bolumu\/2025\/11\/13\/uluslararasi-kooperatifler-yili-etkinligi-universitemizde-gerceklesti\/","url":"http:\/\/ticaret.edu.tr\/isletme-bolumu\/2025\/11\/13\/uluslararasi-kooperatifler-yili-etkinligi-universitemizde-gerceklesti\/","name":"Uluslararas\u0131 Kooperatifler Y\u0131l\u0131 Etkinli\u011fi \u00dcniversitemizde Ger\u00e7ekle\u015fti - Haberler - \u0130\u015fletme","isPartOf":{"@id":"https:\/\/ticaret.edu.tr\/isletme-bolumu\/#website"},"datePublished":"2025-11-13T12:32:43+00:00","dateModified":"2025-11-25T13:42:24+00:00","author":{"@id":"https:\/\/ticaret.edu.tr\/isletme-bolumu\/#\/schema\/person\/6a81be209243d40fe84d7d97850c4c7b"},"breadcrumb":{"@id":"http:\/\/ticaret.edu.tr\/isletme-bolumu\/2025\/11\/13\/uluslararasi-kooperatifler-yili-etkinligi-universitemizde-gerceklesti\/#breadcrumb"},"inLanguage":"tr","potentialAction":[{"@type":"ReadAction","target":["http:\/\/ticaret.edu.tr\/isletme-bolumu\/2025\/11\/13\/uluslararasi-kooperatifler-yili-etkinligi-universitemizde-gerceklesti\/"]}]},{"@type":"BreadcrumbList","@id":"http:\/\/ticaret.edu.tr\/isletme-bolumu\/2025\/11\/13\/uluslararasi-kooperatifler-yili-etkinligi-universitemizde-gerceklesti\/#breadcrumb","itemListElement":[{"@type":"ListItem","position":1,"name":"Ana sayfa","item":"http:\/\/ticaret.edu.tr\/isletme-bolumu\/en\/"},{"@type":"ListItem","position":2,"name":"Uluslararas\u0131 Kooperatifler Y\u0131l\u0131 Etkinli\u011fi \u00dcniversitemizde Ger\u00e7ekle\u015fti"}]},{"@type":"WebSite","@id":"https:\/\/ticaret.edu.tr\/isletme-bolumu\/#website","url":"https:\/\/ticaret.edu.tr\/isletme-bolumu\/","name":"\u0130\u015fletme","description":"","potentialAction":[{"@type":"SearchAction","target":{"@type":"EntryPoint","urlTemplate":"https:\/\/ticaret.edu.tr\/isletme-bolumu\/?s={search_term_string}"},"query-input":"required name=search_term_string"}],"inLanguage":"tr"},{"@type":"Person","@id":"https:\/\/ticaret.edu.tr\/isletme-bolumu\/#\/schema\/person\/6a81be209243d40fe84d7d97850c4c7b","name":"hnhatipoglu","image":{"@type":"ImageObject","inLanguage":"tr","@id":"https:\/\/ticaret.edu.tr\/isletme-bolumu\/#\/schema\/person\/image\/","url":"http:\/\/1.gravatar.com\/avatar\/acb9c2e8f6521a0264a11dd0a981cfc5?s=96&d=mm&r=g","contentUrl":"http:\/\/1.gravatar.com\/avatar\/acb9c2e8f6521a0264a11dd0a981cfc5?s=96&d=mm&r=g","caption":"hnhatipoglu"},"url":"http:\/\/ticaret.edu.tr\/isletme-bolumu\/author\/hnhatipoglu\/"}]}},"lang":"tr","translations":{"tr":2589},"pll_sync_post":[],"_links":{"self":[{"href":"http:\/\/ticaret.edu.tr\/isletme-bolumu\/wp-json\/wp\/v2\/posts\/2589"}],"collection":[{"href":"http:\/\/ticaret.edu.tr\/isletme-bolumu\/wp-json\/wp\/v2\/posts"}],"about":[{"href":"http:\/\/ticaret.edu.tr\/isletme-bolumu\/wp-json\/wp\/v2\/types\/post"}],"author":[{"embeddable":true,"href":"http:\/\/ticaret.edu.tr\/isletme-bolumu\/wp-json\/wp\/v2\/users\/58"}],"replies":[{"embeddable":true,"href":"http:\/\/ticaret.edu.tr\/isletme-bolumu\/wp-json\/wp\/v2\/comments?post=2589"}],"version-history":[{"count":5,"href":"http:\/\/ticaret.edu.tr\/isletme-bolumu\/wp-json\/wp\/v2\/posts\/2589\/revisions"}],"predecessor-version":[{"id":2600,"href":"http:\/\/ticaret.edu.tr\/isletme-bolumu\/wp-json\/wp\/v2\/posts\/2589\/revisions\/2600"}],"wp:attachment":[{"href":"http:\/\/ticaret.edu.tr\/isletme-bolumu\/wp-json\/wp\/v2\/media?parent=2589"}],"wp:term":[{"taxonomy":"category","embeddable":true,"href":"http:\/\/ticaret.edu.tr\/isletme-bolumu\/wp-json\/wp\/v2\/categories?post=2589"},{"taxonomy":"post_tag","embeddable":true,"href":"http:\/\/ticaret.edu.tr\/isletme-bolumu\/wp-json\/wp\/v2\/tags?post=2589"}],"curies":[{"name":"wp","href":"https:\/\/api.w.org\/{rel}","templated":true}]}}