{"id":2668,"date":"2025-11-22T18:42:22","date_gmt":"2025-11-22T15:42:22","guid":{"rendered":"https:\/\/ticaret.edu.tr\/isletme-bolumu\/?p=2668"},"modified":"2025-12-24T15:02:10","modified_gmt":"2025-12-24T12:02:10","slug":"mine-yilmaz-tubitak-2209-a-proje-degerlendirme-gorusmesi-gerceklestirildi","status":"publish","type":"post","link":"http:\/\/ticaret.edu.tr\/isletme-bolumu\/2025\/11\/22\/mine-yilmaz-tubitak-2209-a-proje-degerlendirme-gorusmesi-gerceklestirildi\/","title":{"rendered":"Mine Y\u0131lmaz \u2013 T\u00dcB\u0130TAK 2209-A Proje De\u011ferlendirme G\u00f6r\u00fc\u015fmesi Ger\u00e7ekle\u015ftirildi"},"content":{"rendered":"<p>Bu hafta yap\u0131lan \u00e7al\u0131\u015fma oturumlar\u0131ndan birinde, \u0130\u015fletme B\u00f6l\u00fcm\u00fc 2. s\u0131n\u0131f \u00f6\u011frencisi Mine Y\u0131lmaz, akademik dan\u0131\u015fman\u0131 Do\u00e7. Dr. Mehmet Sa\u011flam ile y\u00fcr\u00fctt\u00fc\u011f\u00fc T\u00dcB\u0130TAK 2209-A projesine y\u00f6nelik geli\u015fmeleri de\u011ferlendirdi. \u00d6\u011frenci, proje tasla\u011f\u0131n\u0131 g\u00f6zden ge\u00e7irmek ve i\u00e7erik \u00fczerinde geri bildirim almak amac\u0131yla TTO Uzman\u0131 Beyza K\u00fc\u00e7\u00fck ile bir araya gelerek de\u011ferlendirmelerde bulundu. G\u00f6r\u00fc\u015fmede y\u00f6ntem yap\u0131s\u0131, ama\u00e7-hedef ili\u015fkisi ve proje ak\u0131\u015f\u0131n\u0131n g\u00fc\u00e7lendirilmesi \u00fczerine \u00f6neriler payla\u015f\u0131ld\u0131. Mine Y\u0131lmaz, y\u00f6nlendirmeler do\u011frultusunda revizyonlar\u0131n\u0131 s\u00fcrd\u00fcrerek ba\u015fvuru s\u00fcrecini ileri ta\u015f\u0131may\u0131 hedefliyor.<\/p>\n<p>&nbsp;<\/p>\n<p><img loading=\"lazy\" decoding=\"async\" class=\"alignnone wp-image-2669 size-full\" src=\"http:\/\/ticaret.edu.tr\/isletme-bolumu\/wp-content\/uploads\/sites\/8\/2025\/12\/haber-4.png\" alt=\"\" width=\"297\" height=\"395\" srcset=\"http:\/\/ticaret.edu.tr\/isletme-bolumu\/wp-content\/uploads\/sites\/8\/2025\/12\/haber-4.png 297w, http:\/\/ticaret.edu.tr\/isletme-bolumu\/wp-content\/uploads\/sites\/8\/2025\/12\/haber-4-226x300.png 226w\" sizes=\"(max-width: 297px) 100vw, 297px\" \/><\/p>\n","protected":false},"excerpt":{"rendered":"<p>Bu hafta yap\u0131lan \u00e7al\u0131\u015fma oturumlar\u0131ndan birinde, \u0130\u015fletme B\u00f6l\u00fcm\u00fc 2. s\u0131n\u0131f \u00f6\u011frencisi Mine Y\u0131lmaz, akademik dan\u0131\u015fman\u0131 Do\u00e7. Dr. Mehmet Sa\u011flam ile y\u00fcr\u00fctt\u00fc\u011f\u00fc T\u00dcB\u0130TAK 2209-A projesine y\u00f6nelik geli\u015fmeleri de\u011ferlendirdi. \u00d6\u011frenci, proje tasla\u011f\u0131n\u0131 g\u00f6zden ge\u00e7irmek ve i\u00e7erik \u00fczerinde geri bildirim almak amac\u0131yla TTO Uzman\u0131 Beyza K\u00fc\u00e7\u00fck ile bir araya gelerek de\u011ferlendirmelerde bulundu. G\u00f6r\u00fc\u015fmede y\u00f6ntem yap\u0131s\u0131, ama\u00e7-hedef ili\u015fkisi ve [&hellip;]<\/p>\n","protected":false},"author":250,"featured_media":2669,"comment_status":"closed","ping_status":"closed","sticky":false,"template":"","format":"standard","meta":{"footnotes":""},"categories":[2],"tags":[],"yoast_head":"<!-- This site is optimized with the Yoast SEO Premium plugin v22.1 (Yoast SEO v22.1) - https:\/\/yoast.com\/wordpress\/plugins\/seo\/ -->\n<title>Mine Y\u0131lmaz \u2013 T\u00dcB\u0130TAK 2209-A Proje De\u011ferlendirme G\u00f6r\u00fc\u015fmesi Ger\u00e7ekle\u015ftirildi - Haberler - \u0130\u015fletme<\/title>\n<meta name=\"robots\" content=\"index, follow, max-snippet:-1, max-image-preview:large, max-video-preview:-1\" \/>\n<link rel=\"canonical\" href=\"http:\/\/ticaret.edu.tr\/isletme-bolumu\/2025\/11\/22\/mine-yilmaz-tubitak-2209-a-proje-degerlendirme-gorusmesi-gerceklestirildi\/\" \/>\n<meta property=\"og:locale\" content=\"tr_TR\" \/>\n<meta property=\"og:type\" content=\"article\" \/>\n<meta property=\"og:title\" content=\"Mine Y\u0131lmaz \u2013 T\u00dcB\u0130TAK 2209-A Proje De\u011ferlendirme G\u00f6r\u00fc\u015fmesi Ger\u00e7ekle\u015ftirildi\" \/>\n<meta property=\"og:description\" content=\"Bu hafta yap\u0131lan \u00e7al\u0131\u015fma oturumlar\u0131ndan birinde, \u0130\u015fletme B\u00f6l\u00fcm\u00fc 2. s\u0131n\u0131f \u00f6\u011frencisi Mine Y\u0131lmaz, akademik dan\u0131\u015fman\u0131 Do\u00e7. Dr. Mehmet Sa\u011flam ile y\u00fcr\u00fctt\u00fc\u011f\u00fc T\u00dcB\u0130TAK 2209-A projesine y\u00f6nelik geli\u015fmeleri de\u011ferlendirdi. \u00d6\u011frenci, proje tasla\u011f\u0131n\u0131 g\u00f6zden ge\u00e7irmek ve i\u00e7erik \u00fczerinde geri bildirim almak amac\u0131yla TTO Uzman\u0131 Beyza K\u00fc\u00e7\u00fck ile bir araya gelerek de\u011ferlendirmelerde bulundu. G\u00f6r\u00fc\u015fmede y\u00f6ntem yap\u0131s\u0131, ama\u00e7-hedef ili\u015fkisi ve [&hellip;]\" \/>\n<meta property=\"og:url\" content=\"http:\/\/ticaret.edu.tr\/isletme-bolumu\/2025\/11\/22\/mine-yilmaz-tubitak-2209-a-proje-degerlendirme-gorusmesi-gerceklestirildi\/\" \/>\n<meta property=\"og:site_name\" content=\"\u0130\u015fletme\" \/>\n<meta property=\"article:publisher\" content=\"https:\/\/www.facebook.com\/ticaretedutr\" \/>\n<meta property=\"article:published_time\" content=\"2025-11-22T15:42:22+00:00\" \/>\n<meta property=\"article:modified_time\" content=\"2025-12-24T12:02:10+00:00\" \/>\n<meta property=\"og:image\" content=\"http:\/\/ticaret.edu.tr\/isletme-bolumu\/wp-content\/uploads\/sites\/8\/2025\/12\/haber-4.png\" \/>\n\t<meta property=\"og:image:width\" content=\"297\" \/>\n\t<meta property=\"og:image:height\" content=\"395\" \/>\n\t<meta property=\"og:image:type\" content=\"image\/png\" \/>\n<meta name=\"author\" content=\"macar\" \/>\n<meta name=\"twitter:card\" content=\"summary_large_image\" \/>\n<meta name=\"twitter:creator\" content=\"@ticaretedutr\" \/>\n<meta name=\"twitter:site\" content=\"@ticaretedutr\" \/>\n<meta name=\"twitter:label1\" content=\"Yazan:\" \/>\n\t<meta name=\"twitter:data1\" content=\"macar\" \/>\n\t<meta name=\"twitter:label2\" content=\"Tahmini okuma s\u00fcresi\" \/>\n\t<meta name=\"twitter:data2\" content=\"1 dakika\" \/>\n<script type=\"application\/ld+json\" class=\"yoast-schema-graph\">{\"@context\":\"https:\/\/schema.org\",\"@graph\":[{\"@type\":\"WebPage\",\"@id\":\"http:\/\/ticaret.edu.tr\/isletme-bolumu\/2025\/11\/22\/mine-yilmaz-tubitak-2209-a-proje-degerlendirme-gorusmesi-gerceklestirildi\/\",\"url\":\"http:\/\/ticaret.edu.tr\/isletme-bolumu\/2025\/11\/22\/mine-yilmaz-tubitak-2209-a-proje-degerlendirme-gorusmesi-gerceklestirildi\/\",\"name\":\"Mine Y\u0131lmaz \u2013 T\u00dcB\u0130TAK 2209-A Proje De\u011ferlendirme G\u00f6r\u00fc\u015fmesi Ger\u00e7ekle\u015ftirildi - Haberler - \u0130\u015fletme\",\"isPartOf\":{\"@id\":\"https:\/\/ticaret.edu.tr\/isletme-bolumu\/#website\"},\"datePublished\":\"2025-11-22T15:42:22+00:00\",\"dateModified\":\"2025-12-24T12:02:10+00:00\",\"author\":{\"@id\":\"https:\/\/ticaret.edu.tr\/isletme-bolumu\/#\/schema\/person\/5c5f322405c5351bde06f4b748ca8e15\"},\"breadcrumb\":{\"@id\":\"http:\/\/ticaret.edu.tr\/isletme-bolumu\/2025\/11\/22\/mine-yilmaz-tubitak-2209-a-proje-degerlendirme-gorusmesi-gerceklestirildi\/#breadcrumb\"},\"inLanguage\":\"tr\",\"potentialAction\":[{\"@type\":\"ReadAction\",\"target\":[\"http:\/\/ticaret.edu.tr\/isletme-bolumu\/2025\/11\/22\/mine-yilmaz-tubitak-2209-a-proje-degerlendirme-gorusmesi-gerceklestirildi\/\"]}]},{\"@type\":\"BreadcrumbList\",\"@id\":\"http:\/\/ticaret.edu.tr\/isletme-bolumu\/2025\/11\/22\/mine-yilmaz-tubitak-2209-a-proje-degerlendirme-gorusmesi-gerceklestirildi\/#breadcrumb\",\"itemListElement\":[{\"@type\":\"ListItem\",\"position\":1,\"name\":\"Ana sayfa\",\"item\":\"http:\/\/ticaret.edu.tr\/isletme-bolumu\/en\/\"},{\"@type\":\"ListItem\",\"position\":2,\"name\":\"Mine Y\u0131lmaz \u2013 T\u00dcB\u0130TAK 2209-A Proje De\u011ferlendirme G\u00f6r\u00fc\u015fmesi Ger\u00e7ekle\u015ftirildi\"}]},{\"@type\":\"WebSite\",\"@id\":\"https:\/\/ticaret.edu.tr\/isletme-bolumu\/#website\",\"url\":\"https:\/\/ticaret.edu.tr\/isletme-bolumu\/\",\"name\":\"\u0130\u015fletme\",\"description\":\"\",\"potentialAction\":[{\"@type\":\"SearchAction\",\"target\":{\"@type\":\"EntryPoint\",\"urlTemplate\":\"https:\/\/ticaret.edu.tr\/isletme-bolumu\/?s={search_term_string}\"},\"query-input\":\"required name=search_term_string\"}],\"inLanguage\":\"tr\"},{\"@type\":\"Person\",\"@id\":\"https:\/\/ticaret.edu.tr\/isletme-bolumu\/#\/schema\/person\/5c5f322405c5351bde06f4b748ca8e15\",\"name\":\"macar\",\"image\":{\"@type\":\"ImageObject\",\"inLanguage\":\"tr\",\"@id\":\"https:\/\/ticaret.edu.tr\/isletme-bolumu\/#\/schema\/person\/image\/\",\"url\":\"http:\/\/2.gravatar.com\/avatar\/2797681c700e00f2dfa80f2856c60c4a?s=96&d=mm&r=g\",\"contentUrl\":\"http:\/\/2.gravatar.com\/avatar\/2797681c700e00f2dfa80f2856c60c4a?s=96&d=mm&r=g\",\"caption\":\"macar\"},\"url\":\"http:\/\/ticaret.edu.tr\/isletme-bolumu\/author\/macar\/\"}]}<\/script>\n<!-- \/ Yoast SEO Premium plugin. -->","yoast_head_json":{"title":"Mine Y\u0131lmaz \u2013 T\u00dcB\u0130TAK 2209-A Proje De\u011ferlendirme G\u00f6r\u00fc\u015fmesi Ger\u00e7ekle\u015ftirildi - Haberler - \u0130\u015fletme","robots":{"index":"index","follow":"follow","max-snippet":"max-snippet:-1","max-image-preview":"max-image-preview:large","max-video-preview":"max-video-preview:-1"},"canonical":"http:\/\/ticaret.edu.tr\/isletme-bolumu\/2025\/11\/22\/mine-yilmaz-tubitak-2209-a-proje-degerlendirme-gorusmesi-gerceklestirildi\/","og_locale":"tr_TR","og_type":"article","og_title":"Mine Y\u0131lmaz \u2013 T\u00dcB\u0130TAK 2209-A Proje De\u011ferlendirme G\u00f6r\u00fc\u015fmesi Ger\u00e7ekle\u015ftirildi","og_description":"Bu hafta yap\u0131lan \u00e7al\u0131\u015fma oturumlar\u0131ndan birinde, \u0130\u015fletme B\u00f6l\u00fcm\u00fc 2. s\u0131n\u0131f \u00f6\u011frencisi Mine Y\u0131lmaz, akademik dan\u0131\u015fman\u0131 Do\u00e7. Dr. Mehmet Sa\u011flam ile y\u00fcr\u00fctt\u00fc\u011f\u00fc T\u00dcB\u0130TAK 2209-A projesine y\u00f6nelik geli\u015fmeleri de\u011ferlendirdi. \u00d6\u011frenci, proje tasla\u011f\u0131n\u0131 g\u00f6zden ge\u00e7irmek ve i\u00e7erik \u00fczerinde geri bildirim almak amac\u0131yla TTO Uzman\u0131 Beyza K\u00fc\u00e7\u00fck ile bir araya gelerek de\u011ferlendirmelerde bulundu. G\u00f6r\u00fc\u015fmede y\u00f6ntem yap\u0131s\u0131, ama\u00e7-hedef ili\u015fkisi ve [&hellip;]","og_url":"http:\/\/ticaret.edu.tr\/isletme-bolumu\/2025\/11\/22\/mine-yilmaz-tubitak-2209-a-proje-degerlendirme-gorusmesi-gerceklestirildi\/","og_site_name":"\u0130\u015fletme","article_publisher":"https:\/\/www.facebook.com\/ticaretedutr","article_published_time":"2025-11-22T15:42:22+00:00","article_modified_time":"2025-12-24T12:02:10+00:00","og_image":[{"width":297,"height":395,"url":"http:\/\/ticaret.edu.tr\/isletme-bolumu\/wp-content\/uploads\/sites\/8\/2025\/12\/haber-4.png","type":"image\/png"}],"author":"macar","twitter_card":"summary_large_image","twitter_creator":"@ticaretedutr","twitter_site":"@ticaretedutr","twitter_misc":{"Yazan:":"macar","Tahmini okuma s\u00fcresi":"1 dakika"},"schema":{"@context":"https:\/\/schema.org","@graph":[{"@type":"WebPage","@id":"http:\/\/ticaret.edu.tr\/isletme-bolumu\/2025\/11\/22\/mine-yilmaz-tubitak-2209-a-proje-degerlendirme-gorusmesi-gerceklestirildi\/","url":"http:\/\/ticaret.edu.tr\/isletme-bolumu\/2025\/11\/22\/mine-yilmaz-tubitak-2209-a-proje-degerlendirme-gorusmesi-gerceklestirildi\/","name":"Mine Y\u0131lmaz \u2013 T\u00dcB\u0130TAK 2209-A Proje De\u011ferlendirme G\u00f6r\u00fc\u015fmesi Ger\u00e7ekle\u015ftirildi - Haberler - \u0130\u015fletme","isPartOf":{"@id":"https:\/\/ticaret.edu.tr\/isletme-bolumu\/#website"},"datePublished":"2025-11-22T15:42:22+00:00","dateModified":"2025-12-24T12:02:10+00:00","author":{"@id":"https:\/\/ticaret.edu.tr\/isletme-bolumu\/#\/schema\/person\/5c5f322405c5351bde06f4b748ca8e15"},"breadcrumb":{"@id":"http:\/\/ticaret.edu.tr\/isletme-bolumu\/2025\/11\/22\/mine-yilmaz-tubitak-2209-a-proje-degerlendirme-gorusmesi-gerceklestirildi\/#breadcrumb"},"inLanguage":"tr","potentialAction":[{"@type":"ReadAction","target":["http:\/\/ticaret.edu.tr\/isletme-bolumu\/2025\/11\/22\/mine-yilmaz-tubitak-2209-a-proje-degerlendirme-gorusmesi-gerceklestirildi\/"]}]},{"@type":"BreadcrumbList","@id":"http:\/\/ticaret.edu.tr\/isletme-bolumu\/2025\/11\/22\/mine-yilmaz-tubitak-2209-a-proje-degerlendirme-gorusmesi-gerceklestirildi\/#breadcrumb","itemListElement":[{"@type":"ListItem","position":1,"name":"Ana sayfa","item":"http:\/\/ticaret.edu.tr\/isletme-bolumu\/en\/"},{"@type":"ListItem","position":2,"name":"Mine Y\u0131lmaz \u2013 T\u00dcB\u0130TAK 2209-A Proje De\u011ferlendirme G\u00f6r\u00fc\u015fmesi Ger\u00e7ekle\u015ftirildi"}]},{"@type":"WebSite","@id":"https:\/\/ticaret.edu.tr\/isletme-bolumu\/#website","url":"https:\/\/ticaret.edu.tr\/isletme-bolumu\/","name":"\u0130\u015fletme","description":"","potentialAction":[{"@type":"SearchAction","target":{"@type":"EntryPoint","urlTemplate":"https:\/\/ticaret.edu.tr\/isletme-bolumu\/?s={search_term_string}"},"query-input":"required name=search_term_string"}],"inLanguage":"tr"},{"@type":"Person","@id":"https:\/\/ticaret.edu.tr\/isletme-bolumu\/#\/schema\/person\/5c5f322405c5351bde06f4b748ca8e15","name":"macar","image":{"@type":"ImageObject","inLanguage":"tr","@id":"https:\/\/ticaret.edu.tr\/isletme-bolumu\/#\/schema\/person\/image\/","url":"http:\/\/2.gravatar.com\/avatar\/2797681c700e00f2dfa80f2856c60c4a?s=96&d=mm&r=g","contentUrl":"http:\/\/2.gravatar.com\/avatar\/2797681c700e00f2dfa80f2856c60c4a?s=96&d=mm&r=g","caption":"macar"},"url":"http:\/\/ticaret.edu.tr\/isletme-bolumu\/author\/macar\/"}]}},"lang":"tr","translations":{"tr":2668},"pll_sync_post":[],"_links":{"self":[{"href":"http:\/\/ticaret.edu.tr\/isletme-bolumu\/wp-json\/wp\/v2\/posts\/2668"}],"collection":[{"href":"http:\/\/ticaret.edu.tr\/isletme-bolumu\/wp-json\/wp\/v2\/posts"}],"about":[{"href":"http:\/\/ticaret.edu.tr\/isletme-bolumu\/wp-json\/wp\/v2\/types\/post"}],"author":[{"embeddable":true,"href":"http:\/\/ticaret.edu.tr\/isletme-bolumu\/wp-json\/wp\/v2\/users\/250"}],"replies":[{"embeddable":true,"href":"http:\/\/ticaret.edu.tr\/isletme-bolumu\/wp-json\/wp\/v2\/comments?post=2668"}],"version-history":[{"count":2,"href":"http:\/\/ticaret.edu.tr\/isletme-bolumu\/wp-json\/wp\/v2\/posts\/2668\/revisions"}],"predecessor-version":[{"id":2682,"href":"http:\/\/ticaret.edu.tr\/isletme-bolumu\/wp-json\/wp\/v2\/posts\/2668\/revisions\/2682"}],"wp:featuredmedia":[{"embeddable":true,"href":"http:\/\/ticaret.edu.tr\/isletme-bolumu\/wp-json\/wp\/v2\/media\/2669"}],"wp:attachment":[{"href":"http:\/\/ticaret.edu.tr\/isletme-bolumu\/wp-json\/wp\/v2\/media?parent=2668"}],"wp:term":[{"taxonomy":"category","embeddable":true,"href":"http:\/\/ticaret.edu.tr\/isletme-bolumu\/wp-json\/wp\/v2\/categories?post=2668"},{"taxonomy":"post_tag","embeddable":true,"href":"http:\/\/ticaret.edu.tr\/isletme-bolumu\/wp-json\/wp\/v2\/tags?post=2668"}],"curies":[{"name":"wp","href":"https:\/\/api.w.org\/{rel}","templated":true}]}}