{"id":2690,"date":"2025-10-24T14:23:24","date_gmt":"2025-10-24T11:23:24","guid":{"rendered":"https:\/\/ticaret.edu.tr\/isletme-bolumu\/?p=2690"},"modified":"2025-12-24T16:57:29","modified_gmt":"2025-12-24T13:57:29","slug":"dr-ogr-uyesi-mefule-findikci-erdogan-ile-isletme-fakultesi-ogrencilerine-tubitak-2209-bilgilendirmesi-gerceklestirildi","status":"publish","type":"post","link":"http:\/\/ticaret.edu.tr\/isletme-bolumu\/2025\/10\/24\/dr-ogr-uyesi-mefule-findikci-erdogan-ile-isletme-fakultesi-ogrencilerine-tubitak-2209-bilgilendirmesi-gerceklestirildi\/","title":{"rendered":"Dr. \u00d6\u011fr. \u00dcyesi Mefule F\u0131nd\u0131k\u00e7\u0131 Erdo\u011fan ile \u0130\u015fletme Fak\u00fcltesi \u00d6\u011frencilerine T\u00dcB\u0130TAK 2209 Bilgilendirmesi Ger\u00e7ekle\u015ftirildi"},"content":{"rendered":"<p>Ticaret TTO taraf\u0131ndan, \u0130\u015fletme Fak\u00fcltesi Dekan Yard\u0131mc\u0131s\u0131 Dr. \u00d6\u011fr. \u00dcyesi Mefule F\u0131nd\u0131k\u00e7\u0131 Erdo\u011fan\u2019\u0131n davetiyle \u0130\u015fletme B\u00f6l\u00fcm\u00fc \u00f6\u011frencilerine y\u00f6nelik T\u00dcB\u0130TAK 2209 \u00dcniversite \u00d6\u011frencileri Ara\u015ft\u0131rma Projeleri Destekleme Program\u0131 bilgilendirmesi ger\u00e7ekle\u015ftirildi.<br \/>\nEtkinlikte, TTO Proje Destekleri Ofisi Uzman\u0131 Beyza K\u00fc\u00e7\u00fck, \u00f6\u011frencilerle proje fikri olu\u015fturma, ama\u00e7 ve y\u00f6ntem belirleme, \u00f6zg\u00fcn de\u011fer yaz\u0131m\u0131 ve proje dosyalar\u0131n\u0131n haz\u0131rlanma s\u00fcreci hakk\u0131nda kapsaml\u0131 bilgiler payla\u015ft\u0131. Dr. \u00d6\u011fr. \u00dcyesi Mefule F\u0131nd\u0131k\u00e7\u0131 Erdo\u011fan\u2019\u0131n deste\u011fiyle ger\u00e7ekle\u015ftirilen bu bilgilendirme, \u00f6\u011frencilerin ara\u015ft\u0131rma ve proje k\u00fclt\u00fcr\u00fcne olan ilgisini art\u0131rarak, \u0130\u015fletme Fak\u00fcltesi\u2019nde y\u00fcr\u00fct\u00fclen akademik faaliyetlere \u00f6nemli bir katk\u0131 sa\u011flad\u0131.<\/p>\n<p>&nbsp;<\/p>\n<p><img loading=\"lazy\" decoding=\"async\" class=\"alignleft wp-image-2691 size-full\" src=\"http:\/\/ticaret.edu.tr\/isletme-bolumu\/wp-content\/uploads\/sites\/8\/2025\/12\/m.f.e.png\" alt=\"\" width=\"570\" height=\"372\" srcset=\"http:\/\/ticaret.edu.tr\/isletme-bolumu\/wp-content\/uploads\/sites\/8\/2025\/12\/m.f.e.png 570w, http:\/\/ticaret.edu.tr\/isletme-bolumu\/wp-content\/uploads\/sites\/8\/2025\/12\/m.f.e-300x196.png 300w\" sizes=\"(max-width: 570px) 100vw, 570px\" \/><\/p>\n","protected":false},"excerpt":{"rendered":"<p>Ticaret TTO taraf\u0131ndan, \u0130\u015fletme Fak\u00fcltesi Dekan Yard\u0131mc\u0131s\u0131 Dr. \u00d6\u011fr. \u00dcyesi Mefule F\u0131nd\u0131k\u00e7\u0131 Erdo\u011fan\u2019\u0131n davetiyle \u0130\u015fletme B\u00f6l\u00fcm\u00fc \u00f6\u011frencilerine y\u00f6nelik T\u00dcB\u0130TAK 2209 \u00dcniversite \u00d6\u011frencileri Ara\u015ft\u0131rma Projeleri Destekleme Program\u0131 bilgilendirmesi ger\u00e7ekle\u015ftirildi. Etkinlikte, TTO Proje Destekleri Ofisi Uzman\u0131 Beyza K\u00fc\u00e7\u00fck, \u00f6\u011frencilerle proje fikri olu\u015fturma, ama\u00e7 ve y\u00f6ntem belirleme, \u00f6zg\u00fcn de\u011fer yaz\u0131m\u0131 ve proje dosyalar\u0131n\u0131n haz\u0131rlanma s\u00fcreci hakk\u0131nda kapsaml\u0131 bilgiler [&hellip;]<\/p>\n","protected":false},"author":58,"featured_media":2691,"comment_status":"closed","ping_status":"closed","sticky":false,"template":"","format":"standard","meta":{"footnotes":""},"categories":[2],"tags":[],"yoast_head":"<!-- This site is optimized with the Yoast SEO Premium plugin v22.1 (Yoast SEO v22.1) - https:\/\/yoast.com\/wordpress\/plugins\/seo\/ -->\n<title>Dr. \u00d6\u011fr. \u00dcyesi Mefule F\u0131nd\u0131k\u00e7\u0131 Erdo\u011fan ile \u0130\u015fletme Fak\u00fcltesi \u00d6\u011frencilerine T\u00dcB\u0130TAK 2209 Bilgilendirmesi Ger\u00e7ekle\u015ftirildi - Haberler - \u0130\u015fletme<\/title>\n<meta name=\"robots\" content=\"index, follow, max-snippet:-1, max-image-preview:large, max-video-preview:-1\" \/>\n<link rel=\"canonical\" href=\"http:\/\/ticaret.edu.tr\/isletme-bolumu\/2025\/10\/24\/dr-ogr-uyesi-mefule-findikci-erdogan-ile-isletme-fakultesi-ogrencilerine-tubitak-2209-bilgilendirmesi-gerceklestirildi\/\" \/>\n<meta property=\"og:locale\" content=\"tr_TR\" \/>\n<meta property=\"og:type\" content=\"article\" \/>\n<meta property=\"og:title\" content=\"Dr. \u00d6\u011fr. \u00dcyesi Mefule F\u0131nd\u0131k\u00e7\u0131 Erdo\u011fan ile \u0130\u015fletme Fak\u00fcltesi \u00d6\u011frencilerine T\u00dcB\u0130TAK 2209 Bilgilendirmesi Ger\u00e7ekle\u015ftirildi\" \/>\n<meta property=\"og:description\" content=\"Ticaret TTO taraf\u0131ndan, \u0130\u015fletme Fak\u00fcltesi Dekan Yard\u0131mc\u0131s\u0131 Dr. \u00d6\u011fr. \u00dcyesi Mefule F\u0131nd\u0131k\u00e7\u0131 Erdo\u011fan\u2019\u0131n davetiyle \u0130\u015fletme B\u00f6l\u00fcm\u00fc \u00f6\u011frencilerine y\u00f6nelik T\u00dcB\u0130TAK 2209 \u00dcniversite \u00d6\u011frencileri Ara\u015ft\u0131rma Projeleri Destekleme Program\u0131 bilgilendirmesi ger\u00e7ekle\u015ftirildi. Etkinlikte, TTO Proje Destekleri Ofisi Uzman\u0131 Beyza K\u00fc\u00e7\u00fck, \u00f6\u011frencilerle proje fikri olu\u015fturma, ama\u00e7 ve y\u00f6ntem belirleme, \u00f6zg\u00fcn de\u011fer yaz\u0131m\u0131 ve proje dosyalar\u0131n\u0131n haz\u0131rlanma s\u00fcreci hakk\u0131nda kapsaml\u0131 bilgiler [&hellip;]\" \/>\n<meta property=\"og:url\" content=\"http:\/\/ticaret.edu.tr\/isletme-bolumu\/2025\/10\/24\/dr-ogr-uyesi-mefule-findikci-erdogan-ile-isletme-fakultesi-ogrencilerine-tubitak-2209-bilgilendirmesi-gerceklestirildi\/\" \/>\n<meta property=\"og:site_name\" content=\"\u0130\u015fletme\" \/>\n<meta property=\"article:publisher\" content=\"https:\/\/www.facebook.com\/ticaretedutr\" \/>\n<meta property=\"article:published_time\" content=\"2025-10-24T11:23:24+00:00\" \/>\n<meta property=\"article:modified_time\" content=\"2025-12-24T13:57:29+00:00\" \/>\n<meta property=\"og:image\" content=\"http:\/\/ticaret.edu.tr\/isletme-bolumu\/wp-content\/uploads\/sites\/8\/2025\/12\/m.f.e.png\" \/>\n\t<meta property=\"og:image:width\" content=\"570\" \/>\n\t<meta property=\"og:image:height\" content=\"372\" \/>\n\t<meta property=\"og:image:type\" content=\"image\/png\" \/>\n<meta name=\"author\" content=\"hnhatipoglu\" \/>\n<meta name=\"twitter:card\" content=\"summary_large_image\" \/>\n<meta name=\"twitter:creator\" content=\"@ticaretedutr\" \/>\n<meta name=\"twitter:site\" content=\"@ticaretedutr\" \/>\n<meta name=\"twitter:label1\" content=\"Yazan:\" \/>\n\t<meta name=\"twitter:data1\" content=\"hnhatipoglu\" \/>\n\t<meta name=\"twitter:label2\" content=\"Tahmini okuma s\u00fcresi\" \/>\n\t<meta name=\"twitter:data2\" content=\"1 dakika\" \/>\n<script type=\"application\/ld+json\" class=\"yoast-schema-graph\">{\"@context\":\"https:\/\/schema.org\",\"@graph\":[{\"@type\":\"WebPage\",\"@id\":\"http:\/\/ticaret.edu.tr\/isletme-bolumu\/2025\/10\/24\/dr-ogr-uyesi-mefule-findikci-erdogan-ile-isletme-fakultesi-ogrencilerine-tubitak-2209-bilgilendirmesi-gerceklestirildi\/\",\"url\":\"http:\/\/ticaret.edu.tr\/isletme-bolumu\/2025\/10\/24\/dr-ogr-uyesi-mefule-findikci-erdogan-ile-isletme-fakultesi-ogrencilerine-tubitak-2209-bilgilendirmesi-gerceklestirildi\/\",\"name\":\"Dr. \u00d6\u011fr. \u00dcyesi Mefule F\u0131nd\u0131k\u00e7\u0131 Erdo\u011fan ile \u0130\u015fletme Fak\u00fcltesi \u00d6\u011frencilerine T\u00dcB\u0130TAK 2209 Bilgilendirmesi Ger\u00e7ekle\u015ftirildi - Haberler - \u0130\u015fletme\",\"isPartOf\":{\"@id\":\"https:\/\/ticaret.edu.tr\/isletme-bolumu\/#website\"},\"datePublished\":\"2025-10-24T11:23:24+00:00\",\"dateModified\":\"2025-12-24T13:57:29+00:00\",\"author\":{\"@id\":\"https:\/\/ticaret.edu.tr\/isletme-bolumu\/#\/schema\/person\/6a81be209243d40fe84d7d97850c4c7b\"},\"breadcrumb\":{\"@id\":\"http:\/\/ticaret.edu.tr\/isletme-bolumu\/2025\/10\/24\/dr-ogr-uyesi-mefule-findikci-erdogan-ile-isletme-fakultesi-ogrencilerine-tubitak-2209-bilgilendirmesi-gerceklestirildi\/#breadcrumb\"},\"inLanguage\":\"tr\",\"potentialAction\":[{\"@type\":\"ReadAction\",\"target\":[\"http:\/\/ticaret.edu.tr\/isletme-bolumu\/2025\/10\/24\/dr-ogr-uyesi-mefule-findikci-erdogan-ile-isletme-fakultesi-ogrencilerine-tubitak-2209-bilgilendirmesi-gerceklestirildi\/\"]}]},{\"@type\":\"BreadcrumbList\",\"@id\":\"http:\/\/ticaret.edu.tr\/isletme-bolumu\/2025\/10\/24\/dr-ogr-uyesi-mefule-findikci-erdogan-ile-isletme-fakultesi-ogrencilerine-tubitak-2209-bilgilendirmesi-gerceklestirildi\/#breadcrumb\",\"itemListElement\":[{\"@type\":\"ListItem\",\"position\":1,\"name\":\"Ana sayfa\",\"item\":\"http:\/\/ticaret.edu.tr\/isletme-bolumu\/en\/\"},{\"@type\":\"ListItem\",\"position\":2,\"name\":\"Dr. \u00d6\u011fr. \u00dcyesi Mefule F\u0131nd\u0131k\u00e7\u0131 Erdo\u011fan ile \u0130\u015fletme Fak\u00fcltesi \u00d6\u011frencilerine T\u00dcB\u0130TAK 2209 Bilgilendirmesi Ger\u00e7ekle\u015ftirildi\"}]},{\"@type\":\"WebSite\",\"@id\":\"https:\/\/ticaret.edu.tr\/isletme-bolumu\/#website\",\"url\":\"https:\/\/ticaret.edu.tr\/isletme-bolumu\/\",\"name\":\"\u0130\u015fletme\",\"description\":\"\",\"potentialAction\":[{\"@type\":\"SearchAction\",\"target\":{\"@type\":\"EntryPoint\",\"urlTemplate\":\"https:\/\/ticaret.edu.tr\/isletme-bolumu\/?s={search_term_string}\"},\"query-input\":\"required name=search_term_string\"}],\"inLanguage\":\"tr\"},{\"@type\":\"Person\",\"@id\":\"https:\/\/ticaret.edu.tr\/isletme-bolumu\/#\/schema\/person\/6a81be209243d40fe84d7d97850c4c7b\",\"name\":\"hnhatipoglu\",\"image\":{\"@type\":\"ImageObject\",\"inLanguage\":\"tr\",\"@id\":\"https:\/\/ticaret.edu.tr\/isletme-bolumu\/#\/schema\/person\/image\/\",\"url\":\"http:\/\/1.gravatar.com\/avatar\/acb9c2e8f6521a0264a11dd0a981cfc5?s=96&d=mm&r=g\",\"contentUrl\":\"http:\/\/1.gravatar.com\/avatar\/acb9c2e8f6521a0264a11dd0a981cfc5?s=96&d=mm&r=g\",\"caption\":\"hnhatipoglu\"},\"url\":\"http:\/\/ticaret.edu.tr\/isletme-bolumu\/author\/hnhatipoglu\/\"}]}<\/script>\n<!-- \/ Yoast SEO Premium plugin. -->","yoast_head_json":{"title":"Dr. \u00d6\u011fr. \u00dcyesi Mefule F\u0131nd\u0131k\u00e7\u0131 Erdo\u011fan ile \u0130\u015fletme Fak\u00fcltesi \u00d6\u011frencilerine T\u00dcB\u0130TAK 2209 Bilgilendirmesi Ger\u00e7ekle\u015ftirildi - Haberler - \u0130\u015fletme","robots":{"index":"index","follow":"follow","max-snippet":"max-snippet:-1","max-image-preview":"max-image-preview:large","max-video-preview":"max-video-preview:-1"},"canonical":"http:\/\/ticaret.edu.tr\/isletme-bolumu\/2025\/10\/24\/dr-ogr-uyesi-mefule-findikci-erdogan-ile-isletme-fakultesi-ogrencilerine-tubitak-2209-bilgilendirmesi-gerceklestirildi\/","og_locale":"tr_TR","og_type":"article","og_title":"Dr. \u00d6\u011fr. \u00dcyesi Mefule F\u0131nd\u0131k\u00e7\u0131 Erdo\u011fan ile \u0130\u015fletme Fak\u00fcltesi \u00d6\u011frencilerine T\u00dcB\u0130TAK 2209 Bilgilendirmesi Ger\u00e7ekle\u015ftirildi","og_description":"Ticaret TTO taraf\u0131ndan, \u0130\u015fletme Fak\u00fcltesi Dekan Yard\u0131mc\u0131s\u0131 Dr. \u00d6\u011fr. \u00dcyesi Mefule F\u0131nd\u0131k\u00e7\u0131 Erdo\u011fan\u2019\u0131n davetiyle \u0130\u015fletme B\u00f6l\u00fcm\u00fc \u00f6\u011frencilerine y\u00f6nelik T\u00dcB\u0130TAK 2209 \u00dcniversite \u00d6\u011frencileri Ara\u015ft\u0131rma Projeleri Destekleme Program\u0131 bilgilendirmesi ger\u00e7ekle\u015ftirildi. Etkinlikte, TTO Proje Destekleri Ofisi Uzman\u0131 Beyza K\u00fc\u00e7\u00fck, \u00f6\u011frencilerle proje fikri olu\u015fturma, ama\u00e7 ve y\u00f6ntem belirleme, \u00f6zg\u00fcn de\u011fer yaz\u0131m\u0131 ve proje dosyalar\u0131n\u0131n haz\u0131rlanma s\u00fcreci hakk\u0131nda kapsaml\u0131 bilgiler [&hellip;]","og_url":"http:\/\/ticaret.edu.tr\/isletme-bolumu\/2025\/10\/24\/dr-ogr-uyesi-mefule-findikci-erdogan-ile-isletme-fakultesi-ogrencilerine-tubitak-2209-bilgilendirmesi-gerceklestirildi\/","og_site_name":"\u0130\u015fletme","article_publisher":"https:\/\/www.facebook.com\/ticaretedutr","article_published_time":"2025-10-24T11:23:24+00:00","article_modified_time":"2025-12-24T13:57:29+00:00","og_image":[{"width":570,"height":372,"url":"http:\/\/ticaret.edu.tr\/isletme-bolumu\/wp-content\/uploads\/sites\/8\/2025\/12\/m.f.e.png","type":"image\/png"}],"author":"hnhatipoglu","twitter_card":"summary_large_image","twitter_creator":"@ticaretedutr","twitter_site":"@ticaretedutr","twitter_misc":{"Yazan:":"hnhatipoglu","Tahmini okuma s\u00fcresi":"1 dakika"},"schema":{"@context":"https:\/\/schema.org","@graph":[{"@type":"WebPage","@id":"http:\/\/ticaret.edu.tr\/isletme-bolumu\/2025\/10\/24\/dr-ogr-uyesi-mefule-findikci-erdogan-ile-isletme-fakultesi-ogrencilerine-tubitak-2209-bilgilendirmesi-gerceklestirildi\/","url":"http:\/\/ticaret.edu.tr\/isletme-bolumu\/2025\/10\/24\/dr-ogr-uyesi-mefule-findikci-erdogan-ile-isletme-fakultesi-ogrencilerine-tubitak-2209-bilgilendirmesi-gerceklestirildi\/","name":"Dr. \u00d6\u011fr. \u00dcyesi Mefule F\u0131nd\u0131k\u00e7\u0131 Erdo\u011fan ile \u0130\u015fletme Fak\u00fcltesi \u00d6\u011frencilerine T\u00dcB\u0130TAK 2209 Bilgilendirmesi Ger\u00e7ekle\u015ftirildi - Haberler - \u0130\u015fletme","isPartOf":{"@id":"https:\/\/ticaret.edu.tr\/isletme-bolumu\/#website"},"datePublished":"2025-10-24T11:23:24+00:00","dateModified":"2025-12-24T13:57:29+00:00","author":{"@id":"https:\/\/ticaret.edu.tr\/isletme-bolumu\/#\/schema\/person\/6a81be209243d40fe84d7d97850c4c7b"},"breadcrumb":{"@id":"http:\/\/ticaret.edu.tr\/isletme-bolumu\/2025\/10\/24\/dr-ogr-uyesi-mefule-findikci-erdogan-ile-isletme-fakultesi-ogrencilerine-tubitak-2209-bilgilendirmesi-gerceklestirildi\/#breadcrumb"},"inLanguage":"tr","potentialAction":[{"@type":"ReadAction","target":["http:\/\/ticaret.edu.tr\/isletme-bolumu\/2025\/10\/24\/dr-ogr-uyesi-mefule-findikci-erdogan-ile-isletme-fakultesi-ogrencilerine-tubitak-2209-bilgilendirmesi-gerceklestirildi\/"]}]},{"@type":"BreadcrumbList","@id":"http:\/\/ticaret.edu.tr\/isletme-bolumu\/2025\/10\/24\/dr-ogr-uyesi-mefule-findikci-erdogan-ile-isletme-fakultesi-ogrencilerine-tubitak-2209-bilgilendirmesi-gerceklestirildi\/#breadcrumb","itemListElement":[{"@type":"ListItem","position":1,"name":"Ana sayfa","item":"http:\/\/ticaret.edu.tr\/isletme-bolumu\/en\/"},{"@type":"ListItem","position":2,"name":"Dr. \u00d6\u011fr. \u00dcyesi Mefule F\u0131nd\u0131k\u00e7\u0131 Erdo\u011fan ile \u0130\u015fletme Fak\u00fcltesi \u00d6\u011frencilerine T\u00dcB\u0130TAK 2209 Bilgilendirmesi Ger\u00e7ekle\u015ftirildi"}]},{"@type":"WebSite","@id":"https:\/\/ticaret.edu.tr\/isletme-bolumu\/#website","url":"https:\/\/ticaret.edu.tr\/isletme-bolumu\/","name":"\u0130\u015fletme","description":"","potentialAction":[{"@type":"SearchAction","target":{"@type":"EntryPoint","urlTemplate":"https:\/\/ticaret.edu.tr\/isletme-bolumu\/?s={search_term_string}"},"query-input":"required name=search_term_string"}],"inLanguage":"tr"},{"@type":"Person","@id":"https:\/\/ticaret.edu.tr\/isletme-bolumu\/#\/schema\/person\/6a81be209243d40fe84d7d97850c4c7b","name":"hnhatipoglu","image":{"@type":"ImageObject","inLanguage":"tr","@id":"https:\/\/ticaret.edu.tr\/isletme-bolumu\/#\/schema\/person\/image\/","url":"http:\/\/1.gravatar.com\/avatar\/acb9c2e8f6521a0264a11dd0a981cfc5?s=96&d=mm&r=g","contentUrl":"http:\/\/1.gravatar.com\/avatar\/acb9c2e8f6521a0264a11dd0a981cfc5?s=96&d=mm&r=g","caption":"hnhatipoglu"},"url":"http:\/\/ticaret.edu.tr\/isletme-bolumu\/author\/hnhatipoglu\/"}]}},"lang":"tr","translations":{"tr":2690},"pll_sync_post":[],"_links":{"self":[{"href":"http:\/\/ticaret.edu.tr\/isletme-bolumu\/wp-json\/wp\/v2\/posts\/2690"}],"collection":[{"href":"http:\/\/ticaret.edu.tr\/isletme-bolumu\/wp-json\/wp\/v2\/posts"}],"about":[{"href":"http:\/\/ticaret.edu.tr\/isletme-bolumu\/wp-json\/wp\/v2\/types\/post"}],"author":[{"embeddable":true,"href":"http:\/\/ticaret.edu.tr\/isletme-bolumu\/wp-json\/wp\/v2\/users\/58"}],"replies":[{"embeddable":true,"href":"http:\/\/ticaret.edu.tr\/isletme-bolumu\/wp-json\/wp\/v2\/comments?post=2690"}],"version-history":[{"count":3,"href":"http:\/\/ticaret.edu.tr\/isletme-bolumu\/wp-json\/wp\/v2\/posts\/2690\/revisions"}],"predecessor-version":[{"id":2706,"href":"http:\/\/ticaret.edu.tr\/isletme-bolumu\/wp-json\/wp\/v2\/posts\/2690\/revisions\/2706"}],"wp:featuredmedia":[{"embeddable":true,"href":"http:\/\/ticaret.edu.tr\/isletme-bolumu\/wp-json\/wp\/v2\/media\/2691"}],"wp:attachment":[{"href":"http:\/\/ticaret.edu.tr\/isletme-bolumu\/wp-json\/wp\/v2\/media?parent=2690"}],"wp:term":[{"taxonomy":"category","embeddable":true,"href":"http:\/\/ticaret.edu.tr\/isletme-bolumu\/wp-json\/wp\/v2\/categories?post=2690"},{"taxonomy":"post_tag","embeddable":true,"href":"http:\/\/ticaret.edu.tr\/isletme-bolumu\/wp-json\/wp\/v2\/tags?post=2690"}],"curies":[{"name":"wp","href":"https:\/\/api.w.org\/{rel}","templated":true}]}}