{"id":2820,"date":"2026-01-26T09:00:20","date_gmt":"2026-01-26T06:00:20","guid":{"rendered":"https:\/\/ticaret.edu.tr\/isletme-bolumu\/?p=2820"},"modified":"2026-01-26T09:00:20","modified_gmt":"2026-01-26T06:00:20","slug":"erasmus-ka220-mesleki-egitim-kapsaminda-e-ticaret-akademi-projesi-planlama-toplantisi-yapildi","status":"publish","type":"post","link":"http:\/\/ticaret.edu.tr\/isletme-bolumu\/2026\/01\/26\/erasmus-ka220-mesleki-egitim-kapsaminda-e-ticaret-akademi-projesi-planlama-toplantisi-yapildi\/","title":{"rendered":"Erasmus+ KA220 Mesleki E\u011fitim Kapsam\u0131nda \u201cE-Ticaret Akademi\u201d Projesi Planlama Toplant\u0131s\u0131 Yap\u0131ld\u0131"},"content":{"rendered":"<p class=\"p1\">18 Aral\u0131k tarihinde, \u00fcniversitemiz akademisyenlerinden Prof. Dr. Murat Kas\u0131mo\u011flu ile \u0130stanbul Ticaret \u00dcniversitesi Teknoloji Transfer Ofisi AB Uzman\u0131 Burak Keskin aras\u0131nda, Erasmus+ KA220 Mesleki E\u011fitim Alan\u0131nda \u0130\u015f Birli\u011fi Program\u0131 kapsam\u0131nda haz\u0131rlanmas\u0131 planlanan \u201cE-Ticaret Akademi\u201d projesine y\u00f6nelik bir planlama toplant\u0131s\u0131 ger\u00e7ekle\u015ftirildi. Toplant\u0131da, mesleki e\u011fitimde dijital yetkinliklerin geli\u015ftirilmesini hedefleyen proje fikrinin kapsam\u0131, hedef gruplar\u0131 ve uygulama yakla\u015f\u0131m\u0131 ele al\u0131narak proje tasar\u0131m\u0131na ili\u015fkin \u00f6n de\u011ferlendirmelerde bulunuldu<\/p>\n<p><img loading=\"lazy\" decoding=\"async\" class=\"alignnone wp-image-2821 size-full\" src=\"http:\/\/ticaret.edu.tr\/isletme-bolumu\/wp-content\/uploads\/sites\/8\/2026\/01\/Ekran-Resmi-2026-01-23-17.57.06.png\" alt=\"\" width=\"1586\" height=\"934\" srcset=\"http:\/\/ticaret.edu.tr\/isletme-bolumu\/wp-content\/uploads\/sites\/8\/2026\/01\/Ekran-Resmi-2026-01-23-17.57.06.png 1586w, http:\/\/ticaret.edu.tr\/isletme-bolumu\/wp-content\/uploads\/sites\/8\/2026\/01\/Ekran-Resmi-2026-01-23-17.57.06-300x177.png 300w, http:\/\/ticaret.edu.tr\/isletme-bolumu\/wp-content\/uploads\/sites\/8\/2026\/01\/Ekran-Resmi-2026-01-23-17.57.06-1024x603.png 1024w, http:\/\/ticaret.edu.tr\/isletme-bolumu\/wp-content\/uploads\/sites\/8\/2026\/01\/Ekran-Resmi-2026-01-23-17.57.06-768x452.png 768w, http:\/\/ticaret.edu.tr\/isletme-bolumu\/wp-content\/uploads\/sites\/8\/2026\/01\/Ekran-Resmi-2026-01-23-17.57.06-1536x905.png 1536w\" sizes=\"(max-width: 1586px) 100vw, 1586px\" \/><\/p>\n<p>&nbsp;<\/p>\n","protected":false},"excerpt":{"rendered":"<p>18 Aral\u0131k tarihinde, \u00fcniversitemiz akademisyenlerinden Prof. Dr. Murat Kas\u0131mo\u011flu ile \u0130stanbul Ticaret \u00dcniversitesi Teknoloji Transfer Ofisi AB Uzman\u0131 Burak Keskin aras\u0131nda, Erasmus+ KA220 Mesleki E\u011fitim Alan\u0131nda \u0130\u015f Birli\u011fi Program\u0131 kapsam\u0131nda haz\u0131rlanmas\u0131 planlanan \u201cE-Ticaret Akademi\u201d projesine y\u00f6nelik bir planlama toplant\u0131s\u0131 ger\u00e7ekle\u015ftirildi. Toplant\u0131da, mesleki e\u011fitimde dijital yetkinliklerin geli\u015ftirilmesini hedefleyen proje fikrinin kapsam\u0131, hedef gruplar\u0131 ve uygulama yakla\u015f\u0131m\u0131 [&hellip;]<\/p>\n","protected":false},"author":250,"featured_media":2821,"comment_status":"closed","ping_status":"closed","sticky":false,"template":"","format":"standard","meta":{"footnotes":""},"categories":[2],"tags":[],"yoast_head":"<!-- This site is optimized with the Yoast SEO Premium plugin v22.1 (Yoast SEO v22.1) - https:\/\/yoast.com\/wordpress\/plugins\/seo\/ -->\n<title>Erasmus+ KA220 Mesleki E\u011fitim Kapsam\u0131nda \u201cE-Ticaret Akademi\u201d Projesi Planlama Toplant\u0131s\u0131 Yap\u0131ld\u0131 - Haberler - \u0130\u015fletme<\/title>\n<meta name=\"robots\" content=\"index, follow, max-snippet:-1, max-image-preview:large, max-video-preview:-1\" \/>\n<link rel=\"canonical\" href=\"http:\/\/ticaret.edu.tr\/isletme-bolumu\/2026\/01\/26\/erasmus-ka220-mesleki-egitim-kapsaminda-e-ticaret-akademi-projesi-planlama-toplantisi-yapildi\/\" \/>\n<meta property=\"og:locale\" content=\"tr_TR\" \/>\n<meta property=\"og:type\" content=\"article\" \/>\n<meta property=\"og:title\" content=\"Erasmus+ KA220 Mesleki E\u011fitim Kapsam\u0131nda \u201cE-Ticaret Akademi\u201d Projesi Planlama Toplant\u0131s\u0131 Yap\u0131ld\u0131\" \/>\n<meta property=\"og:description\" content=\"18 Aral\u0131k tarihinde, \u00fcniversitemiz akademisyenlerinden Prof. Dr. Murat Kas\u0131mo\u011flu ile \u0130stanbul Ticaret \u00dcniversitesi Teknoloji Transfer Ofisi AB Uzman\u0131 Burak Keskin aras\u0131nda, Erasmus+ KA220 Mesleki E\u011fitim Alan\u0131nda \u0130\u015f Birli\u011fi Program\u0131 kapsam\u0131nda haz\u0131rlanmas\u0131 planlanan \u201cE-Ticaret Akademi\u201d projesine y\u00f6nelik bir planlama toplant\u0131s\u0131 ger\u00e7ekle\u015ftirildi. Toplant\u0131da, mesleki e\u011fitimde dijital yetkinliklerin geli\u015ftirilmesini hedefleyen proje fikrinin kapsam\u0131, hedef gruplar\u0131 ve uygulama yakla\u015f\u0131m\u0131 [&hellip;]\" \/>\n<meta property=\"og:url\" content=\"http:\/\/ticaret.edu.tr\/isletme-bolumu\/2026\/01\/26\/erasmus-ka220-mesleki-egitim-kapsaminda-e-ticaret-akademi-projesi-planlama-toplantisi-yapildi\/\" \/>\n<meta property=\"og:site_name\" content=\"\u0130\u015fletme\" \/>\n<meta property=\"article:publisher\" content=\"https:\/\/www.facebook.com\/ticaretedutr\" \/>\n<meta property=\"article:published_time\" content=\"2026-01-26T06:00:20+00:00\" \/>\n<meta property=\"og:image\" content=\"http:\/\/ticaret.edu.tr\/isletme-bolumu\/wp-content\/uploads\/sites\/8\/2026\/01\/Ekran-Resmi-2026-01-23-17.57.06.png\" \/>\n\t<meta property=\"og:image:width\" content=\"1586\" \/>\n\t<meta property=\"og:image:height\" content=\"934\" \/>\n\t<meta property=\"og:image:type\" content=\"image\/png\" \/>\n<meta name=\"author\" content=\"macar\" \/>\n<meta name=\"twitter:card\" content=\"summary_large_image\" \/>\n<meta name=\"twitter:creator\" content=\"@ticaretedutr\" \/>\n<meta name=\"twitter:site\" content=\"@ticaretedutr\" \/>\n<meta name=\"twitter:label1\" content=\"Yazan:\" \/>\n\t<meta name=\"twitter:data1\" content=\"macar\" \/>\n\t<meta name=\"twitter:label2\" content=\"Tahmini okuma s\u00fcresi\" \/>\n\t<meta name=\"twitter:data2\" content=\"1 dakika\" \/>\n<script type=\"application\/ld+json\" class=\"yoast-schema-graph\">{\"@context\":\"https:\/\/schema.org\",\"@graph\":[{\"@type\":\"WebPage\",\"@id\":\"http:\/\/ticaret.edu.tr\/isletme-bolumu\/2026\/01\/26\/erasmus-ka220-mesleki-egitim-kapsaminda-e-ticaret-akademi-projesi-planlama-toplantisi-yapildi\/\",\"url\":\"http:\/\/ticaret.edu.tr\/isletme-bolumu\/2026\/01\/26\/erasmus-ka220-mesleki-egitim-kapsaminda-e-ticaret-akademi-projesi-planlama-toplantisi-yapildi\/\",\"name\":\"Erasmus+ KA220 Mesleki E\u011fitim Kapsam\u0131nda \u201cE-Ticaret Akademi\u201d Projesi Planlama Toplant\u0131s\u0131 Yap\u0131ld\u0131 - Haberler - \u0130\u015fletme\",\"isPartOf\":{\"@id\":\"https:\/\/ticaret.edu.tr\/isletme-bolumu\/#website\"},\"datePublished\":\"2026-01-26T06:00:20+00:00\",\"dateModified\":\"2026-01-26T06:00:20+00:00\",\"author\":{\"@id\":\"https:\/\/ticaret.edu.tr\/isletme-bolumu\/#\/schema\/person\/5c5f322405c5351bde06f4b748ca8e15\"},\"breadcrumb\":{\"@id\":\"http:\/\/ticaret.edu.tr\/isletme-bolumu\/2026\/01\/26\/erasmus-ka220-mesleki-egitim-kapsaminda-e-ticaret-akademi-projesi-planlama-toplantisi-yapildi\/#breadcrumb\"},\"inLanguage\":\"tr\",\"potentialAction\":[{\"@type\":\"ReadAction\",\"target\":[\"http:\/\/ticaret.edu.tr\/isletme-bolumu\/2026\/01\/26\/erasmus-ka220-mesleki-egitim-kapsaminda-e-ticaret-akademi-projesi-planlama-toplantisi-yapildi\/\"]}]},{\"@type\":\"BreadcrumbList\",\"@id\":\"http:\/\/ticaret.edu.tr\/isletme-bolumu\/2026\/01\/26\/erasmus-ka220-mesleki-egitim-kapsaminda-e-ticaret-akademi-projesi-planlama-toplantisi-yapildi\/#breadcrumb\",\"itemListElement\":[{\"@type\":\"ListItem\",\"position\":1,\"name\":\"Ana sayfa\",\"item\":\"http:\/\/ticaret.edu.tr\/isletme-bolumu\/en\/\"},{\"@type\":\"ListItem\",\"position\":2,\"name\":\"Erasmus+ KA220 Mesleki E\u011fitim Kapsam\u0131nda \u201cE-Ticaret Akademi\u201d Projesi Planlama Toplant\u0131s\u0131 Yap\u0131ld\u0131\"}]},{\"@type\":\"WebSite\",\"@id\":\"https:\/\/ticaret.edu.tr\/isletme-bolumu\/#website\",\"url\":\"https:\/\/ticaret.edu.tr\/isletme-bolumu\/\",\"name\":\"\u0130\u015fletme\",\"description\":\"\",\"potentialAction\":[{\"@type\":\"SearchAction\",\"target\":{\"@type\":\"EntryPoint\",\"urlTemplate\":\"https:\/\/ticaret.edu.tr\/isletme-bolumu\/?s={search_term_string}\"},\"query-input\":\"required name=search_term_string\"}],\"inLanguage\":\"tr\"},{\"@type\":\"Person\",\"@id\":\"https:\/\/ticaret.edu.tr\/isletme-bolumu\/#\/schema\/person\/5c5f322405c5351bde06f4b748ca8e15\",\"name\":\"macar\",\"image\":{\"@type\":\"ImageObject\",\"inLanguage\":\"tr\",\"@id\":\"https:\/\/ticaret.edu.tr\/isletme-bolumu\/#\/schema\/person\/image\/\",\"url\":\"http:\/\/2.gravatar.com\/avatar\/2797681c700e00f2dfa80f2856c60c4a?s=96&d=mm&r=g\",\"contentUrl\":\"http:\/\/2.gravatar.com\/avatar\/2797681c700e00f2dfa80f2856c60c4a?s=96&d=mm&r=g\",\"caption\":\"macar\"},\"url\":\"http:\/\/ticaret.edu.tr\/isletme-bolumu\/author\/macar\/\"}]}<\/script>\n<!-- \/ Yoast SEO Premium plugin. -->","yoast_head_json":{"title":"Erasmus+ KA220 Mesleki E\u011fitim Kapsam\u0131nda \u201cE-Ticaret Akademi\u201d Projesi Planlama Toplant\u0131s\u0131 Yap\u0131ld\u0131 - Haberler - \u0130\u015fletme","robots":{"index":"index","follow":"follow","max-snippet":"max-snippet:-1","max-image-preview":"max-image-preview:large","max-video-preview":"max-video-preview:-1"},"canonical":"http:\/\/ticaret.edu.tr\/isletme-bolumu\/2026\/01\/26\/erasmus-ka220-mesleki-egitim-kapsaminda-e-ticaret-akademi-projesi-planlama-toplantisi-yapildi\/","og_locale":"tr_TR","og_type":"article","og_title":"Erasmus+ KA220 Mesleki E\u011fitim Kapsam\u0131nda \u201cE-Ticaret Akademi\u201d Projesi Planlama Toplant\u0131s\u0131 Yap\u0131ld\u0131","og_description":"18 Aral\u0131k tarihinde, \u00fcniversitemiz akademisyenlerinden Prof. Dr. Murat Kas\u0131mo\u011flu ile \u0130stanbul Ticaret \u00dcniversitesi Teknoloji Transfer Ofisi AB Uzman\u0131 Burak Keskin aras\u0131nda, Erasmus+ KA220 Mesleki E\u011fitim Alan\u0131nda \u0130\u015f Birli\u011fi Program\u0131 kapsam\u0131nda haz\u0131rlanmas\u0131 planlanan \u201cE-Ticaret Akademi\u201d projesine y\u00f6nelik bir planlama toplant\u0131s\u0131 ger\u00e7ekle\u015ftirildi. Toplant\u0131da, mesleki e\u011fitimde dijital yetkinliklerin geli\u015ftirilmesini hedefleyen proje fikrinin kapsam\u0131, hedef gruplar\u0131 ve uygulama yakla\u015f\u0131m\u0131 [&hellip;]","og_url":"http:\/\/ticaret.edu.tr\/isletme-bolumu\/2026\/01\/26\/erasmus-ka220-mesleki-egitim-kapsaminda-e-ticaret-akademi-projesi-planlama-toplantisi-yapildi\/","og_site_name":"\u0130\u015fletme","article_publisher":"https:\/\/www.facebook.com\/ticaretedutr","article_published_time":"2026-01-26T06:00:20+00:00","og_image":[{"width":1586,"height":934,"url":"http:\/\/ticaret.edu.tr\/isletme-bolumu\/wp-content\/uploads\/sites\/8\/2026\/01\/Ekran-Resmi-2026-01-23-17.57.06.png","type":"image\/png"}],"author":"macar","twitter_card":"summary_large_image","twitter_creator":"@ticaretedutr","twitter_site":"@ticaretedutr","twitter_misc":{"Yazan:":"macar","Tahmini okuma s\u00fcresi":"1 dakika"},"schema":{"@context":"https:\/\/schema.org","@graph":[{"@type":"WebPage","@id":"http:\/\/ticaret.edu.tr\/isletme-bolumu\/2026\/01\/26\/erasmus-ka220-mesleki-egitim-kapsaminda-e-ticaret-akademi-projesi-planlama-toplantisi-yapildi\/","url":"http:\/\/ticaret.edu.tr\/isletme-bolumu\/2026\/01\/26\/erasmus-ka220-mesleki-egitim-kapsaminda-e-ticaret-akademi-projesi-planlama-toplantisi-yapildi\/","name":"Erasmus+ KA220 Mesleki E\u011fitim Kapsam\u0131nda \u201cE-Ticaret Akademi\u201d Projesi Planlama Toplant\u0131s\u0131 Yap\u0131ld\u0131 - Haberler - \u0130\u015fletme","isPartOf":{"@id":"https:\/\/ticaret.edu.tr\/isletme-bolumu\/#website"},"datePublished":"2026-01-26T06:00:20+00:00","dateModified":"2026-01-26T06:00:20+00:00","author":{"@id":"https:\/\/ticaret.edu.tr\/isletme-bolumu\/#\/schema\/person\/5c5f322405c5351bde06f4b748ca8e15"},"breadcrumb":{"@id":"http:\/\/ticaret.edu.tr\/isletme-bolumu\/2026\/01\/26\/erasmus-ka220-mesleki-egitim-kapsaminda-e-ticaret-akademi-projesi-planlama-toplantisi-yapildi\/#breadcrumb"},"inLanguage":"tr","potentialAction":[{"@type":"ReadAction","target":["http:\/\/ticaret.edu.tr\/isletme-bolumu\/2026\/01\/26\/erasmus-ka220-mesleki-egitim-kapsaminda-e-ticaret-akademi-projesi-planlama-toplantisi-yapildi\/"]}]},{"@type":"BreadcrumbList","@id":"http:\/\/ticaret.edu.tr\/isletme-bolumu\/2026\/01\/26\/erasmus-ka220-mesleki-egitim-kapsaminda-e-ticaret-akademi-projesi-planlama-toplantisi-yapildi\/#breadcrumb","itemListElement":[{"@type":"ListItem","position":1,"name":"Ana sayfa","item":"http:\/\/ticaret.edu.tr\/isletme-bolumu\/en\/"},{"@type":"ListItem","position":2,"name":"Erasmus+ KA220 Mesleki E\u011fitim Kapsam\u0131nda \u201cE-Ticaret Akademi\u201d Projesi Planlama Toplant\u0131s\u0131 Yap\u0131ld\u0131"}]},{"@type":"WebSite","@id":"https:\/\/ticaret.edu.tr\/isletme-bolumu\/#website","url":"https:\/\/ticaret.edu.tr\/isletme-bolumu\/","name":"\u0130\u015fletme","description":"","potentialAction":[{"@type":"SearchAction","target":{"@type":"EntryPoint","urlTemplate":"https:\/\/ticaret.edu.tr\/isletme-bolumu\/?s={search_term_string}"},"query-input":"required name=search_term_string"}],"inLanguage":"tr"},{"@type":"Person","@id":"https:\/\/ticaret.edu.tr\/isletme-bolumu\/#\/schema\/person\/5c5f322405c5351bde06f4b748ca8e15","name":"macar","image":{"@type":"ImageObject","inLanguage":"tr","@id":"https:\/\/ticaret.edu.tr\/isletme-bolumu\/#\/schema\/person\/image\/","url":"http:\/\/2.gravatar.com\/avatar\/2797681c700e00f2dfa80f2856c60c4a?s=96&d=mm&r=g","contentUrl":"http:\/\/2.gravatar.com\/avatar\/2797681c700e00f2dfa80f2856c60c4a?s=96&d=mm&r=g","caption":"macar"},"url":"http:\/\/ticaret.edu.tr\/isletme-bolumu\/author\/macar\/"}]}},"lang":"tr","translations":{"tr":2820},"pll_sync_post":[],"_links":{"self":[{"href":"http:\/\/ticaret.edu.tr\/isletme-bolumu\/wp-json\/wp\/v2\/posts\/2820"}],"collection":[{"href":"http:\/\/ticaret.edu.tr\/isletme-bolumu\/wp-json\/wp\/v2\/posts"}],"about":[{"href":"http:\/\/ticaret.edu.tr\/isletme-bolumu\/wp-json\/wp\/v2\/types\/post"}],"author":[{"embeddable":true,"href":"http:\/\/ticaret.edu.tr\/isletme-bolumu\/wp-json\/wp\/v2\/users\/250"}],"replies":[{"embeddable":true,"href":"http:\/\/ticaret.edu.tr\/isletme-bolumu\/wp-json\/wp\/v2\/comments?post=2820"}],"version-history":[{"count":3,"href":"http:\/\/ticaret.edu.tr\/isletme-bolumu\/wp-json\/wp\/v2\/posts\/2820\/revisions"}],"predecessor-version":[{"id":2826,"href":"http:\/\/ticaret.edu.tr\/isletme-bolumu\/wp-json\/wp\/v2\/posts\/2820\/revisions\/2826"}],"wp:featuredmedia":[{"embeddable":true,"href":"http:\/\/ticaret.edu.tr\/isletme-bolumu\/wp-json\/wp\/v2\/media\/2821"}],"wp:attachment":[{"href":"http:\/\/ticaret.edu.tr\/isletme-bolumu\/wp-json\/wp\/v2\/media?parent=2820"}],"wp:term":[{"taxonomy":"category","embeddable":true,"href":"http:\/\/ticaret.edu.tr\/isletme-bolumu\/wp-json\/wp\/v2\/categories?post=2820"},{"taxonomy":"post_tag","embeddable":true,"href":"http:\/\/ticaret.edu.tr\/isletme-bolumu\/wp-json\/wp\/v2\/tags?post=2820"}],"curies":[{"name":"wp","href":"https:\/\/api.w.org\/{rel}","templated":true}]}}