{"id":2864,"date":"2026-03-25T15:31:06","date_gmt":"2026-03-25T12:31:06","guid":{"rendered":"https:\/\/ticaret.edu.tr\/isletme-bolumu\/?p=2864"},"modified":"2026-03-25T15:31:06","modified_gmt":"2026-03-25T12:31:06","slug":"proje-odakli-akademik-kariyer-planlama-yeni-arastirma-gorevlileriyle-ilk-adim-atildi","status":"publish","type":"post","link":"http:\/\/ticaret.edu.tr\/isletme-bolumu\/2026\/03\/25\/proje-odakli-akademik-kariyer-planlama-yeni-arastirma-gorevlileriyle-ilk-adim-atildi\/","title":{"rendered":"Proje Odakl\u0131 Akademik Kariyer Planlama: Yeni Ara\u015ft\u0131rma G\u00f6revlileriyle \u0130lk Ad\u0131m At\u0131ld\u0131"},"content":{"rendered":"<p>\u0130\u015fletme Fak\u00fcltemize yeni kat\u0131lan Ara\u015ft\u0131rma G\u00f6revlileri Meral A\u00e7ar ve Nalan Akyurt ile proje fikirlerinin de\u011ferlendirilmesi ve akademik kariyer geli\u015fim planlar\u0131n\u0131n ele al\u0131nd\u0131\u011f\u0131 bir toplant\u0131 ger\u00e7ekle\u015ftirildi. Toplant\u0131, Teknoloji Transfer Ofisi Projeler Uzman\u0131 Beyza K\u00fc\u00e7\u00fck\u2019\u00fcn kat\u0131l\u0131m\u0131yla y\u00fcr\u00fct\u00fcld\u00fc. G\u00f6r\u00fc\u015fmede, ara\u015ft\u0131rma g\u00f6revlilerinin akademik ilgi alanlar\u0131 do\u011frultusunda geli\u015ftirilebilecek proje fikirleri ele al\u0131n\u0131rken, T\u00dcB\u0130TAK ve BAP destek programlar\u0131 hakk\u0131nda bilgilendirme yap\u0131ld\u0131. Ayr\u0131ca toplant\u0131 kapsam\u0131nda, ara\u015ft\u0131rma g\u00f6revlilerinin k\u0131sa ve orta vadeli akademik hedefleri, proje \u00fcretme potansiyelleri ve kariyer geli\u015fimlerini destekleyecek yol haritalar\u0131 \u00fczerine kar\u015f\u0131l\u0131kl\u0131 de\u011ferlendirmelerde bulunuldu. Ger\u00e7ekle\u015ftirilen toplant\u0131n\u0131n, gen\u00e7 akademisyenlerin proje k\u00fclt\u00fcr\u00fcne adaptasyonunu h\u0131zland\u0131rmas\u0131 ve ara\u015ft\u0131rma odakl\u0131 kariyer planlamalar\u0131na katk\u0131 sa\u011flamas\u0131 hedeflenmektedir.<\/p>\n<p><img loading=\"lazy\" decoding=\"async\" class=\"alignnone wp-image-2866 size-full\" src=\"http:\/\/ticaret.edu.tr\/isletme-bolumu\/wp-content\/uploads\/sites\/8\/2026\/03\/Ekran-Resmi-2026-03-25-14.13.10.png\" alt=\"\" width=\"1026\" height=\"526\" srcset=\"http:\/\/ticaret.edu.tr\/isletme-bolumu\/wp-content\/uploads\/sites\/8\/2026\/03\/Ekran-Resmi-2026-03-25-14.13.10.png 1026w, http:\/\/ticaret.edu.tr\/isletme-bolumu\/wp-content\/uploads\/sites\/8\/2026\/03\/Ekran-Resmi-2026-03-25-14.13.10-300x154.png 300w, http:\/\/ticaret.edu.tr\/isletme-bolumu\/wp-content\/uploads\/sites\/8\/2026\/03\/Ekran-Resmi-2026-03-25-14.13.10-1024x525.png 1024w, http:\/\/ticaret.edu.tr\/isletme-bolumu\/wp-content\/uploads\/sites\/8\/2026\/03\/Ekran-Resmi-2026-03-25-14.13.10-768x394.png 768w\" sizes=\"(max-width: 1026px) 100vw, 1026px\" \/><\/p>\n<p class=\"p1\">\n","protected":false},"excerpt":{"rendered":"<p>\u0130\u015fletme Fak\u00fcltemize yeni kat\u0131lan Ara\u015ft\u0131rma G\u00f6revlileri Meral A\u00e7ar ve Nalan Akyurt ile proje fikirlerinin de\u011ferlendirilmesi ve akademik kariyer geli\u015fim planlar\u0131n\u0131n ele al\u0131nd\u0131\u011f\u0131 bir toplant\u0131 ger\u00e7ekle\u015ftirildi. Toplant\u0131, Teknoloji Transfer Ofisi Projeler Uzman\u0131 Beyza K\u00fc\u00e7\u00fck\u2019\u00fcn kat\u0131l\u0131m\u0131yla y\u00fcr\u00fct\u00fcld\u00fc. G\u00f6r\u00fc\u015fmede, ara\u015ft\u0131rma g\u00f6revlilerinin akademik ilgi alanlar\u0131 do\u011frultusunda geli\u015ftirilebilecek proje fikirleri ele al\u0131n\u0131rken, T\u00dcB\u0130TAK ve BAP destek programlar\u0131 hakk\u0131nda bilgilendirme yap\u0131ld\u0131. [&hellip;]<\/p>\n","protected":false},"author":250,"featured_media":2866,"comment_status":"closed","ping_status":"closed","sticky":false,"template":"","format":"standard","meta":{"footnotes":""},"categories":[2],"tags":[],"yoast_head":"<!-- This site is optimized with the Yoast SEO Premium plugin v22.1 (Yoast SEO v22.1) - https:\/\/yoast.com\/wordpress\/plugins\/seo\/ -->\n<title>Proje Odakl\u0131 Akademik Kariyer Planlama: Yeni Ara\u015ft\u0131rma G\u00f6revlileriyle \u0130lk Ad\u0131m At\u0131ld\u0131 - Haberler - \u0130\u015fletme<\/title>\n<meta name=\"robots\" content=\"index, follow, max-snippet:-1, max-image-preview:large, max-video-preview:-1\" \/>\n<link rel=\"canonical\" href=\"http:\/\/ticaret.edu.tr\/isletme-bolumu\/2026\/03\/25\/proje-odakli-akademik-kariyer-planlama-yeni-arastirma-gorevlileriyle-ilk-adim-atildi\/\" \/>\n<meta property=\"og:locale\" content=\"tr_TR\" \/>\n<meta property=\"og:type\" content=\"article\" \/>\n<meta property=\"og:title\" content=\"Proje Odakl\u0131 Akademik Kariyer Planlama: Yeni Ara\u015ft\u0131rma G\u00f6revlileriyle \u0130lk Ad\u0131m At\u0131ld\u0131\" \/>\n<meta property=\"og:description\" content=\"\u0130\u015fletme Fak\u00fcltemize yeni kat\u0131lan Ara\u015ft\u0131rma G\u00f6revlileri Meral A\u00e7ar ve Nalan Akyurt ile proje fikirlerinin de\u011ferlendirilmesi ve akademik kariyer geli\u015fim planlar\u0131n\u0131n ele al\u0131nd\u0131\u011f\u0131 bir toplant\u0131 ger\u00e7ekle\u015ftirildi. Toplant\u0131, Teknoloji Transfer Ofisi Projeler Uzman\u0131 Beyza K\u00fc\u00e7\u00fck\u2019\u00fcn kat\u0131l\u0131m\u0131yla y\u00fcr\u00fct\u00fcld\u00fc. G\u00f6r\u00fc\u015fmede, ara\u015ft\u0131rma g\u00f6revlilerinin akademik ilgi alanlar\u0131 do\u011frultusunda geli\u015ftirilebilecek proje fikirleri ele al\u0131n\u0131rken, T\u00dcB\u0130TAK ve BAP destek programlar\u0131 hakk\u0131nda bilgilendirme yap\u0131ld\u0131. [&hellip;]\" \/>\n<meta property=\"og:url\" content=\"http:\/\/ticaret.edu.tr\/isletme-bolumu\/2026\/03\/25\/proje-odakli-akademik-kariyer-planlama-yeni-arastirma-gorevlileriyle-ilk-adim-atildi\/\" \/>\n<meta property=\"og:site_name\" content=\"\u0130\u015fletme\" \/>\n<meta property=\"article:publisher\" content=\"https:\/\/www.facebook.com\/ticaretedutr\" \/>\n<meta property=\"article:published_time\" content=\"2026-03-25T12:31:06+00:00\" \/>\n<meta property=\"og:image\" content=\"http:\/\/ticaret.edu.tr\/isletme-bolumu\/wp-content\/uploads\/sites\/8\/2026\/03\/Ekran-Resmi-2026-03-25-14.13.10.png\" \/>\n\t<meta property=\"og:image:width\" content=\"1026\" \/>\n\t<meta property=\"og:image:height\" content=\"526\" \/>\n\t<meta property=\"og:image:type\" content=\"image\/png\" \/>\n<meta name=\"author\" content=\"macar\" \/>\n<meta name=\"twitter:card\" content=\"summary_large_image\" \/>\n<meta name=\"twitter:creator\" content=\"@ticaretedutr\" \/>\n<meta name=\"twitter:site\" content=\"@ticaretedutr\" \/>\n<meta name=\"twitter:label1\" content=\"Yazan:\" \/>\n\t<meta name=\"twitter:data1\" content=\"macar\" \/>\n\t<meta name=\"twitter:label2\" content=\"Tahmini okuma s\u00fcresi\" \/>\n\t<meta name=\"twitter:data2\" content=\"1 dakika\" \/>\n<script type=\"application\/ld+json\" class=\"yoast-schema-graph\">{\"@context\":\"https:\/\/schema.org\",\"@graph\":[{\"@type\":\"WebPage\",\"@id\":\"http:\/\/ticaret.edu.tr\/isletme-bolumu\/2026\/03\/25\/proje-odakli-akademik-kariyer-planlama-yeni-arastirma-gorevlileriyle-ilk-adim-atildi\/\",\"url\":\"http:\/\/ticaret.edu.tr\/isletme-bolumu\/2026\/03\/25\/proje-odakli-akademik-kariyer-planlama-yeni-arastirma-gorevlileriyle-ilk-adim-atildi\/\",\"name\":\"Proje Odakl\u0131 Akademik Kariyer Planlama: Yeni Ara\u015ft\u0131rma G\u00f6revlileriyle \u0130lk Ad\u0131m At\u0131ld\u0131 - Haberler - \u0130\u015fletme\",\"isPartOf\":{\"@id\":\"https:\/\/ticaret.edu.tr\/isletme-bolumu\/#website\"},\"datePublished\":\"2026-03-25T12:31:06+00:00\",\"dateModified\":\"2026-03-25T12:31:06+00:00\",\"author\":{\"@id\":\"https:\/\/ticaret.edu.tr\/isletme-bolumu\/#\/schema\/person\/5c5f322405c5351bde06f4b748ca8e15\"},\"breadcrumb\":{\"@id\":\"http:\/\/ticaret.edu.tr\/isletme-bolumu\/2026\/03\/25\/proje-odakli-akademik-kariyer-planlama-yeni-arastirma-gorevlileriyle-ilk-adim-atildi\/#breadcrumb\"},\"inLanguage\":\"tr\",\"potentialAction\":[{\"@type\":\"ReadAction\",\"target\":[\"http:\/\/ticaret.edu.tr\/isletme-bolumu\/2026\/03\/25\/proje-odakli-akademik-kariyer-planlama-yeni-arastirma-gorevlileriyle-ilk-adim-atildi\/\"]}]},{\"@type\":\"BreadcrumbList\",\"@id\":\"http:\/\/ticaret.edu.tr\/isletme-bolumu\/2026\/03\/25\/proje-odakli-akademik-kariyer-planlama-yeni-arastirma-gorevlileriyle-ilk-adim-atildi\/#breadcrumb\",\"itemListElement\":[{\"@type\":\"ListItem\",\"position\":1,\"name\":\"Ana sayfa\",\"item\":\"http:\/\/ticaret.edu.tr\/isletme-bolumu\/en\/\"},{\"@type\":\"ListItem\",\"position\":2,\"name\":\"Proje Odakl\u0131 Akademik Kariyer Planlama: Yeni Ara\u015ft\u0131rma G\u00f6revlileriyle \u0130lk Ad\u0131m At\u0131ld\u0131\"}]},{\"@type\":\"WebSite\",\"@id\":\"https:\/\/ticaret.edu.tr\/isletme-bolumu\/#website\",\"url\":\"https:\/\/ticaret.edu.tr\/isletme-bolumu\/\",\"name\":\"\u0130\u015fletme\",\"description\":\"\",\"potentialAction\":[{\"@type\":\"SearchAction\",\"target\":{\"@type\":\"EntryPoint\",\"urlTemplate\":\"https:\/\/ticaret.edu.tr\/isletme-bolumu\/?s={search_term_string}\"},\"query-input\":\"required name=search_term_string\"}],\"inLanguage\":\"tr\"},{\"@type\":\"Person\",\"@id\":\"https:\/\/ticaret.edu.tr\/isletme-bolumu\/#\/schema\/person\/5c5f322405c5351bde06f4b748ca8e15\",\"name\":\"macar\",\"image\":{\"@type\":\"ImageObject\",\"inLanguage\":\"tr\",\"@id\":\"https:\/\/ticaret.edu.tr\/isletme-bolumu\/#\/schema\/person\/image\/\",\"url\":\"http:\/\/2.gravatar.com\/avatar\/2797681c700e00f2dfa80f2856c60c4a?s=96&d=mm&r=g\",\"contentUrl\":\"http:\/\/2.gravatar.com\/avatar\/2797681c700e00f2dfa80f2856c60c4a?s=96&d=mm&r=g\",\"caption\":\"macar\"},\"url\":\"http:\/\/ticaret.edu.tr\/isletme-bolumu\/author\/macar\/\"}]}<\/script>\n<!-- \/ Yoast SEO Premium plugin. -->","yoast_head_json":{"title":"Proje Odakl\u0131 Akademik Kariyer Planlama: Yeni Ara\u015ft\u0131rma G\u00f6revlileriyle \u0130lk Ad\u0131m At\u0131ld\u0131 - Haberler - \u0130\u015fletme","robots":{"index":"index","follow":"follow","max-snippet":"max-snippet:-1","max-image-preview":"max-image-preview:large","max-video-preview":"max-video-preview:-1"},"canonical":"http:\/\/ticaret.edu.tr\/isletme-bolumu\/2026\/03\/25\/proje-odakli-akademik-kariyer-planlama-yeni-arastirma-gorevlileriyle-ilk-adim-atildi\/","og_locale":"tr_TR","og_type":"article","og_title":"Proje Odakl\u0131 Akademik Kariyer Planlama: Yeni Ara\u015ft\u0131rma G\u00f6revlileriyle \u0130lk Ad\u0131m At\u0131ld\u0131","og_description":"\u0130\u015fletme Fak\u00fcltemize yeni kat\u0131lan Ara\u015ft\u0131rma G\u00f6revlileri Meral A\u00e7ar ve Nalan Akyurt ile proje fikirlerinin de\u011ferlendirilmesi ve akademik kariyer geli\u015fim planlar\u0131n\u0131n ele al\u0131nd\u0131\u011f\u0131 bir toplant\u0131 ger\u00e7ekle\u015ftirildi. Toplant\u0131, Teknoloji Transfer Ofisi Projeler Uzman\u0131 Beyza K\u00fc\u00e7\u00fck\u2019\u00fcn kat\u0131l\u0131m\u0131yla y\u00fcr\u00fct\u00fcld\u00fc. G\u00f6r\u00fc\u015fmede, ara\u015ft\u0131rma g\u00f6revlilerinin akademik ilgi alanlar\u0131 do\u011frultusunda geli\u015ftirilebilecek proje fikirleri ele al\u0131n\u0131rken, T\u00dcB\u0130TAK ve BAP destek programlar\u0131 hakk\u0131nda bilgilendirme yap\u0131ld\u0131. [&hellip;]","og_url":"http:\/\/ticaret.edu.tr\/isletme-bolumu\/2026\/03\/25\/proje-odakli-akademik-kariyer-planlama-yeni-arastirma-gorevlileriyle-ilk-adim-atildi\/","og_site_name":"\u0130\u015fletme","article_publisher":"https:\/\/www.facebook.com\/ticaretedutr","article_published_time":"2026-03-25T12:31:06+00:00","og_image":[{"width":1026,"height":526,"url":"http:\/\/ticaret.edu.tr\/isletme-bolumu\/wp-content\/uploads\/sites\/8\/2026\/03\/Ekran-Resmi-2026-03-25-14.13.10.png","type":"image\/png"}],"author":"macar","twitter_card":"summary_large_image","twitter_creator":"@ticaretedutr","twitter_site":"@ticaretedutr","twitter_misc":{"Yazan:":"macar","Tahmini okuma s\u00fcresi":"1 dakika"},"schema":{"@context":"https:\/\/schema.org","@graph":[{"@type":"WebPage","@id":"http:\/\/ticaret.edu.tr\/isletme-bolumu\/2026\/03\/25\/proje-odakli-akademik-kariyer-planlama-yeni-arastirma-gorevlileriyle-ilk-adim-atildi\/","url":"http:\/\/ticaret.edu.tr\/isletme-bolumu\/2026\/03\/25\/proje-odakli-akademik-kariyer-planlama-yeni-arastirma-gorevlileriyle-ilk-adim-atildi\/","name":"Proje Odakl\u0131 Akademik Kariyer Planlama: Yeni Ara\u015ft\u0131rma G\u00f6revlileriyle \u0130lk Ad\u0131m At\u0131ld\u0131 - Haberler - \u0130\u015fletme","isPartOf":{"@id":"https:\/\/ticaret.edu.tr\/isletme-bolumu\/#website"},"datePublished":"2026-03-25T12:31:06+00:00","dateModified":"2026-03-25T12:31:06+00:00","author":{"@id":"https:\/\/ticaret.edu.tr\/isletme-bolumu\/#\/schema\/person\/5c5f322405c5351bde06f4b748ca8e15"},"breadcrumb":{"@id":"http:\/\/ticaret.edu.tr\/isletme-bolumu\/2026\/03\/25\/proje-odakli-akademik-kariyer-planlama-yeni-arastirma-gorevlileriyle-ilk-adim-atildi\/#breadcrumb"},"inLanguage":"tr","potentialAction":[{"@type":"ReadAction","target":["http:\/\/ticaret.edu.tr\/isletme-bolumu\/2026\/03\/25\/proje-odakli-akademik-kariyer-planlama-yeni-arastirma-gorevlileriyle-ilk-adim-atildi\/"]}]},{"@type":"BreadcrumbList","@id":"http:\/\/ticaret.edu.tr\/isletme-bolumu\/2026\/03\/25\/proje-odakli-akademik-kariyer-planlama-yeni-arastirma-gorevlileriyle-ilk-adim-atildi\/#breadcrumb","itemListElement":[{"@type":"ListItem","position":1,"name":"Ana sayfa","item":"http:\/\/ticaret.edu.tr\/isletme-bolumu\/en\/"},{"@type":"ListItem","position":2,"name":"Proje Odakl\u0131 Akademik Kariyer Planlama: Yeni Ara\u015ft\u0131rma G\u00f6revlileriyle \u0130lk Ad\u0131m At\u0131ld\u0131"}]},{"@type":"WebSite","@id":"https:\/\/ticaret.edu.tr\/isletme-bolumu\/#website","url":"https:\/\/ticaret.edu.tr\/isletme-bolumu\/","name":"\u0130\u015fletme","description":"","potentialAction":[{"@type":"SearchAction","target":{"@type":"EntryPoint","urlTemplate":"https:\/\/ticaret.edu.tr\/isletme-bolumu\/?s={search_term_string}"},"query-input":"required name=search_term_string"}],"inLanguage":"tr"},{"@type":"Person","@id":"https:\/\/ticaret.edu.tr\/isletme-bolumu\/#\/schema\/person\/5c5f322405c5351bde06f4b748ca8e15","name":"macar","image":{"@type":"ImageObject","inLanguage":"tr","@id":"https:\/\/ticaret.edu.tr\/isletme-bolumu\/#\/schema\/person\/image\/","url":"http:\/\/2.gravatar.com\/avatar\/2797681c700e00f2dfa80f2856c60c4a?s=96&d=mm&r=g","contentUrl":"http:\/\/2.gravatar.com\/avatar\/2797681c700e00f2dfa80f2856c60c4a?s=96&d=mm&r=g","caption":"macar"},"url":"http:\/\/ticaret.edu.tr\/isletme-bolumu\/author\/macar\/"}]}},"lang":"tr","translations":{"tr":2864},"pll_sync_post":[],"_links":{"self":[{"href":"http:\/\/ticaret.edu.tr\/isletme-bolumu\/wp-json\/wp\/v2\/posts\/2864"}],"collection":[{"href":"http:\/\/ticaret.edu.tr\/isletme-bolumu\/wp-json\/wp\/v2\/posts"}],"about":[{"href":"http:\/\/ticaret.edu.tr\/isletme-bolumu\/wp-json\/wp\/v2\/types\/post"}],"author":[{"embeddable":true,"href":"http:\/\/ticaret.edu.tr\/isletme-bolumu\/wp-json\/wp\/v2\/users\/250"}],"replies":[{"embeddable":true,"href":"http:\/\/ticaret.edu.tr\/isletme-bolumu\/wp-json\/wp\/v2\/comments?post=2864"}],"version-history":[{"count":7,"href":"http:\/\/ticaret.edu.tr\/isletme-bolumu\/wp-json\/wp\/v2\/posts\/2864\/revisions"}],"predecessor-version":[{"id":2897,"href":"http:\/\/ticaret.edu.tr\/isletme-bolumu\/wp-json\/wp\/v2\/posts\/2864\/revisions\/2897"}],"wp:featuredmedia":[{"embeddable":true,"href":"http:\/\/ticaret.edu.tr\/isletme-bolumu\/wp-json\/wp\/v2\/media\/2866"}],"wp:attachment":[{"href":"http:\/\/ticaret.edu.tr\/isletme-bolumu\/wp-json\/wp\/v2\/media?parent=2864"}],"wp:term":[{"taxonomy":"category","embeddable":true,"href":"http:\/\/ticaret.edu.tr\/isletme-bolumu\/wp-json\/wp\/v2\/categories?post=2864"},{"taxonomy":"post_tag","embeddable":true,"href":"http:\/\/ticaret.edu.tr\/isletme-bolumu\/wp-json\/wp\/v2\/tags?post=2864"}],"curies":[{"name":"wp","href":"https:\/\/api.w.org\/{rel}","templated":true}]}}