{"id":2872,"date":"2026-03-26T17:06:56","date_gmt":"2026-03-26T14:06:56","guid":{"rendered":"https:\/\/ticaret.edu.tr\/isletme-bolumu\/?p=2872"},"modified":"2026-03-26T17:07:16","modified_gmt":"2026-03-26T14:07:16","slug":"isletme-bolumu-ogretim-uyemizden-bap-basarisi","status":"publish","type":"post","link":"http:\/\/ticaret.edu.tr\/isletme-bolumu\/2026\/03\/26\/isletme-bolumu-ogretim-uyemizden-bap-basarisi\/","title":{"rendered":"\u0130\u015fletme B\u00f6l\u00fcm\u00fc \u00d6\u011fretim \u00dcyemizden BAP Ba\u015far\u0131s\u0131"},"content":{"rendered":"<p>\u00dcniversitemiz \u0130\u015fletme Fak\u00fcltesi, \u0130\u015fletme B\u00f6l\u00fcm\u00fc \u00f6\u011fretim \u00fcyesi Do\u00e7. Dr. Mehmet Sa\u011flam\u2019\u0131n y\u00fcr\u00fct\u00fcc\u00fcl\u00fc\u011f\u00fcn\u00fc \u00fcstlendi\u011fi \u201cToplumda D\u00f6ng\u00fcsel T\u00fcketim ve \u0130klim De\u011fi\u015fikli\u011fi Fark\u0131ndal\u0131\u011f\u0131n\u0131n Demografik \u00d6zellikler A\u00e7\u0131s\u0131ndan De\u011ferlendirilmesi\u201d ba\u015fl\u0131kl\u0131 proje, \u0130stanbul Ticaret \u00dcniversitesi Bilimsel Ara\u015ft\u0131rma Projeleri (BAP) Komisyonu taraf\u0131ndan desteklenmeye hak kazanm\u0131\u015ft\u0131r. G\u00fcn\u00fcm\u00fcz d\u00fcnyas\u0131nda giderek daha fazla \u00f6nem kazanan s\u00fcrd\u00fcr\u00fclebilirlik ve iklim de\u011fi\u015fikli\u011fi konular\u0131na odaklanan bu \u00e7al\u0131\u015fma, farkl\u0131 demografik gruplar\u0131n \u00e7evresel fark\u0131ndal\u0131k d\u00fczeylerini anlamay\u0131 ve bu alandaki bilin\u00e7lenmeye katk\u0131 sunmay\u0131 ama\u00e7lamaktad\u0131r.<br \/>\n\u0130\u015fletme biliminin yaln\u0131zca ekonomik de\u011fil, ayn\u0131 zamanda toplumsal ve \u00e7evresel boyutlar\u0131yla da ele al\u0131nmas\u0131n\u0131n \u00f6nemini ortaya koyan bu proje, hem akademik literat\u00fcre katk\u0131 sa\u011flamay\u0131 hem de toplumda daha s\u00fcrd\u00fcr\u00fclebilir t\u00fcketim al\u0131\u015fkanl\u0131klar\u0131n\u0131n yayg\u0131nla\u015fmas\u0131na destek olmay\u0131 hedeflemektedir. \u00dcniversitemiz, bilimsel \u00fcretimi te\u015fvik eden ve topluma dokunan bu t\u00fcr \u00e7al\u0131\u015fmalar\u0131 desteklemeye devam ederken, \u00f6\u011frencilerimiz ve akademisyenlerimiz i\u00e7in ilham verici bir ara\u015ft\u0131rma ortam\u0131 sunmay\u0131 s\u00fcrd\u00fcrmektedir.<\/p>\n<p>&nbsp;<\/p>\n<p><img loading=\"lazy\" decoding=\"async\" class=\"wp-image-2900 size-full\" src=\"http:\/\/ticaret.edu.tr\/isletme-bolumu\/wp-content\/uploads\/sites\/8\/2026\/03\/IMG_6476.jpg\" alt=\"\" width=\"1320\" height=\"1044\" srcset=\"http:\/\/ticaret.edu.tr\/isletme-bolumu\/wp-content\/uploads\/sites\/8\/2026\/03\/IMG_6476.jpg 1320w, http:\/\/ticaret.edu.tr\/isletme-bolumu\/wp-content\/uploads\/sites\/8\/2026\/03\/IMG_6476-300x237.jpg 300w, http:\/\/ticaret.edu.tr\/isletme-bolumu\/wp-content\/uploads\/sites\/8\/2026\/03\/IMG_6476-1024x810.jpg 1024w, http:\/\/ticaret.edu.tr\/isletme-bolumu\/wp-content\/uploads\/sites\/8\/2026\/03\/IMG_6476-768x607.jpg 768w\" sizes=\"(max-width: 1320px) 100vw, 1320px\" \/><\/p>\n<p>&nbsp;<\/p>\n<p>&nbsp;<\/p>\n<p>&nbsp;<\/p>\n","protected":false},"excerpt":{"rendered":"<p>\u00dcniversitemiz \u0130\u015fletme Fak\u00fcltesi, \u0130\u015fletme B\u00f6l\u00fcm\u00fc \u00f6\u011fretim \u00fcyesi Do\u00e7. Dr. Mehmet Sa\u011flam\u2019\u0131n y\u00fcr\u00fct\u00fcc\u00fcl\u00fc\u011f\u00fcn\u00fc \u00fcstlendi\u011fi \u201cToplumda D\u00f6ng\u00fcsel T\u00fcketim ve \u0130klim De\u011fi\u015fikli\u011fi Fark\u0131ndal\u0131\u011f\u0131n\u0131n Demografik \u00d6zellikler A\u00e7\u0131s\u0131ndan De\u011ferlendirilmesi\u201d ba\u015fl\u0131kl\u0131 proje, \u0130stanbul Ticaret \u00dcniversitesi Bilimsel Ara\u015ft\u0131rma Projeleri (BAP) Komisyonu taraf\u0131ndan desteklenmeye hak kazanm\u0131\u015ft\u0131r. G\u00fcn\u00fcm\u00fcz d\u00fcnyas\u0131nda giderek daha fazla \u00f6nem kazanan s\u00fcrd\u00fcr\u00fclebilirlik ve iklim de\u011fi\u015fikli\u011fi konular\u0131na odaklanan bu \u00e7al\u0131\u015fma, farkl\u0131 demografik [&hellip;]<\/p>\n","protected":false},"author":250,"featured_media":2900,"comment_status":"closed","ping_status":"closed","sticky":false,"template":"","format":"standard","meta":{"footnotes":""},"categories":[2],"tags":[],"yoast_head":"<!-- This site is optimized with the Yoast SEO Premium plugin v22.1 (Yoast SEO v22.1) - https:\/\/yoast.com\/wordpress\/plugins\/seo\/ -->\n<title>\u0130\u015fletme B\u00f6l\u00fcm\u00fc \u00d6\u011fretim \u00dcyemizden BAP Ba\u015far\u0131s\u0131 - Haberler - \u0130\u015fletme<\/title>\n<meta name=\"robots\" content=\"index, follow, max-snippet:-1, max-image-preview:large, max-video-preview:-1\" \/>\n<link rel=\"canonical\" href=\"http:\/\/ticaret.edu.tr\/isletme-bolumu\/2026\/03\/26\/isletme-bolumu-ogretim-uyemizden-bap-basarisi\/\" \/>\n<meta property=\"og:locale\" content=\"tr_TR\" \/>\n<meta property=\"og:type\" content=\"article\" \/>\n<meta property=\"og:title\" content=\"\u0130\u015fletme B\u00f6l\u00fcm\u00fc \u00d6\u011fretim \u00dcyemizden BAP Ba\u015far\u0131s\u0131\" \/>\n<meta property=\"og:description\" content=\"\u00dcniversitemiz \u0130\u015fletme Fak\u00fcltesi, \u0130\u015fletme B\u00f6l\u00fcm\u00fc \u00f6\u011fretim \u00fcyesi Do\u00e7. Dr. Mehmet Sa\u011flam\u2019\u0131n y\u00fcr\u00fct\u00fcc\u00fcl\u00fc\u011f\u00fcn\u00fc \u00fcstlendi\u011fi \u201cToplumda D\u00f6ng\u00fcsel T\u00fcketim ve \u0130klim De\u011fi\u015fikli\u011fi Fark\u0131ndal\u0131\u011f\u0131n\u0131n Demografik \u00d6zellikler A\u00e7\u0131s\u0131ndan De\u011ferlendirilmesi\u201d ba\u015fl\u0131kl\u0131 proje, \u0130stanbul Ticaret \u00dcniversitesi Bilimsel Ara\u015ft\u0131rma Projeleri (BAP) Komisyonu taraf\u0131ndan desteklenmeye hak kazanm\u0131\u015ft\u0131r. G\u00fcn\u00fcm\u00fcz d\u00fcnyas\u0131nda giderek daha fazla \u00f6nem kazanan s\u00fcrd\u00fcr\u00fclebilirlik ve iklim de\u011fi\u015fikli\u011fi konular\u0131na odaklanan bu \u00e7al\u0131\u015fma, farkl\u0131 demografik [&hellip;]\" \/>\n<meta property=\"og:url\" content=\"http:\/\/ticaret.edu.tr\/isletme-bolumu\/2026\/03\/26\/isletme-bolumu-ogretim-uyemizden-bap-basarisi\/\" \/>\n<meta property=\"og:site_name\" content=\"\u0130\u015fletme\" \/>\n<meta property=\"article:publisher\" content=\"https:\/\/www.facebook.com\/ticaretedutr\" \/>\n<meta property=\"article:published_time\" content=\"2026-03-26T14:06:56+00:00\" \/>\n<meta property=\"article:modified_time\" content=\"2026-03-26T14:07:16+00:00\" \/>\n<meta property=\"og:image\" content=\"http:\/\/ticaret.edu.tr\/isletme-bolumu\/wp-content\/uploads\/sites\/8\/2026\/03\/IMG_6476.jpg\" \/>\n\t<meta property=\"og:image:width\" content=\"1320\" \/>\n\t<meta property=\"og:image:height\" content=\"1044\" \/>\n\t<meta property=\"og:image:type\" content=\"image\/jpeg\" \/>\n<meta name=\"author\" content=\"macar\" \/>\n<meta name=\"twitter:card\" content=\"summary_large_image\" \/>\n<meta name=\"twitter:creator\" content=\"@ticaretedutr\" \/>\n<meta name=\"twitter:site\" content=\"@ticaretedutr\" \/>\n<meta name=\"twitter:label1\" content=\"Yazan:\" \/>\n\t<meta name=\"twitter:data1\" content=\"macar\" \/>\n\t<meta name=\"twitter:label2\" content=\"Tahmini okuma s\u00fcresi\" \/>\n\t<meta name=\"twitter:data2\" content=\"1 dakika\" \/>\n<script type=\"application\/ld+json\" class=\"yoast-schema-graph\">{\"@context\":\"https:\/\/schema.org\",\"@graph\":[{\"@type\":\"WebPage\",\"@id\":\"http:\/\/ticaret.edu.tr\/isletme-bolumu\/2026\/03\/26\/isletme-bolumu-ogretim-uyemizden-bap-basarisi\/\",\"url\":\"http:\/\/ticaret.edu.tr\/isletme-bolumu\/2026\/03\/26\/isletme-bolumu-ogretim-uyemizden-bap-basarisi\/\",\"name\":\"\u0130\u015fletme B\u00f6l\u00fcm\u00fc \u00d6\u011fretim \u00dcyemizden BAP Ba\u015far\u0131s\u0131 - Haberler - \u0130\u015fletme\",\"isPartOf\":{\"@id\":\"https:\/\/ticaret.edu.tr\/isletme-bolumu\/#website\"},\"datePublished\":\"2026-03-26T14:06:56+00:00\",\"dateModified\":\"2026-03-26T14:07:16+00:00\",\"author\":{\"@id\":\"https:\/\/ticaret.edu.tr\/isletme-bolumu\/#\/schema\/person\/5c5f322405c5351bde06f4b748ca8e15\"},\"breadcrumb\":{\"@id\":\"http:\/\/ticaret.edu.tr\/isletme-bolumu\/2026\/03\/26\/isletme-bolumu-ogretim-uyemizden-bap-basarisi\/#breadcrumb\"},\"inLanguage\":\"tr\",\"potentialAction\":[{\"@type\":\"ReadAction\",\"target\":[\"http:\/\/ticaret.edu.tr\/isletme-bolumu\/2026\/03\/26\/isletme-bolumu-ogretim-uyemizden-bap-basarisi\/\"]}]},{\"@type\":\"BreadcrumbList\",\"@id\":\"http:\/\/ticaret.edu.tr\/isletme-bolumu\/2026\/03\/26\/isletme-bolumu-ogretim-uyemizden-bap-basarisi\/#breadcrumb\",\"itemListElement\":[{\"@type\":\"ListItem\",\"position\":1,\"name\":\"Ana sayfa\",\"item\":\"http:\/\/ticaret.edu.tr\/isletme-bolumu\/en\/\"},{\"@type\":\"ListItem\",\"position\":2,\"name\":\"\u0130\u015fletme B\u00f6l\u00fcm\u00fc \u00d6\u011fretim \u00dcyemizden BAP Ba\u015far\u0131s\u0131\"}]},{\"@type\":\"WebSite\",\"@id\":\"https:\/\/ticaret.edu.tr\/isletme-bolumu\/#website\",\"url\":\"https:\/\/ticaret.edu.tr\/isletme-bolumu\/\",\"name\":\"\u0130\u015fletme\",\"description\":\"\",\"potentialAction\":[{\"@type\":\"SearchAction\",\"target\":{\"@type\":\"EntryPoint\",\"urlTemplate\":\"https:\/\/ticaret.edu.tr\/isletme-bolumu\/?s={search_term_string}\"},\"query-input\":\"required name=search_term_string\"}],\"inLanguage\":\"tr\"},{\"@type\":\"Person\",\"@id\":\"https:\/\/ticaret.edu.tr\/isletme-bolumu\/#\/schema\/person\/5c5f322405c5351bde06f4b748ca8e15\",\"name\":\"macar\",\"image\":{\"@type\":\"ImageObject\",\"inLanguage\":\"tr\",\"@id\":\"https:\/\/ticaret.edu.tr\/isletme-bolumu\/#\/schema\/person\/image\/\",\"url\":\"http:\/\/2.gravatar.com\/avatar\/2797681c700e00f2dfa80f2856c60c4a?s=96&d=mm&r=g\",\"contentUrl\":\"http:\/\/2.gravatar.com\/avatar\/2797681c700e00f2dfa80f2856c60c4a?s=96&d=mm&r=g\",\"caption\":\"macar\"},\"url\":\"http:\/\/ticaret.edu.tr\/isletme-bolumu\/author\/macar\/\"}]}<\/script>\n<!-- \/ Yoast SEO Premium plugin. -->","yoast_head_json":{"title":"\u0130\u015fletme B\u00f6l\u00fcm\u00fc \u00d6\u011fretim \u00dcyemizden BAP Ba\u015far\u0131s\u0131 - Haberler - \u0130\u015fletme","robots":{"index":"index","follow":"follow","max-snippet":"max-snippet:-1","max-image-preview":"max-image-preview:large","max-video-preview":"max-video-preview:-1"},"canonical":"http:\/\/ticaret.edu.tr\/isletme-bolumu\/2026\/03\/26\/isletme-bolumu-ogretim-uyemizden-bap-basarisi\/","og_locale":"tr_TR","og_type":"article","og_title":"\u0130\u015fletme B\u00f6l\u00fcm\u00fc \u00d6\u011fretim \u00dcyemizden BAP Ba\u015far\u0131s\u0131","og_description":"\u00dcniversitemiz \u0130\u015fletme Fak\u00fcltesi, \u0130\u015fletme B\u00f6l\u00fcm\u00fc \u00f6\u011fretim \u00fcyesi Do\u00e7. Dr. Mehmet Sa\u011flam\u2019\u0131n y\u00fcr\u00fct\u00fcc\u00fcl\u00fc\u011f\u00fcn\u00fc \u00fcstlendi\u011fi \u201cToplumda D\u00f6ng\u00fcsel T\u00fcketim ve \u0130klim De\u011fi\u015fikli\u011fi Fark\u0131ndal\u0131\u011f\u0131n\u0131n Demografik \u00d6zellikler A\u00e7\u0131s\u0131ndan De\u011ferlendirilmesi\u201d ba\u015fl\u0131kl\u0131 proje, \u0130stanbul Ticaret \u00dcniversitesi Bilimsel Ara\u015ft\u0131rma Projeleri (BAP) Komisyonu taraf\u0131ndan desteklenmeye hak kazanm\u0131\u015ft\u0131r. G\u00fcn\u00fcm\u00fcz d\u00fcnyas\u0131nda giderek daha fazla \u00f6nem kazanan s\u00fcrd\u00fcr\u00fclebilirlik ve iklim de\u011fi\u015fikli\u011fi konular\u0131na odaklanan bu \u00e7al\u0131\u015fma, farkl\u0131 demografik [&hellip;]","og_url":"http:\/\/ticaret.edu.tr\/isletme-bolumu\/2026\/03\/26\/isletme-bolumu-ogretim-uyemizden-bap-basarisi\/","og_site_name":"\u0130\u015fletme","article_publisher":"https:\/\/www.facebook.com\/ticaretedutr","article_published_time":"2026-03-26T14:06:56+00:00","article_modified_time":"2026-03-26T14:07:16+00:00","og_image":[{"width":1320,"height":1044,"url":"http:\/\/ticaret.edu.tr\/isletme-bolumu\/wp-content\/uploads\/sites\/8\/2026\/03\/IMG_6476.jpg","type":"image\/jpeg"}],"author":"macar","twitter_card":"summary_large_image","twitter_creator":"@ticaretedutr","twitter_site":"@ticaretedutr","twitter_misc":{"Yazan:":"macar","Tahmini okuma s\u00fcresi":"1 dakika"},"schema":{"@context":"https:\/\/schema.org","@graph":[{"@type":"WebPage","@id":"http:\/\/ticaret.edu.tr\/isletme-bolumu\/2026\/03\/26\/isletme-bolumu-ogretim-uyemizden-bap-basarisi\/","url":"http:\/\/ticaret.edu.tr\/isletme-bolumu\/2026\/03\/26\/isletme-bolumu-ogretim-uyemizden-bap-basarisi\/","name":"\u0130\u015fletme B\u00f6l\u00fcm\u00fc \u00d6\u011fretim \u00dcyemizden BAP Ba\u015far\u0131s\u0131 - Haberler - \u0130\u015fletme","isPartOf":{"@id":"https:\/\/ticaret.edu.tr\/isletme-bolumu\/#website"},"datePublished":"2026-03-26T14:06:56+00:00","dateModified":"2026-03-26T14:07:16+00:00","author":{"@id":"https:\/\/ticaret.edu.tr\/isletme-bolumu\/#\/schema\/person\/5c5f322405c5351bde06f4b748ca8e15"},"breadcrumb":{"@id":"http:\/\/ticaret.edu.tr\/isletme-bolumu\/2026\/03\/26\/isletme-bolumu-ogretim-uyemizden-bap-basarisi\/#breadcrumb"},"inLanguage":"tr","potentialAction":[{"@type":"ReadAction","target":["http:\/\/ticaret.edu.tr\/isletme-bolumu\/2026\/03\/26\/isletme-bolumu-ogretim-uyemizden-bap-basarisi\/"]}]},{"@type":"BreadcrumbList","@id":"http:\/\/ticaret.edu.tr\/isletme-bolumu\/2026\/03\/26\/isletme-bolumu-ogretim-uyemizden-bap-basarisi\/#breadcrumb","itemListElement":[{"@type":"ListItem","position":1,"name":"Ana sayfa","item":"http:\/\/ticaret.edu.tr\/isletme-bolumu\/en\/"},{"@type":"ListItem","position":2,"name":"\u0130\u015fletme B\u00f6l\u00fcm\u00fc \u00d6\u011fretim \u00dcyemizden BAP Ba\u015far\u0131s\u0131"}]},{"@type":"WebSite","@id":"https:\/\/ticaret.edu.tr\/isletme-bolumu\/#website","url":"https:\/\/ticaret.edu.tr\/isletme-bolumu\/","name":"\u0130\u015fletme","description":"","potentialAction":[{"@type":"SearchAction","target":{"@type":"EntryPoint","urlTemplate":"https:\/\/ticaret.edu.tr\/isletme-bolumu\/?s={search_term_string}"},"query-input":"required name=search_term_string"}],"inLanguage":"tr"},{"@type":"Person","@id":"https:\/\/ticaret.edu.tr\/isletme-bolumu\/#\/schema\/person\/5c5f322405c5351bde06f4b748ca8e15","name":"macar","image":{"@type":"ImageObject","inLanguage":"tr","@id":"https:\/\/ticaret.edu.tr\/isletme-bolumu\/#\/schema\/person\/image\/","url":"http:\/\/2.gravatar.com\/avatar\/2797681c700e00f2dfa80f2856c60c4a?s=96&d=mm&r=g","contentUrl":"http:\/\/2.gravatar.com\/avatar\/2797681c700e00f2dfa80f2856c60c4a?s=96&d=mm&r=g","caption":"macar"},"url":"http:\/\/ticaret.edu.tr\/isletme-bolumu\/author\/macar\/"}]}},"lang":"tr","translations":{"tr":2872},"pll_sync_post":[],"_links":{"self":[{"href":"http:\/\/ticaret.edu.tr\/isletme-bolumu\/wp-json\/wp\/v2\/posts\/2872"}],"collection":[{"href":"http:\/\/ticaret.edu.tr\/isletme-bolumu\/wp-json\/wp\/v2\/posts"}],"about":[{"href":"http:\/\/ticaret.edu.tr\/isletme-bolumu\/wp-json\/wp\/v2\/types\/post"}],"author":[{"embeddable":true,"href":"http:\/\/ticaret.edu.tr\/isletme-bolumu\/wp-json\/wp\/v2\/users\/250"}],"replies":[{"embeddable":true,"href":"http:\/\/ticaret.edu.tr\/isletme-bolumu\/wp-json\/wp\/v2\/comments?post=2872"}],"version-history":[{"count":9,"href":"http:\/\/ticaret.edu.tr\/isletme-bolumu\/wp-json\/wp\/v2\/posts\/2872\/revisions"}],"predecessor-version":[{"id":2904,"href":"http:\/\/ticaret.edu.tr\/isletme-bolumu\/wp-json\/wp\/v2\/posts\/2872\/revisions\/2904"}],"wp:featuredmedia":[{"embeddable":true,"href":"http:\/\/ticaret.edu.tr\/isletme-bolumu\/wp-json\/wp\/v2\/media\/2900"}],"wp:attachment":[{"href":"http:\/\/ticaret.edu.tr\/isletme-bolumu\/wp-json\/wp\/v2\/media?parent=2872"}],"wp:term":[{"taxonomy":"category","embeddable":true,"href":"http:\/\/ticaret.edu.tr\/isletme-bolumu\/wp-json\/wp\/v2\/categories?post=2872"},{"taxonomy":"post_tag","embeddable":true,"href":"http:\/\/ticaret.edu.tr\/isletme-bolumu\/wp-json\/wp\/v2\/tags?post=2872"}],"curies":[{"name":"wp","href":"https:\/\/api.w.org\/{rel}","templated":true}]}}