{"id":2916,"date":"2026-04-21T16:08:58","date_gmt":"2026-04-21T13:08:58","guid":{"rendered":"https:\/\/ticaret.edu.tr\/isletme-bolumu\/?p=2916"},"modified":"2026-04-21T16:08:58","modified_gmt":"2026-04-21T13:08:58","slug":"isletme-toplulugundan-ersoy-holdinge-ziyaret-sektorle-guclu-bag","status":"publish","type":"post","link":"http:\/\/ticaret.edu.tr\/isletme-bolumu\/2026\/04\/21\/isletme-toplulugundan-ersoy-holdinge-ziyaret-sektorle-guclu-bag\/","title":{"rendered":"\u0130\u015fletme Toplulu\u011fu\u2019ndan Ersoy Holding\u2019e Ziyaret: Sekt\u00f6rle G\u00fc\u00e7l\u00fc Ba\u011f"},"content":{"rendered":"<section class=\"text-token-text-primary w-full focus:outline-none [--shadow-height:45px] has-data-writing-block:pointer-events-none has-data-writing-block:-mt-(--shadow-height) has-data-writing-block:pt-(--shadow-height) [&amp;:has([data-writing-block])&gt;*]:pointer-events-auto [content-visibility:auto] supports-[content-visibility:auto]:[contain-intrinsic-size:auto_100lvh] R6Vx5W_threadScrollVars scroll-mb-[calc(var(--scroll-root-safe-area-inset-bottom,0px)+var(--thread-response-height))] scroll-mt-[calc(var(--header-height)+min(200px,max(70px,20svh)))]\" dir=\"auto\" data-turn-id=\"request-69e76ed9-2d88-838c-a292-a33f2fd4caef-1\" data-testid=\"conversation-turn-6\" data-scroll-anchor=\"false\" data-turn=\"assistant\">\n<div class=\"text-base my-auto mx-auto pb-10 [--thread-content-margin:var(--thread-content-margin-xs,calc(var(--spacing)*4))] @w-sm\/main:[--thread-content-margin:var(--thread-content-margin-sm,calc(var(--spacing)*6))] @w-lg\/main:[--thread-content-margin:var(--thread-content-margin-lg,calc(var(--spacing)*16))] px-(--thread-content-margin)\">\n<div class=\"[--thread-content-max-width:40rem] @w-lg\/main:[--thread-content-max-width:48rem] mx-auto max-w-(--thread-content-max-width) flex-1 group\/turn-messages focus-visible:outline-hidden relative flex w-full min-w-0 flex-col agent-turn\">\n<div class=\"flex max-w-full flex-col gap-4 grow\">\n<div class=\"min-h-8 text-message relative flex w-full flex-col items-end gap-2 text-start break-words whitespace-normal outline-none keyboard-focused:focus-ring [.text-message+&amp;]:mt-1\" dir=\"auto\" data-message-author-role=\"assistant\" data-message-id=\"ce4437cb-ac06-476a-82ad-293cbc745e30\" data-message-model-slug=\"gpt-5-3\" data-turn-start-message=\"true\">\n<div class=\"flex w-full flex-col gap-1 empty:hidden\">\n<div class=\"markdown prose dark:prose-invert w-full wrap-break-word light markdown-new-styling\">\n<p data-start=\"88\" data-end=\"403\">\u0130stanbul Ticaret \u00dcniversitesi \u0130\u015fletme Toplulu\u011fu, \u0130\u015fletme B\u00f6l\u00fcm\u00fc i\u015f birli\u011fiyle Ersoy Holding\u2019e anlaml\u0131 bir ziyaret ger\u00e7ekle\u015ftirdi. Akademi ile i\u015f d\u00fcnyas\u0131n\u0131 bir araya getiren etkinlikte \u00f6\u011frenciler, sekt\u00f6r\u00fcn dinamiklerini yerinde g\u00f6zlemleme ve profesyonellerle do\u011frudan ileti\u015fim kurma f\u0131rsat\u0131 buldu.<\/p>\n<p data-start=\"405\" data-end=\"660\">Etkinlik kapsam\u0131nda Ersoy Holding yetkilileri, \u015firketin faaliyet alanlar\u0131, kurumsal yap\u0131s\u0131 ve kariyer f\u0131rsatlar\u0131 hakk\u0131nda kat\u0131l\u0131mc\u0131lara kapsaml\u0131 bilgiler aktard\u0131. \u00d6\u011frenciler ise merak ettikleri sorular\u0131 y\u00f6nelterek i\u015f hayat\u0131na dair \u00f6nemli i\u00e7g\u00f6r\u00fcler edindi.<\/p>\n<p data-start=\"662\" data-end=\"1017\" data-is-last-node=\"\" data-is-only-node=\"\">Samimi ve verimli bir atmosferde ger\u00e7ekle\u015fen ziyaret, \u0130\u015fletme B\u00f6l\u00fcm Ba\u015fkan\u0131 Do\u00e7. Dr. Mehmet Sa\u011flam ve Dr. \u00d6\u011fr. \u00dcyesi Nihan Yavuz Aksakal\u2019\u0131n destekleri ile hayata ge\u00e7irildi. Organizasyona ev sahipli\u011fi yapan Ersoy Holding yetkililerine de ayr\u0131ca te\u015fekk\u00fcr edilirken, bu t\u00fcr i\u015f birliklerinin \u00f6\u011frencilerin kariyer geli\u015fimine \u00f6nemli katk\u0131lar sundu\u011fu vurguland\u0131.<\/p>\n<\/div>\n<\/div>\n<\/div>\n<\/div>\n<div class=\"z-0 flex min-h-[46px] justify-start\"><\/div>\n<div class=\"mt-3 w-full empty:hidden\">\n<div class=\"text-center\"><img loading=\"lazy\" decoding=\"async\" class=\"alignnone wp-image-2919 size-full\" src=\"http:\/\/ticaret.edu.tr\/isletme-bolumu\/wp-content\/uploads\/sites\/8\/2026\/04\/foto-1.jpeg\" alt=\"\" width=\"1308\" height=\"1600\" srcset=\"http:\/\/ticaret.edu.tr\/isletme-bolumu\/wp-content\/uploads\/sites\/8\/2026\/04\/foto-1.jpeg 1308w, http:\/\/ticaret.edu.tr\/isletme-bolumu\/wp-content\/uploads\/sites\/8\/2026\/04\/foto-1-245x300.jpeg 245w, http:\/\/ticaret.edu.tr\/isletme-bolumu\/wp-content\/uploads\/sites\/8\/2026\/04\/foto-1-837x1024.jpeg 837w, http:\/\/ticaret.edu.tr\/isletme-bolumu\/wp-content\/uploads\/sites\/8\/2026\/04\/foto-1-768x939.jpeg 768w, http:\/\/ticaret.edu.tr\/isletme-bolumu\/wp-content\/uploads\/sites\/8\/2026\/04\/foto-1-1256x1536.jpeg 1256w\" sizes=\"(max-width: 1308px) 100vw, 1308px\" \/> <img loading=\"lazy\" decoding=\"async\" class=\"alignnone wp-image-2918 size-full\" src=\"http:\/\/ticaret.edu.tr\/isletme-bolumu\/wp-content\/uploads\/sites\/8\/2026\/04\/foto-2.jpeg\" alt=\"\" width=\"1294\" height=\"1600\" srcset=\"http:\/\/ticaret.edu.tr\/isletme-bolumu\/wp-content\/uploads\/sites\/8\/2026\/04\/foto-2.jpeg 1294w, http:\/\/ticaret.edu.tr\/isletme-bolumu\/wp-content\/uploads\/sites\/8\/2026\/04\/foto-2-243x300.jpeg 243w, http:\/\/ticaret.edu.tr\/isletme-bolumu\/wp-content\/uploads\/sites\/8\/2026\/04\/foto-2-828x1024.jpeg 828w, http:\/\/ticaret.edu.tr\/isletme-bolumu\/wp-content\/uploads\/sites\/8\/2026\/04\/foto-2-768x950.jpeg 768w, http:\/\/ticaret.edu.tr\/isletme-bolumu\/wp-content\/uploads\/sites\/8\/2026\/04\/foto-2-1242x1536.jpeg 1242w\" sizes=\"(max-width: 1294px) 100vw, 1294px\" \/> <img loading=\"lazy\" decoding=\"async\" class=\"alignnone wp-image-2917 size-full\" src=\"http:\/\/ticaret.edu.tr\/isletme-bolumu\/wp-content\/uploads\/sites\/8\/2026\/04\/foto-3.jpeg\" alt=\"\" width=\"1215\" height=\"1600\" srcset=\"http:\/\/ticaret.edu.tr\/isletme-bolumu\/wp-content\/uploads\/sites\/8\/2026\/04\/foto-3.jpeg 1215w, http:\/\/ticaret.edu.tr\/isletme-bolumu\/wp-content\/uploads\/sites\/8\/2026\/04\/foto-3-228x300.jpeg 228w, http:\/\/ticaret.edu.tr\/isletme-bolumu\/wp-content\/uploads\/sites\/8\/2026\/04\/foto-3-778x1024.jpeg 778w, http:\/\/ticaret.edu.tr\/isletme-bolumu\/wp-content\/uploads\/sites\/8\/2026\/04\/foto-3-768x1011.jpeg 768w, http:\/\/ticaret.edu.tr\/isletme-bolumu\/wp-content\/uploads\/sites\/8\/2026\/04\/foto-3-1166x1536.jpeg 1166w\" sizes=\"(max-width: 1215px) 100vw, 1215px\" \/><\/div>\n<\/div>\n<\/div>\n<\/div>\n<\/section>\n","protected":false},"excerpt":{"rendered":"<p>\u0130stanbul Ticaret \u00dcniversitesi \u0130\u015fletme Toplulu\u011fu, \u0130\u015fletme B\u00f6l\u00fcm\u00fc i\u015f birli\u011fiyle Ersoy Holding\u2019e anlaml\u0131 bir ziyaret ger\u00e7ekle\u015ftirdi. Akademi ile i\u015f d\u00fcnyas\u0131n\u0131 bir araya getiren etkinlikte \u00f6\u011frenciler, sekt\u00f6r\u00fcn dinamiklerini yerinde g\u00f6zlemleme ve profesyonellerle do\u011frudan ileti\u015fim kurma f\u0131rsat\u0131 buldu. Etkinlik kapsam\u0131nda Ersoy Holding yetkilileri, \u015firketin faaliyet alanlar\u0131, kurumsal yap\u0131s\u0131 ve kariyer f\u0131rsatlar\u0131 hakk\u0131nda kat\u0131l\u0131mc\u0131lara kapsaml\u0131 bilgiler aktard\u0131. \u00d6\u011frenciler ise [&hellip;]<\/p>\n","protected":false},"author":250,"featured_media":2919,"comment_status":"closed","ping_status":"closed","sticky":false,"template":"","format":"standard","meta":{"footnotes":""},"categories":[2],"tags":[],"yoast_head":"<!-- This site is optimized with the Yoast SEO Premium plugin v22.1 (Yoast SEO v22.1) - https:\/\/yoast.com\/wordpress\/plugins\/seo\/ -->\n<title>\u0130\u015fletme Toplulu\u011fu\u2019ndan Ersoy Holding\u2019e Ziyaret: Sekt\u00f6rle G\u00fc\u00e7l\u00fc Ba\u011f - Haberler - \u0130\u015fletme<\/title>\n<meta name=\"robots\" content=\"index, follow, max-snippet:-1, max-image-preview:large, max-video-preview:-1\" \/>\n<link rel=\"canonical\" href=\"https:\/\/ticaret.edu.tr\/isletme-bolumu\/2026\/04\/21\/isletme-toplulugundan-ersoy-holdinge-ziyaret-sektorle-guclu-bag\/\" \/>\n<meta property=\"og:locale\" content=\"tr_TR\" \/>\n<meta property=\"og:type\" content=\"article\" \/>\n<meta property=\"og:title\" content=\"\u0130\u015fletme Toplulu\u011fu\u2019ndan Ersoy Holding\u2019e Ziyaret: Sekt\u00f6rle G\u00fc\u00e7l\u00fc Ba\u011f\" \/>\n<meta property=\"og:description\" content=\"\u0130stanbul Ticaret \u00dcniversitesi \u0130\u015fletme Toplulu\u011fu, \u0130\u015fletme B\u00f6l\u00fcm\u00fc i\u015f birli\u011fiyle Ersoy Holding\u2019e anlaml\u0131 bir ziyaret ger\u00e7ekle\u015ftirdi. Akademi ile i\u015f d\u00fcnyas\u0131n\u0131 bir araya getiren etkinlikte \u00f6\u011frenciler, sekt\u00f6r\u00fcn dinamiklerini yerinde g\u00f6zlemleme ve profesyonellerle do\u011frudan ileti\u015fim kurma f\u0131rsat\u0131 buldu. Etkinlik kapsam\u0131nda Ersoy Holding yetkilileri, \u015firketin faaliyet alanlar\u0131, kurumsal yap\u0131s\u0131 ve kariyer f\u0131rsatlar\u0131 hakk\u0131nda kat\u0131l\u0131mc\u0131lara kapsaml\u0131 bilgiler aktard\u0131. \u00d6\u011frenciler ise [&hellip;]\" \/>\n<meta property=\"og:url\" content=\"https:\/\/ticaret.edu.tr\/isletme-bolumu\/2026\/04\/21\/isletme-toplulugundan-ersoy-holdinge-ziyaret-sektorle-guclu-bag\/\" \/>\n<meta property=\"og:site_name\" content=\"\u0130\u015fletme\" \/>\n<meta property=\"article:publisher\" content=\"https:\/\/www.facebook.com\/ticaretedutr\" \/>\n<meta property=\"article:published_time\" content=\"2026-04-21T13:08:58+00:00\" \/>\n<meta property=\"og:image\" content=\"https:\/\/ticaret.edu.tr\/isletme-bolumu\/wp-content\/uploads\/sites\/8\/2026\/04\/foto-1.jpeg\" \/>\n\t<meta property=\"og:image:width\" content=\"1308\" \/>\n\t<meta property=\"og:image:height\" content=\"1600\" \/>\n\t<meta property=\"og:image:type\" content=\"image\/jpeg\" \/>\n<meta name=\"author\" content=\"macar\" \/>\n<meta name=\"twitter:card\" content=\"summary_large_image\" \/>\n<meta name=\"twitter:creator\" content=\"@ticaretedutr\" \/>\n<meta name=\"twitter:site\" content=\"@ticaretedutr\" \/>\n<meta name=\"twitter:label1\" content=\"Yazan:\" \/>\n\t<meta name=\"twitter:data1\" content=\"macar\" \/>\n\t<meta name=\"twitter:label2\" content=\"Tahmini okuma s\u00fcresi\" \/>\n\t<meta name=\"twitter:data2\" content=\"2 dakika\" \/>\n<script type=\"application\/ld+json\" class=\"yoast-schema-graph\">{\"@context\":\"https:\/\/schema.org\",\"@graph\":[{\"@type\":\"WebPage\",\"@id\":\"https:\/\/ticaret.edu.tr\/isletme-bolumu\/2026\/04\/21\/isletme-toplulugundan-ersoy-holdinge-ziyaret-sektorle-guclu-bag\/\",\"url\":\"https:\/\/ticaret.edu.tr\/isletme-bolumu\/2026\/04\/21\/isletme-toplulugundan-ersoy-holdinge-ziyaret-sektorle-guclu-bag\/\",\"name\":\"\u0130\u015fletme Toplulu\u011fu\u2019ndan Ersoy Holding\u2019e Ziyaret: Sekt\u00f6rle G\u00fc\u00e7l\u00fc Ba\u011f - Haberler - \u0130\u015fletme\",\"isPartOf\":{\"@id\":\"https:\/\/ticaret.edu.tr\/isletme-bolumu\/#website\"},\"datePublished\":\"2026-04-21T13:08:58+00:00\",\"dateModified\":\"2026-04-21T13:08:58+00:00\",\"author\":{\"@id\":\"https:\/\/ticaret.edu.tr\/isletme-bolumu\/#\/schema\/person\/5c5f322405c5351bde06f4b748ca8e15\"},\"breadcrumb\":{\"@id\":\"https:\/\/ticaret.edu.tr\/isletme-bolumu\/2026\/04\/21\/isletme-toplulugundan-ersoy-holdinge-ziyaret-sektorle-guclu-bag\/#breadcrumb\"},\"inLanguage\":\"tr\",\"potentialAction\":[{\"@type\":\"ReadAction\",\"target\":[\"https:\/\/ticaret.edu.tr\/isletme-bolumu\/2026\/04\/21\/isletme-toplulugundan-ersoy-holdinge-ziyaret-sektorle-guclu-bag\/\"]}]},{\"@type\":\"BreadcrumbList\",\"@id\":\"https:\/\/ticaret.edu.tr\/isletme-bolumu\/2026\/04\/21\/isletme-toplulugundan-ersoy-holdinge-ziyaret-sektorle-guclu-bag\/#breadcrumb\",\"itemListElement\":[{\"@type\":\"ListItem\",\"position\":1,\"name\":\"Ana sayfa\",\"item\":\"http:\/\/ticaret.edu.tr\/isletme-bolumu\/en\/\"},{\"@type\":\"ListItem\",\"position\":2,\"name\":\"\u0130\u015fletme Toplulu\u011fu\u2019ndan Ersoy Holding\u2019e Ziyaret: Sekt\u00f6rle G\u00fc\u00e7l\u00fc Ba\u011f\"}]},{\"@type\":\"WebSite\",\"@id\":\"https:\/\/ticaret.edu.tr\/isletme-bolumu\/#website\",\"url\":\"https:\/\/ticaret.edu.tr\/isletme-bolumu\/\",\"name\":\"\u0130\u015fletme\",\"description\":\"\",\"potentialAction\":[{\"@type\":\"SearchAction\",\"target\":{\"@type\":\"EntryPoint\",\"urlTemplate\":\"https:\/\/ticaret.edu.tr\/isletme-bolumu\/?s={search_term_string}\"},\"query-input\":\"required name=search_term_string\"}],\"inLanguage\":\"tr\"},{\"@type\":\"Person\",\"@id\":\"https:\/\/ticaret.edu.tr\/isletme-bolumu\/#\/schema\/person\/5c5f322405c5351bde06f4b748ca8e15\",\"name\":\"macar\",\"image\":{\"@type\":\"ImageObject\",\"inLanguage\":\"tr\",\"@id\":\"https:\/\/ticaret.edu.tr\/isletme-bolumu\/#\/schema\/person\/image\/\",\"url\":\"http:\/\/2.gravatar.com\/avatar\/2797681c700e00f2dfa80f2856c60c4a?s=96&d=mm&r=g\",\"contentUrl\":\"http:\/\/2.gravatar.com\/avatar\/2797681c700e00f2dfa80f2856c60c4a?s=96&d=mm&r=g\",\"caption\":\"macar\"},\"url\":\"http:\/\/ticaret.edu.tr\/isletme-bolumu\/author\/macar\/\"}]}<\/script>\n<!-- \/ Yoast SEO Premium plugin. -->","yoast_head_json":{"title":"\u0130\u015fletme Toplulu\u011fu\u2019ndan Ersoy Holding\u2019e Ziyaret: Sekt\u00f6rle G\u00fc\u00e7l\u00fc Ba\u011f - Haberler - \u0130\u015fletme","robots":{"index":"index","follow":"follow","max-snippet":"max-snippet:-1","max-image-preview":"max-image-preview:large","max-video-preview":"max-video-preview:-1"},"canonical":"https:\/\/ticaret.edu.tr\/isletme-bolumu\/2026\/04\/21\/isletme-toplulugundan-ersoy-holdinge-ziyaret-sektorle-guclu-bag\/","og_locale":"tr_TR","og_type":"article","og_title":"\u0130\u015fletme Toplulu\u011fu\u2019ndan Ersoy Holding\u2019e Ziyaret: Sekt\u00f6rle G\u00fc\u00e7l\u00fc Ba\u011f","og_description":"\u0130stanbul Ticaret \u00dcniversitesi \u0130\u015fletme Toplulu\u011fu, \u0130\u015fletme B\u00f6l\u00fcm\u00fc i\u015f birli\u011fiyle Ersoy Holding\u2019e anlaml\u0131 bir ziyaret ger\u00e7ekle\u015ftirdi. Akademi ile i\u015f d\u00fcnyas\u0131n\u0131 bir araya getiren etkinlikte \u00f6\u011frenciler, sekt\u00f6r\u00fcn dinamiklerini yerinde g\u00f6zlemleme ve profesyonellerle do\u011frudan ileti\u015fim kurma f\u0131rsat\u0131 buldu. Etkinlik kapsam\u0131nda Ersoy Holding yetkilileri, \u015firketin faaliyet alanlar\u0131, kurumsal yap\u0131s\u0131 ve kariyer f\u0131rsatlar\u0131 hakk\u0131nda kat\u0131l\u0131mc\u0131lara kapsaml\u0131 bilgiler aktard\u0131. \u00d6\u011frenciler ise [&hellip;]","og_url":"https:\/\/ticaret.edu.tr\/isletme-bolumu\/2026\/04\/21\/isletme-toplulugundan-ersoy-holdinge-ziyaret-sektorle-guclu-bag\/","og_site_name":"\u0130\u015fletme","article_publisher":"https:\/\/www.facebook.com\/ticaretedutr","article_published_time":"2026-04-21T13:08:58+00:00","og_image":[{"width":1308,"height":1600,"url":"https:\/\/ticaret.edu.tr\/isletme-bolumu\/wp-content\/uploads\/sites\/8\/2026\/04\/foto-1.jpeg","type":"image\/jpeg"}],"author":"macar","twitter_card":"summary_large_image","twitter_creator":"@ticaretedutr","twitter_site":"@ticaretedutr","twitter_misc":{"Yazan:":"macar","Tahmini okuma s\u00fcresi":"2 dakika"},"schema":{"@context":"https:\/\/schema.org","@graph":[{"@type":"WebPage","@id":"https:\/\/ticaret.edu.tr\/isletme-bolumu\/2026\/04\/21\/isletme-toplulugundan-ersoy-holdinge-ziyaret-sektorle-guclu-bag\/","url":"https:\/\/ticaret.edu.tr\/isletme-bolumu\/2026\/04\/21\/isletme-toplulugundan-ersoy-holdinge-ziyaret-sektorle-guclu-bag\/","name":"\u0130\u015fletme Toplulu\u011fu\u2019ndan Ersoy Holding\u2019e Ziyaret: Sekt\u00f6rle G\u00fc\u00e7l\u00fc Ba\u011f - Haberler - \u0130\u015fletme","isPartOf":{"@id":"https:\/\/ticaret.edu.tr\/isletme-bolumu\/#website"},"datePublished":"2026-04-21T13:08:58+00:00","dateModified":"2026-04-21T13:08:58+00:00","author":{"@id":"https:\/\/ticaret.edu.tr\/isletme-bolumu\/#\/schema\/person\/5c5f322405c5351bde06f4b748ca8e15"},"breadcrumb":{"@id":"https:\/\/ticaret.edu.tr\/isletme-bolumu\/2026\/04\/21\/isletme-toplulugundan-ersoy-holdinge-ziyaret-sektorle-guclu-bag\/#breadcrumb"},"inLanguage":"tr","potentialAction":[{"@type":"ReadAction","target":["https:\/\/ticaret.edu.tr\/isletme-bolumu\/2026\/04\/21\/isletme-toplulugundan-ersoy-holdinge-ziyaret-sektorle-guclu-bag\/"]}]},{"@type":"BreadcrumbList","@id":"https:\/\/ticaret.edu.tr\/isletme-bolumu\/2026\/04\/21\/isletme-toplulugundan-ersoy-holdinge-ziyaret-sektorle-guclu-bag\/#breadcrumb","itemListElement":[{"@type":"ListItem","position":1,"name":"Ana sayfa","item":"http:\/\/ticaret.edu.tr\/isletme-bolumu\/en\/"},{"@type":"ListItem","position":2,"name":"\u0130\u015fletme Toplulu\u011fu\u2019ndan Ersoy Holding\u2019e Ziyaret: Sekt\u00f6rle G\u00fc\u00e7l\u00fc Ba\u011f"}]},{"@type":"WebSite","@id":"https:\/\/ticaret.edu.tr\/isletme-bolumu\/#website","url":"https:\/\/ticaret.edu.tr\/isletme-bolumu\/","name":"\u0130\u015fletme","description":"","potentialAction":[{"@type":"SearchAction","target":{"@type":"EntryPoint","urlTemplate":"https:\/\/ticaret.edu.tr\/isletme-bolumu\/?s={search_term_string}"},"query-input":"required name=search_term_string"}],"inLanguage":"tr"},{"@type":"Person","@id":"https:\/\/ticaret.edu.tr\/isletme-bolumu\/#\/schema\/person\/5c5f322405c5351bde06f4b748ca8e15","name":"macar","image":{"@type":"ImageObject","inLanguage":"tr","@id":"https:\/\/ticaret.edu.tr\/isletme-bolumu\/#\/schema\/person\/image\/","url":"http:\/\/2.gravatar.com\/avatar\/2797681c700e00f2dfa80f2856c60c4a?s=96&d=mm&r=g","contentUrl":"http:\/\/2.gravatar.com\/avatar\/2797681c700e00f2dfa80f2856c60c4a?s=96&d=mm&r=g","caption":"macar"},"url":"http:\/\/ticaret.edu.tr\/isletme-bolumu\/author\/macar\/"}]}},"lang":"tr","translations":{"tr":2916},"pll_sync_post":[],"_links":{"self":[{"href":"http:\/\/ticaret.edu.tr\/isletme-bolumu\/wp-json\/wp\/v2\/posts\/2916"}],"collection":[{"href":"http:\/\/ticaret.edu.tr\/isletme-bolumu\/wp-json\/wp\/v2\/posts"}],"about":[{"href":"http:\/\/ticaret.edu.tr\/isletme-bolumu\/wp-json\/wp\/v2\/types\/post"}],"author":[{"embeddable":true,"href":"http:\/\/ticaret.edu.tr\/isletme-bolumu\/wp-json\/wp\/v2\/users\/250"}],"replies":[{"embeddable":true,"href":"http:\/\/ticaret.edu.tr\/isletme-bolumu\/wp-json\/wp\/v2\/comments?post=2916"}],"version-history":[{"count":3,"href":"http:\/\/ticaret.edu.tr\/isletme-bolumu\/wp-json\/wp\/v2\/posts\/2916\/revisions"}],"predecessor-version":[{"id":2922,"href":"http:\/\/ticaret.edu.tr\/isletme-bolumu\/wp-json\/wp\/v2\/posts\/2916\/revisions\/2922"}],"wp:featuredmedia":[{"embeddable":true,"href":"http:\/\/ticaret.edu.tr\/isletme-bolumu\/wp-json\/wp\/v2\/media\/2919"}],"wp:attachment":[{"href":"http:\/\/ticaret.edu.tr\/isletme-bolumu\/wp-json\/wp\/v2\/media?parent=2916"}],"wp:term":[{"taxonomy":"category","embeddable":true,"href":"http:\/\/ticaret.edu.tr\/isletme-bolumu\/wp-json\/wp\/v2\/categories?post=2916"},{"taxonomy":"post_tag","embeddable":true,"href":"http:\/\/ticaret.edu.tr\/isletme-bolumu\/wp-json\/wp\/v2\/tags?post=2916"}],"curies":[{"name":"wp","href":"https:\/\/api.w.org\/{rel}","templated":true}]}}