{"id":568,"date":"2021-04-09T14:55:14","date_gmt":"2021-04-09T11:55:14","guid":{"rendered":"http:\/\/ticaret.edu.tr\/isl\/?p=568"},"modified":"2021-08-17T12:42:44","modified_gmt":"2021-08-17T09:42:44","slug":"turkce-isletme-bolumu-ve-isletme-toplulugu-tarafindan-kariyer-yolculugu-lojistik-adli-soylesi-gerceklestirildi","status":"publish","type":"post","link":"http:\/\/ticaret.edu.tr\/isletme-bolumu\/2021\/04\/09\/turkce-isletme-bolumu-ve-isletme-toplulugu-tarafindan-kariyer-yolculugu-lojistik-adli-soylesi-gerceklestirildi\/","title":{"rendered":"\u201cKariyer Yolculu\u011fu-Lojistik\u201d"},"content":{"rendered":"<p><img loading=\"lazy\" decoding=\"async\" class=\"wp-image-584 size-full aligncenter\" src=\"http:\/\/ticaret.edu.tr\/isl\/wp-content\/uploads\/sites\/8\/2021\/04\/4-2.png\" alt=\"\" width=\"700\" height=\"930\" srcset=\"http:\/\/ticaret.edu.tr\/isletme-bolumu\/wp-content\/uploads\/sites\/8\/2021\/04\/4-2.png 700w, http:\/\/ticaret.edu.tr\/isletme-bolumu\/wp-content\/uploads\/sites\/8\/2021\/04\/4-2-226x300.png 226w\" sizes=\"(max-width: 700px) 100vw, 700px\" \/><\/p>\n<p>\u0130\u015fletme Fak\u00fcltesi T\u00fcrk\u00e7e \u0130\u015fletme B\u00f6l\u00fcm\u00fc ve \u0130\u015fletme Toplulu\u011fu taraf\u0131ndan \u201cKariyer Yolculu\u011fu-Tedarik Zinciri\u201d adl\u0131 s\u00f6yle\u015fi 14 Ocak 2021 tarihinde Zoom platformu \u00fczerinden ger\u00e7ekle\u015ftirilmi\u015ftir.<\/p>\n<p>S\u00f6yle\u015fi \u0130\u015fletme T\u00fcrk\u00e7e B\u00f6l\u00fcm Ba\u015fkan\u0131 V. Prof. Dr. Ahu Tu\u011fba Karabulut\u2019un yapt\u0131\u011f\u0131 a\u00e7\u0131l\u0131\u015f konu\u015fmas\u0131yla ba\u015flam\u0131\u015ft\u0131r. Moderat\u00f6rl\u00fc\u011f\u00fcn\u00fc \u0130\u015fletme B\u00f6l\u00fcm\u00fc \u00d6\u011frenci Temsilcisi Onur Ko\u00e7ak\u2019\u0131n yapt\u0131\u011f\u0131 etkinli\u011fe McDonald\u2019s Tedarik Zinciri Lideri Serta\u00e7 Hamza konuk olmu\u015ftur. Serta\u00e7 Hamza s\u00f6yle\u015fide haz\u0131r g\u0131da sekt\u00f6r\u00fcnde lojistik ve tedarik zincirinin i\u015fleyi\u015finden bahsetmi\u015f, bu alanda \u00e7al\u0131\u015fmak isteyen \u00f6\u011frenciler i\u00e7in tavsiyeler vermi\u015ftir. Kat\u0131l\u0131mc\u0131lardan gelen sorular\u0131n cevaplanmas\u0131yla etkinlik sona ermi\u015ftir.<\/p>\n<p>&nbsp;<\/p>\n","protected":false},"excerpt":{"rendered":"<p>\u0130\u015fletme Fak\u00fcltesi T\u00fcrk\u00e7e \u0130\u015fletme B\u00f6l\u00fcm\u00fc ve \u0130\u015fletme Toplulu\u011fu taraf\u0131ndan \u201cKariyer Yolculu\u011fu-Tedarik Zinciri\u201d adl\u0131 s\u00f6yle\u015fi 14 Ocak 2021 tarihinde Zoom platformu \u00fczerinden ger\u00e7ekle\u015ftirilmi\u015ftir. S\u00f6yle\u015fi \u0130\u015fletme T\u00fcrk\u00e7e B\u00f6l\u00fcm Ba\u015fkan\u0131 V. Prof. Dr. Ahu Tu\u011fba Karabulut\u2019un yapt\u0131\u011f\u0131 a\u00e7\u0131l\u0131\u015f konu\u015fmas\u0131yla ba\u015flam\u0131\u015ft\u0131r. Moderat\u00f6rl\u00fc\u011f\u00fcn\u00fc \u0130\u015fletme B\u00f6l\u00fcm\u00fc \u00d6\u011frenci Temsilcisi Onur Ko\u00e7ak\u2019\u0131n yapt\u0131\u011f\u0131 etkinli\u011fe McDonald\u2019s Tedarik Zinciri Lideri Serta\u00e7 Hamza konuk olmu\u015ftur. Serta\u00e7 [&hellip;]<\/p>\n","protected":false},"author":59,"featured_media":569,"comment_status":"closed","ping_status":"closed","sticky":false,"template":"","format":"standard","meta":{"footnotes":""},"categories":[2],"tags":[],"yoast_head":"<!-- This site is optimized with the Yoast SEO Premium plugin v22.1 (Yoast SEO v22.1) - https:\/\/yoast.com\/wordpress\/plugins\/seo\/ -->\n<title>\u201cKariyer Yolculu\u011fu-Lojistik\u201d - \u0130\u015fletme<\/title>\n<meta name=\"robots\" content=\"index, follow, max-snippet:-1, max-image-preview:large, max-video-preview:-1\" \/>\n<link rel=\"canonical\" href=\"http:\/\/ticaret.edu.tr\/isletme-bolumu\/2021\/04\/09\/turkce-isletme-bolumu-ve-isletme-toplulugu-tarafindan-kariyer-yolculugu-lojistik-adli-soylesi-gerceklestirildi\/\" \/>\n<meta property=\"og:locale\" content=\"tr_TR\" \/>\n<meta property=\"og:type\" content=\"article\" \/>\n<meta property=\"og:title\" content=\"\u201cKariyer Yolculu\u011fu-Lojistik\u201d\" \/>\n<meta property=\"og:description\" content=\"\u0130\u015fletme Fak\u00fcltesi T\u00fcrk\u00e7e \u0130\u015fletme B\u00f6l\u00fcm\u00fc ve \u0130\u015fletme Toplulu\u011fu taraf\u0131ndan \u201cKariyer Yolculu\u011fu-Tedarik Zinciri\u201d adl\u0131 s\u00f6yle\u015fi 14 Ocak 2021 tarihinde Zoom platformu \u00fczerinden ger\u00e7ekle\u015ftirilmi\u015ftir. S\u00f6yle\u015fi \u0130\u015fletme T\u00fcrk\u00e7e B\u00f6l\u00fcm Ba\u015fkan\u0131 V. Prof. Dr. Ahu Tu\u011fba Karabulut\u2019un yapt\u0131\u011f\u0131 a\u00e7\u0131l\u0131\u015f konu\u015fmas\u0131yla ba\u015flam\u0131\u015ft\u0131r. Moderat\u00f6rl\u00fc\u011f\u00fcn\u00fc \u0130\u015fletme B\u00f6l\u00fcm\u00fc \u00d6\u011frenci Temsilcisi Onur Ko\u00e7ak\u2019\u0131n yapt\u0131\u011f\u0131 etkinli\u011fe McDonald\u2019s Tedarik Zinciri Lideri Serta\u00e7 Hamza konuk olmu\u015ftur. Serta\u00e7 [&hellip;]\" \/>\n<meta property=\"og:url\" content=\"http:\/\/ticaret.edu.tr\/isletme-bolumu\/2021\/04\/09\/turkce-isletme-bolumu-ve-isletme-toplulugu-tarafindan-kariyer-yolculugu-lojistik-adli-soylesi-gerceklestirildi\/\" \/>\n<meta property=\"og:site_name\" content=\"\u0130\u015fletme\" \/>\n<meta property=\"article:publisher\" content=\"https:\/\/www.facebook.com\/ticaretedutr\" \/>\n<meta property=\"article:published_time\" content=\"2021-04-09T11:55:14+00:00\" \/>\n<meta property=\"article:modified_time\" content=\"2021-08-17T09:42:44+00:00\" \/>\n<meta property=\"og:image\" content=\"http:\/\/ticaret.edu.tr\/isletme-bolumu\/wp-content\/uploads\/sites\/8\/2021\/04\/4.png\" \/>\n\t<meta property=\"og:image:width\" content=\"700\" \/>\n\t<meta property=\"og:image:height\" content=\"460\" \/>\n\t<meta property=\"og:image:type\" content=\"image\/png\" \/>\n<meta name=\"author\" content=\"mcelik\" \/>\n<meta name=\"twitter:card\" content=\"summary_large_image\" \/>\n<meta name=\"twitter:creator\" content=\"@ticaretedutr\" \/>\n<meta name=\"twitter:site\" content=\"@ticaretedutr\" \/>\n<meta name=\"twitter:label1\" content=\"Yazan:\" \/>\n\t<meta name=\"twitter:data1\" content=\"mcelik\" \/>\n\t<meta name=\"twitter:label2\" content=\"Tahmini okuma s\u00fcresi\" \/>\n\t<meta name=\"twitter:data2\" content=\"1 dakika\" \/>\n<script type=\"application\/ld+json\" class=\"yoast-schema-graph\">{\"@context\":\"https:\/\/schema.org\",\"@graph\":[{\"@type\":\"WebPage\",\"@id\":\"http:\/\/ticaret.edu.tr\/isletme-bolumu\/2021\/04\/09\/turkce-isletme-bolumu-ve-isletme-toplulugu-tarafindan-kariyer-yolculugu-lojistik-adli-soylesi-gerceklestirildi\/\",\"url\":\"http:\/\/ticaret.edu.tr\/isletme-bolumu\/2021\/04\/09\/turkce-isletme-bolumu-ve-isletme-toplulugu-tarafindan-kariyer-yolculugu-lojistik-adli-soylesi-gerceklestirildi\/\",\"name\":\"\u201cKariyer Yolculu\u011fu-Lojistik\u201d - \u0130\u015fletme\",\"isPartOf\":{\"@id\":\"https:\/\/ticaret.edu.tr\/isletme-bolumu\/#website\"},\"datePublished\":\"2021-04-09T11:55:14+00:00\",\"dateModified\":\"2021-08-17T09:42:44+00:00\",\"author\":{\"@id\":\"https:\/\/ticaret.edu.tr\/isletme-bolumu\/#\/schema\/person\/a4ba3944927487a088214c28d6d9fef0\"},\"breadcrumb\":{\"@id\":\"http:\/\/ticaret.edu.tr\/isletme-bolumu\/2021\/04\/09\/turkce-isletme-bolumu-ve-isletme-toplulugu-tarafindan-kariyer-yolculugu-lojistik-adli-soylesi-gerceklestirildi\/#breadcrumb\"},\"inLanguage\":\"tr\",\"potentialAction\":[{\"@type\":\"ReadAction\",\"target\":[\"http:\/\/ticaret.edu.tr\/isletme-bolumu\/2021\/04\/09\/turkce-isletme-bolumu-ve-isletme-toplulugu-tarafindan-kariyer-yolculugu-lojistik-adli-soylesi-gerceklestirildi\/\"]}]},{\"@type\":\"BreadcrumbList\",\"@id\":\"http:\/\/ticaret.edu.tr\/isletme-bolumu\/2021\/04\/09\/turkce-isletme-bolumu-ve-isletme-toplulugu-tarafindan-kariyer-yolculugu-lojistik-adli-soylesi-gerceklestirildi\/#breadcrumb\",\"itemListElement\":[{\"@type\":\"ListItem\",\"position\":1,\"name\":\"Ana sayfa\",\"item\":\"http:\/\/ticaret.edu.tr\/isletme-bolumu\/en\/\"},{\"@type\":\"ListItem\",\"position\":2,\"name\":\"\u201cKariyer Yolculu\u011fu-Lojistik\u201d\"}]},{\"@type\":\"WebSite\",\"@id\":\"https:\/\/ticaret.edu.tr\/isletme-bolumu\/#website\",\"url\":\"https:\/\/ticaret.edu.tr\/isletme-bolumu\/\",\"name\":\"\u0130\u015fletme\",\"description\":\"\",\"potentialAction\":[{\"@type\":\"SearchAction\",\"target\":{\"@type\":\"EntryPoint\",\"urlTemplate\":\"https:\/\/ticaret.edu.tr\/isletme-bolumu\/?s={search_term_string}\"},\"query-input\":\"required name=search_term_string\"}],\"inLanguage\":\"tr\"},{\"@type\":\"Person\",\"@id\":\"https:\/\/ticaret.edu.tr\/isletme-bolumu\/#\/schema\/person\/a4ba3944927487a088214c28d6d9fef0\",\"name\":\"mcelik\",\"image\":{\"@type\":\"ImageObject\",\"inLanguage\":\"tr\",\"@id\":\"https:\/\/ticaret.edu.tr\/isletme-bolumu\/#\/schema\/person\/image\/\",\"url\":\"http:\/\/1.gravatar.com\/avatar\/16036212802a63e549d4c2ff0a55cb42?s=96&d=mm&r=g\",\"contentUrl\":\"http:\/\/1.gravatar.com\/avatar\/16036212802a63e549d4c2ff0a55cb42?s=96&d=mm&r=g\",\"caption\":\"mcelik\"},\"url\":\"http:\/\/ticaret.edu.tr\/isletme-bolumu\/author\/mcelik\/\"}]}<\/script>\n<!-- \/ Yoast SEO Premium plugin. -->","yoast_head_json":{"title":"\u201cKariyer Yolculu\u011fu-Lojistik\u201d - \u0130\u015fletme","robots":{"index":"index","follow":"follow","max-snippet":"max-snippet:-1","max-image-preview":"max-image-preview:large","max-video-preview":"max-video-preview:-1"},"canonical":"http:\/\/ticaret.edu.tr\/isletme-bolumu\/2021\/04\/09\/turkce-isletme-bolumu-ve-isletme-toplulugu-tarafindan-kariyer-yolculugu-lojistik-adli-soylesi-gerceklestirildi\/","og_locale":"tr_TR","og_type":"article","og_title":"\u201cKariyer Yolculu\u011fu-Lojistik\u201d","og_description":"\u0130\u015fletme Fak\u00fcltesi T\u00fcrk\u00e7e \u0130\u015fletme B\u00f6l\u00fcm\u00fc ve \u0130\u015fletme Toplulu\u011fu taraf\u0131ndan \u201cKariyer Yolculu\u011fu-Tedarik Zinciri\u201d adl\u0131 s\u00f6yle\u015fi 14 Ocak 2021 tarihinde Zoom platformu \u00fczerinden ger\u00e7ekle\u015ftirilmi\u015ftir. S\u00f6yle\u015fi \u0130\u015fletme T\u00fcrk\u00e7e B\u00f6l\u00fcm Ba\u015fkan\u0131 V. Prof. Dr. Ahu Tu\u011fba Karabulut\u2019un yapt\u0131\u011f\u0131 a\u00e7\u0131l\u0131\u015f konu\u015fmas\u0131yla ba\u015flam\u0131\u015ft\u0131r. Moderat\u00f6rl\u00fc\u011f\u00fcn\u00fc \u0130\u015fletme B\u00f6l\u00fcm\u00fc \u00d6\u011frenci Temsilcisi Onur Ko\u00e7ak\u2019\u0131n yapt\u0131\u011f\u0131 etkinli\u011fe McDonald\u2019s Tedarik Zinciri Lideri Serta\u00e7 Hamza konuk olmu\u015ftur. Serta\u00e7 [&hellip;]","og_url":"http:\/\/ticaret.edu.tr\/isletme-bolumu\/2021\/04\/09\/turkce-isletme-bolumu-ve-isletme-toplulugu-tarafindan-kariyer-yolculugu-lojistik-adli-soylesi-gerceklestirildi\/","og_site_name":"\u0130\u015fletme","article_publisher":"https:\/\/www.facebook.com\/ticaretedutr","article_published_time":"2021-04-09T11:55:14+00:00","article_modified_time":"2021-08-17T09:42:44+00:00","og_image":[{"width":700,"height":460,"url":"http:\/\/ticaret.edu.tr\/isletme-bolumu\/wp-content\/uploads\/sites\/8\/2021\/04\/4.png","type":"image\/png"}],"author":"mcelik","twitter_card":"summary_large_image","twitter_creator":"@ticaretedutr","twitter_site":"@ticaretedutr","twitter_misc":{"Yazan:":"mcelik","Tahmini okuma s\u00fcresi":"1 dakika"},"schema":{"@context":"https:\/\/schema.org","@graph":[{"@type":"WebPage","@id":"http:\/\/ticaret.edu.tr\/isletme-bolumu\/2021\/04\/09\/turkce-isletme-bolumu-ve-isletme-toplulugu-tarafindan-kariyer-yolculugu-lojistik-adli-soylesi-gerceklestirildi\/","url":"http:\/\/ticaret.edu.tr\/isletme-bolumu\/2021\/04\/09\/turkce-isletme-bolumu-ve-isletme-toplulugu-tarafindan-kariyer-yolculugu-lojistik-adli-soylesi-gerceklestirildi\/","name":"\u201cKariyer Yolculu\u011fu-Lojistik\u201d - \u0130\u015fletme","isPartOf":{"@id":"https:\/\/ticaret.edu.tr\/isletme-bolumu\/#website"},"datePublished":"2021-04-09T11:55:14+00:00","dateModified":"2021-08-17T09:42:44+00:00","author":{"@id":"https:\/\/ticaret.edu.tr\/isletme-bolumu\/#\/schema\/person\/a4ba3944927487a088214c28d6d9fef0"},"breadcrumb":{"@id":"http:\/\/ticaret.edu.tr\/isletme-bolumu\/2021\/04\/09\/turkce-isletme-bolumu-ve-isletme-toplulugu-tarafindan-kariyer-yolculugu-lojistik-adli-soylesi-gerceklestirildi\/#breadcrumb"},"inLanguage":"tr","potentialAction":[{"@type":"ReadAction","target":["http:\/\/ticaret.edu.tr\/isletme-bolumu\/2021\/04\/09\/turkce-isletme-bolumu-ve-isletme-toplulugu-tarafindan-kariyer-yolculugu-lojistik-adli-soylesi-gerceklestirildi\/"]}]},{"@type":"BreadcrumbList","@id":"http:\/\/ticaret.edu.tr\/isletme-bolumu\/2021\/04\/09\/turkce-isletme-bolumu-ve-isletme-toplulugu-tarafindan-kariyer-yolculugu-lojistik-adli-soylesi-gerceklestirildi\/#breadcrumb","itemListElement":[{"@type":"ListItem","position":1,"name":"Ana sayfa","item":"http:\/\/ticaret.edu.tr\/isletme-bolumu\/en\/"},{"@type":"ListItem","position":2,"name":"\u201cKariyer Yolculu\u011fu-Lojistik\u201d"}]},{"@type":"WebSite","@id":"https:\/\/ticaret.edu.tr\/isletme-bolumu\/#website","url":"https:\/\/ticaret.edu.tr\/isletme-bolumu\/","name":"\u0130\u015fletme","description":"","potentialAction":[{"@type":"SearchAction","target":{"@type":"EntryPoint","urlTemplate":"https:\/\/ticaret.edu.tr\/isletme-bolumu\/?s={search_term_string}"},"query-input":"required name=search_term_string"}],"inLanguage":"tr"},{"@type":"Person","@id":"https:\/\/ticaret.edu.tr\/isletme-bolumu\/#\/schema\/person\/a4ba3944927487a088214c28d6d9fef0","name":"mcelik","image":{"@type":"ImageObject","inLanguage":"tr","@id":"https:\/\/ticaret.edu.tr\/isletme-bolumu\/#\/schema\/person\/image\/","url":"http:\/\/1.gravatar.com\/avatar\/16036212802a63e549d4c2ff0a55cb42?s=96&d=mm&r=g","contentUrl":"http:\/\/1.gravatar.com\/avatar\/16036212802a63e549d4c2ff0a55cb42?s=96&d=mm&r=g","caption":"mcelik"},"url":"http:\/\/ticaret.edu.tr\/isletme-bolumu\/author\/mcelik\/"}]}},"lang":"tr","translations":{"en":734,"tr":568},"pll_sync_post":[],"_links":{"self":[{"href":"http:\/\/ticaret.edu.tr\/isletme-bolumu\/wp-json\/wp\/v2\/posts\/568"}],"collection":[{"href":"http:\/\/ticaret.edu.tr\/isletme-bolumu\/wp-json\/wp\/v2\/posts"}],"about":[{"href":"http:\/\/ticaret.edu.tr\/isletme-bolumu\/wp-json\/wp\/v2\/types\/post"}],"author":[{"embeddable":true,"href":"http:\/\/ticaret.edu.tr\/isletme-bolumu\/wp-json\/wp\/v2\/users\/59"}],"replies":[{"embeddable":true,"href":"http:\/\/ticaret.edu.tr\/isletme-bolumu\/wp-json\/wp\/v2\/comments?post=568"}],"version-history":[{"count":3,"href":"http:\/\/ticaret.edu.tr\/isletme-bolumu\/wp-json\/wp\/v2\/posts\/568\/revisions"}],"predecessor-version":[{"id":615,"href":"http:\/\/ticaret.edu.tr\/isletme-bolumu\/wp-json\/wp\/v2\/posts\/568\/revisions\/615"}],"wp:featuredmedia":[{"embeddable":true,"href":"http:\/\/ticaret.edu.tr\/isletme-bolumu\/wp-json\/wp\/v2\/media\/569"}],"wp:attachment":[{"href":"http:\/\/ticaret.edu.tr\/isletme-bolumu\/wp-json\/wp\/v2\/media?parent=568"}],"wp:term":[{"taxonomy":"category","embeddable":true,"href":"http:\/\/ticaret.edu.tr\/isletme-bolumu\/wp-json\/wp\/v2\/categories?post=568"},{"taxonomy":"post_tag","embeddable":true,"href":"http:\/\/ticaret.edu.tr\/isletme-bolumu\/wp-json\/wp\/v2\/tags?post=568"}],"curies":[{"name":"wp","href":"https:\/\/api.w.org\/{rel}","templated":true}]}}