{"id":636,"date":"2021-04-17T22:10:22","date_gmt":"2021-04-17T19:10:22","guid":{"rendered":"http:\/\/ticaret.edu.tr\/isl\/?p=636"},"modified":"2022-03-16T10:14:55","modified_gmt":"2022-03-16T07:14:55","slug":"isletme-bolumu-tarafindan-gecmisten-gunumuze-ahilik-baslikli-etkinlik-gerceklestirildi","status":"publish","type":"post","link":"http:\/\/ticaret.edu.tr\/isletme-bolumu\/2021\/04\/17\/isletme-bolumu-tarafindan-gecmisten-gunumuze-ahilik-baslikli-etkinlik-gerceklestirildi\/","title":{"rendered":"\u0130\u015fletme B\u00f6l\u00fcm\u00fc taraf\u0131ndan \u201cGe\u00e7mi\u015ften G\u00fcn\u00fcm\u00fcze Ahilik\u201d ba\u015fl\u0131kl\u0131 etkinlik ger\u00e7ekle\u015ftirildi"},"content":{"rendered":"<p>5 Nisan 2021 Tarihinde \u0130\u015fletme Fak\u00fcltesi Dekan\u0131 Prof. \u00a0Dr. \u00d6mer Torlak\u2019\u0131n a\u00e7\u0131l\u0131\u015f konu\u015fmas\u0131 ve \u0130\u015fletme B\u00f6l\u00fcm Ba\u015fkan\u0131 Prof. Dr. Ahu Tu\u011fba Karabulut\u2019un moderat\u00f6rl\u00fc\u011f\u00fcnde \u201cGe\u00e7mi\u015ften G\u00fcn\u00fcm\u00fcze Ahilik\u201d ba\u015fl\u0131kl\u0131 etkinlik \u0130stanbul Ticaret \u00dcniversitesi YouTube kanal\u0131nda ger\u00e7ekle\u015ftirilmi\u015ftir. Etkinli\u011fe konuk olarak kat\u0131lan, Prof. Dr. Ahmet Kara ve Prof. Dr. Mehmet Fatih K\u00f6ksal ge\u00e7mi\u015ften g\u00fcn\u00fcm\u00fcze T\u00fcrkiye\u2019deki ahilik anlay\u0131\u015f\u0131 ve ahili\u011fin \u00f6nemi hakk\u0131nda kat\u0131l\u0131mc\u0131lara bilgi vermi\u015flerdir. Ayr\u0131ca, i\u015f d\u00fcnyas\u0131na yeni girecek olanlar\u0131n bu ilke ve de\u011ferler hakk\u0131nda dikkate almas\u0131 gerekenler ile ilgili \u00f6nerilerde bulunmu\u015flard\u0131r. Etkinlik kat\u0131l\u0131mc\u0131lardan gelen sorular\u0131n yan\u0131tlanmas\u0131yla sona ermi\u015ftir.<\/p>\n","protected":false},"excerpt":{"rendered":"<p>5 Nisan 2021 Tarihinde \u0130\u015fletme Fak\u00fcltesi Dekan\u0131 Prof. \u00a0Dr. \u00d6mer Torlak\u2019\u0131n a\u00e7\u0131l\u0131\u015f konu\u015fmas\u0131 ve \u0130\u015fletme B\u00f6l\u00fcm Ba\u015fkan\u0131 Prof. Dr. Ahu Tu\u011fba Karabulut\u2019un moderat\u00f6rl\u00fc\u011f\u00fcnde \u201cGe\u00e7mi\u015ften G\u00fcn\u00fcm\u00fcze Ahilik\u201d ba\u015fl\u0131kl\u0131 etkinlik \u0130stanbul Ticaret \u00dcniversitesi YouTube kanal\u0131nda ger\u00e7ekle\u015ftirilmi\u015ftir. Etkinli\u011fe konuk olarak kat\u0131lan, Prof. Dr. Ahmet Kara ve Prof. Dr. Mehmet Fatih K\u00f6ksal ge\u00e7mi\u015ften g\u00fcn\u00fcm\u00fcze T\u00fcrkiye\u2019deki ahilik anlay\u0131\u015f\u0131 ve ahili\u011fin [&hellip;]<\/p>\n","protected":false},"author":59,"featured_media":637,"comment_status":"closed","ping_status":"closed","sticky":false,"template":"","format":"standard","meta":{"footnotes":""},"categories":[2],"tags":[],"yoast_head":"<!-- This site is optimized with the Yoast SEO Premium plugin v22.1 (Yoast SEO v22.1) - https:\/\/yoast.com\/wordpress\/plugins\/seo\/ -->\n<title>\u0130\u015fletme B\u00f6l\u00fcm\u00fc taraf\u0131ndan \u201cGe\u00e7mi\u015ften G\u00fcn\u00fcm\u00fcze Ahilik\u201d ba\u015fl\u0131kl\u0131 etkinlik ger\u00e7ekle\u015ftirildi - \u0130\u015fletme<\/title>\n<meta name=\"robots\" content=\"index, follow, max-snippet:-1, max-image-preview:large, max-video-preview:-1\" \/>\n<link rel=\"canonical\" href=\"http:\/\/ticaret.edu.tr\/isletme-bolumu\/2021\/04\/17\/isletme-bolumu-tarafindan-gecmisten-gunumuze-ahilik-baslikli-etkinlik-gerceklestirildi\/\" \/>\n<meta property=\"og:locale\" content=\"tr_TR\" \/>\n<meta property=\"og:type\" content=\"article\" \/>\n<meta property=\"og:title\" content=\"\u0130\u015fletme B\u00f6l\u00fcm\u00fc taraf\u0131ndan \u201cGe\u00e7mi\u015ften G\u00fcn\u00fcm\u00fcze Ahilik\u201d ba\u015fl\u0131kl\u0131 etkinlik ger\u00e7ekle\u015ftirildi\" \/>\n<meta property=\"og:description\" content=\"5 Nisan 2021 Tarihinde \u0130\u015fletme Fak\u00fcltesi Dekan\u0131 Prof. \u00a0Dr. \u00d6mer Torlak\u2019\u0131n a\u00e7\u0131l\u0131\u015f konu\u015fmas\u0131 ve \u0130\u015fletme B\u00f6l\u00fcm Ba\u015fkan\u0131 Prof. Dr. Ahu Tu\u011fba Karabulut\u2019un moderat\u00f6rl\u00fc\u011f\u00fcnde \u201cGe\u00e7mi\u015ften G\u00fcn\u00fcm\u00fcze Ahilik\u201d ba\u015fl\u0131kl\u0131 etkinlik \u0130stanbul Ticaret \u00dcniversitesi YouTube kanal\u0131nda ger\u00e7ekle\u015ftirilmi\u015ftir. Etkinli\u011fe konuk olarak kat\u0131lan, Prof. Dr. Ahmet Kara ve Prof. Dr. Mehmet Fatih K\u00f6ksal ge\u00e7mi\u015ften g\u00fcn\u00fcm\u00fcze T\u00fcrkiye\u2019deki ahilik anlay\u0131\u015f\u0131 ve ahili\u011fin [&hellip;]\" \/>\n<meta property=\"og:url\" content=\"http:\/\/ticaret.edu.tr\/isletme-bolumu\/2021\/04\/17\/isletme-bolumu-tarafindan-gecmisten-gunumuze-ahilik-baslikli-etkinlik-gerceklestirildi\/\" \/>\n<meta property=\"og:site_name\" content=\"\u0130\u015fletme\" \/>\n<meta property=\"article:publisher\" content=\"https:\/\/www.facebook.com\/ticaretedutr\" \/>\n<meta property=\"article:published_time\" content=\"2021-04-17T19:10:22+00:00\" \/>\n<meta property=\"article:modified_time\" content=\"2022-03-16T07:14:55+00:00\" \/>\n<meta property=\"og:image\" content=\"http:\/\/ticaret.edu.tr\/isletme-bolumu\/wp-content\/uploads\/sites\/8\/2021\/04\/5-1.jpeg\" \/>\n\t<meta property=\"og:image:width\" content=\"700\" \/>\n\t<meta property=\"og:image:height\" content=\"460\" \/>\n\t<meta property=\"og:image:type\" content=\"image\/jpeg\" \/>\n<meta name=\"author\" content=\"mcelik\" \/>\n<meta name=\"twitter:card\" content=\"summary_large_image\" \/>\n<meta name=\"twitter:creator\" content=\"@ticaretedutr\" \/>\n<meta name=\"twitter:site\" content=\"@ticaretedutr\" \/>\n<meta name=\"twitter:label1\" content=\"Yazan:\" \/>\n\t<meta name=\"twitter:data1\" content=\"mcelik\" \/>\n\t<meta name=\"twitter:label2\" content=\"Tahmini okuma s\u00fcresi\" \/>\n\t<meta name=\"twitter:data2\" content=\"1 dakika\" \/>\n<script type=\"application\/ld+json\" class=\"yoast-schema-graph\">{\"@context\":\"https:\/\/schema.org\",\"@graph\":[{\"@type\":\"WebPage\",\"@id\":\"http:\/\/ticaret.edu.tr\/isletme-bolumu\/2021\/04\/17\/isletme-bolumu-tarafindan-gecmisten-gunumuze-ahilik-baslikli-etkinlik-gerceklestirildi\/\",\"url\":\"http:\/\/ticaret.edu.tr\/isletme-bolumu\/2021\/04\/17\/isletme-bolumu-tarafindan-gecmisten-gunumuze-ahilik-baslikli-etkinlik-gerceklestirildi\/\",\"name\":\"\u0130\u015fletme B\u00f6l\u00fcm\u00fc taraf\u0131ndan \u201cGe\u00e7mi\u015ften G\u00fcn\u00fcm\u00fcze Ahilik\u201d ba\u015fl\u0131kl\u0131 etkinlik ger\u00e7ekle\u015ftirildi - \u0130\u015fletme\",\"isPartOf\":{\"@id\":\"https:\/\/ticaret.edu.tr\/isletme-bolumu\/#website\"},\"datePublished\":\"2021-04-17T19:10:22+00:00\",\"dateModified\":\"2022-03-16T07:14:55+00:00\",\"author\":{\"@id\":\"https:\/\/ticaret.edu.tr\/isletme-bolumu\/#\/schema\/person\/a4ba3944927487a088214c28d6d9fef0\"},\"breadcrumb\":{\"@id\":\"http:\/\/ticaret.edu.tr\/isletme-bolumu\/2021\/04\/17\/isletme-bolumu-tarafindan-gecmisten-gunumuze-ahilik-baslikli-etkinlik-gerceklestirildi\/#breadcrumb\"},\"inLanguage\":\"tr\",\"potentialAction\":[{\"@type\":\"ReadAction\",\"target\":[\"http:\/\/ticaret.edu.tr\/isletme-bolumu\/2021\/04\/17\/isletme-bolumu-tarafindan-gecmisten-gunumuze-ahilik-baslikli-etkinlik-gerceklestirildi\/\"]}]},{\"@type\":\"BreadcrumbList\",\"@id\":\"http:\/\/ticaret.edu.tr\/isletme-bolumu\/2021\/04\/17\/isletme-bolumu-tarafindan-gecmisten-gunumuze-ahilik-baslikli-etkinlik-gerceklestirildi\/#breadcrumb\",\"itemListElement\":[{\"@type\":\"ListItem\",\"position\":1,\"name\":\"Ana sayfa\",\"item\":\"http:\/\/ticaret.edu.tr\/isletme-bolumu\/en\/\"},{\"@type\":\"ListItem\",\"position\":2,\"name\":\"\u0130\u015fletme B\u00f6l\u00fcm\u00fc taraf\u0131ndan \u201cGe\u00e7mi\u015ften G\u00fcn\u00fcm\u00fcze Ahilik\u201d ba\u015fl\u0131kl\u0131 etkinlik ger\u00e7ekle\u015ftirildi\"}]},{\"@type\":\"WebSite\",\"@id\":\"https:\/\/ticaret.edu.tr\/isletme-bolumu\/#website\",\"url\":\"https:\/\/ticaret.edu.tr\/isletme-bolumu\/\",\"name\":\"\u0130\u015fletme\",\"description\":\"\",\"potentialAction\":[{\"@type\":\"SearchAction\",\"target\":{\"@type\":\"EntryPoint\",\"urlTemplate\":\"https:\/\/ticaret.edu.tr\/isletme-bolumu\/?s={search_term_string}\"},\"query-input\":\"required name=search_term_string\"}],\"inLanguage\":\"tr\"},{\"@type\":\"Person\",\"@id\":\"https:\/\/ticaret.edu.tr\/isletme-bolumu\/#\/schema\/person\/a4ba3944927487a088214c28d6d9fef0\",\"name\":\"mcelik\",\"image\":{\"@type\":\"ImageObject\",\"inLanguage\":\"tr\",\"@id\":\"https:\/\/ticaret.edu.tr\/isletme-bolumu\/#\/schema\/person\/image\/\",\"url\":\"http:\/\/1.gravatar.com\/avatar\/16036212802a63e549d4c2ff0a55cb42?s=96&d=mm&r=g\",\"contentUrl\":\"http:\/\/1.gravatar.com\/avatar\/16036212802a63e549d4c2ff0a55cb42?s=96&d=mm&r=g\",\"caption\":\"mcelik\"},\"url\":\"http:\/\/ticaret.edu.tr\/isletme-bolumu\/author\/mcelik\/\"}]}<\/script>\n<!-- \/ Yoast SEO Premium plugin. -->","yoast_head_json":{"title":"\u0130\u015fletme B\u00f6l\u00fcm\u00fc taraf\u0131ndan \u201cGe\u00e7mi\u015ften G\u00fcn\u00fcm\u00fcze Ahilik\u201d ba\u015fl\u0131kl\u0131 etkinlik ger\u00e7ekle\u015ftirildi - \u0130\u015fletme","robots":{"index":"index","follow":"follow","max-snippet":"max-snippet:-1","max-image-preview":"max-image-preview:large","max-video-preview":"max-video-preview:-1"},"canonical":"http:\/\/ticaret.edu.tr\/isletme-bolumu\/2021\/04\/17\/isletme-bolumu-tarafindan-gecmisten-gunumuze-ahilik-baslikli-etkinlik-gerceklestirildi\/","og_locale":"tr_TR","og_type":"article","og_title":"\u0130\u015fletme B\u00f6l\u00fcm\u00fc taraf\u0131ndan \u201cGe\u00e7mi\u015ften G\u00fcn\u00fcm\u00fcze Ahilik\u201d ba\u015fl\u0131kl\u0131 etkinlik ger\u00e7ekle\u015ftirildi","og_description":"5 Nisan 2021 Tarihinde \u0130\u015fletme Fak\u00fcltesi Dekan\u0131 Prof. \u00a0Dr. \u00d6mer Torlak\u2019\u0131n a\u00e7\u0131l\u0131\u015f konu\u015fmas\u0131 ve \u0130\u015fletme B\u00f6l\u00fcm Ba\u015fkan\u0131 Prof. Dr. Ahu Tu\u011fba Karabulut\u2019un moderat\u00f6rl\u00fc\u011f\u00fcnde \u201cGe\u00e7mi\u015ften G\u00fcn\u00fcm\u00fcze Ahilik\u201d ba\u015fl\u0131kl\u0131 etkinlik \u0130stanbul Ticaret \u00dcniversitesi YouTube kanal\u0131nda ger\u00e7ekle\u015ftirilmi\u015ftir. Etkinli\u011fe konuk olarak kat\u0131lan, Prof. Dr. Ahmet Kara ve Prof. Dr. Mehmet Fatih K\u00f6ksal ge\u00e7mi\u015ften g\u00fcn\u00fcm\u00fcze T\u00fcrkiye\u2019deki ahilik anlay\u0131\u015f\u0131 ve ahili\u011fin [&hellip;]","og_url":"http:\/\/ticaret.edu.tr\/isletme-bolumu\/2021\/04\/17\/isletme-bolumu-tarafindan-gecmisten-gunumuze-ahilik-baslikli-etkinlik-gerceklestirildi\/","og_site_name":"\u0130\u015fletme","article_publisher":"https:\/\/www.facebook.com\/ticaretedutr","article_published_time":"2021-04-17T19:10:22+00:00","article_modified_time":"2022-03-16T07:14:55+00:00","og_image":[{"width":700,"height":460,"url":"http:\/\/ticaret.edu.tr\/isletme-bolumu\/wp-content\/uploads\/sites\/8\/2021\/04\/5-1.jpeg","type":"image\/jpeg"}],"author":"mcelik","twitter_card":"summary_large_image","twitter_creator":"@ticaretedutr","twitter_site":"@ticaretedutr","twitter_misc":{"Yazan:":"mcelik","Tahmini okuma s\u00fcresi":"1 dakika"},"schema":{"@context":"https:\/\/schema.org","@graph":[{"@type":"WebPage","@id":"http:\/\/ticaret.edu.tr\/isletme-bolumu\/2021\/04\/17\/isletme-bolumu-tarafindan-gecmisten-gunumuze-ahilik-baslikli-etkinlik-gerceklestirildi\/","url":"http:\/\/ticaret.edu.tr\/isletme-bolumu\/2021\/04\/17\/isletme-bolumu-tarafindan-gecmisten-gunumuze-ahilik-baslikli-etkinlik-gerceklestirildi\/","name":"\u0130\u015fletme B\u00f6l\u00fcm\u00fc taraf\u0131ndan \u201cGe\u00e7mi\u015ften G\u00fcn\u00fcm\u00fcze Ahilik\u201d ba\u015fl\u0131kl\u0131 etkinlik ger\u00e7ekle\u015ftirildi - \u0130\u015fletme","isPartOf":{"@id":"https:\/\/ticaret.edu.tr\/isletme-bolumu\/#website"},"datePublished":"2021-04-17T19:10:22+00:00","dateModified":"2022-03-16T07:14:55+00:00","author":{"@id":"https:\/\/ticaret.edu.tr\/isletme-bolumu\/#\/schema\/person\/a4ba3944927487a088214c28d6d9fef0"},"breadcrumb":{"@id":"http:\/\/ticaret.edu.tr\/isletme-bolumu\/2021\/04\/17\/isletme-bolumu-tarafindan-gecmisten-gunumuze-ahilik-baslikli-etkinlik-gerceklestirildi\/#breadcrumb"},"inLanguage":"tr","potentialAction":[{"@type":"ReadAction","target":["http:\/\/ticaret.edu.tr\/isletme-bolumu\/2021\/04\/17\/isletme-bolumu-tarafindan-gecmisten-gunumuze-ahilik-baslikli-etkinlik-gerceklestirildi\/"]}]},{"@type":"BreadcrumbList","@id":"http:\/\/ticaret.edu.tr\/isletme-bolumu\/2021\/04\/17\/isletme-bolumu-tarafindan-gecmisten-gunumuze-ahilik-baslikli-etkinlik-gerceklestirildi\/#breadcrumb","itemListElement":[{"@type":"ListItem","position":1,"name":"Ana sayfa","item":"http:\/\/ticaret.edu.tr\/isletme-bolumu\/en\/"},{"@type":"ListItem","position":2,"name":"\u0130\u015fletme B\u00f6l\u00fcm\u00fc taraf\u0131ndan \u201cGe\u00e7mi\u015ften G\u00fcn\u00fcm\u00fcze Ahilik\u201d ba\u015fl\u0131kl\u0131 etkinlik ger\u00e7ekle\u015ftirildi"}]},{"@type":"WebSite","@id":"https:\/\/ticaret.edu.tr\/isletme-bolumu\/#website","url":"https:\/\/ticaret.edu.tr\/isletme-bolumu\/","name":"\u0130\u015fletme","description":"","potentialAction":[{"@type":"SearchAction","target":{"@type":"EntryPoint","urlTemplate":"https:\/\/ticaret.edu.tr\/isletme-bolumu\/?s={search_term_string}"},"query-input":"required name=search_term_string"}],"inLanguage":"tr"},{"@type":"Person","@id":"https:\/\/ticaret.edu.tr\/isletme-bolumu\/#\/schema\/person\/a4ba3944927487a088214c28d6d9fef0","name":"mcelik","image":{"@type":"ImageObject","inLanguage":"tr","@id":"https:\/\/ticaret.edu.tr\/isletme-bolumu\/#\/schema\/person\/image\/","url":"http:\/\/1.gravatar.com\/avatar\/16036212802a63e549d4c2ff0a55cb42?s=96&d=mm&r=g","contentUrl":"http:\/\/1.gravatar.com\/avatar\/16036212802a63e549d4c2ff0a55cb42?s=96&d=mm&r=g","caption":"mcelik"},"url":"http:\/\/ticaret.edu.tr\/isletme-bolumu\/author\/mcelik\/"}]}},"lang":"tr","translations":{"tr":636},"pll_sync_post":[],"_links":{"self":[{"href":"http:\/\/ticaret.edu.tr\/isletme-bolumu\/wp-json\/wp\/v2\/posts\/636"}],"collection":[{"href":"http:\/\/ticaret.edu.tr\/isletme-bolumu\/wp-json\/wp\/v2\/posts"}],"about":[{"href":"http:\/\/ticaret.edu.tr\/isletme-bolumu\/wp-json\/wp\/v2\/types\/post"}],"author":[{"embeddable":true,"href":"http:\/\/ticaret.edu.tr\/isletme-bolumu\/wp-json\/wp\/v2\/users\/59"}],"replies":[{"embeddable":true,"href":"http:\/\/ticaret.edu.tr\/isletme-bolumu\/wp-json\/wp\/v2\/comments?post=636"}],"version-history":[{"count":1,"href":"http:\/\/ticaret.edu.tr\/isletme-bolumu\/wp-json\/wp\/v2\/posts\/636\/revisions"}],"predecessor-version":[{"id":638,"href":"http:\/\/ticaret.edu.tr\/isletme-bolumu\/wp-json\/wp\/v2\/posts\/636\/revisions\/638"}],"wp:featuredmedia":[{"embeddable":true,"href":"http:\/\/ticaret.edu.tr\/isletme-bolumu\/wp-json\/wp\/v2\/media\/637"}],"wp:attachment":[{"href":"http:\/\/ticaret.edu.tr\/isletme-bolumu\/wp-json\/wp\/v2\/media?parent=636"}],"wp:term":[{"taxonomy":"category","embeddable":true,"href":"http:\/\/ticaret.edu.tr\/isletme-bolumu\/wp-json\/wp\/v2\/categories?post=636"},{"taxonomy":"post_tag","embeddable":true,"href":"http:\/\/ticaret.edu.tr\/isletme-bolumu\/wp-json\/wp\/v2\/tags?post=636"}],"curies":[{"name":"wp","href":"https:\/\/api.w.org\/{rel}","templated":true}]}}