{"id":639,"date":"2021-04-19T10:53:37","date_gmt":"2021-04-19T07:53:37","guid":{"rendered":"http:\/\/ticaret.edu.tr\/isl\/?p=639"},"modified":"2021-12-29T23:02:23","modified_gmt":"2021-12-29T20:02:23","slug":"isletme-toplulugu-ve-isletme-bolumu-tarafindan-sermaye-piyasalarinda-kariyer-ve-dunya-ekonomilerinde-son-gelismeler-baslikli-etkinlik-gerceklestirildi","status":"publish","type":"post","link":"http:\/\/ticaret.edu.tr\/isletme-bolumu\/2021\/04\/19\/isletme-toplulugu-ve-isletme-bolumu-tarafindan-sermaye-piyasalarinda-kariyer-ve-dunya-ekonomilerinde-son-gelismeler-baslikli-etkinlik-gerceklestirildi\/","title":{"rendered":"\u0130\u015fletme Toplulu\u011fu ve \u0130\u015fletme B\u00f6l\u00fcm\u00fc taraf\u0131ndan \u201cSermaye Piyasalar\u0131nda Kariyer ve D\u00fcnya Ekonomilerinde Son Geli\u015fmeler\u201d ba\u015fl\u0131kl\u0131 etkinlik ger\u00e7ekle\u015ftirildi"},"content":{"rendered":"<p>7 Nisan 2021 tarihinde \u0130\u015fletme B\u00f6l\u00fcm Ba\u015fkan\u0131 Prof. Dr. Ahu Tu\u011fba Karabulut\u2019un a\u00e7\u0131l\u0131\u015f konu\u015fmas\u0131 ve\u00a0 \u0130\u015fletme Toplulu\u011fu Ba\u015fkan\u0131 Semih Bulut\u2019un moderat\u00f6rl\u00fc\u011f\u00fcnde\u00a0 \u201cSermaye Piyasalar\u0131nda Kariyer ve D\u00fcnya Ekonomilerinde Son Geli\u015fmeler\u201d ba\u015fl\u0131kl\u0131 etkinlik \u0130stanbul Ticaret \u00dcniversitesi YouTube kanal\u0131nda ger\u00e7ekle\u015ftirilmi\u015ftir. \u0130stanbul Ticaret \u00dcniversitesi YouTube kanal\u0131na konuk olan Ahlat\u00e7\u0131 Yat\u0131r\u0131m Genel M\u00fcd\u00fcr Yard\u0131mc\u0131s\u0131 Tongu\u00e7 Erba\u015f finans alan\u0131ndaki son geli\u015fmeleri, T\u00fcrk paras\u0131, d\u00f6viz kuru ve kripto paralar\u0131n gelece\u011fi konular\u0131na de\u011finmi\u015f, finans alan\u0131nda kariyer hedefi olan \u00f6\u011frenciler i\u00e7in \u00f6nerilerde bulunmu\u015ftur.\u00a0 Kat\u0131l\u0131mc\u0131lardan gelen sorular\u0131n cevaplanmas\u0131 ile yay\u0131n sonland\u0131r\u0131lm\u0131\u015ft\u0131r.<\/p>\n","protected":false},"excerpt":{"rendered":"<p>7 Nisan 2021 tarihinde \u0130\u015fletme B\u00f6l\u00fcm Ba\u015fkan\u0131 Prof. Dr. Ahu Tu\u011fba Karabulut\u2019un a\u00e7\u0131l\u0131\u015f konu\u015fmas\u0131 ve\u00a0 \u0130\u015fletme Toplulu\u011fu Ba\u015fkan\u0131 Semih Bulut\u2019un moderat\u00f6rl\u00fc\u011f\u00fcnde\u00a0 \u201cSermaye Piyasalar\u0131nda Kariyer ve D\u00fcnya Ekonomilerinde Son Geli\u015fmeler\u201d ba\u015fl\u0131kl\u0131 etkinlik \u0130stanbul Ticaret \u00dcniversitesi YouTube kanal\u0131nda ger\u00e7ekle\u015ftirilmi\u015ftir. \u0130stanbul Ticaret \u00dcniversitesi YouTube kanal\u0131na konuk olan Ahlat\u00e7\u0131 Yat\u0131r\u0131m Genel M\u00fcd\u00fcr Yard\u0131mc\u0131s\u0131 Tongu\u00e7 Erba\u015f finans alan\u0131ndaki son geli\u015fmeleri, [&hellip;]<\/p>\n","protected":false},"author":59,"featured_media":640,"comment_status":"closed","ping_status":"closed","sticky":false,"template":"","format":"standard","meta":{"footnotes":""},"categories":[2],"tags":[],"yoast_head":"<!-- This site is optimized with the Yoast SEO Premium plugin v22.1 (Yoast SEO v22.1) - https:\/\/yoast.com\/wordpress\/plugins\/seo\/ -->\n<title>\u0130\u015fletme Toplulu\u011fu ve \u0130\u015fletme B\u00f6l\u00fcm\u00fc taraf\u0131ndan \u201cSermaye Piyasalar\u0131nda Kariyer ve D\u00fcnya Ekonomilerinde Son Geli\u015fmeler\u201d ba\u015fl\u0131kl\u0131 etkinlik ger\u00e7ekle\u015ftirildi - \u0130\u015fletme<\/title>\n<meta name=\"description\" content=\"7 Nisan 2021 tarihinde \u0130\u015fletme B\u00f6l\u00fcm Ba\u015fkan\u0131 Prof. Dr. Ahu Tu\u011fba Karabulut\u2019un a\u00e7\u0131l\u0131\u015f konu\u015fmas\u0131 ve\u00a0 \u0130\u015fletme Toplulu\u011fu Ba\u015fkan\u0131 Semih Bulut\u2019un moderat\u00f6rl\u00fc\u011f\u00fcnde\u00a0 \u201cSermaye Piyasalar\u0131nda Kariyer ve D\u00fcnya Ekonomilerinde Son Geli\u015fmeler\u201d ba\u015fl\u0131kl\u0131 etkinlik \u0130stanbul Ticaret \u00dcniversitesi YouTube kanal\u0131nda ger\u00e7ekle\u015ftirilmi\u015ftir.\" \/>\n<meta name=\"robots\" content=\"index, follow, max-snippet:-1, max-image-preview:large, max-video-preview:-1\" \/>\n<link rel=\"canonical\" href=\"http:\/\/ticaret.edu.tr\/isletme-bolumu\/2021\/04\/19\/isletme-toplulugu-ve-isletme-bolumu-tarafindan-sermaye-piyasalarinda-kariyer-ve-dunya-ekonomilerinde-son-gelismeler-baslikli-etkinlik-gerceklestirildi\/\" \/>\n<meta property=\"og:locale\" content=\"tr_TR\" \/>\n<meta property=\"og:type\" content=\"article\" \/>\n<meta property=\"og:title\" content=\"\u0130\u015fletme Toplulu\u011fu ve \u0130\u015fletme B\u00f6l\u00fcm\u00fc taraf\u0131ndan \u201cSermaye Piyasalar\u0131nda Kariyer ve D\u00fcnya Ekonomilerinde Son Geli\u015fmeler\u201d ba\u015fl\u0131kl\u0131 etkinlik ger\u00e7ekle\u015ftirildi\" \/>\n<meta property=\"og:description\" content=\"7 Nisan 2021 tarihinde \u0130\u015fletme B\u00f6l\u00fcm Ba\u015fkan\u0131 Prof. Dr. Ahu Tu\u011fba Karabulut\u2019un a\u00e7\u0131l\u0131\u015f konu\u015fmas\u0131 ve\u00a0 \u0130\u015fletme Toplulu\u011fu Ba\u015fkan\u0131 Semih Bulut\u2019un moderat\u00f6rl\u00fc\u011f\u00fcnde\u00a0 \u201cSermaye Piyasalar\u0131nda Kariyer ve D\u00fcnya Ekonomilerinde Son Geli\u015fmeler\u201d ba\u015fl\u0131kl\u0131 etkinlik \u0130stanbul Ticaret \u00dcniversitesi YouTube kanal\u0131nda ger\u00e7ekle\u015ftirilmi\u015ftir.\" \/>\n<meta property=\"og:url\" content=\"http:\/\/ticaret.edu.tr\/isletme-bolumu\/2021\/04\/19\/isletme-toplulugu-ve-isletme-bolumu-tarafindan-sermaye-piyasalarinda-kariyer-ve-dunya-ekonomilerinde-son-gelismeler-baslikli-etkinlik-gerceklestirildi\/\" \/>\n<meta property=\"og:site_name\" content=\"\u0130\u015fletme\" \/>\n<meta property=\"article:publisher\" content=\"https:\/\/www.facebook.com\/ticaretedutr\" \/>\n<meta property=\"article:published_time\" content=\"2021-04-19T07:53:37+00:00\" \/>\n<meta property=\"article:modified_time\" content=\"2021-12-29T20:02:23+00:00\" \/>\n<meta property=\"og:image\" content=\"http:\/\/ticaret.edu.tr\/isletme-bolumu\/wp-content\/uploads\/sites\/8\/2021\/04\/6-1.jpeg\" \/>\n\t<meta property=\"og:image:width\" content=\"700\" \/>\n\t<meta property=\"og:image:height\" content=\"460\" \/>\n\t<meta property=\"og:image:type\" content=\"image\/jpeg\" \/>\n<meta name=\"author\" content=\"mcelik\" \/>\n<meta name=\"twitter:card\" content=\"summary_large_image\" \/>\n<meta name=\"twitter:creator\" content=\"@ticaretedutr\" \/>\n<meta name=\"twitter:site\" content=\"@ticaretedutr\" \/>\n<meta name=\"twitter:label1\" content=\"Yazan:\" \/>\n\t<meta name=\"twitter:data1\" content=\"mcelik\" \/>\n\t<meta name=\"twitter:label2\" content=\"Tahmini okuma s\u00fcresi\" \/>\n\t<meta name=\"twitter:data2\" content=\"1 dakika\" \/>\n<script type=\"application\/ld+json\" class=\"yoast-schema-graph\">{\"@context\":\"https:\/\/schema.org\",\"@graph\":[{\"@type\":\"WebPage\",\"@id\":\"http:\/\/ticaret.edu.tr\/isletme-bolumu\/2021\/04\/19\/isletme-toplulugu-ve-isletme-bolumu-tarafindan-sermaye-piyasalarinda-kariyer-ve-dunya-ekonomilerinde-son-gelismeler-baslikli-etkinlik-gerceklestirildi\/\",\"url\":\"http:\/\/ticaret.edu.tr\/isletme-bolumu\/2021\/04\/19\/isletme-toplulugu-ve-isletme-bolumu-tarafindan-sermaye-piyasalarinda-kariyer-ve-dunya-ekonomilerinde-son-gelismeler-baslikli-etkinlik-gerceklestirildi\/\",\"name\":\"\u0130\u015fletme Toplulu\u011fu ve \u0130\u015fletme B\u00f6l\u00fcm\u00fc taraf\u0131ndan \u201cSermaye Piyasalar\u0131nda Kariyer ve D\u00fcnya Ekonomilerinde Son Geli\u015fmeler\u201d ba\u015fl\u0131kl\u0131 etkinlik ger\u00e7ekle\u015ftirildi - \u0130\u015fletme\",\"isPartOf\":{\"@id\":\"https:\/\/ticaret.edu.tr\/isletme-bolumu\/#website\"},\"datePublished\":\"2021-04-19T07:53:37+00:00\",\"dateModified\":\"2021-12-29T20:02:23+00:00\",\"author\":{\"@id\":\"https:\/\/ticaret.edu.tr\/isletme-bolumu\/#\/schema\/person\/a4ba3944927487a088214c28d6d9fef0\"},\"description\":\"7 Nisan 2021 tarihinde \u0130\u015fletme B\u00f6l\u00fcm Ba\u015fkan\u0131 Prof. Dr. Ahu Tu\u011fba Karabulut\u2019un a\u00e7\u0131l\u0131\u015f konu\u015fmas\u0131 ve\u00a0 \u0130\u015fletme Toplulu\u011fu Ba\u015fkan\u0131 Semih Bulut\u2019un moderat\u00f6rl\u00fc\u011f\u00fcnde\u00a0 \u201cSermaye Piyasalar\u0131nda Kariyer ve D\u00fcnya Ekonomilerinde Son Geli\u015fmeler\u201d ba\u015fl\u0131kl\u0131 etkinlik \u0130stanbul Ticaret \u00dcniversitesi YouTube kanal\u0131nda ger\u00e7ekle\u015ftirilmi\u015ftir.\",\"breadcrumb\":{\"@id\":\"http:\/\/ticaret.edu.tr\/isletme-bolumu\/2021\/04\/19\/isletme-toplulugu-ve-isletme-bolumu-tarafindan-sermaye-piyasalarinda-kariyer-ve-dunya-ekonomilerinde-son-gelismeler-baslikli-etkinlik-gerceklestirildi\/#breadcrumb\"},\"inLanguage\":\"tr\",\"potentialAction\":[{\"@type\":\"ReadAction\",\"target\":[\"http:\/\/ticaret.edu.tr\/isletme-bolumu\/2021\/04\/19\/isletme-toplulugu-ve-isletme-bolumu-tarafindan-sermaye-piyasalarinda-kariyer-ve-dunya-ekonomilerinde-son-gelismeler-baslikli-etkinlik-gerceklestirildi\/\"]}]},{\"@type\":\"BreadcrumbList\",\"@id\":\"http:\/\/ticaret.edu.tr\/isletme-bolumu\/2021\/04\/19\/isletme-toplulugu-ve-isletme-bolumu-tarafindan-sermaye-piyasalarinda-kariyer-ve-dunya-ekonomilerinde-son-gelismeler-baslikli-etkinlik-gerceklestirildi\/#breadcrumb\",\"itemListElement\":[{\"@type\":\"ListItem\",\"position\":1,\"name\":\"Ana sayfa\",\"item\":\"http:\/\/ticaret.edu.tr\/isletme-bolumu\/en\/\"},{\"@type\":\"ListItem\",\"position\":2,\"name\":\"\u0130\u015fletme Toplulu\u011fu ve \u0130\u015fletme B\u00f6l\u00fcm\u00fc taraf\u0131ndan \u201cSermaye Piyasalar\u0131nda Kariyer ve D\u00fcnya Ekonomilerinde Son Geli\u015fmeler\u201d ba\u015fl\u0131kl\u0131 etkinlik ger\u00e7ekle\u015ftirildi\"}]},{\"@type\":\"WebSite\",\"@id\":\"https:\/\/ticaret.edu.tr\/isletme-bolumu\/#website\",\"url\":\"https:\/\/ticaret.edu.tr\/isletme-bolumu\/\",\"name\":\"\u0130\u015fletme\",\"description\":\"\",\"potentialAction\":[{\"@type\":\"SearchAction\",\"target\":{\"@type\":\"EntryPoint\",\"urlTemplate\":\"https:\/\/ticaret.edu.tr\/isletme-bolumu\/?s={search_term_string}\"},\"query-input\":\"required name=search_term_string\"}],\"inLanguage\":\"tr\"},{\"@type\":\"Person\",\"@id\":\"https:\/\/ticaret.edu.tr\/isletme-bolumu\/#\/schema\/person\/a4ba3944927487a088214c28d6d9fef0\",\"name\":\"mcelik\",\"image\":{\"@type\":\"ImageObject\",\"inLanguage\":\"tr\",\"@id\":\"https:\/\/ticaret.edu.tr\/isletme-bolumu\/#\/schema\/person\/image\/\",\"url\":\"http:\/\/1.gravatar.com\/avatar\/16036212802a63e549d4c2ff0a55cb42?s=96&d=mm&r=g\",\"contentUrl\":\"http:\/\/1.gravatar.com\/avatar\/16036212802a63e549d4c2ff0a55cb42?s=96&d=mm&r=g\",\"caption\":\"mcelik\"},\"url\":\"http:\/\/ticaret.edu.tr\/isletme-bolumu\/author\/mcelik\/\"}]}<\/script>\n<!-- \/ Yoast SEO Premium plugin. -->","yoast_head_json":{"title":"\u0130\u015fletme Toplulu\u011fu ve \u0130\u015fletme B\u00f6l\u00fcm\u00fc taraf\u0131ndan \u201cSermaye Piyasalar\u0131nda Kariyer ve D\u00fcnya Ekonomilerinde Son Geli\u015fmeler\u201d ba\u015fl\u0131kl\u0131 etkinlik ger\u00e7ekle\u015ftirildi - \u0130\u015fletme","description":"7 Nisan 2021 tarihinde \u0130\u015fletme B\u00f6l\u00fcm Ba\u015fkan\u0131 Prof. Dr. Ahu Tu\u011fba Karabulut\u2019un a\u00e7\u0131l\u0131\u015f konu\u015fmas\u0131 ve\u00a0 \u0130\u015fletme Toplulu\u011fu Ba\u015fkan\u0131 Semih Bulut\u2019un moderat\u00f6rl\u00fc\u011f\u00fcnde\u00a0 \u201cSermaye Piyasalar\u0131nda Kariyer ve D\u00fcnya Ekonomilerinde Son Geli\u015fmeler\u201d ba\u015fl\u0131kl\u0131 etkinlik \u0130stanbul Ticaret \u00dcniversitesi YouTube kanal\u0131nda ger\u00e7ekle\u015ftirilmi\u015ftir.","robots":{"index":"index","follow":"follow","max-snippet":"max-snippet:-1","max-image-preview":"max-image-preview:large","max-video-preview":"max-video-preview:-1"},"canonical":"http:\/\/ticaret.edu.tr\/isletme-bolumu\/2021\/04\/19\/isletme-toplulugu-ve-isletme-bolumu-tarafindan-sermaye-piyasalarinda-kariyer-ve-dunya-ekonomilerinde-son-gelismeler-baslikli-etkinlik-gerceklestirildi\/","og_locale":"tr_TR","og_type":"article","og_title":"\u0130\u015fletme Toplulu\u011fu ve \u0130\u015fletme B\u00f6l\u00fcm\u00fc taraf\u0131ndan \u201cSermaye Piyasalar\u0131nda Kariyer ve D\u00fcnya Ekonomilerinde Son Geli\u015fmeler\u201d ba\u015fl\u0131kl\u0131 etkinlik ger\u00e7ekle\u015ftirildi","og_description":"7 Nisan 2021 tarihinde \u0130\u015fletme B\u00f6l\u00fcm Ba\u015fkan\u0131 Prof. Dr. Ahu Tu\u011fba Karabulut\u2019un a\u00e7\u0131l\u0131\u015f konu\u015fmas\u0131 ve\u00a0 \u0130\u015fletme Toplulu\u011fu Ba\u015fkan\u0131 Semih Bulut\u2019un moderat\u00f6rl\u00fc\u011f\u00fcnde\u00a0 \u201cSermaye Piyasalar\u0131nda Kariyer ve D\u00fcnya Ekonomilerinde Son Geli\u015fmeler\u201d ba\u015fl\u0131kl\u0131 etkinlik \u0130stanbul Ticaret \u00dcniversitesi YouTube kanal\u0131nda ger\u00e7ekle\u015ftirilmi\u015ftir.","og_url":"http:\/\/ticaret.edu.tr\/isletme-bolumu\/2021\/04\/19\/isletme-toplulugu-ve-isletme-bolumu-tarafindan-sermaye-piyasalarinda-kariyer-ve-dunya-ekonomilerinde-son-gelismeler-baslikli-etkinlik-gerceklestirildi\/","og_site_name":"\u0130\u015fletme","article_publisher":"https:\/\/www.facebook.com\/ticaretedutr","article_published_time":"2021-04-19T07:53:37+00:00","article_modified_time":"2021-12-29T20:02:23+00:00","og_image":[{"width":700,"height":460,"url":"http:\/\/ticaret.edu.tr\/isletme-bolumu\/wp-content\/uploads\/sites\/8\/2021\/04\/6-1.jpeg","type":"image\/jpeg"}],"author":"mcelik","twitter_card":"summary_large_image","twitter_creator":"@ticaretedutr","twitter_site":"@ticaretedutr","twitter_misc":{"Yazan:":"mcelik","Tahmini okuma s\u00fcresi":"1 dakika"},"schema":{"@context":"https:\/\/schema.org","@graph":[{"@type":"WebPage","@id":"http:\/\/ticaret.edu.tr\/isletme-bolumu\/2021\/04\/19\/isletme-toplulugu-ve-isletme-bolumu-tarafindan-sermaye-piyasalarinda-kariyer-ve-dunya-ekonomilerinde-son-gelismeler-baslikli-etkinlik-gerceklestirildi\/","url":"http:\/\/ticaret.edu.tr\/isletme-bolumu\/2021\/04\/19\/isletme-toplulugu-ve-isletme-bolumu-tarafindan-sermaye-piyasalarinda-kariyer-ve-dunya-ekonomilerinde-son-gelismeler-baslikli-etkinlik-gerceklestirildi\/","name":"\u0130\u015fletme Toplulu\u011fu ve \u0130\u015fletme B\u00f6l\u00fcm\u00fc taraf\u0131ndan \u201cSermaye Piyasalar\u0131nda Kariyer ve D\u00fcnya Ekonomilerinde Son Geli\u015fmeler\u201d ba\u015fl\u0131kl\u0131 etkinlik ger\u00e7ekle\u015ftirildi - \u0130\u015fletme","isPartOf":{"@id":"https:\/\/ticaret.edu.tr\/isletme-bolumu\/#website"},"datePublished":"2021-04-19T07:53:37+00:00","dateModified":"2021-12-29T20:02:23+00:00","author":{"@id":"https:\/\/ticaret.edu.tr\/isletme-bolumu\/#\/schema\/person\/a4ba3944927487a088214c28d6d9fef0"},"description":"7 Nisan 2021 tarihinde \u0130\u015fletme B\u00f6l\u00fcm Ba\u015fkan\u0131 Prof. Dr. Ahu Tu\u011fba Karabulut\u2019un a\u00e7\u0131l\u0131\u015f konu\u015fmas\u0131 ve\u00a0 \u0130\u015fletme Toplulu\u011fu Ba\u015fkan\u0131 Semih Bulut\u2019un moderat\u00f6rl\u00fc\u011f\u00fcnde\u00a0 \u201cSermaye Piyasalar\u0131nda Kariyer ve D\u00fcnya Ekonomilerinde Son Geli\u015fmeler\u201d ba\u015fl\u0131kl\u0131 etkinlik \u0130stanbul Ticaret \u00dcniversitesi YouTube kanal\u0131nda ger\u00e7ekle\u015ftirilmi\u015ftir.","breadcrumb":{"@id":"http:\/\/ticaret.edu.tr\/isletme-bolumu\/2021\/04\/19\/isletme-toplulugu-ve-isletme-bolumu-tarafindan-sermaye-piyasalarinda-kariyer-ve-dunya-ekonomilerinde-son-gelismeler-baslikli-etkinlik-gerceklestirildi\/#breadcrumb"},"inLanguage":"tr","potentialAction":[{"@type":"ReadAction","target":["http:\/\/ticaret.edu.tr\/isletme-bolumu\/2021\/04\/19\/isletme-toplulugu-ve-isletme-bolumu-tarafindan-sermaye-piyasalarinda-kariyer-ve-dunya-ekonomilerinde-son-gelismeler-baslikli-etkinlik-gerceklestirildi\/"]}]},{"@type":"BreadcrumbList","@id":"http:\/\/ticaret.edu.tr\/isletme-bolumu\/2021\/04\/19\/isletme-toplulugu-ve-isletme-bolumu-tarafindan-sermaye-piyasalarinda-kariyer-ve-dunya-ekonomilerinde-son-gelismeler-baslikli-etkinlik-gerceklestirildi\/#breadcrumb","itemListElement":[{"@type":"ListItem","position":1,"name":"Ana sayfa","item":"http:\/\/ticaret.edu.tr\/isletme-bolumu\/en\/"},{"@type":"ListItem","position":2,"name":"\u0130\u015fletme Toplulu\u011fu ve \u0130\u015fletme B\u00f6l\u00fcm\u00fc taraf\u0131ndan \u201cSermaye Piyasalar\u0131nda Kariyer ve D\u00fcnya Ekonomilerinde Son Geli\u015fmeler\u201d ba\u015fl\u0131kl\u0131 etkinlik ger\u00e7ekle\u015ftirildi"}]},{"@type":"WebSite","@id":"https:\/\/ticaret.edu.tr\/isletme-bolumu\/#website","url":"https:\/\/ticaret.edu.tr\/isletme-bolumu\/","name":"\u0130\u015fletme","description":"","potentialAction":[{"@type":"SearchAction","target":{"@type":"EntryPoint","urlTemplate":"https:\/\/ticaret.edu.tr\/isletme-bolumu\/?s={search_term_string}"},"query-input":"required name=search_term_string"}],"inLanguage":"tr"},{"@type":"Person","@id":"https:\/\/ticaret.edu.tr\/isletme-bolumu\/#\/schema\/person\/a4ba3944927487a088214c28d6d9fef0","name":"mcelik","image":{"@type":"ImageObject","inLanguage":"tr","@id":"https:\/\/ticaret.edu.tr\/isletme-bolumu\/#\/schema\/person\/image\/","url":"http:\/\/1.gravatar.com\/avatar\/16036212802a63e549d4c2ff0a55cb42?s=96&d=mm&r=g","contentUrl":"http:\/\/1.gravatar.com\/avatar\/16036212802a63e549d4c2ff0a55cb42?s=96&d=mm&r=g","caption":"mcelik"},"url":"http:\/\/ticaret.edu.tr\/isletme-bolumu\/author\/mcelik\/"}]}},"lang":"tr","translations":{"en":738,"tr":639},"pll_sync_post":[],"_links":{"self":[{"href":"http:\/\/ticaret.edu.tr\/isletme-bolumu\/wp-json\/wp\/v2\/posts\/639"}],"collection":[{"href":"http:\/\/ticaret.edu.tr\/isletme-bolumu\/wp-json\/wp\/v2\/posts"}],"about":[{"href":"http:\/\/ticaret.edu.tr\/isletme-bolumu\/wp-json\/wp\/v2\/types\/post"}],"author":[{"embeddable":true,"href":"http:\/\/ticaret.edu.tr\/isletme-bolumu\/wp-json\/wp\/v2\/users\/59"}],"replies":[{"embeddable":true,"href":"http:\/\/ticaret.edu.tr\/isletme-bolumu\/wp-json\/wp\/v2\/comments?post=639"}],"version-history":[{"count":1,"href":"http:\/\/ticaret.edu.tr\/isletme-bolumu\/wp-json\/wp\/v2\/posts\/639\/revisions"}],"predecessor-version":[{"id":641,"href":"http:\/\/ticaret.edu.tr\/isletme-bolumu\/wp-json\/wp\/v2\/posts\/639\/revisions\/641"}],"wp:featuredmedia":[{"embeddable":true,"href":"http:\/\/ticaret.edu.tr\/isletme-bolumu\/wp-json\/wp\/v2\/media\/640"}],"wp:attachment":[{"href":"http:\/\/ticaret.edu.tr\/isletme-bolumu\/wp-json\/wp\/v2\/media?parent=639"}],"wp:term":[{"taxonomy":"category","embeddable":true,"href":"http:\/\/ticaret.edu.tr\/isletme-bolumu\/wp-json\/wp\/v2\/categories?post=639"},{"taxonomy":"post_tag","embeddable":true,"href":"http:\/\/ticaret.edu.tr\/isletme-bolumu\/wp-json\/wp\/v2\/tags?post=639"}],"curies":[{"name":"wp","href":"https:\/\/api.w.org\/{rel}","templated":true}]}}