{"id":77,"date":"2019-03-15T12:00:52","date_gmt":"2019-03-15T09:00:52","guid":{"rendered":"http:\/\/ticaret.edu.tr\/isl\/?p=77"},"modified":"2021-08-17T13:27:46","modified_gmt":"2021-08-17T10:27:46","slug":"kuresellesen-sirketlerde-kurumsal-yonetim-ve-sosyal-sorumluluk-isimli-soylesi-duzenlendi","status":"publish","type":"post","link":"http:\/\/ticaret.edu.tr\/isletme-bolumu\/2019\/03\/15\/kuresellesen-sirketlerde-kurumsal-yonetim-ve-sosyal-sorumluluk-isimli-soylesi-duzenlendi\/","title":{"rendered":"K\u00fcreselle\u015fen \u015eirketlerde Kurumsal Y\u00f6netim ve Sosyal Sorumluluk \u0130simli S\u00f6yle\u015fi D\u00fczenlendi"},"content":{"rendered":"<div>\n<p>Kurumsal Y\u00f6netim ve Sosyal Sorumluluk Uygulama ve Ara\u015ft\u0131rma Merkezi ve \u0130\u015fletme B\u00f6l\u00fcm\u00fc 15 Mart Cuma saat 12:00-13:00 aras\u0131nda S\u00fctl\u00fcce Yerle\u015fkesi D302 nolu derslikte Uzay Kimya San. ve Ticaret A.\u015e. Kurucusu Sn. Sevda Ar\u0131kan\u2019\u0131n kat\u0131l\u0131m\u0131yla K\u00fcreselle\u015fen \u015eirketlerde Kurumsal Y\u00f6netim ve Sosyal Sorumluluk isimli S\u00f6yle\u015fi d\u00fczenlemi\u015ftir. S\u00f6yle\u015fide Moderat\u00f6r Prof.Dr. A.Tu\u011fba Karabulut g\u00f6rev yapm\u0131\u015ft\u0131r.<\/p>\n<p>S\u00f6yle\u015fide \u015firketlerin k\u00fcresel pazarlara yay\u0131lma nedenleri, y\u00f6ntemleri, kurumsal y\u00f6netimin k\u00fcresel pazarlara yay\u0131lmadaki etkisi, sosyal sorumluluklara uygun \u00fcr\u00fcn geli\u015ftirmenin ve faaliyet ger\u00e7ekle\u015ftirmenin \u00f6nemi ele al\u0131nm\u0131\u015ft\u0131r. S\u00f6yle\u015finin sonunda dinleyicilerin sorular\u0131 da cevapland\u0131r\u0131lm\u0131\u015ft\u0131r. S\u00f6yle\u015fi \u00f6\u011frencilerden geni\u015f kat\u0131l\u0131m bulmu\u015f ve memnuniyet kazanm\u0131\u015ft\u0131r.<\/p>\n<p>&nbsp;<\/p>\n<\/div>\n<div><img loading=\"lazy\" decoding=\"async\" class=\"aligncenter size-full wp-image-80\" src=\"http:\/\/ticaret.edu.tr\/isl\/wp-content\/uploads\/sites\/8\/2020\/05\/etkinlik1.3-1.png\" alt=\"\" width=\"635\" height=\"785\" \/><\/div>\n<div><\/div>\n<div>\n<p>&nbsp;<\/p>\n<\/div>\n","protected":false},"excerpt":{"rendered":"<p>Kurumsal Y\u00f6netim ve Sosyal Sorumluluk Uygulama ve Ara\u015ft\u0131rma Merkezi ve \u0130\u015fletme B\u00f6l\u00fcm\u00fc 15 Mart Cuma saat 12:00-13:00 aras\u0131nda S\u00fctl\u00fcce Yerle\u015fkesi D302 nolu derslikte Uzay Kimya San. ve Ticaret A.\u015e. Kurucusu Sn. Sevda Ar\u0131kan\u2019\u0131n kat\u0131l\u0131m\u0131yla K\u00fcreselle\u015fen \u015eirketlerde Kurumsal Y\u00f6netim ve Sosyal Sorumluluk isimli S\u00f6yle\u015fi d\u00fczenlemi\u015ftir. S\u00f6yle\u015fide Moderat\u00f6r Prof.Dr. A.Tu\u011fba Karabulut g\u00f6rev yapm\u0131\u015ft\u0131r. S\u00f6yle\u015fide \u015firketlerin k\u00fcresel pazarlara [&hellip;]<\/p>\n","protected":false},"author":58,"featured_media":347,"comment_status":"closed","ping_status":"closed","sticky":false,"template":"","format":"standard","meta":{"footnotes":""},"categories":[2],"tags":[],"yoast_head":"<!-- This site is optimized with the Yoast SEO Premium plugin v22.1 (Yoast SEO v22.1) - https:\/\/yoast.com\/wordpress\/plugins\/seo\/ -->\n<title>K\u00fcreselle\u015fen \u015eirketlerde Kurumsal Y\u00f6netim ve Sosyal Sorumluluk \u0130simli S\u00f6yle\u015fi D\u00fczenlendi - \u0130\u015fletme<\/title>\n<meta name=\"robots\" content=\"index, follow, max-snippet:-1, max-image-preview:large, max-video-preview:-1\" \/>\n<link rel=\"canonical\" href=\"http:\/\/ticaret.edu.tr\/isletme-bolumu\/2019\/03\/15\/kuresellesen-sirketlerde-kurumsal-yonetim-ve-sosyal-sorumluluk-isimli-soylesi-duzenlendi\/\" \/>\n<meta property=\"og:locale\" content=\"tr_TR\" \/>\n<meta property=\"og:type\" content=\"article\" \/>\n<meta property=\"og:title\" content=\"K\u00fcreselle\u015fen \u015eirketlerde Kurumsal Y\u00f6netim ve Sosyal Sorumluluk \u0130simli S\u00f6yle\u015fi D\u00fczenlendi\" \/>\n<meta property=\"og:description\" content=\"Kurumsal Y\u00f6netim ve Sosyal Sorumluluk Uygulama ve Ara\u015ft\u0131rma Merkezi ve \u0130\u015fletme B\u00f6l\u00fcm\u00fc 15 Mart Cuma saat 12:00-13:00 aras\u0131nda S\u00fctl\u00fcce Yerle\u015fkesi D302 nolu derslikte Uzay Kimya San. ve Ticaret A.\u015e. Kurucusu Sn. Sevda Ar\u0131kan\u2019\u0131n kat\u0131l\u0131m\u0131yla K\u00fcreselle\u015fen \u015eirketlerde Kurumsal Y\u00f6netim ve Sosyal Sorumluluk isimli S\u00f6yle\u015fi d\u00fczenlemi\u015ftir. S\u00f6yle\u015fide Moderat\u00f6r Prof.Dr. A.Tu\u011fba Karabulut g\u00f6rev yapm\u0131\u015ft\u0131r. S\u00f6yle\u015fide \u015firketlerin k\u00fcresel pazarlara [&hellip;]\" \/>\n<meta property=\"og:url\" content=\"http:\/\/ticaret.edu.tr\/isletme-bolumu\/2019\/03\/15\/kuresellesen-sirketlerde-kurumsal-yonetim-ve-sosyal-sorumluluk-isimli-soylesi-duzenlendi\/\" \/>\n<meta property=\"og:site_name\" content=\"\u0130\u015fletme\" \/>\n<meta property=\"article:publisher\" content=\"https:\/\/www.facebook.com\/ticaretedutr\" \/>\n<meta property=\"article:published_time\" content=\"2019-03-15T09:00:52+00:00\" \/>\n<meta property=\"article:modified_time\" content=\"2021-08-17T10:27:46+00:00\" \/>\n<meta property=\"og:image\" content=\"http:\/\/ticaret.edu.tr\/isletme-bolumu\/wp-content\/uploads\/sites\/8\/2019\/03\/K\u00fcreselle\u015fen-\u015eirketlerde-Kurumsal-Y\u00f6netim-ve-Sosyal-Sorumluluk-.png\" \/>\n\t<meta property=\"og:image:width\" content=\"702\" \/>\n\t<meta property=\"og:image:height\" content=\"459\" \/>\n\t<meta property=\"og:image:type\" content=\"image\/png\" \/>\n<meta name=\"author\" content=\"hnhatipoglu\" \/>\n<meta name=\"twitter:card\" content=\"summary_large_image\" \/>\n<meta name=\"twitter:creator\" content=\"@ticaretedutr\" \/>\n<meta name=\"twitter:site\" content=\"@ticaretedutr\" \/>\n<meta name=\"twitter:label1\" content=\"Yazan:\" \/>\n\t<meta name=\"twitter:data1\" content=\"hnhatipoglu\" \/>\n\t<meta name=\"twitter:label2\" content=\"Tahmini okuma s\u00fcresi\" \/>\n\t<meta name=\"twitter:data2\" content=\"1 dakika\" \/>\n<script type=\"application\/ld+json\" class=\"yoast-schema-graph\">{\"@context\":\"https:\/\/schema.org\",\"@graph\":[{\"@type\":\"WebPage\",\"@id\":\"http:\/\/ticaret.edu.tr\/isletme-bolumu\/2019\/03\/15\/kuresellesen-sirketlerde-kurumsal-yonetim-ve-sosyal-sorumluluk-isimli-soylesi-duzenlendi\/\",\"url\":\"http:\/\/ticaret.edu.tr\/isletme-bolumu\/2019\/03\/15\/kuresellesen-sirketlerde-kurumsal-yonetim-ve-sosyal-sorumluluk-isimli-soylesi-duzenlendi\/\",\"name\":\"K\u00fcreselle\u015fen \u015eirketlerde Kurumsal Y\u00f6netim ve Sosyal Sorumluluk \u0130simli S\u00f6yle\u015fi D\u00fczenlendi - \u0130\u015fletme\",\"isPartOf\":{\"@id\":\"https:\/\/ticaret.edu.tr\/isletme-bolumu\/#website\"},\"datePublished\":\"2019-03-15T09:00:52+00:00\",\"dateModified\":\"2021-08-17T10:27:46+00:00\",\"author\":{\"@id\":\"https:\/\/ticaret.edu.tr\/isletme-bolumu\/#\/schema\/person\/6a81be209243d40fe84d7d97850c4c7b\"},\"breadcrumb\":{\"@id\":\"http:\/\/ticaret.edu.tr\/isletme-bolumu\/2019\/03\/15\/kuresellesen-sirketlerde-kurumsal-yonetim-ve-sosyal-sorumluluk-isimli-soylesi-duzenlendi\/#breadcrumb\"},\"inLanguage\":\"tr\",\"potentialAction\":[{\"@type\":\"ReadAction\",\"target\":[\"http:\/\/ticaret.edu.tr\/isletme-bolumu\/2019\/03\/15\/kuresellesen-sirketlerde-kurumsal-yonetim-ve-sosyal-sorumluluk-isimli-soylesi-duzenlendi\/\"]}]},{\"@type\":\"BreadcrumbList\",\"@id\":\"http:\/\/ticaret.edu.tr\/isletme-bolumu\/2019\/03\/15\/kuresellesen-sirketlerde-kurumsal-yonetim-ve-sosyal-sorumluluk-isimli-soylesi-duzenlendi\/#breadcrumb\",\"itemListElement\":[{\"@type\":\"ListItem\",\"position\":1,\"name\":\"Ana sayfa\",\"item\":\"http:\/\/ticaret.edu.tr\/isletme-bolumu\/en\/\"},{\"@type\":\"ListItem\",\"position\":2,\"name\":\"K\u00fcreselle\u015fen \u015eirketlerde Kurumsal Y\u00f6netim ve Sosyal Sorumluluk \u0130simli S\u00f6yle\u015fi D\u00fczenlendi\"}]},{\"@type\":\"WebSite\",\"@id\":\"https:\/\/ticaret.edu.tr\/isletme-bolumu\/#website\",\"url\":\"https:\/\/ticaret.edu.tr\/isletme-bolumu\/\",\"name\":\"\u0130\u015fletme\",\"description\":\"\",\"potentialAction\":[{\"@type\":\"SearchAction\",\"target\":{\"@type\":\"EntryPoint\",\"urlTemplate\":\"https:\/\/ticaret.edu.tr\/isletme-bolumu\/?s={search_term_string}\"},\"query-input\":\"required name=search_term_string\"}],\"inLanguage\":\"tr\"},{\"@type\":\"Person\",\"@id\":\"https:\/\/ticaret.edu.tr\/isletme-bolumu\/#\/schema\/person\/6a81be209243d40fe84d7d97850c4c7b\",\"name\":\"hnhatipoglu\",\"image\":{\"@type\":\"ImageObject\",\"inLanguage\":\"tr\",\"@id\":\"https:\/\/ticaret.edu.tr\/isletme-bolumu\/#\/schema\/person\/image\/\",\"url\":\"http:\/\/1.gravatar.com\/avatar\/acb9c2e8f6521a0264a11dd0a981cfc5?s=96&d=mm&r=g\",\"contentUrl\":\"http:\/\/1.gravatar.com\/avatar\/acb9c2e8f6521a0264a11dd0a981cfc5?s=96&d=mm&r=g\",\"caption\":\"hnhatipoglu\"},\"url\":\"http:\/\/ticaret.edu.tr\/isletme-bolumu\/author\/hnhatipoglu\/\"}]}<\/script>\n<!-- \/ Yoast SEO Premium plugin. -->","yoast_head_json":{"title":"K\u00fcreselle\u015fen \u015eirketlerde Kurumsal Y\u00f6netim ve Sosyal Sorumluluk \u0130simli S\u00f6yle\u015fi D\u00fczenlendi - \u0130\u015fletme","robots":{"index":"index","follow":"follow","max-snippet":"max-snippet:-1","max-image-preview":"max-image-preview:large","max-video-preview":"max-video-preview:-1"},"canonical":"http:\/\/ticaret.edu.tr\/isletme-bolumu\/2019\/03\/15\/kuresellesen-sirketlerde-kurumsal-yonetim-ve-sosyal-sorumluluk-isimli-soylesi-duzenlendi\/","og_locale":"tr_TR","og_type":"article","og_title":"K\u00fcreselle\u015fen \u015eirketlerde Kurumsal Y\u00f6netim ve Sosyal Sorumluluk \u0130simli S\u00f6yle\u015fi D\u00fczenlendi","og_description":"Kurumsal Y\u00f6netim ve Sosyal Sorumluluk Uygulama ve Ara\u015ft\u0131rma Merkezi ve \u0130\u015fletme B\u00f6l\u00fcm\u00fc 15 Mart Cuma saat 12:00-13:00 aras\u0131nda S\u00fctl\u00fcce Yerle\u015fkesi D302 nolu derslikte Uzay Kimya San. ve Ticaret A.\u015e. Kurucusu Sn. Sevda Ar\u0131kan\u2019\u0131n kat\u0131l\u0131m\u0131yla K\u00fcreselle\u015fen \u015eirketlerde Kurumsal Y\u00f6netim ve Sosyal Sorumluluk isimli S\u00f6yle\u015fi d\u00fczenlemi\u015ftir. S\u00f6yle\u015fide Moderat\u00f6r Prof.Dr. A.Tu\u011fba Karabulut g\u00f6rev yapm\u0131\u015ft\u0131r. S\u00f6yle\u015fide \u015firketlerin k\u00fcresel pazarlara [&hellip;]","og_url":"http:\/\/ticaret.edu.tr\/isletme-bolumu\/2019\/03\/15\/kuresellesen-sirketlerde-kurumsal-yonetim-ve-sosyal-sorumluluk-isimli-soylesi-duzenlendi\/","og_site_name":"\u0130\u015fletme","article_publisher":"https:\/\/www.facebook.com\/ticaretedutr","article_published_time":"2019-03-15T09:00:52+00:00","article_modified_time":"2021-08-17T10:27:46+00:00","og_image":[{"width":702,"height":459,"url":"http:\/\/ticaret.edu.tr\/isletme-bolumu\/wp-content\/uploads\/sites\/8\/2019\/03\/K\u00fcreselle\u015fen-\u015eirketlerde-Kurumsal-Y\u00f6netim-ve-Sosyal-Sorumluluk-.png","type":"image\/png"}],"author":"hnhatipoglu","twitter_card":"summary_large_image","twitter_creator":"@ticaretedutr","twitter_site":"@ticaretedutr","twitter_misc":{"Yazan:":"hnhatipoglu","Tahmini okuma s\u00fcresi":"1 dakika"},"schema":{"@context":"https:\/\/schema.org","@graph":[{"@type":"WebPage","@id":"http:\/\/ticaret.edu.tr\/isletme-bolumu\/2019\/03\/15\/kuresellesen-sirketlerde-kurumsal-yonetim-ve-sosyal-sorumluluk-isimli-soylesi-duzenlendi\/","url":"http:\/\/ticaret.edu.tr\/isletme-bolumu\/2019\/03\/15\/kuresellesen-sirketlerde-kurumsal-yonetim-ve-sosyal-sorumluluk-isimli-soylesi-duzenlendi\/","name":"K\u00fcreselle\u015fen \u015eirketlerde Kurumsal Y\u00f6netim ve Sosyal Sorumluluk \u0130simli S\u00f6yle\u015fi D\u00fczenlendi - \u0130\u015fletme","isPartOf":{"@id":"https:\/\/ticaret.edu.tr\/isletme-bolumu\/#website"},"datePublished":"2019-03-15T09:00:52+00:00","dateModified":"2021-08-17T10:27:46+00:00","author":{"@id":"https:\/\/ticaret.edu.tr\/isletme-bolumu\/#\/schema\/person\/6a81be209243d40fe84d7d97850c4c7b"},"breadcrumb":{"@id":"http:\/\/ticaret.edu.tr\/isletme-bolumu\/2019\/03\/15\/kuresellesen-sirketlerde-kurumsal-yonetim-ve-sosyal-sorumluluk-isimli-soylesi-duzenlendi\/#breadcrumb"},"inLanguage":"tr","potentialAction":[{"@type":"ReadAction","target":["http:\/\/ticaret.edu.tr\/isletme-bolumu\/2019\/03\/15\/kuresellesen-sirketlerde-kurumsal-yonetim-ve-sosyal-sorumluluk-isimli-soylesi-duzenlendi\/"]}]},{"@type":"BreadcrumbList","@id":"http:\/\/ticaret.edu.tr\/isletme-bolumu\/2019\/03\/15\/kuresellesen-sirketlerde-kurumsal-yonetim-ve-sosyal-sorumluluk-isimli-soylesi-duzenlendi\/#breadcrumb","itemListElement":[{"@type":"ListItem","position":1,"name":"Ana sayfa","item":"http:\/\/ticaret.edu.tr\/isletme-bolumu\/en\/"},{"@type":"ListItem","position":2,"name":"K\u00fcreselle\u015fen \u015eirketlerde Kurumsal Y\u00f6netim ve Sosyal Sorumluluk \u0130simli S\u00f6yle\u015fi D\u00fczenlendi"}]},{"@type":"WebSite","@id":"https:\/\/ticaret.edu.tr\/isletme-bolumu\/#website","url":"https:\/\/ticaret.edu.tr\/isletme-bolumu\/","name":"\u0130\u015fletme","description":"","potentialAction":[{"@type":"SearchAction","target":{"@type":"EntryPoint","urlTemplate":"https:\/\/ticaret.edu.tr\/isletme-bolumu\/?s={search_term_string}"},"query-input":"required name=search_term_string"}],"inLanguage":"tr"},{"@type":"Person","@id":"https:\/\/ticaret.edu.tr\/isletme-bolumu\/#\/schema\/person\/6a81be209243d40fe84d7d97850c4c7b","name":"hnhatipoglu","image":{"@type":"ImageObject","inLanguage":"tr","@id":"https:\/\/ticaret.edu.tr\/isletme-bolumu\/#\/schema\/person\/image\/","url":"http:\/\/1.gravatar.com\/avatar\/acb9c2e8f6521a0264a11dd0a981cfc5?s=96&d=mm&r=g","contentUrl":"http:\/\/1.gravatar.com\/avatar\/acb9c2e8f6521a0264a11dd0a981cfc5?s=96&d=mm&r=g","caption":"hnhatipoglu"},"url":"http:\/\/ticaret.edu.tr\/isletme-bolumu\/author\/hnhatipoglu\/"}]}},"lang":"tr","translations":{"tr":77},"pll_sync_post":[],"_links":{"self":[{"href":"http:\/\/ticaret.edu.tr\/isletme-bolumu\/wp-json\/wp\/v2\/posts\/77"}],"collection":[{"href":"http:\/\/ticaret.edu.tr\/isletme-bolumu\/wp-json\/wp\/v2\/posts"}],"about":[{"href":"http:\/\/ticaret.edu.tr\/isletme-bolumu\/wp-json\/wp\/v2\/types\/post"}],"author":[{"embeddable":true,"href":"http:\/\/ticaret.edu.tr\/isletme-bolumu\/wp-json\/wp\/v2\/users\/58"}],"replies":[{"embeddable":true,"href":"http:\/\/ticaret.edu.tr\/isletme-bolumu\/wp-json\/wp\/v2\/comments?post=77"}],"version-history":[{"count":2,"href":"http:\/\/ticaret.edu.tr\/isletme-bolumu\/wp-json\/wp\/v2\/posts\/77\/revisions"}],"predecessor-version":[{"id":89,"href":"http:\/\/ticaret.edu.tr\/isletme-bolumu\/wp-json\/wp\/v2\/posts\/77\/revisions\/89"}],"wp:featuredmedia":[{"embeddable":true,"href":"http:\/\/ticaret.edu.tr\/isletme-bolumu\/wp-json\/wp\/v2\/media\/347"}],"wp:attachment":[{"href":"http:\/\/ticaret.edu.tr\/isletme-bolumu\/wp-json\/wp\/v2\/media?parent=77"}],"wp:term":[{"taxonomy":"category","embeddable":true,"href":"http:\/\/ticaret.edu.tr\/isletme-bolumu\/wp-json\/wp\/v2\/categories?post=77"},{"taxonomy":"post_tag","embeddable":true,"href":"http:\/\/ticaret.edu.tr\/isletme-bolumu\/wp-json\/wp\/v2\/tags?post=77"}],"curies":[{"name":"wp","href":"https:\/\/api.w.org\/{rel}","templated":true}]}}