{"id":1862,"date":"2025-05-06T00:48:32","date_gmt":"2025-05-05T21:48:32","guid":{"rendered":"https:\/\/ticaret.edu.tr\/isletme-fakultesi\/?p=1862"},"modified":"2026-04-20T13:07:04","modified_gmt":"2026-04-20T10:07:04","slug":"inegol-belediyesi-ve-istanbul-ticaret-universitesi-is-birligiyle-duzenlenen-2025-yili-2-ceyrek-ekonomik-gorunum-paneli-bugun-inegol-belediyesi-meclis-salonunda-basariyla-gerceklestirildi","status":"publish","type":"post","link":"http:\/\/ticaret.edu.tr\/isletme-fakultesi\/2025\/05\/06\/inegol-belediyesi-ve-istanbul-ticaret-universitesi-is-birligiyle-duzenlenen-2025-yili-2-ceyrek-ekonomik-gorunum-paneli-bugun-inegol-belediyesi-meclis-salonunda-basariyla-gerceklestirildi\/","title":{"rendered":"\u0130neg\u00f6l Belediyesi ve \u0130stanbul Ticaret \u00dcniversitesi i\u015f birli\u011fiyle d\u00fczenlenen &#8220;2025 Y\u0131l\u0131 2. \u00c7eyrek Ekonomik G\u00f6r\u00fcn\u00fcm Paneli&#8221; bug\u00fcn \u0130neg\u00f6l Belediyesi Meclis Salonu&#8217;nda ba\u015far\u0131yla ger\u00e7ekle\u015ftirildi."},"content":{"rendered":"<p>Panele \u0130\u015fletme Fak\u00fcltesi Dekan\u0131 Prof. Dr. Elif G\u00fcneren Gen\u00e7, Dekan yard\u0131mc\u0131s\u0131 Dr. \u00d6\u011fr. \u00dcyesi Mefule F\u0131nd\u0131k\u00e7\u0131 Erdo\u011fan ve i\u015fletme Fak\u00fcltesi akademisyenleri Prof. Dr. Naz\u0131m Ekren, Prof. Dr. El\u00e7in Ayka\u00e7 Alp ve i\u015f d\u00fcnyas\u0131n\u0131n \u00f6nemli isimlerinden Dr. \u0130nan\u00e7 A. S\u00f6zer kat\u0131ld\u0131. Konu\u015fmac\u0131lar ekonomi, finans ve d\u0131\u015f ticaret alanlar\u0131ndaki g\u00fcncel geli\u015fmeleri de\u011ferlendirirken, T\u00fcrkiye ekonomisinin ikinci \u00e7eyrek performans\u0131 ve gelece\u011fe y\u00f6nelik stratejiler \u00fczerine \u00f6nemli bilgiler payla\u015ft\u0131lar.<\/p>\n<p>Bu anlaml\u0131 etkinlik, \u0130neg\u00f6l Belediyesi ve \u00dcniversitemiz aras\u0131nda planlanan uzun vadeli i\u015f birli\u011finin ilk ve de\u011ferli bir ad\u0131m\u0131 olarak kay\u0131tlara ge\u00e7ti.<img loading=\"lazy\" decoding=\"async\" class=\"aligncenter size-full wp-image-1863\" src=\"http:\/\/ticaret.edu.tr\/isletme-fakultesi\/wp-content\/uploads\/sites\/7\/2025\/05\/WhatsApp-Image-2025-05-05-at-14.18.19-1.jpeg\" alt=\"\" width=\"2048\" height=\"1364\" srcset=\"http:\/\/ticaret.edu.tr\/isletme-fakultesi\/wp-content\/uploads\/sites\/7\/2025\/05\/WhatsApp-Image-2025-05-05-at-14.18.19-1.jpeg 2048w, http:\/\/ticaret.edu.tr\/isletme-fakultesi\/wp-content\/uploads\/sites\/7\/2025\/05\/WhatsApp-Image-2025-05-05-at-14.18.19-1-300x200.jpeg 300w, http:\/\/ticaret.edu.tr\/isletme-fakultesi\/wp-content\/uploads\/sites\/7\/2025\/05\/WhatsApp-Image-2025-05-05-at-14.18.19-1-1024x682.jpeg 1024w, http:\/\/ticaret.edu.tr\/isletme-fakultesi\/wp-content\/uploads\/sites\/7\/2025\/05\/WhatsApp-Image-2025-05-05-at-14.18.19-1-768x512.jpeg 768w, http:\/\/ticaret.edu.tr\/isletme-fakultesi\/wp-content\/uploads\/sites\/7\/2025\/05\/WhatsApp-Image-2025-05-05-at-14.18.19-1-1536x1023.jpeg 1536w\" sizes=\"(max-width: 2048px) 100vw, 2048px\" \/> <img loading=\"lazy\" decoding=\"async\" class=\"aligncenter size-full wp-image-1864\" src=\"http:\/\/ticaret.edu.tr\/isletme-fakultesi\/wp-content\/uploads\/sites\/7\/2025\/05\/WhatsApp-Image-2025-05-05-at-14.18.19.jpeg\" alt=\"\" width=\"2048\" height=\"1364\" srcset=\"http:\/\/ticaret.edu.tr\/isletme-fakultesi\/wp-content\/uploads\/sites\/7\/2025\/05\/WhatsApp-Image-2025-05-05-at-14.18.19.jpeg 2048w, http:\/\/ticaret.edu.tr\/isletme-fakultesi\/wp-content\/uploads\/sites\/7\/2025\/05\/WhatsApp-Image-2025-05-05-at-14.18.19-300x200.jpeg 300w, http:\/\/ticaret.edu.tr\/isletme-fakultesi\/wp-content\/uploads\/sites\/7\/2025\/05\/WhatsApp-Image-2025-05-05-at-14.18.19-1024x682.jpeg 1024w, http:\/\/ticaret.edu.tr\/isletme-fakultesi\/wp-content\/uploads\/sites\/7\/2025\/05\/WhatsApp-Image-2025-05-05-at-14.18.19-768x512.jpeg 768w, http:\/\/ticaret.edu.tr\/isletme-fakultesi\/wp-content\/uploads\/sites\/7\/2025\/05\/WhatsApp-Image-2025-05-05-at-14.18.19-1536x1023.jpeg 1536w\" sizes=\"(max-width: 2048px) 100vw, 2048px\" \/> <img loading=\"lazy\" decoding=\"async\" class=\"aligncenter size-full wp-image-1865\" src=\"http:\/\/ticaret.edu.tr\/isletme-fakultesi\/wp-content\/uploads\/sites\/7\/2025\/05\/WhatsApp-Image-2025-05-05-at-14.18.20-1.jpeg\" alt=\"\" width=\"2048\" height=\"1364\" srcset=\"http:\/\/ticaret.edu.tr\/isletme-fakultesi\/wp-content\/uploads\/sites\/7\/2025\/05\/WhatsApp-Image-2025-05-05-at-14.18.20-1.jpeg 2048w, http:\/\/ticaret.edu.tr\/isletme-fakultesi\/wp-content\/uploads\/sites\/7\/2025\/05\/WhatsApp-Image-2025-05-05-at-14.18.20-1-300x200.jpeg 300w, http:\/\/ticaret.edu.tr\/isletme-fakultesi\/wp-content\/uploads\/sites\/7\/2025\/05\/WhatsApp-Image-2025-05-05-at-14.18.20-1-1024x682.jpeg 1024w, http:\/\/ticaret.edu.tr\/isletme-fakultesi\/wp-content\/uploads\/sites\/7\/2025\/05\/WhatsApp-Image-2025-05-05-at-14.18.20-1-768x512.jpeg 768w, http:\/\/ticaret.edu.tr\/isletme-fakultesi\/wp-content\/uploads\/sites\/7\/2025\/05\/WhatsApp-Image-2025-05-05-at-14.18.20-1-1536x1023.jpeg 1536w\" sizes=\"(max-width: 2048px) 100vw, 2048px\" \/> <img loading=\"lazy\" decoding=\"async\" class=\"aligncenter size-full wp-image-1866\" src=\"http:\/\/ticaret.edu.tr\/isletme-fakultesi\/wp-content\/uploads\/sites\/7\/2025\/05\/WhatsApp-Image-2025-05-05-at-14.18.20.jpeg\" alt=\"\" width=\"2048\" height=\"1364\" srcset=\"http:\/\/ticaret.edu.tr\/isletme-fakultesi\/wp-content\/uploads\/sites\/7\/2025\/05\/WhatsApp-Image-2025-05-05-at-14.18.20.jpeg 2048w, http:\/\/ticaret.edu.tr\/isletme-fakultesi\/wp-content\/uploads\/sites\/7\/2025\/05\/WhatsApp-Image-2025-05-05-at-14.18.20-300x200.jpeg 300w, http:\/\/ticaret.edu.tr\/isletme-fakultesi\/wp-content\/uploads\/sites\/7\/2025\/05\/WhatsApp-Image-2025-05-05-at-14.18.20-1024x682.jpeg 1024w, http:\/\/ticaret.edu.tr\/isletme-fakultesi\/wp-content\/uploads\/sites\/7\/2025\/05\/WhatsApp-Image-2025-05-05-at-14.18.20-768x512.jpeg 768w, http:\/\/ticaret.edu.tr\/isletme-fakultesi\/wp-content\/uploads\/sites\/7\/2025\/05\/WhatsApp-Image-2025-05-05-at-14.18.20-1536x1023.jpeg 1536w\" sizes=\"(max-width: 2048px) 100vw, 2048px\" \/><\/p>\n","protected":false},"excerpt":{"rendered":"<p>Panele \u0130\u015fletme Fak\u00fcltesi Dekan\u0131 Prof. Dr. Elif G\u00fcneren Gen\u00e7, Dekan yard\u0131mc\u0131s\u0131 Dr. \u00d6\u011fr. \u00dcyesi Mefule F\u0131nd\u0131k\u00e7\u0131 Erdo\u011fan ve i\u015fletme Fak\u00fcltesi akademisyenleri Prof. Dr. Naz\u0131m Ekren, Prof. Dr. El\u00e7in Ayka\u00e7 Alp ve i\u015f d\u00fcnyas\u0131n\u0131n \u00f6nemli isimlerinden Dr. \u0130nan\u00e7 A. S\u00f6zer kat\u0131ld\u0131. Konu\u015fmac\u0131lar ekonomi, finans ve d\u0131\u015f ticaret alanlar\u0131ndaki g\u00fcncel geli\u015fmeleri de\u011ferlendirirken, T\u00fcrkiye ekonomisinin ikinci \u00e7eyrek performans\u0131 [&hellip;]<\/p>\n","protected":false},"author":53,"featured_media":1866,"comment_status":"closed","ping_status":"closed","sticky":false,"template":"","format":"standard","meta":{"footnotes":""},"categories":[4,2],"tags":[],"yoast_head":"<!-- This site is optimized with the Yoast SEO Premium plugin v22.1 (Yoast SEO v22.1) - https:\/\/yoast.com\/wordpress\/plugins\/seo\/ -->\n<title>\u0130neg\u00f6l Belediyesi ve \u0130stanbul Ticaret \u00dcniversitesi i\u015f birli\u011fiyle d\u00fczenlenen &quot;2025 Y\u0131l\u0131 2. \u00c7eyrek Ekonomik G\u00f6r\u00fcn\u00fcm Paneli&quot; bug\u00fcn \u0130neg\u00f6l Belediyesi Meclis Salonu&#039;nda ba\u015far\u0131yla ger\u00e7ekle\u015ftirildi. - Haberler - \u0130\u015fletme Fak\u00fcltesi<\/title>\n<meta name=\"robots\" content=\"index, follow, max-snippet:-1, max-image-preview:large, max-video-preview:-1\" \/>\n<link rel=\"canonical\" href=\"https:\/\/ticaret.edu.tr\/isletme-fakultesi\/2025\/05\/06\/inegol-belediyesi-ve-istanbul-ticaret-universitesi-is-birligiyle-duzenlenen-2025-yili-2-ceyrek-ekonomik-gorunum-paneli-bugun-inegol-belediyesi-meclis-salonunda-basariyla-gerceklestirildi\/\" \/>\n<meta property=\"og:locale\" content=\"tr_TR\" \/>\n<meta property=\"og:type\" content=\"article\" \/>\n<meta property=\"og:title\" content=\"\u0130neg\u00f6l Belediyesi ve \u0130stanbul Ticaret \u00dcniversitesi i\u015f birli\u011fiyle d\u00fczenlenen &quot;2025 Y\u0131l\u0131 2. \u00c7eyrek Ekonomik G\u00f6r\u00fcn\u00fcm Paneli&quot; bug\u00fcn \u0130neg\u00f6l Belediyesi Meclis Salonu&#039;nda ba\u015far\u0131yla ger\u00e7ekle\u015ftirildi.\" \/>\n<meta property=\"og:description\" content=\"Panele \u0130\u015fletme Fak\u00fcltesi Dekan\u0131 Prof. Dr. Elif G\u00fcneren Gen\u00e7, Dekan yard\u0131mc\u0131s\u0131 Dr. \u00d6\u011fr. \u00dcyesi Mefule F\u0131nd\u0131k\u00e7\u0131 Erdo\u011fan ve i\u015fletme Fak\u00fcltesi akademisyenleri Prof. Dr. Naz\u0131m Ekren, Prof. Dr. El\u00e7in Ayka\u00e7 Alp ve i\u015f d\u00fcnyas\u0131n\u0131n \u00f6nemli isimlerinden Dr. \u0130nan\u00e7 A. S\u00f6zer kat\u0131ld\u0131. Konu\u015fmac\u0131lar ekonomi, finans ve d\u0131\u015f ticaret alanlar\u0131ndaki g\u00fcncel geli\u015fmeleri de\u011ferlendirirken, T\u00fcrkiye ekonomisinin ikinci \u00e7eyrek performans\u0131 [&hellip;]\" \/>\n<meta property=\"og:url\" content=\"https:\/\/ticaret.edu.tr\/isletme-fakultesi\/2025\/05\/06\/inegol-belediyesi-ve-istanbul-ticaret-universitesi-is-birligiyle-duzenlenen-2025-yili-2-ceyrek-ekonomik-gorunum-paneli-bugun-inegol-belediyesi-meclis-salonunda-basariyla-gerceklestirildi\/\" \/>\n<meta property=\"og:site_name\" content=\"\u0130\u015fletme Fak\u00fcltesi\" \/>\n<meta property=\"article:publisher\" content=\"https:\/\/www.facebook.com\/ticaretedutr\" \/>\n<meta property=\"article:published_time\" content=\"2025-05-05T21:48:32+00:00\" \/>\n<meta property=\"article:modified_time\" content=\"2026-04-20T10:07:04+00:00\" \/>\n<meta property=\"og:image\" content=\"https:\/\/ticaret.edu.tr\/isletme-fakultesi\/wp-content\/uploads\/sites\/7\/2025\/05\/WhatsApp-Image-2025-05-05-at-14.18.20.jpeg\" \/>\n\t<meta property=\"og:image:width\" content=\"2048\" \/>\n\t<meta property=\"og:image:height\" content=\"1364\" \/>\n\t<meta property=\"og:image:type\" content=\"image\/jpeg\" \/>\n<meta name=\"author\" content=\"ckoksal\" \/>\n<meta name=\"twitter:card\" content=\"summary_large_image\" \/>\n<meta name=\"twitter:creator\" content=\"@ticaretedutr\" \/>\n<meta name=\"twitter:site\" content=\"@ticaretedutr\" \/>\n<meta name=\"twitter:label1\" content=\"Yazan:\" \/>\n\t<meta name=\"twitter:data1\" content=\"ckoksal\" \/>\n\t<meta name=\"twitter:label2\" content=\"Tahmini okuma s\u00fcresi\" \/>\n\t<meta name=\"twitter:data2\" content=\"2 dakika\" \/>\n<script type=\"application\/ld+json\" class=\"yoast-schema-graph\">{\"@context\":\"https:\/\/schema.org\",\"@graph\":[{\"@type\":\"WebPage\",\"@id\":\"https:\/\/ticaret.edu.tr\/isletme-fakultesi\/2025\/05\/06\/inegol-belediyesi-ve-istanbul-ticaret-universitesi-is-birligiyle-duzenlenen-2025-yili-2-ceyrek-ekonomik-gorunum-paneli-bugun-inegol-belediyesi-meclis-salonunda-basariyla-gerceklestirildi\/\",\"url\":\"https:\/\/ticaret.edu.tr\/isletme-fakultesi\/2025\/05\/06\/inegol-belediyesi-ve-istanbul-ticaret-universitesi-is-birligiyle-duzenlenen-2025-yili-2-ceyrek-ekonomik-gorunum-paneli-bugun-inegol-belediyesi-meclis-salonunda-basariyla-gerceklestirildi\/\",\"name\":\"\u0130neg\u00f6l Belediyesi ve \u0130stanbul Ticaret \u00dcniversitesi i\u015f birli\u011fiyle d\u00fczenlenen \\\"2025 Y\u0131l\u0131 2. \u00c7eyrek Ekonomik G\u00f6r\u00fcn\u00fcm Paneli\\\" bug\u00fcn \u0130neg\u00f6l Belediyesi Meclis Salonu'nda ba\u015far\u0131yla ger\u00e7ekle\u015ftirildi. - Haberler - \u0130\u015fletme Fak\u00fcltesi\",\"isPartOf\":{\"@id\":\"http:\/\/ticaret.edu.tr\/isletme-fakultesi\/#website\"},\"datePublished\":\"2025-05-05T21:48:32+00:00\",\"dateModified\":\"2026-04-20T10:07:04+00:00\",\"author\":{\"@id\":\"http:\/\/ticaret.edu.tr\/isletme-fakultesi\/#\/schema\/person\/b4113ae33226c99643e00ec483d63993\"},\"breadcrumb\":{\"@id\":\"https:\/\/ticaret.edu.tr\/isletme-fakultesi\/2025\/05\/06\/inegol-belediyesi-ve-istanbul-ticaret-universitesi-is-birligiyle-duzenlenen-2025-yili-2-ceyrek-ekonomik-gorunum-paneli-bugun-inegol-belediyesi-meclis-salonunda-basariyla-gerceklestirildi\/#breadcrumb\"},\"inLanguage\":\"tr\",\"potentialAction\":[{\"@type\":\"ReadAction\",\"target\":[\"https:\/\/ticaret.edu.tr\/isletme-fakultesi\/2025\/05\/06\/inegol-belediyesi-ve-istanbul-ticaret-universitesi-is-birligiyle-duzenlenen-2025-yili-2-ceyrek-ekonomik-gorunum-paneli-bugun-inegol-belediyesi-meclis-salonunda-basariyla-gerceklestirildi\/\"]}]},{\"@type\":\"BreadcrumbList\",\"@id\":\"https:\/\/ticaret.edu.tr\/isletme-fakultesi\/2025\/05\/06\/inegol-belediyesi-ve-istanbul-ticaret-universitesi-is-birligiyle-duzenlenen-2025-yili-2-ceyrek-ekonomik-gorunum-paneli-bugun-inegol-belediyesi-meclis-salonunda-basariyla-gerceklestirildi\/#breadcrumb\",\"itemListElement\":[{\"@type\":\"ListItem\",\"position\":1,\"name\":\"Ana sayfa\",\"item\":\"http:\/\/ticaret.edu.tr\/isletme-fakultesi\/\"},{\"@type\":\"ListItem\",\"position\":2,\"name\":\"\u0130neg\u00f6l Belediyesi ve \u0130stanbul Ticaret \u00dcniversitesi i\u015f birli\u011fiyle d\u00fczenlenen &#8220;2025 Y\u0131l\u0131 2. \u00c7eyrek Ekonomik G\u00f6r\u00fcn\u00fcm Paneli&#8221; bug\u00fcn \u0130neg\u00f6l Belediyesi Meclis Salonu&#8217;nda ba\u015far\u0131yla ger\u00e7ekle\u015ftirildi.\"}]},{\"@type\":\"WebSite\",\"@id\":\"http:\/\/ticaret.edu.tr\/isletme-fakultesi\/#website\",\"url\":\"http:\/\/ticaret.edu.tr\/isletme-fakultesi\/\",\"name\":\"\u0130\u015fletme Fak\u00fcltesi\",\"description\":\"\",\"potentialAction\":[{\"@type\":\"SearchAction\",\"target\":{\"@type\":\"EntryPoint\",\"urlTemplate\":\"http:\/\/ticaret.edu.tr\/isletme-fakultesi\/?s={search_term_string}\"},\"query-input\":\"required name=search_term_string\"}],\"inLanguage\":\"tr\"},{\"@type\":\"Person\",\"@id\":\"http:\/\/ticaret.edu.tr\/isletme-fakultesi\/#\/schema\/person\/b4113ae33226c99643e00ec483d63993\",\"name\":\"ckoksal\",\"image\":{\"@type\":\"ImageObject\",\"inLanguage\":\"tr\",\"@id\":\"http:\/\/ticaret.edu.tr\/isletme-fakultesi\/#\/schema\/person\/image\/\",\"url\":\"http:\/\/0.gravatar.com\/avatar\/371aafb7e74af05f73eecea444446491?s=96&d=mm&r=g\",\"contentUrl\":\"http:\/\/0.gravatar.com\/avatar\/371aafb7e74af05f73eecea444446491?s=96&d=mm&r=g\",\"caption\":\"ckoksal\"},\"url\":\"http:\/\/ticaret.edu.tr\/isletme-fakultesi\/author\/ckoksal\/\"}]}<\/script>\n<!-- \/ Yoast SEO Premium plugin. -->","yoast_head_json":{"title":"\u0130neg\u00f6l Belediyesi ve \u0130stanbul Ticaret \u00dcniversitesi i\u015f birli\u011fiyle d\u00fczenlenen \"2025 Y\u0131l\u0131 2. \u00c7eyrek Ekonomik G\u00f6r\u00fcn\u00fcm Paneli\" bug\u00fcn \u0130neg\u00f6l Belediyesi Meclis Salonu'nda ba\u015far\u0131yla ger\u00e7ekle\u015ftirildi. - Haberler - \u0130\u015fletme Fak\u00fcltesi","robots":{"index":"index","follow":"follow","max-snippet":"max-snippet:-1","max-image-preview":"max-image-preview:large","max-video-preview":"max-video-preview:-1"},"canonical":"https:\/\/ticaret.edu.tr\/isletme-fakultesi\/2025\/05\/06\/inegol-belediyesi-ve-istanbul-ticaret-universitesi-is-birligiyle-duzenlenen-2025-yili-2-ceyrek-ekonomik-gorunum-paneli-bugun-inegol-belediyesi-meclis-salonunda-basariyla-gerceklestirildi\/","og_locale":"tr_TR","og_type":"article","og_title":"\u0130neg\u00f6l Belediyesi ve \u0130stanbul Ticaret \u00dcniversitesi i\u015f birli\u011fiyle d\u00fczenlenen \"2025 Y\u0131l\u0131 2. \u00c7eyrek Ekonomik G\u00f6r\u00fcn\u00fcm Paneli\" bug\u00fcn \u0130neg\u00f6l Belediyesi Meclis Salonu'nda ba\u015far\u0131yla ger\u00e7ekle\u015ftirildi.","og_description":"Panele \u0130\u015fletme Fak\u00fcltesi Dekan\u0131 Prof. Dr. Elif G\u00fcneren Gen\u00e7, Dekan yard\u0131mc\u0131s\u0131 Dr. \u00d6\u011fr. \u00dcyesi Mefule F\u0131nd\u0131k\u00e7\u0131 Erdo\u011fan ve i\u015fletme Fak\u00fcltesi akademisyenleri Prof. Dr. Naz\u0131m Ekren, Prof. Dr. El\u00e7in Ayka\u00e7 Alp ve i\u015f d\u00fcnyas\u0131n\u0131n \u00f6nemli isimlerinden Dr. \u0130nan\u00e7 A. S\u00f6zer kat\u0131ld\u0131. Konu\u015fmac\u0131lar ekonomi, finans ve d\u0131\u015f ticaret alanlar\u0131ndaki g\u00fcncel geli\u015fmeleri de\u011ferlendirirken, T\u00fcrkiye ekonomisinin ikinci \u00e7eyrek performans\u0131 [&hellip;]","og_url":"https:\/\/ticaret.edu.tr\/isletme-fakultesi\/2025\/05\/06\/inegol-belediyesi-ve-istanbul-ticaret-universitesi-is-birligiyle-duzenlenen-2025-yili-2-ceyrek-ekonomik-gorunum-paneli-bugun-inegol-belediyesi-meclis-salonunda-basariyla-gerceklestirildi\/","og_site_name":"\u0130\u015fletme Fak\u00fcltesi","article_publisher":"https:\/\/www.facebook.com\/ticaretedutr","article_published_time":"2025-05-05T21:48:32+00:00","article_modified_time":"2026-04-20T10:07:04+00:00","og_image":[{"width":2048,"height":1364,"url":"https:\/\/ticaret.edu.tr\/isletme-fakultesi\/wp-content\/uploads\/sites\/7\/2025\/05\/WhatsApp-Image-2025-05-05-at-14.18.20.jpeg","type":"image\/jpeg"}],"author":"ckoksal","twitter_card":"summary_large_image","twitter_creator":"@ticaretedutr","twitter_site":"@ticaretedutr","twitter_misc":{"Yazan:":"ckoksal","Tahmini okuma s\u00fcresi":"2 dakika"},"schema":{"@context":"https:\/\/schema.org","@graph":[{"@type":"WebPage","@id":"https:\/\/ticaret.edu.tr\/isletme-fakultesi\/2025\/05\/06\/inegol-belediyesi-ve-istanbul-ticaret-universitesi-is-birligiyle-duzenlenen-2025-yili-2-ceyrek-ekonomik-gorunum-paneli-bugun-inegol-belediyesi-meclis-salonunda-basariyla-gerceklestirildi\/","url":"https:\/\/ticaret.edu.tr\/isletme-fakultesi\/2025\/05\/06\/inegol-belediyesi-ve-istanbul-ticaret-universitesi-is-birligiyle-duzenlenen-2025-yili-2-ceyrek-ekonomik-gorunum-paneli-bugun-inegol-belediyesi-meclis-salonunda-basariyla-gerceklestirildi\/","name":"\u0130neg\u00f6l Belediyesi ve \u0130stanbul Ticaret \u00dcniversitesi i\u015f birli\u011fiyle d\u00fczenlenen \"2025 Y\u0131l\u0131 2. \u00c7eyrek Ekonomik G\u00f6r\u00fcn\u00fcm Paneli\" bug\u00fcn \u0130neg\u00f6l Belediyesi Meclis Salonu'nda ba\u015far\u0131yla ger\u00e7ekle\u015ftirildi. - Haberler - \u0130\u015fletme Fak\u00fcltesi","isPartOf":{"@id":"http:\/\/ticaret.edu.tr\/isletme-fakultesi\/#website"},"datePublished":"2025-05-05T21:48:32+00:00","dateModified":"2026-04-20T10:07:04+00:00","author":{"@id":"http:\/\/ticaret.edu.tr\/isletme-fakultesi\/#\/schema\/person\/b4113ae33226c99643e00ec483d63993"},"breadcrumb":{"@id":"https:\/\/ticaret.edu.tr\/isletme-fakultesi\/2025\/05\/06\/inegol-belediyesi-ve-istanbul-ticaret-universitesi-is-birligiyle-duzenlenen-2025-yili-2-ceyrek-ekonomik-gorunum-paneli-bugun-inegol-belediyesi-meclis-salonunda-basariyla-gerceklestirildi\/#breadcrumb"},"inLanguage":"tr","potentialAction":[{"@type":"ReadAction","target":["https:\/\/ticaret.edu.tr\/isletme-fakultesi\/2025\/05\/06\/inegol-belediyesi-ve-istanbul-ticaret-universitesi-is-birligiyle-duzenlenen-2025-yili-2-ceyrek-ekonomik-gorunum-paneli-bugun-inegol-belediyesi-meclis-salonunda-basariyla-gerceklestirildi\/"]}]},{"@type":"BreadcrumbList","@id":"https:\/\/ticaret.edu.tr\/isletme-fakultesi\/2025\/05\/06\/inegol-belediyesi-ve-istanbul-ticaret-universitesi-is-birligiyle-duzenlenen-2025-yili-2-ceyrek-ekonomik-gorunum-paneli-bugun-inegol-belediyesi-meclis-salonunda-basariyla-gerceklestirildi\/#breadcrumb","itemListElement":[{"@type":"ListItem","position":1,"name":"Ana sayfa","item":"http:\/\/ticaret.edu.tr\/isletme-fakultesi\/"},{"@type":"ListItem","position":2,"name":"\u0130neg\u00f6l Belediyesi ve \u0130stanbul Ticaret \u00dcniversitesi i\u015f birli\u011fiyle d\u00fczenlenen &#8220;2025 Y\u0131l\u0131 2. \u00c7eyrek Ekonomik G\u00f6r\u00fcn\u00fcm Paneli&#8221; bug\u00fcn \u0130neg\u00f6l Belediyesi Meclis Salonu&#8217;nda ba\u015far\u0131yla ger\u00e7ekle\u015ftirildi."}]},{"@type":"WebSite","@id":"http:\/\/ticaret.edu.tr\/isletme-fakultesi\/#website","url":"http:\/\/ticaret.edu.tr\/isletme-fakultesi\/","name":"\u0130\u015fletme Fak\u00fcltesi","description":"","potentialAction":[{"@type":"SearchAction","target":{"@type":"EntryPoint","urlTemplate":"http:\/\/ticaret.edu.tr\/isletme-fakultesi\/?s={search_term_string}"},"query-input":"required name=search_term_string"}],"inLanguage":"tr"},{"@type":"Person","@id":"http:\/\/ticaret.edu.tr\/isletme-fakultesi\/#\/schema\/person\/b4113ae33226c99643e00ec483d63993","name":"ckoksal","image":{"@type":"ImageObject","inLanguage":"tr","@id":"http:\/\/ticaret.edu.tr\/isletme-fakultesi\/#\/schema\/person\/image\/","url":"http:\/\/0.gravatar.com\/avatar\/371aafb7e74af05f73eecea444446491?s=96&d=mm&r=g","contentUrl":"http:\/\/0.gravatar.com\/avatar\/371aafb7e74af05f73eecea444446491?s=96&d=mm&r=g","caption":"ckoksal"},"url":"http:\/\/ticaret.edu.tr\/isletme-fakultesi\/author\/ckoksal\/"}]}},"lang":"tr","translations":{"tr":1862},"pll_sync_post":[],"_links":{"self":[{"href":"http:\/\/ticaret.edu.tr\/isletme-fakultesi\/wp-json\/wp\/v2\/posts\/1862"}],"collection":[{"href":"http:\/\/ticaret.edu.tr\/isletme-fakultesi\/wp-json\/wp\/v2\/posts"}],"about":[{"href":"http:\/\/ticaret.edu.tr\/isletme-fakultesi\/wp-json\/wp\/v2\/types\/post"}],"author":[{"embeddable":true,"href":"http:\/\/ticaret.edu.tr\/isletme-fakultesi\/wp-json\/wp\/v2\/users\/53"}],"replies":[{"embeddable":true,"href":"http:\/\/ticaret.edu.tr\/isletme-fakultesi\/wp-json\/wp\/v2\/comments?post=1862"}],"version-history":[{"count":1,"href":"http:\/\/ticaret.edu.tr\/isletme-fakultesi\/wp-json\/wp\/v2\/posts\/1862\/revisions"}],"predecessor-version":[{"id":1867,"href":"http:\/\/ticaret.edu.tr\/isletme-fakultesi\/wp-json\/wp\/v2\/posts\/1862\/revisions\/1867"}],"wp:featuredmedia":[{"embeddable":true,"href":"http:\/\/ticaret.edu.tr\/isletme-fakultesi\/wp-json\/wp\/v2\/media\/1866"}],"wp:attachment":[{"href":"http:\/\/ticaret.edu.tr\/isletme-fakultesi\/wp-json\/wp\/v2\/media?parent=1862"}],"wp:term":[{"taxonomy":"category","embeddable":true,"href":"http:\/\/ticaret.edu.tr\/isletme-fakultesi\/wp-json\/wp\/v2\/categories?post=1862"},{"taxonomy":"post_tag","embeddable":true,"href":"http:\/\/ticaret.edu.tr\/isletme-fakultesi\/wp-json\/wp\/v2\/tags?post=1862"}],"curies":[{"name":"wp","href":"https:\/\/api.w.org\/{rel}","templated":true}]}}