{"id":361,"date":"2021-09-23T15:09:58","date_gmt":"2021-09-23T12:09:58","guid":{"rendered":"https:\/\/ticaret.edu.tr\/kauam\/?p=361"},"modified":"2021-12-15T11:39:30","modified_gmt":"2021-12-15T08:39:30","slug":"8-toplumsal-cinsiyet-adaleti-kongresi-bildiri-cagrisi","status":"publish","type":"post","link":"http:\/\/ticaret.edu.tr\/kadin-ve-aile-uygulama-ve-arastirma-merkezi\/2021\/09\/23\/8-toplumsal-cinsiyet-adaleti-kongresi-bildiri-cagrisi\/","title":{"rendered":"8. Toplumsal Cinsiyet Adaleti Kongresi B\u0130LD\u0130R\u0130 \u00c7A\u011eRISI"},"content":{"rendered":"<p><strong>8. Toplumsal Cinsiyet Adaleti Kongresi B\u0130LD\u0130R\u0130 \u00c7A\u011eRISI<\/strong><\/p>\n<p>KADEM Kad\u0131n Ara\u015ft\u0131rmalar\u0131 Dergisi \u00f6nc\u00fcl\u00fc\u011f\u00fcnde \u0130stanbul Ticaret \u00dcniversitesi Kad\u0131n ve Aile Uygulama ve Ara\u015ft\u0131rma Merkezimiz ortakl\u0131\u011f\u0131nda <a href=\"https:\/\/ticaret.edu.tr\/kadin-ve-aile-uygulama-ve-arastirma-merkezi\/2021\/09\/23\/8-toplumsal-cinsiyet-adaleti-kongresi-bildiri-cagrisi\/\"><em>Toplumsal Cinsiyet Adaleti Kongresi <\/em><\/a>d\u00fczenlenecek. Online olmas\u0131 halinde <strong>12-13 May\u0131s 2022<\/strong>, y\u00fcz y\u00fcze olmas\u0131 halinde ise\u00a0<strong>12 May\u0131s 2022<\/strong>\u00a0tarihinde ger\u00e7ekle\u015fecek olan 8. Toplumsal Cinsiyet Adaleti Kongresi\u2019nin ana temas\u0131\u00a0<strong>\u201cKad\u0131n ve Mek\u00e2n\u201d<\/strong>\u00a0olarak belirlenmi\u015ftir.<\/p>\n<p>Zamansal ve uzamsal ba\u011flamlar\u0131 g\u00f6z \u00f6n\u00fcnde bulundurmadan bir kimlik tart\u0131\u015fmas\u0131 y\u00fcr\u00fctmek, \u00f6z-ele\u015ftiri esnekli\u011finden yoksun, hayata dair bir dizi sorunu g\u00f6rmezden gelen, \u00e7\u00f6z\u00fcm\u00fc yaln\u0131zca kendi ideolojisinde arayan, diyalo\u011fa kapal\u0131 yakla\u015f\u0131mlar do\u011furacakt\u0131r. Bu bilin\u00e7le yola \u00e7\u0131karak sekizinci kongremizde kad\u0131n kimli\u011finin uzamsal boyutunu; bu kimli\u011fin yerle\u015ftirildi\u011fi, yerelle\u015ftirildi\u011fi, ait k\u0131l\u0131nd\u0131\u011f\u0131 veya uzak b\u0131rak\u0131ld\u0131\u011f\u0131 alan ve mek\u00e2nlar\u0131 ele almay\u0131 hedefliyoruz. Bundan da \u00f6te kad\u0131n\u0131n eylemlili\u011fini, kendilik bilincini, kendini hangi \u015fartlarda nas\u0131l konumland\u0131rd\u0131\u011f\u0131n\u0131, ku\u015fat\u0131ld\u0131\u011f\u0131 veya i\u00e7ine \u00e7ekildi\u011fi alanlar i\u00e7inde nas\u0131l hareket etti\u011fini tart\u0131\u015fmak istiyoruz. En temelde ise, kad\u0131n\u0131n diyalojik ahlaki mek\u00e2n\u0131n kurucu bir g\u00fcc\u00fc oldu\u011fu ger\u00e7e\u011finin kavramsal d\u00fczeyde irdelenmesini beklemekteyiz.<\/p>\n<p>Kad\u0131n ve mek\u00e2n odakl\u0131 bir tart\u0131\u015fma, \u00e7e\u015fitli bilim dallar\u0131n\u0131n kesi\u015fme noktas\u0131 olabilece\u011fi i\u00e7in disiplinler aras\u0131 \u00e7al\u0131\u015fmalar\u0131n en verimli sonu\u00e7lar\u0131 do\u011furabilece\u011fi bir alana ve zengin yakla\u015f\u0131mlarla doldurulmay\u0131 bekleyen bo\u015fluklara i\u015faret etmektedir.<\/p>\n<p>Bu \u00e7er\u00e7evede kongre i\u00e7in de\u011ferlendirilmek \u00fczere iletilen bildiri \u00f6zetleri 750-1000 kelime aras\u0131nda olmal\u0131d\u0131r. Bildiri \u00f6zetinde ara\u015ft\u0131rman\u0131n y\u00f6ntemi ve muhtemel bulgular\u0131na yer verilmelidir. Sunulmak \u00fczere kabul edilen bildiri metinleri, VIII. Toplumsal Cinsiyet Adaleti Kongresi Bildiriler Kitab\u0131 i\u00e7inde yay\u0131mlanacakt\u0131r.<\/p>\n<p><strong>Kongre Tarihi:<\/strong>\u00a012-13 May\u0131s 2022 (Online), 12 May\u0131s 2022 (Y\u00fcz y\u00fcze)<br \/>\n<strong>Bildiri \u00d6zetlerinin Son Teslim Tarihi:<\/strong>\u00a030 Kas\u0131m 2021<br \/>\n<strong>Kabul Edilen Bildiri \u00d6zetlerinin \u0130lan\u0131:<\/strong>\u00a027 Aral\u0131k 2021<br \/>\n<strong>Bildiri Tam Metinlerinin Teslim Tarihi:\u00a0<\/strong>11 Nisan 2022 (Tam metin en az 2500 kelime uzunlu\u011funda olmal\u0131)<\/p>\n<p><strong>\u00d6d\u00fcller<\/strong><br \/>\nBirincilik \u00d6d\u00fcl\u00fc: 10.000 TL<br \/>\n\u0130kincilik \u00d6d\u00fcl\u00fc: 7.500 TL<br \/>\n\u00dc\u00e7\u00fcnc\u00fcl\u00fck \u00d6d\u00fcl\u00fc: 5.000 TL<\/p>\n<p><strong>\u00a0 \u00a0 \u00a0 \u00a0 \u00a0 \u00a0 \u00a0 \u00a0 \u00a0 \u00a0 \u00a0 \u00a0 \u00a0 \u00a0 \u00a0 \u00a0 \u00a0 \u00a0 \u00a0 \u00a0 \u00a0 \u00a0 \u00a0 \u00a0 \u00a0 \u00a0 \u00a0 \u00a0 \u00a0 \u00a0 \u00a0 \u00a0 \u00a0 \u00a0 \u00a0 \u00a0 \u00a0 \u00a0 \u00a0 \u00a0 \u00a0 \u00a0 \u00a0 \u00a0 \u00a0 \u00a0 \u00a0 \u00a0 \u00a0 \u00a0 \u00a0 \u00a0 \u00a0 \u00a0 \u00a0 \u00a0 \u00a0 \u00a0 \u00a0 \u00a0 \u00a0 \u00a0 \u00a0 \u00a0 \u00a0 \u00a0 \u00a0 \u00a0 \u00a0 \u00a0 \u00a0 \u00a0 \u00a0 \u00a0 \u00a0 \u00a0 \u00a0 \u00a0 \u00a0 \u00a0 \u00a0 \u00a0 \u00a0 \u00a0 \u00a0 \u00a0 \u00a0 \u00a0 \u00a0 \u00a0 \u00a0 \u00a0 \u00a0 \u00a0 \u00a0 \u00a0 \u00a0 \u00a0 \u00a0 \u00a0 \u00a0 \u00a0 \u00a0 \u00a0 \u00a0 \u00a0 \u00a0Bildiri Konu Ba\u015fl\u0131klar\u0131<\/strong><\/p>\n<ul>\n<li>Mek\u00e2n Kuran bir G\u00fc\u00e7 Olarak Kad\u0131n<\/li>\n<li>Konu\u015fan ve Suskun (Susturulmu\u015f, Bast\u0131r\u0131lm\u0131\u015f) Mek\u00e2n Olarak Kad\u0131n<\/li>\n<li>Haf\u0131za ve Unutma Mek\u00e2n\u0131 Olarak Kad\u0131n<\/li>\n<li>Cinsiyetlendirilmi\u015f \/ Cinsiyetten Ar\u0131nd\u0131r\u0131lm\u0131\u015f Mek\u00e2nlar<\/li>\n<li>Bir Beden Olarak Kad\u0131n ve Mek\u00e2n<\/li>\n<li>Kamusal \/ \u00d6zel Mek\u00e2nlar ve Kad\u0131n<\/li>\n<li>Ebeveynlik ve Mek\u00e2n<\/li>\n<li>Baba ve Mek\u00e2n<\/li>\n<li>Kutsal (Teolojik ve Rit\u00fcel) Mek\u00e2nlar ve Kad\u0131n<\/li>\n<li>Mitik Mek\u00e2nlar ve Kad\u0131n<\/li>\n<li>G\u00fcndelik \/ Pratik Mek\u00e2n ve Kad\u0131n<\/li>\n<li>Sinematografik Mek\u00e2nda Kad\u0131n\u0131n Temsili<\/li>\n<li>Toplumsal Cinsiyet Rolleri ve Mek\u00e2n<\/li>\n<li>Kad\u0131n\u0131n Hareket Alan\u0131 Olarak Kapal\u0131 ve A\u00e7\u0131k Mek\u00e2nlar<\/li>\n<li>Toplu Ta\u015f\u0131ma Ara\u00e7lar\u0131 ve Kad\u0131n<\/li>\n<li>Emek Mekanlar\u0131\/\u00c7al\u0131\u015fma Alanlar\u0131 ve Kad\u0131n<\/li>\n<li>\u00c7ocuk Kitaplar\u0131nda Mek\u00e2n ve Kad\u0131n\u0131n Temsili<\/li>\n<li>Sanatsal Mek\u00e2nlar ve Kad\u0131n<\/li>\n<li>Sanal Mek\u00e2n (Sosyal Medya) ve Kad\u0131n<\/li>\n<li>Mimari Mek\u00e2n ve Kad\u0131n<\/li>\n<li>Bir mek\u00e2n Olarak Giysi ve Giysinin D\u0131\u015f Mek\u00e2na Yans\u0131malar\u0131 A\u00e7\u0131s\u0131ndan Kad\u0131n<\/li>\n<li>Toplumsal Retorik Mek\u00e2nlar\u0131 ve Kad\u0131n<\/li>\n<li>Sa\u011fl\u0131k \/Hastal\u0131k Mek\u00e2nlar\u0131 ve Kad\u0131n<\/li>\n<li>Entelekt\u00fcel Mek\u00e2nlar ve Kad\u0131n<\/li>\n<li>E\u011fitim Mek\u00e2nlar\u0131 ve Kad\u0131n<\/li>\n<li>\u015eiddet \/Sava\u015f \/Bar\u0131\u015f Mek\u00e2nlar\u0131 ve Kad\u0131n<\/li>\n<li>G\u00f6\u00e7 \/ \u0130ltica Mek\u00e2nlar\u0131 ve Kad\u0131n<\/li>\n<li>Diyalojik Ahlaki Mek\u00e2n ve Kad\u0131n<\/li>\n<li>Hukuk \/Adalet Mek\u00e2n\u0131 ve Kad\u0131n<\/li>\n<li>\u015eehir\/K\u0131rsal Tasavvurlar\u0131 ve Kad\u0131n<\/li>\n<li>\u015eehir\/K\u0131rsal Pratiklerinde Kad\u0131n ve Mek\u00e2n<\/li>\n<li>Spor Mek\u00e2nlar\u0131 ve Kad\u0131n<\/li>\n<\/ul>\n<p>&nbsp;<\/p>\n<p><strong>\u00a0 \u00a0 \u00a0 \u00a0 \u00a0 \u00a0 \u00a0 \u00a0 \u00a0 \u00a0 \u00a0 \u00a0 \u00a0 \u00a0 \u00a0 \u00a0 \u00a0 \u00a0 \u00a0 \u00a0 \u00a0 \u00a0 \u00a0 \u00a0 \u00a0 \u00a0 \u00a0 \u00a0 \u00a0 \u00a0 \u00a0 \u00a0 \u00a0 \u00a0 \u00a0 \u00a0 \u00a0 \u00a0 \u00a0 \u00a0 \u00a0 \u00a0 \u00a0 \u00a0 \u00a0 \u00a0 \u00a0 \u00a0 \u00a0 \u00a0 \u00a0 \u00a0 \u00a0 \u00a0 \u00a0 \u00a0 \u00a0 \u00a0 \u00a0 \u00a0 \u00a0 \u00a0 \u00a0 \u00a0 \u00a0 \u00a0 \u00a0 \u00a0 \u00a0 \u00a0 \u00a0 \u00a0 \u00a0 \u00a0 \u00a0 \u00a0 \u00a0 \u00a0 \u00a0 \u00a0 \u00a0 \u00a0 \u00a0 \u00a0 \u00a0 \u00a0 \u00a0 \u00a0 \u00a0 \u00a0 \u00a0 \u00a0 \u00a0 \u00a0 \u00a0 \u00a0 \u00a0 \u00a0 \u00a0 Bildiri \u00d6zeti Yaz\u0131m Kurallar\u0131<\/strong><\/p>\n<ul>\n<li>Bildiri \u00f6zetleri, T\u00fcrk\u00e7e ve \u0130ngilizce olarak iki dilde g\u00f6nderilmelidir.<\/li>\n<li>Geni\u015fletilmi\u015f \u00f6zet i\u00e7eri\u011finin muhakkak \u015fu \u00f6l\u00e7\u00fctleri i\u00e7inde bar\u0131nd\u0131rmas\u0131 gerektirmektedir:\u00a0<strong>\u00c7al\u0131\u015fman\u0131n konusu, amac\u0131, \u00f6nemi, y\u00f6ntemi ve tekni\u011fi, bulgular\u0131, sonu\u00e7.<\/strong><\/li>\n<li>Bildiri \u00f6zetleri, Times New Roman fontu ile 1,5 sat\u0131r aral\u0131\u011f\u0131 kullan\u0131larak 12 punto ile yaz\u0131lmal\u0131, 750-1000 kelime aral\u0131\u011f\u0131nda olmal\u0131d\u0131r. Anahtar kelimeler (keywords) 5 kelimeyi ge\u00e7memeli.<\/li>\n<li>Kullan\u0131lan \u015fekil ve tablolar bildiri \u00f6zetinin ekinde ayr\u0131 olarak g\u00f6nderilmelidir.<\/li>\n<li>T\u00fcrk Dil Kurumu\u2019nun iml\u00e2 k\u0131lavuzu esas al\u0131nmal\u0131, yabanc\u0131 s\u00f6zc\u00fckler yerine olabildi\u011fince T\u00fcrk\u00e7e s\u00f6zc\u00fckler kullan\u0131lmal\u0131d\u0131r. T\u00fcrk\u00e7ede al\u0131\u015f\u0131lmam\u0131\u015f s\u00f6zc\u00fcklerin metin i\u00e7erisinde kullan\u0131m\u0131 zorunlu ise, kelimenin ilk ge\u00e7ti\u011fi yerde yabanc\u0131 dildeki kar\u015f\u0131l\u0131\u011f\u0131 parantez i\u00e7inde T\u00fcrk\u00e7e ve \u0130ngilizce olarak verilmelidir.<\/li>\n<li>Ba\u015fl\u0131k en fazla 10-12 kelimeden olu\u015fmal\u0131, T\u00fcrk\u00e7e ve \u0130ngilizce olarak sunulmal\u0131d\u0131r.<\/li>\n<li>Ba\u015fl\u0131k alt\u0131nda yazar\u0131n ad\u0131 ve soyad\u0131, unvan\u0131 ve \u00e7al\u0131\u015ft\u0131\u011f\u0131 kurum yer almal\u0131d\u0131r.<\/li>\n<li>Bildiri \u00f6zetinde yer alan, yararlan\u0131lan t\u00fcm kaynaklar ayr\u0131 bir sayfadan ba\u015flayarak alfabetik s\u0131rada Kaynaklar ba\u015fl\u0131\u011f\u0131 alt\u0131nda \u201cYazar Soyad\u0131, Ad\u0131 (Yay\u0131n Y\u0131l\u0131) Kitap \u0130smi (italik harflerle) veya Makale \u0130smi, Dergi Ad\u0131 (italik harflerle) Bas\u0131m Yeri: Bas\u0131mevi, dergide yer ald\u0131\u011f\u0131 sayfa numaralar\u0131\u201d s\u0131ras\u0131 ile verilmeli. Kitap isimleri italik harflerle, makale isimleri normal harflerle, dergi ad\u0131 italik olarak yaz\u0131lmal\u0131d\u0131r. Yay\u0131mlanmam\u0131\u015f kaynaklardan yap\u0131lan al\u0131nt\u0131lar da tam olarak anla\u015f\u0131lacak \u015fekilde kullan\u0131lmal\u0131d\u0131r.<\/li>\n<li>Burada de\u011finilmeyen konular i\u00e7in APA yaz\u0131m \u015fartlar\u0131na ba\u015fvurulabilir. Kaynak: Amerikan Psikoloji Derne\u011fi (2015). APA Publication Manual Yaz\u0131m K\u0131lavuzu. (10.bs.). T\u00fcrkiye, \u0130stanbul: Kakn\u00fcs Yay\u0131nlar\u0131.<\/li>\n<li>Bildiri \u00f6zetleri yaz\u0131m kurallar\u0131na uymayan metinler, gerekli d\u00fczeltmelerin yap\u0131lmas\u0131 i\u00e7in yazarlar\u0131na geri g\u00f6nderilir.<\/li>\n<\/ul>\n<p>Bildiri \u00f6zetleri\u00a0<a href=\"mailto:tcak@kadem.org.tr\"><strong>tcak@kadem.org.tr<\/strong><\/a>\u00a0adresine e-posta arac\u0131l\u0131\u011f\u0131 ile g\u00f6nderilecektir. Bildiri \u00f6zetlerinin en son 15 Kas\u0131m 2021 tarihine kadar ula\u015ft\u0131r\u0131lmas\u0131 gerekmektedir. Kat\u0131l\u0131mc\u0131lara en ge\u00e7 27 Aral\u0131k 2021 tarihi itibar\u0131 ile bildirilerinin kabul\/ret durumlar\u0131 bildirilecektir.<\/p>\n<p>Tam metin i\u00e7in yaz\u0131m kurallar\u0131\u00a0<a href=\"https:\/\/kadinarastirmalari.com\/yazim-kurallari\/\">https:\/\/kadinarastirmalari.com\/yazim-kurallari\/<\/a>\u00a0adresinde yer almaktad\u0131r.<\/p>\n<p><strong>Kongre D\u00fczenleme Kurulu<\/strong><br \/>\nProf. Dr. Burhanettin Tatar (Kongre Ba\u015fkan\u0131)<br \/>\nDr. \u00d6\u011fr. \u00dcyesi Zeynep Kevser \u015eerefo\u011flu Dan\u0131\u015f (Kongre Ba\u015fkan Yard\u0131mc\u0131s\u0131)<br \/>\nDr. \u00d6\u011fr. \u00dcyesi Nursem Keskin Aksay (Kongre Ba\u015fkan Yard\u0131mc\u0131s\u0131)<br \/>\nDr. Esra Erdo\u011fan Albayrak<br \/>\nDo\u00e7. Dr. \u015eule Albayrak<br \/>\nDr. \u00d6\u011fr. \u00dcyesi Fatmanur Altun<br \/>\nDo\u00e7. Dr. Emine Sare Ayd\u0131n<br \/>\nDo\u00e7. Dr. Mehmet Fatih Aysan<br \/>\nB\u00fc\u015fra Bilgin<br \/>\nProf. Dr. Alev Erkilet<br \/>\nProf. Dr. F. Beyl\u00fc Dike\u00e7ligil<br \/>\nDr. \u00d6\u011fr. \u00dcyesi Saliha Okur G\u00fcmr\u00fck\u00e7\u00fco\u011flu<br \/>\nDr. \u00d6\u011fr. \u00dcyesi Nagihan Halilo\u011flu<br \/>\nProf. Dr. Elif Hayk\u0131r Hobiko\u011flu<br \/>\nDo\u00e7. Dr. Yaylag\u00fcl Ceran Karata\u015f<br \/>\nDr. Sevim Zehra Can Kaya<br \/>\nDo\u00e7. Dr. Birsen Banu Okutan<br \/>\nDr. \u00d6\u011fr. \u00dcyesi Nihal F\u0131rat \u00d6zdemir<br \/>\nAr\u015f. G\u00f6r. Dr. Zeynep Sad\u0131ko\u011flu<br \/>\nProf. Dr. Rahmet Sava\u015f<br \/>\nDr. \u00d6\u011fr. \u00dcyesi Bet\u00fcl Avc\u0131 Sebetci<br \/>\nG\u00fcll\u00fc Sonakalan<br \/>\nProf. Dr. Nuri T\u0131na<br \/>\nDr. \u00d6\u011fr. \u00dcyesi Nihal \u015eahin Utku<br \/>\nDr. \u00d6\u011fr. \u00dcyesi Burcu Uysal<br \/>\nDo\u00e7. Dr. K\u00fcbra G\u00fcran Yi\u011fitba\u015f\u0131<\/p>\n<p><b>Kongre Organizasyon Kurulu<\/b><br \/>\nDr. \u00d6\u011fr. \u00dcyesi Nursem Keskin Aksay<br \/>\nDr. \u00d6\u011fr. \u00dcyesi Zeynep Kevser \u015eerefo\u011flu Dan\u0131\u015f<br \/>\nDr. Sevim Zehra Can Kaya<br \/>\nSare Rabia \u00d6zt\u00fcrk<br \/>\nSevda Bahar Savur<\/p>\n<p>&nbsp;<\/p>\n<p><img loading=\"lazy\" decoding=\"async\" class=\"alignnone wp-image-362\" src=\"http:\/\/ticaret.edu.tr\/kauam\/wp-content\/uploads\/sites\/50\/2021\/09\/INSTAGRAM_8_TCAK_DUYURU_SM-300x300.jpg\" alt=\"tca\" width=\"632\" height=\"632\" srcset=\"http:\/\/ticaret.edu.tr\/kadin-ve-aile-uygulama-ve-arastirma-merkezi\/wp-content\/uploads\/sites\/50\/2021\/09\/INSTAGRAM_8_TCAK_DUYURU_SM-300x300.jpg 300w, http:\/\/ticaret.edu.tr\/kadin-ve-aile-uygulama-ve-arastirma-merkezi\/wp-content\/uploads\/sites\/50\/2021\/09\/INSTAGRAM_8_TCAK_DUYURU_SM-1024x1024.jpg 1024w, http:\/\/ticaret.edu.tr\/kadin-ve-aile-uygulama-ve-arastirma-merkezi\/wp-content\/uploads\/sites\/50\/2021\/09\/INSTAGRAM_8_TCAK_DUYURU_SM-150x150.jpg 150w, http:\/\/ticaret.edu.tr\/kadin-ve-aile-uygulama-ve-arastirma-merkezi\/wp-content\/uploads\/sites\/50\/2021\/09\/INSTAGRAM_8_TCAK_DUYURU_SM-768x768.jpg 768w, http:\/\/ticaret.edu.tr\/kadin-ve-aile-uygulama-ve-arastirma-merkezi\/wp-content\/uploads\/sites\/50\/2021\/09\/INSTAGRAM_8_TCAK_DUYURU_SM.jpg 1081w\" sizes=\"(max-width: 632px) 100vw, 632px\" \/><\/p>\n","protected":false},"excerpt":{"rendered":"<p>8. Toplumsal Cinsiyet Adaleti Kongresi B\u0130LD\u0130R\u0130 \u00c7A\u011eRISI KADEM Kad\u0131n Ara\u015ft\u0131rmalar\u0131 Dergisi \u00f6nc\u00fcl\u00fc\u011f\u00fcnde \u0130stanbul Ticaret \u00dcniversitesi Kad\u0131n ve Aile Uygulama ve Ara\u015ft\u0131rma Merkezimiz ortakl\u0131\u011f\u0131nda Toplumsal Cinsiyet Adaleti Kongresi d\u00fczenlenecek. Online olmas\u0131 halinde 12-13 May\u0131s 2022, y\u00fcz y\u00fcze olmas\u0131 halinde ise\u00a012 May\u0131s 2022\u00a0tarihinde ger\u00e7ekle\u015fecek olan 8. Toplumsal Cinsiyet Adaleti Kongresi\u2019nin ana temas\u0131\u00a0\u201cKad\u0131n ve Mek\u00e2n\u201d\u00a0olarak belirlenmi\u015ftir. Zamansal ve [&hellip;]<\/p>\n","protected":false},"author":142,"featured_media":362,"comment_status":"closed","ping_status":"closed","sticky":false,"template":"","format":"standard","meta":{"footnotes":""},"categories":[3,4],"tags":[],"yoast_head":"<!-- This site is optimized with the Yoast SEO Premium plugin v22.1 (Yoast SEO v22.1) - https:\/\/yoast.com\/wordpress\/plugins\/seo\/ -->\n<title>8. Toplumsal Cinsiyet Adaleti Kongresi B\u0130LD\u0130R\u0130 \u00c7A\u011eRISI -<\/title>\n<meta name=\"description\" content=\"8. Toplumsal Cinsiyet Adaleti Kongresi B\u0130LD\u0130R\u0130 \u00c7A\u011eRISI\" \/>\n<meta name=\"robots\" content=\"index, follow, max-snippet:-1, max-image-preview:large, max-video-preview:-1\" \/>\n<link rel=\"canonical\" href=\"http:\/\/ticaret.edu.tr\/kadin-ve-aile-uygulama-ve-arastirma-merkezi\/2021\/09\/23\/8-toplumsal-cinsiyet-adaleti-kongresi-bildiri-cagrisi\/\" \/>\n<meta property=\"og:locale\" content=\"tr_TR\" \/>\n<meta property=\"og:type\" content=\"article\" \/>\n<meta property=\"og:title\" content=\"8. Toplumsal Cinsiyet Adaleti Kongresi B\u0130LD\u0130R\u0130 \u00c7A\u011eRISI\" \/>\n<meta property=\"og:description\" content=\"8. Toplumsal Cinsiyet Adaleti Kongresi B\u0130LD\u0130R\u0130 \u00c7A\u011eRISI\" \/>\n<meta property=\"og:url\" content=\"http:\/\/ticaret.edu.tr\/kadin-ve-aile-uygulama-ve-arastirma-merkezi\/2021\/09\/23\/8-toplumsal-cinsiyet-adaleti-kongresi-bildiri-cagrisi\/\" \/>\n<meta property=\"og:site_name\" content=\"Kad\u0131n ve Aile Uygulama ve Ara\u015ft\u0131rma Merkezi\" \/>\n<meta property=\"article:publisher\" content=\"https:\/\/www.facebook.com\/ticaretedutr\" \/>\n<meta property=\"article:published_time\" content=\"2021-09-23T12:09:58+00:00\" \/>\n<meta property=\"article:modified_time\" content=\"2021-12-15T08:39:30+00:00\" \/>\n<meta property=\"og:image\" content=\"http:\/\/ticaret.edu.tr\/kadin-ve-aile-uygulama-ve-arastirma-merkezi\/wp-content\/uploads\/sites\/50\/2021\/09\/INSTAGRAM_8_TCAK_DUYURU_SM.jpg\" \/>\n\t<meta property=\"og:image:width\" content=\"1081\" \/>\n\t<meta property=\"og:image:height\" content=\"1081\" \/>\n\t<meta property=\"og:image:type\" content=\"image\/jpeg\" \/>\n<meta name=\"author\" content=\"mckiziltas\" \/>\n<meta name=\"twitter:card\" content=\"summary_large_image\" \/>\n<meta name=\"twitter:creator\" content=\"@ticaretedutr\" \/>\n<meta name=\"twitter:site\" content=\"@ticaretedutr\" \/>\n<meta name=\"twitter:label1\" content=\"Yazan:\" \/>\n\t<meta name=\"twitter:data1\" content=\"mckiziltas\" \/>\n\t<meta name=\"twitter:label2\" content=\"Tahmini okuma s\u00fcresi\" \/>\n\t<meta name=\"twitter:data2\" content=\"5 dakika\" \/>\n<script type=\"application\/ld+json\" class=\"yoast-schema-graph\">{\"@context\":\"https:\/\/schema.org\",\"@graph\":[{\"@type\":\"WebPage\",\"@id\":\"http:\/\/ticaret.edu.tr\/kadin-ve-aile-uygulama-ve-arastirma-merkezi\/2021\/09\/23\/8-toplumsal-cinsiyet-adaleti-kongresi-bildiri-cagrisi\/\",\"url\":\"http:\/\/ticaret.edu.tr\/kadin-ve-aile-uygulama-ve-arastirma-merkezi\/2021\/09\/23\/8-toplumsal-cinsiyet-adaleti-kongresi-bildiri-cagrisi\/\",\"name\":\"8. Toplumsal Cinsiyet Adaleti Kongresi B\u0130LD\u0130R\u0130 \u00c7A\u011eRISI -\",\"isPartOf\":{\"@id\":\"http:\/\/ticaret.edu.tr\/kadin-ve-aile-uygulama-ve-arastirma-merkezi\/en\/#website\"},\"datePublished\":\"2021-09-23T12:09:58+00:00\",\"dateModified\":\"2021-12-15T08:39:30+00:00\",\"author\":{\"@id\":\"http:\/\/ticaret.edu.tr\/kadin-ve-aile-uygulama-ve-arastirma-merkezi\/en\/#\/schema\/person\/215c3ef896b7f2f5f257d1bea98c3529\"},\"description\":\"8. Toplumsal Cinsiyet Adaleti Kongresi B\u0130LD\u0130R\u0130 \u00c7A\u011eRISI\",\"breadcrumb\":{\"@id\":\"http:\/\/ticaret.edu.tr\/kadin-ve-aile-uygulama-ve-arastirma-merkezi\/2021\/09\/23\/8-toplumsal-cinsiyet-adaleti-kongresi-bildiri-cagrisi\/#breadcrumb\"},\"inLanguage\":\"tr\",\"potentialAction\":[{\"@type\":\"ReadAction\",\"target\":[\"http:\/\/ticaret.edu.tr\/kadin-ve-aile-uygulama-ve-arastirma-merkezi\/2021\/09\/23\/8-toplumsal-cinsiyet-adaleti-kongresi-bildiri-cagrisi\/\"]}]},{\"@type\":\"BreadcrumbList\",\"@id\":\"http:\/\/ticaret.edu.tr\/kadin-ve-aile-uygulama-ve-arastirma-merkezi\/2021\/09\/23\/8-toplumsal-cinsiyet-adaleti-kongresi-bildiri-cagrisi\/#breadcrumb\",\"itemListElement\":[{\"@type\":\"ListItem\",\"position\":1,\"name\":\"Ana sayfa\",\"item\":\"https:\/\/ticaret.edu.tr\/kadin-ve-aile-uygulama-ve-arastirma-merkezi\/\"},{\"@type\":\"ListItem\",\"position\":2,\"name\":\"8. Toplumsal Cinsiyet Adaleti Kongresi B\u0130LD\u0130R\u0130 \u00c7A\u011eRISI\"}]},{\"@type\":\"WebSite\",\"@id\":\"http:\/\/ticaret.edu.tr\/kadin-ve-aile-uygulama-ve-arastirma-merkezi\/en\/#website\",\"url\":\"http:\/\/ticaret.edu.tr\/kadin-ve-aile-uygulama-ve-arastirma-merkezi\/en\/\",\"name\":\"Kad\u0131n ve Aile Uygulama ve Ara\u015ft\u0131rma Merkezi\",\"description\":\"Bir ba\u015fka \u0130stanbul Ticaret \u00dcniversitesi site sitesi\",\"potentialAction\":[{\"@type\":\"SearchAction\",\"target\":{\"@type\":\"EntryPoint\",\"urlTemplate\":\"http:\/\/ticaret.edu.tr\/kadin-ve-aile-uygulama-ve-arastirma-merkezi\/en\/?s={search_term_string}\"},\"query-input\":\"required name=search_term_string\"}],\"inLanguage\":\"tr\"},{\"@type\":\"Person\",\"@id\":\"http:\/\/ticaret.edu.tr\/kadin-ve-aile-uygulama-ve-arastirma-merkezi\/en\/#\/schema\/person\/215c3ef896b7f2f5f257d1bea98c3529\",\"name\":\"mckiziltas\",\"image\":{\"@type\":\"ImageObject\",\"inLanguage\":\"tr\",\"@id\":\"http:\/\/ticaret.edu.tr\/kadin-ve-aile-uygulama-ve-arastirma-merkezi\/en\/#\/schema\/person\/image\/\",\"url\":\"http:\/\/1.gravatar.com\/avatar\/a8607bcf789626b55174097b883033be?s=96&d=mm&r=g\",\"contentUrl\":\"http:\/\/1.gravatar.com\/avatar\/a8607bcf789626b55174097b883033be?s=96&d=mm&r=g\",\"caption\":\"mckiziltas\"},\"url\":\"http:\/\/ticaret.edu.tr\/kadin-ve-aile-uygulama-ve-arastirma-merkezi\/author\/mckiziltas\/\"}]}<\/script>\n<!-- \/ Yoast SEO Premium plugin. -->","yoast_head_json":{"title":"8. Toplumsal Cinsiyet Adaleti Kongresi B\u0130LD\u0130R\u0130 \u00c7A\u011eRISI -","description":"8. Toplumsal Cinsiyet Adaleti Kongresi B\u0130LD\u0130R\u0130 \u00c7A\u011eRISI","robots":{"index":"index","follow":"follow","max-snippet":"max-snippet:-1","max-image-preview":"max-image-preview:large","max-video-preview":"max-video-preview:-1"},"canonical":"http:\/\/ticaret.edu.tr\/kadin-ve-aile-uygulama-ve-arastirma-merkezi\/2021\/09\/23\/8-toplumsal-cinsiyet-adaleti-kongresi-bildiri-cagrisi\/","og_locale":"tr_TR","og_type":"article","og_title":"8. Toplumsal Cinsiyet Adaleti Kongresi B\u0130LD\u0130R\u0130 \u00c7A\u011eRISI","og_description":"8. Toplumsal Cinsiyet Adaleti Kongresi B\u0130LD\u0130R\u0130 \u00c7A\u011eRISI","og_url":"http:\/\/ticaret.edu.tr\/kadin-ve-aile-uygulama-ve-arastirma-merkezi\/2021\/09\/23\/8-toplumsal-cinsiyet-adaleti-kongresi-bildiri-cagrisi\/","og_site_name":"Kad\u0131n ve Aile Uygulama ve Ara\u015ft\u0131rma Merkezi","article_publisher":"https:\/\/www.facebook.com\/ticaretedutr","article_published_time":"2021-09-23T12:09:58+00:00","article_modified_time":"2021-12-15T08:39:30+00:00","og_image":[{"width":1081,"height":1081,"url":"http:\/\/ticaret.edu.tr\/kadin-ve-aile-uygulama-ve-arastirma-merkezi\/wp-content\/uploads\/sites\/50\/2021\/09\/INSTAGRAM_8_TCAK_DUYURU_SM.jpg","type":"image\/jpeg"}],"author":"mckiziltas","twitter_card":"summary_large_image","twitter_creator":"@ticaretedutr","twitter_site":"@ticaretedutr","twitter_misc":{"Yazan:":"mckiziltas","Tahmini okuma s\u00fcresi":"5 dakika"},"schema":{"@context":"https:\/\/schema.org","@graph":[{"@type":"WebPage","@id":"http:\/\/ticaret.edu.tr\/kadin-ve-aile-uygulama-ve-arastirma-merkezi\/2021\/09\/23\/8-toplumsal-cinsiyet-adaleti-kongresi-bildiri-cagrisi\/","url":"http:\/\/ticaret.edu.tr\/kadin-ve-aile-uygulama-ve-arastirma-merkezi\/2021\/09\/23\/8-toplumsal-cinsiyet-adaleti-kongresi-bildiri-cagrisi\/","name":"8. Toplumsal Cinsiyet Adaleti Kongresi B\u0130LD\u0130R\u0130 \u00c7A\u011eRISI -","isPartOf":{"@id":"http:\/\/ticaret.edu.tr\/kadin-ve-aile-uygulama-ve-arastirma-merkezi\/en\/#website"},"datePublished":"2021-09-23T12:09:58+00:00","dateModified":"2021-12-15T08:39:30+00:00","author":{"@id":"http:\/\/ticaret.edu.tr\/kadin-ve-aile-uygulama-ve-arastirma-merkezi\/en\/#\/schema\/person\/215c3ef896b7f2f5f257d1bea98c3529"},"description":"8. Toplumsal Cinsiyet Adaleti Kongresi B\u0130LD\u0130R\u0130 \u00c7A\u011eRISI","breadcrumb":{"@id":"http:\/\/ticaret.edu.tr\/kadin-ve-aile-uygulama-ve-arastirma-merkezi\/2021\/09\/23\/8-toplumsal-cinsiyet-adaleti-kongresi-bildiri-cagrisi\/#breadcrumb"},"inLanguage":"tr","potentialAction":[{"@type":"ReadAction","target":["http:\/\/ticaret.edu.tr\/kadin-ve-aile-uygulama-ve-arastirma-merkezi\/2021\/09\/23\/8-toplumsal-cinsiyet-adaleti-kongresi-bildiri-cagrisi\/"]}]},{"@type":"BreadcrumbList","@id":"http:\/\/ticaret.edu.tr\/kadin-ve-aile-uygulama-ve-arastirma-merkezi\/2021\/09\/23\/8-toplumsal-cinsiyet-adaleti-kongresi-bildiri-cagrisi\/#breadcrumb","itemListElement":[{"@type":"ListItem","position":1,"name":"Ana sayfa","item":"https:\/\/ticaret.edu.tr\/kadin-ve-aile-uygulama-ve-arastirma-merkezi\/"},{"@type":"ListItem","position":2,"name":"8. Toplumsal Cinsiyet Adaleti Kongresi B\u0130LD\u0130R\u0130 \u00c7A\u011eRISI"}]},{"@type":"WebSite","@id":"http:\/\/ticaret.edu.tr\/kadin-ve-aile-uygulama-ve-arastirma-merkezi\/en\/#website","url":"http:\/\/ticaret.edu.tr\/kadin-ve-aile-uygulama-ve-arastirma-merkezi\/en\/","name":"Kad\u0131n ve Aile Uygulama ve Ara\u015ft\u0131rma Merkezi","description":"Bir ba\u015fka \u0130stanbul Ticaret \u00dcniversitesi site sitesi","potentialAction":[{"@type":"SearchAction","target":{"@type":"EntryPoint","urlTemplate":"http:\/\/ticaret.edu.tr\/kadin-ve-aile-uygulama-ve-arastirma-merkezi\/en\/?s={search_term_string}"},"query-input":"required name=search_term_string"}],"inLanguage":"tr"},{"@type":"Person","@id":"http:\/\/ticaret.edu.tr\/kadin-ve-aile-uygulama-ve-arastirma-merkezi\/en\/#\/schema\/person\/215c3ef896b7f2f5f257d1bea98c3529","name":"mckiziltas","image":{"@type":"ImageObject","inLanguage":"tr","@id":"http:\/\/ticaret.edu.tr\/kadin-ve-aile-uygulama-ve-arastirma-merkezi\/en\/#\/schema\/person\/image\/","url":"http:\/\/1.gravatar.com\/avatar\/a8607bcf789626b55174097b883033be?s=96&d=mm&r=g","contentUrl":"http:\/\/1.gravatar.com\/avatar\/a8607bcf789626b55174097b883033be?s=96&d=mm&r=g","caption":"mckiziltas"},"url":"http:\/\/ticaret.edu.tr\/kadin-ve-aile-uygulama-ve-arastirma-merkezi\/author\/mckiziltas\/"}]}},"lang":"tr","translations":{"tr":361},"pll_sync_post":[],"_links":{"self":[{"href":"http:\/\/ticaret.edu.tr\/kadin-ve-aile-uygulama-ve-arastirma-merkezi\/wp-json\/wp\/v2\/posts\/361"}],"collection":[{"href":"http:\/\/ticaret.edu.tr\/kadin-ve-aile-uygulama-ve-arastirma-merkezi\/wp-json\/wp\/v2\/posts"}],"about":[{"href":"http:\/\/ticaret.edu.tr\/kadin-ve-aile-uygulama-ve-arastirma-merkezi\/wp-json\/wp\/v2\/types\/post"}],"author":[{"embeddable":true,"href":"http:\/\/ticaret.edu.tr\/kadin-ve-aile-uygulama-ve-arastirma-merkezi\/wp-json\/wp\/v2\/users\/142"}],"replies":[{"embeddable":true,"href":"http:\/\/ticaret.edu.tr\/kadin-ve-aile-uygulama-ve-arastirma-merkezi\/wp-json\/wp\/v2\/comments?post=361"}],"version-history":[{"count":16,"href":"http:\/\/ticaret.edu.tr\/kadin-ve-aile-uygulama-ve-arastirma-merkezi\/wp-json\/wp\/v2\/posts\/361\/revisions"}],"predecessor-version":[{"id":563,"href":"http:\/\/ticaret.edu.tr\/kadin-ve-aile-uygulama-ve-arastirma-merkezi\/wp-json\/wp\/v2\/posts\/361\/revisions\/563"}],"wp:featuredmedia":[{"embeddable":true,"href":"http:\/\/ticaret.edu.tr\/kadin-ve-aile-uygulama-ve-arastirma-merkezi\/wp-json\/wp\/v2\/media\/362"}],"wp:attachment":[{"href":"http:\/\/ticaret.edu.tr\/kadin-ve-aile-uygulama-ve-arastirma-merkezi\/wp-json\/wp\/v2\/media?parent=361"}],"wp:term":[{"taxonomy":"category","embeddable":true,"href":"http:\/\/ticaret.edu.tr\/kadin-ve-aile-uygulama-ve-arastirma-merkezi\/wp-json\/wp\/v2\/categories?post=361"},{"taxonomy":"post_tag","embeddable":true,"href":"http:\/\/ticaret.edu.tr\/kadin-ve-aile-uygulama-ve-arastirma-merkezi\/wp-json\/wp\/v2\/tags?post=361"}],"curies":[{"name":"wp","href":"https:\/\/api.w.org\/{rel}","templated":true}]}}