{"id":49,"date":"2017-12-20T17:04:11","date_gmt":"2017-12-20T14:04:11","guid":{"rendered":"http:\/\/ticaret.edu.tr\/kauam\/?p=49"},"modified":"2021-12-07T10:10:04","modified_gmt":"2021-12-07T07:10:04","slug":"iv-toplumsal-cinsiyet-adaleti-kongresi-bosanma","status":"publish","type":"post","link":"http:\/\/ticaret.edu.tr\/kadin-ve-aile-uygulama-ve-arastirma-merkezi\/2017\/12\/20\/iv-toplumsal-cinsiyet-adaleti-kongresi-bosanma\/","title":{"rendered":"IV. TOPLUMSAL C\u0130NS\u0130YET ADALET\u0130 KONGRES\u0130 B\u0130LD\u0130R\u0130 \u00c7A\u011eRISI-BO\u015eANMA"},"content":{"rendered":"<p><a href=\"http:\/\/ww4.ticaret.edu.tr\/kadinveaile\/wp-content\/uploads\/sites\/72\/2017\/12\/DR5JAi8W4AAt65Y.jpg\"><img loading=\"lazy\" decoding=\"async\" class=\"alignnone size-medium wp-image-453\" src=\"http:\/\/ww4.ticaret.edu.tr\/kadinveaile\/wp-content\/uploads\/sites\/72\/2017\/12\/DR5JAi8W4AAt65Y-300x150.jpg\" alt=\"DR5JAi8W4AAt65Y\" width=\"300\" height=\"150\" \/><\/a><\/p>\n<p>Kad\u0131n konusunda yeni \u00e7al\u0131\u015fmalar\u0131n yap\u0131lmas\u0131na katk\u0131 sa\u011flamak, kad\u0131n \u00e7al\u0131\u015fmalar\u0131 alan\u0131nda yap\u0131lan ara\u015ft\u0131rmalar\u0131 bir araya getirerek \u00fcretilen bilgi birikimini yayg\u0131nla\u015ft\u0131rmak, kad\u0131n literat\u00fcr\u00fcndeki mevcut eksikliklerin giderilmesine katk\u0131 sa\u011flamak ve\u00a0<em>toplumsal cinsiyet adaleti<\/em>\u00a0kongre konu ba\u015fl\u0131\u011f\u0131n\u0131n alt\u0131nda kad\u0131n ve aile konusuna dikkat \u00e7ekmek \u00fczere, Kad\u0131n ve Demokrasi Derne\u011fi (KADEM) ile \u0130stanbul Ticaret \u00dcniversitesi Kad\u0131n ve Aile Uygulama ve Ara\u015ft\u0131rma Merkezi ortakl\u0131\u011f\u0131nda y\u00fcr\u00fct\u00fclen, 8 Mart 2018 tarihinde \u0130stanbul\u2019da\u00a0<strong>\u201cToplumsal Cinsiyet Adaleti: Bo\u015fanma\u201d<\/strong>\u00a0konulu bir kongre ger\u00e7ekle\u015ftirilecektir.<\/p>\n<p>Kongre, \u00fclkemizde kad\u0131n\u0131n toplumsal, akademik, siyasal, ekonomik ve sosyal ya\u015famdaki yeri ve stat\u00fcs\u00fc konusuna toplumsal cinsiyet adaleti \u00e7er\u00e7evesinde \u201cBo\u015fanma\u201d ba\u015fl\u0131\u011f\u0131nda farkl\u0131 bak\u0131\u015f a\u00e7\u0131lar\u0131 getirilmesine alan a\u00e7acakt\u0131r. Kongrede sunulacak bildirilerle; aile ve aile birli\u011finin bozulmas\u0131 durumunun tespiti ve \u00e7\u00f6z\u00fcm \u00f6nerilerine y\u00f6nelik fikir al\u0131\u015fveri\u015flerine imk\u00e2n verilerek bu konudaki bilgilerin ve deneyimlerin payla\u015f\u0131laca\u011f\u0131 disiplinler aras\u0131 bir tart\u0131\u015fma platformunun olu\u015fturulmas\u0131, g\u00fcn\u00fcm\u00fczde aile birli\u011finin bozulmas\u0131na neden olan sorunlar\u0131n \u00e7\u00f6z\u00fcm\u00fcne y\u00f6nelik yeni aray\u0131\u015flar\u0131n tart\u0131\u015f\u0131lmas\u0131na zemin a\u00e7\u0131lmas\u0131, kad\u0131n ve ailenin desteklenmesi amac\u0131yla y\u00fcr\u00fct\u00fclen sosyal politikalar\u0131n, yeni stratejilerin ve uygulamalar\u0131n alt yap\u0131s\u0131n\u0131n olu\u015fturulmas\u0131na katk\u0131 sa\u011flanmas\u0131 beklenmektedir.<\/p>\n<p>Kongreye kat\u0131l\u0131m \u00fccretsiz olup de\u011ferlendirilmek \u00fczere iletilen bildiri \u00f6zetleri 500-600 kelime aras\u0131nda olmal\u0131d\u0131r. Sunulmak \u00fczere kabul edilen bildiri \u00f6zetleri kongre kitap\u00e7\u0131\u011f\u0131nda yer alacak, kabul edilen bildiri \u00f6zetleri aras\u0131ndan se\u00e7ilen ilk \u00fc\u00e7 bildiri sahibine (\u00e7al\u0131\u015fmalar\u0131n\u0131, istenen \u00f6l\u00e7\u00fclerde makaleye d\u00f6n\u00fc\u015ft\u00fcrmek \u015fart\u0131yla) \u00f6d\u00fcl takdim edilecektir. Kongrede sunulan \u00f6zg\u00fcn bildirilerin KADEM Kad\u0131n Ara\u015ft\u0131rmalar\u0131 Dergisi\u2019nde yay\u0131mlanma olana\u011f\u0131 bulunmaktad\u0131r. Yazarlar\u0131 taraf\u0131ndan tam metin olarak makale format\u0131nda sunulan bildiriler edit\u00f6ryal ve hakem de\u011ferlendirme s\u00fcre\u00e7lerini ba\u015far\u0131l\u0131 \u015fekilde tamamlad\u0131klar\u0131nda kongre \u00f6zel say\u0131s\u0131nda yay\u0131nlanacakt\u0131r.<\/p>\n<p><strong>Kongre Tarihi: \u00a08 Mart 2018 Bildiri \u00d6zetlerinin Son Teslim Tarihi: 1 Ocak 2018 Kabul Edilen Bildiri \u00d6zetlerinin \u0130lan\u0131:<\/strong>\u00a0<strong>9 Ocak 2018 Bildiri Tam Metinlerinin Teslim Tarihi: 23 \u015eubat 2018<\/strong>\u00a0 (Tam metin en az 2500 kelimeden olu\u015fmal\u0131d\u0131r.)<\/p>\n<p><strong>\u00d6d\u00fcller Birincilik \u00d6d\u00fcl\u00fc: 5.000 TL \u0130kincilik \u00d6d\u00fcl\u00fc: 3.000 TL \u00dc\u00e7\u00fcnc\u00fcl\u00fck \u00d6d\u00fcl\u00fc: 1.500 TL<\/strong><\/p>\n<p>Bildiri \u00e7a\u011fr\u0131s\u0131; kad\u0131n \u00e7al\u0131\u015fmalar\u0131, iktisat, hukuk, siyaset bilimi, sa\u011fl\u0131k, antropoloji, sosyoloji, psikoloji, k\u00fclt\u00fcr, sanat ve ileti\u015fim gibi disiplinlerden kat\u0131l\u0131mc\u0131lara a\u00e7\u0131kt\u0131r.<\/p>\n<p><strong>Bildiri Konu Ba\u015fl\u0131klar\u0131<\/strong><\/p>\n<p><strong>DE\u011e\u0130\u015eEN A\u0130LE YAPISI<\/strong><\/p>\n<ul>\n<li>G\u00fc\u00e7l\u00fc Aile Ba\u011flar\u0131 ve T\u00fcrkiye<\/li>\n<li>Ailede Annelik\/ Babal\u0131k Rol\u00fcn\u00fcn De\u011fi\u015fimi ve Sorunlar\u0131<\/li>\n<li>Aile \u0130\u00e7i \u0130leti\u015fimde De\u011fi\u015fim ve De\u011fi\u015fimin Kaynaklar\u0131<\/li>\n<li>Aile Kurmak ve Aile Olmak<\/li>\n<li>Evlilikte E\u015flerin Hak ve Sorumluluklar\u0131<\/li>\n<li>Evlilik \u00d6ncesi E\u011fitimin \u0130mk\u00e2n\u0131<\/li>\n<li>Evlilik ve \u0130ktidar \u0130li\u015fkisi<\/li>\n<\/ul>\n<p><strong>A\u0130LEN\u0130N \u00c7\u00d6Z\u00dcLMES\u0130 VE BO\u015eANMA \u00d6NCES\u0130<\/strong><\/p>\n<ul>\n<li>Ailenin \u0130\u015flevsizli\u011fi ve Bo\u015fanma<\/li>\n<li>Bo\u015fanmay\u0131 Etkileyen Sosyo-Ekonomik S\u00fcre\u00e7ler<\/li>\n<li>\u00d6fke Kontrol\u00fc ve \u015eiddet D\u00fczeyleri<\/li>\n<li>K\u0131skan\u00e7l\u0131k<\/li>\n<li>Sadakatsizlik<\/li>\n<li>Bo\u015fanma \u00d6ncesi Aileye Deste\u011fin \u0130mk\u00e2n\u0131<\/li>\n<li>Sosyal Medyan\u0131n Aile Birli\u011fine Etkileri<\/li>\n<\/ul>\n<p><strong>BO\u015eANMA VE SONRASI<\/strong><\/p>\n<ul>\n<li>Bo\u015fanma Nedenleri ve Toplumsal Alt Yap\u0131<\/li>\n<li>Bo\u015fanma ve Ku\u015faklar Aras\u0131 \u0130li\u015fkiler<\/li>\n<li>Bo\u015fanma Sonras\u0131 Aile Dinamikleri<\/li>\n<li>Ebeveynlik ve Bo\u015fanma<\/li>\n<li>Bo\u015fanman\u0131nBireyler \u00dczerindeki Etkileri (Kad\u0131n\/Erkek\/\u00c7ocuk)<\/li>\n<li>E\u015flerin Ailelerinin Bo\u015fanmaya Etkisi<\/li>\n<\/ul>\n<p><strong>BO\u015eANMA \u00d6NCES\u0130\/SONRASI HUKUK\u0130 S\u00dcRE\u00c7LER<\/strong><\/p>\n<ul>\n<li>Hukuki D\u00fczenlemeler: Nafaka, Velayet ve Ortak Mal Rejimi<\/li>\n<li>Arabuluculuk Kurumu ve Yap\u0131s\u0131<\/li>\n<li>6284 Numaral\u0131 Kanun ve Uygulanmas\u0131<\/li>\n<li>Velayet, Velayetin Ortak Kullan\u0131lmas\u0131<\/li>\n<li>\u0130slam Hukukunda Bo\u015fanma, Velayet ve Nafaka<\/li>\n<li>Bo\u015fanma S\u00fcresi ve Nafaka<\/li>\n<li>Bo\u015fanmada ve Sonras\u0131nda \u00c7ocu\u011fun Hukukunun Korunmas\u0131<\/li>\n<\/ul>\n<p><strong>BO\u015eANMA SONRASI \u0130\u00c7\u0130N S\u0130YAS\u0130 VE HUKUK\u0130 \u00d6NER\u0130LER<\/strong><\/p>\n<p><strong>Bildiri \u00d6zeti Yaz\u0131m Kurallar\u0131<\/strong><\/p>\n<ul>\n<li>Bildiri \u00f6zetleri, T\u00fcrk\u00e7e ve \u0130ngilizce olarak iki dilde g\u00f6nderilmelidir.<\/li>\n<li>Bildiri \u00f6zetleri, Times New Roman fontu ile 1,5 sat\u0131r aral\u0131\u011f\u0131 kullan\u0131larak 12 punto ile yaz\u0131lmal\u0131, 500-600 kelime aral\u0131\u011f\u0131nda olmal\u0131d\u0131r. Anahtar kelimeler (keywords) 5 kelimeyi ge\u00e7memelidir.<\/li>\n<li>Kullan\u0131lan \u015fekil ve tablolar bildiri \u00f6zetinin ekinde ayr\u0131 olarak g\u00f6nderilmelidir.<\/li>\n<li>T\u00fcrk Dil Kurumu\u2019nun iml\u00e2 k\u0131lavuzu esas al\u0131nmal\u0131, yabanc\u0131 s\u00f6zc\u00fckler yerine olabildi\u011fince T\u00fcrk\u00e7e s\u00f6zc\u00fckler kullan\u0131lmal\u0131d\u0131r. T\u00fcrk\u00e7e\u2019de al\u0131\u015f\u0131lmam\u0131\u015f s\u00f6zc\u00fcklerin metin i\u00e7erisinde kullan\u0131m\u0131 zorunlu ise, kelimenin ilk ge\u00e7ti\u011fi yerde yabanc\u0131 dildeki kar\u015f\u0131l\u0131\u011f\u0131 parantez i\u00e7inde T\u00fcrk\u00e7e ve \u0130ngilizce olarak verilmelidir.<\/li>\n<li>Ba\u015fl\u0131k en fazla 10-12 kelimeden olu\u015fmal\u0131, T\u00fcrk\u00e7e ve \u0130ngilizce olarak sunulmal\u0131d\u0131r.<\/li>\n<li>Ba\u015fl\u0131k alt\u0131nda yazarlar\u0131n ad\u0131 ve soyad\u0131, unvan\u0131 ve \u00e7al\u0131\u015ft\u0131\u011f\u0131 kurum yer almal\u0131d\u0131r.<\/li>\n<li>Bildiri \u00f6zetinde yer alan, yararlan\u0131lan t\u00fcm kaynaklar ayr\u0131 bir sayfadan ba\u015flayarak alfabetik s\u0131rada Kaynaklar ba\u015fl\u0131\u011f\u0131 alt\u0131nda \u201cYazar Soyad\u0131, Ad\u0131 (Yay\u0131n Y\u0131l\u0131) Kitap \u0130smi (italik harflerle) veya Makale \u0130smi, Dergi Ad\u0131 (italik harflerle) Bas\u0131m Yeri: Bas\u0131mevi, dergide yer ald\u0131\u011f\u0131 sayfa numaralar\u0131\u201d s\u0131ras\u0131 ile verilmelidir. Kitap isimleri italik harflerle, makale isimleri normal harflerle, dergi ad\u0131 italik olarak yaz\u0131lmal\u0131d\u0131r. Ayr\u0131ca yay\u0131mlanmam\u0131\u015f kaynaklardan yap\u0131lan al\u0131nt\u0131lar da tam olarak anla\u015f\u0131lacak \u015fekilde kullan\u0131lmal\u0131d\u0131r.<\/li>\n<li>Burada de\u011finilmeyen konular i\u00e7in APA yaz\u0131m \u015fartlar\u0131na ba\u015fvurulabilir. Kaynak: Amerikan Psikoloji Derne\u011fi (2015).\u00a0<em>APA Publication Manual Yaz\u0131m K\u0131lavuzu<\/em>. (10.bs.). T\u00fcrkiye, \u0130stanbul: Kakn\u00fcs Yay\u0131nlar\u0131.<\/li>\n<li>Bildiri \u00f6zeti yaz\u0131m kurallar\u0131na uymayan metinler, gerekli d\u00fczeltmelerin yap\u0131lmas\u0131 i\u00e7in yazarlar\u0131na geri g\u00f6nderilir.<\/li>\n<li>Bildiri \u00f6zetleri\u00a0<strong>kademkongre2018@kadem.org.tr<\/strong>\u00a0adresine e-posta arac\u0131l\u0131\u011f\u0131 ile g\u00f6nderilecektir. Bildirileri \u00f6zetlerinin en son 1 Ocak 2018 tarihine kadar ula\u015ft\u0131r\u0131lmas\u0131 gerekmektedir. Kat\u0131l\u0131mc\u0131lara en ge\u00e7 9 Ocak 2018 tarihi itibar\u0131 ile bildirilerinin kabul\/ret durumlar\u0131 bildirilecektir.<\/li>\n<\/ul>\n<p><strong>\u00a0<\/strong><strong>Kongre D\u00fczenleme Kurulu<\/strong><\/p>\n<p>Prof. Dr. Nurg\u00fcn Oktik (Kongre Ba\u015fkan\u0131)<\/p>\n<p>Prof. Dr. Nurg\u00fcl Keser<\/p>\n<p>Prof. Dr. Y\u00fccel O\u011furlu<\/p>\n<p>Prof. Dr. Oya Da\u011flar Macar<\/p>\n<p>Do\u00e7. Dr. Sare Ayd\u0131n Y\u0131lmaz<\/p>\n<p>Do\u00e7. Dr. Elif Hobiko\u011flu<\/p>\n<p>Do\u00e7. Dr. Fatma Ayano\u011flu<\/p>\n<p>Do\u00e7. Dr. Fatih Aysan<\/p>\n<p>Do\u00e7. Dr. \u00d6zg\u00fcr Sar\u0131<\/p>\n<p>Yrd. Do\u00e7. Dr. \u015eule Albayrak<\/p>\n<p>Yrd. Do\u00e7. Dr. Saliha Okur G\u00fcmr\u00fck\u00e7\u00fco\u011flu<\/p>\n<p>Yrd. Do\u00e7. Dr. Ebru \u015eens\u00f6z Malko\u00e7<\/p>\n<p>Yrd. Do\u00e7. Dr. Zeynep Kevser \u015eerefo\u011flu Dan\u0131\u015f<\/p>\n<p>Dr. Esra Albayrak<\/p>\n<p><strong>Kongre Organizasyon Komitesi<\/strong><\/p>\n<p>Meryem \u0130layda Atlas (Komite Ba\u015fkan\u0131)<\/p>\n<p>Bet\u00fcl Alt\u0131nsoy Yan\u0131lmaz<\/p>\n<p>Hande Y\u00fccel<\/p>\n<p>G\u00fcll\u00fc Sonakalan<\/p>\n<p><a href=\"http:\/\/kadinarastirmalari.kadem.org.tr\/iv-toplumsal-cinsiyet-adaleti-kongresi-kongre-bildiri-cagrisi\/\">http:\/\/kadinarastirmalari.kadem.org.tr\/iv-toplumsal-cinsiyet-adaleti-kongresi-kongre-bildiri-cagrisi\/<\/a><\/p>\n","protected":false},"excerpt":{"rendered":"<p>Kad\u0131n konusunda yeni \u00e7al\u0131\u015fmalar\u0131n yap\u0131lmas\u0131na katk\u0131 sa\u011flamak, kad\u0131n \u00e7al\u0131\u015fmalar\u0131 alan\u0131nda yap\u0131lan ara\u015ft\u0131rmalar\u0131 bir araya getirerek \u00fcretilen bilgi birikimini yayg\u0131nla\u015ft\u0131rmak, kad\u0131n literat\u00fcr\u00fcndeki mevcut eksikliklerin giderilmesine katk\u0131 sa\u011flamak ve\u00a0toplumsal cinsiyet adaleti\u00a0kongre konu ba\u015fl\u0131\u011f\u0131n\u0131n alt\u0131nda kad\u0131n ve aile konusuna dikkat \u00e7ekmek \u00fczere, Kad\u0131n ve Demokrasi Derne\u011fi (KADEM) ile \u0130stanbul Ticaret \u00dcniversitesi Kad\u0131n ve Aile Uygulama ve Ara\u015ft\u0131rma Merkezi [&hellip;]<\/p>\n","protected":false},"author":142,"featured_media":0,"comment_status":"closed","ping_status":"closed","sticky":false,"template":"","format":"standard","meta":{"footnotes":""},"categories":[3],"tags":[],"yoast_head":"<!-- This site is optimized with the Yoast SEO Premium plugin v22.1 (Yoast SEO v22.1) - https:\/\/yoast.com\/wordpress\/plugins\/seo\/ -->\n<title>IV. TOPLUMSAL C\u0130NS\u0130YET ADALET\u0130 KONGRES\u0130 B\u0130LD\u0130R\u0130 \u00c7A\u011eRISI-BO\u015eANMA - Duyurular - Kad\u0131n ve Aile Uygulama ve Ara\u015ft\u0131rma Merkezi<\/title>\n<meta name=\"description\" content=\"IV. TOPLUMSAL C\u0130NS\u0130YET ADALET\u0130 KONGRES\u0130 B\u0130LD\u0130R\u0130 \u00c7A\u011eRISI-BO\u015eANMA\" \/>\n<meta name=\"robots\" content=\"index, follow, max-snippet:-1, max-image-preview:large, max-video-preview:-1\" \/>\n<link rel=\"canonical\" href=\"http:\/\/ticaret.edu.tr\/kadin-ve-aile-uygulama-ve-arastirma-merkezi\/2017\/12\/20\/iv-toplumsal-cinsiyet-adaleti-kongresi-bosanma\/\" \/>\n<meta property=\"og:locale\" content=\"tr_TR\" \/>\n<meta property=\"og:type\" content=\"article\" \/>\n<meta property=\"og:title\" content=\"IV. TOPLUMSAL C\u0130NS\u0130YET ADALET\u0130 KONGRES\u0130 B\u0130LD\u0130R\u0130 \u00c7A\u011eRISI-BO\u015eANMA\" \/>\n<meta property=\"og:description\" content=\"IV. TOPLUMSAL C\u0130NS\u0130YET ADALET\u0130 KONGRES\u0130 B\u0130LD\u0130R\u0130 \u00c7A\u011eRISI-BO\u015eANMA\" \/>\n<meta property=\"og:url\" content=\"http:\/\/ticaret.edu.tr\/kadin-ve-aile-uygulama-ve-arastirma-merkezi\/2017\/12\/20\/iv-toplumsal-cinsiyet-adaleti-kongresi-bosanma\/\" \/>\n<meta property=\"og:site_name\" content=\"Kad\u0131n ve Aile Uygulama ve Ara\u015ft\u0131rma Merkezi\" \/>\n<meta property=\"article:publisher\" content=\"https:\/\/www.facebook.com\/ticaretedutr\" \/>\n<meta property=\"article:published_time\" content=\"2017-12-20T14:04:11+00:00\" \/>\n<meta property=\"article:modified_time\" content=\"2021-12-07T07:10:04+00:00\" \/>\n<meta property=\"og:image\" content=\"http:\/\/ww4.ticaret.edu.tr\/kadinveaile\/wp-content\/uploads\/sites\/72\/2017\/12\/DR5JAi8W4AAt65Y-300x150.jpg\" \/>\n<meta name=\"author\" content=\"mckiziltas\" \/>\n<meta name=\"twitter:card\" content=\"summary_large_image\" \/>\n<meta name=\"twitter:creator\" content=\"@ticaretedutr\" \/>\n<meta name=\"twitter:site\" content=\"@ticaretedutr\" \/>\n<meta name=\"twitter:label1\" content=\"Yazan:\" \/>\n\t<meta name=\"twitter:data1\" content=\"mckiziltas\" \/>\n\t<meta name=\"twitter:label2\" content=\"Tahmini okuma s\u00fcresi\" \/>\n\t<meta name=\"twitter:data2\" content=\"6 dakika\" \/>\n<script type=\"application\/ld+json\" class=\"yoast-schema-graph\">{\"@context\":\"https:\/\/schema.org\",\"@graph\":[{\"@type\":\"WebPage\",\"@id\":\"http:\/\/ticaret.edu.tr\/kadin-ve-aile-uygulama-ve-arastirma-merkezi\/2017\/12\/20\/iv-toplumsal-cinsiyet-adaleti-kongresi-bosanma\/\",\"url\":\"http:\/\/ticaret.edu.tr\/kadin-ve-aile-uygulama-ve-arastirma-merkezi\/2017\/12\/20\/iv-toplumsal-cinsiyet-adaleti-kongresi-bosanma\/\",\"name\":\"IV. TOPLUMSAL C\u0130NS\u0130YET ADALET\u0130 KONGRES\u0130 B\u0130LD\u0130R\u0130 \u00c7A\u011eRISI-BO\u015eANMA - Duyurular - Kad\u0131n ve Aile Uygulama ve Ara\u015ft\u0131rma Merkezi\",\"isPartOf\":{\"@id\":\"http:\/\/ticaret.edu.tr\/kadin-ve-aile-uygulama-ve-arastirma-merkezi\/en\/#website\"},\"datePublished\":\"2017-12-20T14:04:11+00:00\",\"dateModified\":\"2021-12-07T07:10:04+00:00\",\"author\":{\"@id\":\"http:\/\/ticaret.edu.tr\/kadin-ve-aile-uygulama-ve-arastirma-merkezi\/en\/#\/schema\/person\/215c3ef896b7f2f5f257d1bea98c3529\"},\"description\":\"IV. TOPLUMSAL C\u0130NS\u0130YET ADALET\u0130 KONGRES\u0130 B\u0130LD\u0130R\u0130 \u00c7A\u011eRISI-BO\u015eANMA\",\"breadcrumb\":{\"@id\":\"http:\/\/ticaret.edu.tr\/kadin-ve-aile-uygulama-ve-arastirma-merkezi\/2017\/12\/20\/iv-toplumsal-cinsiyet-adaleti-kongresi-bosanma\/#breadcrumb\"},\"inLanguage\":\"tr\",\"potentialAction\":[{\"@type\":\"ReadAction\",\"target\":[\"http:\/\/ticaret.edu.tr\/kadin-ve-aile-uygulama-ve-arastirma-merkezi\/2017\/12\/20\/iv-toplumsal-cinsiyet-adaleti-kongresi-bosanma\/\"]}]},{\"@type\":\"BreadcrumbList\",\"@id\":\"http:\/\/ticaret.edu.tr\/kadin-ve-aile-uygulama-ve-arastirma-merkezi\/2017\/12\/20\/iv-toplumsal-cinsiyet-adaleti-kongresi-bosanma\/#breadcrumb\",\"itemListElement\":[{\"@type\":\"ListItem\",\"position\":1,\"name\":\"Ana sayfa\",\"item\":\"https:\/\/ticaret.edu.tr\/kadin-ve-aile-uygulama-ve-arastirma-merkezi\/\"},{\"@type\":\"ListItem\",\"position\":2,\"name\":\"IV. TOPLUMSAL C\u0130NS\u0130YET ADALET\u0130 KONGRES\u0130 B\u0130LD\u0130R\u0130 \u00c7A\u011eRISI-BO\u015eANMA\"}]},{\"@type\":\"WebSite\",\"@id\":\"http:\/\/ticaret.edu.tr\/kadin-ve-aile-uygulama-ve-arastirma-merkezi\/en\/#website\",\"url\":\"http:\/\/ticaret.edu.tr\/kadin-ve-aile-uygulama-ve-arastirma-merkezi\/en\/\",\"name\":\"Kad\u0131n ve Aile Uygulama ve Ara\u015ft\u0131rma Merkezi\",\"description\":\"Bir ba\u015fka \u0130stanbul Ticaret \u00dcniversitesi site sitesi\",\"potentialAction\":[{\"@type\":\"SearchAction\",\"target\":{\"@type\":\"EntryPoint\",\"urlTemplate\":\"http:\/\/ticaret.edu.tr\/kadin-ve-aile-uygulama-ve-arastirma-merkezi\/en\/?s={search_term_string}\"},\"query-input\":\"required name=search_term_string\"}],\"inLanguage\":\"tr\"},{\"@type\":\"Person\",\"@id\":\"http:\/\/ticaret.edu.tr\/kadin-ve-aile-uygulama-ve-arastirma-merkezi\/en\/#\/schema\/person\/215c3ef896b7f2f5f257d1bea98c3529\",\"name\":\"mckiziltas\",\"image\":{\"@type\":\"ImageObject\",\"inLanguage\":\"tr\",\"@id\":\"http:\/\/ticaret.edu.tr\/kadin-ve-aile-uygulama-ve-arastirma-merkezi\/en\/#\/schema\/person\/image\/\",\"url\":\"http:\/\/1.gravatar.com\/avatar\/a8607bcf789626b55174097b883033be?s=96&d=mm&r=g\",\"contentUrl\":\"http:\/\/1.gravatar.com\/avatar\/a8607bcf789626b55174097b883033be?s=96&d=mm&r=g\",\"caption\":\"mckiziltas\"},\"url\":\"http:\/\/ticaret.edu.tr\/kadin-ve-aile-uygulama-ve-arastirma-merkezi\/author\/mckiziltas\/\"}]}<\/script>\n<!-- \/ Yoast SEO Premium plugin. -->","yoast_head_json":{"title":"IV. TOPLUMSAL C\u0130NS\u0130YET ADALET\u0130 KONGRES\u0130 B\u0130LD\u0130R\u0130 \u00c7A\u011eRISI-BO\u015eANMA - Duyurular - Kad\u0131n ve Aile Uygulama ve Ara\u015ft\u0131rma Merkezi","description":"IV. TOPLUMSAL C\u0130NS\u0130YET ADALET\u0130 KONGRES\u0130 B\u0130LD\u0130R\u0130 \u00c7A\u011eRISI-BO\u015eANMA","robots":{"index":"index","follow":"follow","max-snippet":"max-snippet:-1","max-image-preview":"max-image-preview:large","max-video-preview":"max-video-preview:-1"},"canonical":"http:\/\/ticaret.edu.tr\/kadin-ve-aile-uygulama-ve-arastirma-merkezi\/2017\/12\/20\/iv-toplumsal-cinsiyet-adaleti-kongresi-bosanma\/","og_locale":"tr_TR","og_type":"article","og_title":"IV. TOPLUMSAL C\u0130NS\u0130YET ADALET\u0130 KONGRES\u0130 B\u0130LD\u0130R\u0130 \u00c7A\u011eRISI-BO\u015eANMA","og_description":"IV. TOPLUMSAL C\u0130NS\u0130YET ADALET\u0130 KONGRES\u0130 B\u0130LD\u0130R\u0130 \u00c7A\u011eRISI-BO\u015eANMA","og_url":"http:\/\/ticaret.edu.tr\/kadin-ve-aile-uygulama-ve-arastirma-merkezi\/2017\/12\/20\/iv-toplumsal-cinsiyet-adaleti-kongresi-bosanma\/","og_site_name":"Kad\u0131n ve Aile Uygulama ve Ara\u015ft\u0131rma Merkezi","article_publisher":"https:\/\/www.facebook.com\/ticaretedutr","article_published_time":"2017-12-20T14:04:11+00:00","article_modified_time":"2021-12-07T07:10:04+00:00","og_image":[{"url":"http:\/\/ww4.ticaret.edu.tr\/kadinveaile\/wp-content\/uploads\/sites\/72\/2017\/12\/DR5JAi8W4AAt65Y-300x150.jpg"}],"author":"mckiziltas","twitter_card":"summary_large_image","twitter_creator":"@ticaretedutr","twitter_site":"@ticaretedutr","twitter_misc":{"Yazan:":"mckiziltas","Tahmini okuma s\u00fcresi":"6 dakika"},"schema":{"@context":"https:\/\/schema.org","@graph":[{"@type":"WebPage","@id":"http:\/\/ticaret.edu.tr\/kadin-ve-aile-uygulama-ve-arastirma-merkezi\/2017\/12\/20\/iv-toplumsal-cinsiyet-adaleti-kongresi-bosanma\/","url":"http:\/\/ticaret.edu.tr\/kadin-ve-aile-uygulama-ve-arastirma-merkezi\/2017\/12\/20\/iv-toplumsal-cinsiyet-adaleti-kongresi-bosanma\/","name":"IV. TOPLUMSAL C\u0130NS\u0130YET ADALET\u0130 KONGRES\u0130 B\u0130LD\u0130R\u0130 \u00c7A\u011eRISI-BO\u015eANMA - Duyurular - Kad\u0131n ve Aile Uygulama ve Ara\u015ft\u0131rma Merkezi","isPartOf":{"@id":"http:\/\/ticaret.edu.tr\/kadin-ve-aile-uygulama-ve-arastirma-merkezi\/en\/#website"},"datePublished":"2017-12-20T14:04:11+00:00","dateModified":"2021-12-07T07:10:04+00:00","author":{"@id":"http:\/\/ticaret.edu.tr\/kadin-ve-aile-uygulama-ve-arastirma-merkezi\/en\/#\/schema\/person\/215c3ef896b7f2f5f257d1bea98c3529"},"description":"IV. TOPLUMSAL C\u0130NS\u0130YET ADALET\u0130 KONGRES\u0130 B\u0130LD\u0130R\u0130 \u00c7A\u011eRISI-BO\u015eANMA","breadcrumb":{"@id":"http:\/\/ticaret.edu.tr\/kadin-ve-aile-uygulama-ve-arastirma-merkezi\/2017\/12\/20\/iv-toplumsal-cinsiyet-adaleti-kongresi-bosanma\/#breadcrumb"},"inLanguage":"tr","potentialAction":[{"@type":"ReadAction","target":["http:\/\/ticaret.edu.tr\/kadin-ve-aile-uygulama-ve-arastirma-merkezi\/2017\/12\/20\/iv-toplumsal-cinsiyet-adaleti-kongresi-bosanma\/"]}]},{"@type":"BreadcrumbList","@id":"http:\/\/ticaret.edu.tr\/kadin-ve-aile-uygulama-ve-arastirma-merkezi\/2017\/12\/20\/iv-toplumsal-cinsiyet-adaleti-kongresi-bosanma\/#breadcrumb","itemListElement":[{"@type":"ListItem","position":1,"name":"Ana sayfa","item":"https:\/\/ticaret.edu.tr\/kadin-ve-aile-uygulama-ve-arastirma-merkezi\/"},{"@type":"ListItem","position":2,"name":"IV. TOPLUMSAL C\u0130NS\u0130YET ADALET\u0130 KONGRES\u0130 B\u0130LD\u0130R\u0130 \u00c7A\u011eRISI-BO\u015eANMA"}]},{"@type":"WebSite","@id":"http:\/\/ticaret.edu.tr\/kadin-ve-aile-uygulama-ve-arastirma-merkezi\/en\/#website","url":"http:\/\/ticaret.edu.tr\/kadin-ve-aile-uygulama-ve-arastirma-merkezi\/en\/","name":"Kad\u0131n ve Aile Uygulama ve Ara\u015ft\u0131rma Merkezi","description":"Bir ba\u015fka \u0130stanbul Ticaret \u00dcniversitesi site sitesi","potentialAction":[{"@type":"SearchAction","target":{"@type":"EntryPoint","urlTemplate":"http:\/\/ticaret.edu.tr\/kadin-ve-aile-uygulama-ve-arastirma-merkezi\/en\/?s={search_term_string}"},"query-input":"required name=search_term_string"}],"inLanguage":"tr"},{"@type":"Person","@id":"http:\/\/ticaret.edu.tr\/kadin-ve-aile-uygulama-ve-arastirma-merkezi\/en\/#\/schema\/person\/215c3ef896b7f2f5f257d1bea98c3529","name":"mckiziltas","image":{"@type":"ImageObject","inLanguage":"tr","@id":"http:\/\/ticaret.edu.tr\/kadin-ve-aile-uygulama-ve-arastirma-merkezi\/en\/#\/schema\/person\/image\/","url":"http:\/\/1.gravatar.com\/avatar\/a8607bcf789626b55174097b883033be?s=96&d=mm&r=g","contentUrl":"http:\/\/1.gravatar.com\/avatar\/a8607bcf789626b55174097b883033be?s=96&d=mm&r=g","caption":"mckiziltas"},"url":"http:\/\/ticaret.edu.tr\/kadin-ve-aile-uygulama-ve-arastirma-merkezi\/author\/mckiziltas\/"}]}},"lang":"tr","translations":{"tr":49},"pll_sync_post":[],"_links":{"self":[{"href":"http:\/\/ticaret.edu.tr\/kadin-ve-aile-uygulama-ve-arastirma-merkezi\/wp-json\/wp\/v2\/posts\/49"}],"collection":[{"href":"http:\/\/ticaret.edu.tr\/kadin-ve-aile-uygulama-ve-arastirma-merkezi\/wp-json\/wp\/v2\/posts"}],"about":[{"href":"http:\/\/ticaret.edu.tr\/kadin-ve-aile-uygulama-ve-arastirma-merkezi\/wp-json\/wp\/v2\/types\/post"}],"author":[{"embeddable":true,"href":"http:\/\/ticaret.edu.tr\/kadin-ve-aile-uygulama-ve-arastirma-merkezi\/wp-json\/wp\/v2\/users\/142"}],"replies":[{"embeddable":true,"href":"http:\/\/ticaret.edu.tr\/kadin-ve-aile-uygulama-ve-arastirma-merkezi\/wp-json\/wp\/v2\/comments?post=49"}],"version-history":[{"count":2,"href":"http:\/\/ticaret.edu.tr\/kadin-ve-aile-uygulama-ve-arastirma-merkezi\/wp-json\/wp\/v2\/posts\/49\/revisions"}],"predecessor-version":[{"id":164,"href":"http:\/\/ticaret.edu.tr\/kadin-ve-aile-uygulama-ve-arastirma-merkezi\/wp-json\/wp\/v2\/posts\/49\/revisions\/164"}],"wp:attachment":[{"href":"http:\/\/ticaret.edu.tr\/kadin-ve-aile-uygulama-ve-arastirma-merkezi\/wp-json\/wp\/v2\/media?parent=49"}],"wp:term":[{"taxonomy":"category","embeddable":true,"href":"http:\/\/ticaret.edu.tr\/kadin-ve-aile-uygulama-ve-arastirma-merkezi\/wp-json\/wp\/v2\/categories?post=49"},{"taxonomy":"post_tag","embeddable":true,"href":"http:\/\/ticaret.edu.tr\/kadin-ve-aile-uygulama-ve-arastirma-merkezi\/wp-json\/wp\/v2\/tags?post=49"}],"curies":[{"name":"wp","href":"https:\/\/api.w.org\/{rel}","templated":true}]}}