{"id":53,"date":"2017-11-13T17:06:26","date_gmt":"2017-11-13T14:06:26","guid":{"rendered":"http:\/\/ticaret.edu.tr\/kauam\/?p=53"},"modified":"2021-12-07T10:12:56","modified_gmt":"2021-12-07T07:12:56","slug":"iv-toplumsal-cinsiyet-adaleti-kongresine-kabul-edilen-bildiriler-aciklandi","status":"publish","type":"post","link":"http:\/\/ticaret.edu.tr\/kadin-ve-aile-uygulama-ve-arastirma-merkezi\/2017\/11\/13\/iv-toplumsal-cinsiyet-adaleti-kongresine-kabul-edilen-bildiriler-aciklandi\/","title":{"rendered":"IV. TOPLUMSAL C\u0130NS\u0130YET ADALET\u0130 KONGRES\u0130NE KABUL ED\u0130LEN B\u0130LD\u0130R\u0130LER A\u00c7IKLANDI"},"content":{"rendered":"<p><a href=\"http:\/\/ww4.ticaret.edu.tr\/kadinveaile\/wp-content\/uploads\/sites\/72\/2018\/01\/KADEM_UTCA_Kongresi_4_popup.jpg\"><img loading=\"lazy\" decoding=\"async\" class=\"alignnone size-medium wp-image-501\" src=\"http:\/\/ww4.ticaret.edu.tr\/kadinveaile\/wp-content\/uploads\/sites\/72\/2018\/01\/KADEM_UTCA_Kongresi_4_popup-300x150.jpg\" alt=\"KADEM_UTCA_Kongresi_4_popup\" width=\"300\" height=\"150\" \/><\/a><\/p>\n<p><strong>IV.Toplumsal Cinsiyet Adaleti Kongresi Kabul Edilen Bildirilerin Listesi<\/strong><\/p>\n<table style=\"height: 2059px\" width=\"663\">\n<tbody>\n<tr>\n<td width=\"247\"><strong>Sorumlu Yazar\/Ad Soyad <\/strong><\/td>\n<td width=\"378\"><strong>Bildiri Ba\u015fl\u0131\u011f\u0131<\/strong><\/td>\n<\/tr>\n<tr>\n<td width=\"247\">Abdullah Aydo\u011fan<\/td>\n<td width=\"378\">Osmanl\u0131 Toplumunda Kad\u0131na Y\u00f6nelik S\u00f6zl\u00fc \u015eiddet Sonucu Tefrik ile Bo\u015fanma: Mara\u015f \u00d6rne\u011fi<\/td>\n<\/tr>\n<tr>\n<td width=\"247\">Aysel \u00d6zdemir,<br \/>\nYrd. Do\u00e7. Funda Budak,<br \/>\nAbdurrezzak G\u00fcltekin<\/td>\n<td width=\"378\">Bo\u015fanman\u0131n \u00c7ocuk Ruh Sa\u011fl\u0131\u011f\u0131 \u00dczerine Etkileri<\/td>\n<\/tr>\n<tr>\n<td width=\"247\">Psk. B\u00fc\u015fra Kahraman<br \/>\nPsk. S\u00fcmeyra Gemici<br \/>\nPsi. Dan. Tevhide Kahraman<\/td>\n<td width=\"378\">\u0130lk ve Orta\u00f6\u011fretim D\u00fczeyindeki \u00c7ocuklar\u0131n Ebeveyn Kabul-Red Alg\u0131s\u0131n\u0131n \u00c7ocu\u011fun Velayet Durumuna G\u00f6re Kar\u015f\u0131la\u015ft\u0131r\u0131lmas\u0131<\/td>\n<\/tr>\n<tr>\n<td width=\"247\">Canan Tatar<\/td>\n<td width=\"378\">\u0130slam Hukukundaki Hid\u00e2ne M\u00fcessesinin G\u00fcn\u00fcm\u00fcz Uygulamas\u0131 \u0130le Muk\u00e2yesesi<\/td>\n<\/tr>\n<tr>\n<td width=\"247\">Ejder Okumu\u015f<\/td>\n<td width=\"378\">Bo\u015fanma ve Din<\/td>\n<\/tr>\n<tr>\n<td width=\"247\">Do\u00e7. Dr. Cihad Demirli,<br \/>\nElif Kurtulmu\u015f<\/td>\n<td width=\"378\">E\u015fler Aras\u0131ndaki Psikolojik \u015eiddetin Demografik \u00d6zellikler A\u00e7\u0131s\u0131ndan \u0130ncelenmesi<\/td>\n<\/tr>\n<tr>\n<td width=\"247\">Elif Sar\u0131ca Darol<br \/>\nBet\u00fcl Karap\u0131nar<br \/>\nAlperen Karap\u0131nar<\/td>\n<td width=\"378\">Bo\u015fanm\u0131\u015f Kad\u0131nlar\u0131n Stres Temelli Hastal\u0131klar \u00d6zelinde Mukayeseli ve \u0130statistiksel Analizi<\/td>\n<\/tr>\n<tr>\n<td width=\"247\">Esra Narin<\/td>\n<td width=\"378\">\u0130slam Aile Hukukunda Velayet<\/td>\n<\/tr>\n<tr>\n<td width=\"247\">Ar.G\u00f6r. Fatih D\u00fc\u011fmeci<br \/>\nAr. G\u00f6r. Esin G\u00fcrsel<\/td>\n<td width=\"378\">Kad\u0131na Y\u00f6nelik Aile \u0130\u00e7i \u015eiddetin \u00d6nlenmesi Hususunda Devletin \u00d6zen Y\u00fck\u00fcml\u00fcl\u00fc\u011f\u00fc<\/td>\n<\/tr>\n<tr>\n<td width=\"247\">Fatma Baynal<\/td>\n<td width=\"378\">Evlenme Deneyimleri ile Bo\u015fanma S\u00fcreci ili\u015fkilerinde Dindarl\u0131k Fakt\u00f6r\u00fc<\/td>\n<\/tr>\n<tr>\n<td width=\"247\">G\u00fclcan \u00c7etinkaya<br \/>\nProf. Dr. Nalan Yetim<\/td>\n<td width=\"378\">Bo\u015fanma S\u00fcrecinde Kad\u0131n\u0131n Ma\u011fduriyetinin Farkl\u0131 G\u00f6r\u00fcn\u00fcmleri: Mersin \u00d6rne\u011fi<\/td>\n<\/tr>\n<tr>\n<td width=\"247\">G\u00fclderen Durna<\/td>\n<td width=\"378\">Dini \u0130\u00e7erikli Radyolarda Aile Kavram\u0131na Bak\u0131\u015f<\/td>\n<\/tr>\n<tr>\n<td width=\"247\">Yrd. Do\u00e7. Dr. Halise Kader Zengin<\/td>\n<td width=\"378\">Cumhuriyet Nesline \u201cAile Olmay\u0131\u201d Nas\u0131l \u00d6\u011frettik? (Din Dersleri \u00d6rnekleminde)<\/td>\n<\/tr>\n<tr>\n<td width=\"247\">Yrd. Do\u00e7. Dr. Handan Karakaya<\/td>\n<td width=\"378\">Toplumsal Cinsiyet, Ba\u011flam\u0131nda Bo\u015fanma\/Bo\u015fanma S\u00fcreci ve Kad\u0131n<\/td>\n<\/tr>\n<tr>\n<td width=\"247\">Ar\u015f. G\u00f6r. Hilal Yaz\u0131c\u0131<\/td>\n<td width=\"378\">Baz\u0131 Haklar\u0131n Korunmas\u0131 A\u00e7\u0131s\u0131ndan Bo\u015fanma Davalar\u0131nda Arabuluculuk: Beklenti, Endi\u015fe ve \u00d6neriler<\/td>\n<\/tr>\n<tr>\n<td width=\"247\">\u0130lknur Ayd\u0131n Avc\u0131<br \/>\nAy\u015fe \u00c7al<\/td>\n<td width=\"378\">Kanser sonras\u0131 s\u00fcre\u00e7te e\u015f ili\u015fkilerindeki de\u011fi\u015fim<\/td>\n<\/tr>\n<tr>\n<td width=\"247\">Dr. \u0130rfan Barut<\/td>\n<td width=\"378\">T\u00fcrkiye\u2019de Bo\u015fanmalara Yol A\u00e7an Sosyo-Ekonomik S\u00fcre\u00e7ler Ve \u2018Bo\u015fanma Yetimi\u2019 \u00c7ocuklar \u00dczerine Disiplinleraras\u0131 Bir Yakla\u015f\u0131m<\/td>\n<\/tr>\n<tr>\n<td width=\"247\">Yrd. Do\u00e7 .Dr. Mahmut Kaya<\/td>\n<td width=\"378\">\u0130ki Hukuk Aras\u0131nda Arafta: Bo\u015fanamayan Suriyeli M\u00fclteciler<\/td>\n<\/tr>\n<tr>\n<td width=\"247\">Ar\u015f. G\u00f6r. Meltem Yavuz<br \/>\nAr\u015f. G\u00f6r. Meltem Ak\u00e7a<\/td>\n<td width=\"378\">Aile-\u0130\u015f \u00c7at\u0131\u015fmas\u0131, Stres, T\u00fckenmi\u015flik ve \u0130\u015ften Ayr\u0131lma Niyeti Aras\u0131ndaki \u0130li\u015fkiler: Medeni Duruma G\u00f6re Farkl\u0131l\u0131klar\u0131n \u0130ncelenmesi<\/td>\n<\/tr>\n<tr>\n<td width=\"247\">Yrd. Do\u00e7. Dr. Selim Pullu<br \/>\nMerve Alt\u0131nba\u015f<br \/>\nFatma KAVAS<\/td>\n<td width=\"378\">Otizm: Bo\u015fanmalardaki Etkisi ve Oran\u0131<\/td>\n<\/tr>\n<tr>\n<td width=\"247\">Prof. Dr. Mustafa \u00c7evik<\/td>\n<td width=\"378\">Biyolojik Cinsiyet E\u015fitli\u011fi, Postgenderizm Ve Ailenin Gelece\u011fi<\/td>\n<\/tr>\n<tr>\n<td width=\"247\">Yrd. Do\u00e7. Dr. Nergis Dama<\/td>\n<td width=\"378\">2002-2017 D\u00f6neminde T\u00fcrkiye ve Avrupa \u00dclkelerindeki Bo\u015fanma Olaylar\u0131n\u0131n Sosyoekonomik Nedenlerinin Kar\u015f\u0131la\u015ft\u0131rmal\u0131 Analizi<\/td>\n<\/tr>\n<tr>\n<td width=\"247\">\u00d6mer Faruk Tak\u0131m<\/td>\n<td width=\"378\">\u0130slam Hukukunda Bo\u015fanma, Velayet Ve Nafaka<\/td>\n<\/tr>\n<tr>\n<td width=\"247\">Yrd. Do\u00e7. Dr. \u00d6zge Api\u015f<\/td>\n<td width=\"378\">Hayata Kast, Pek K\u00f6t\u00fc Veya Onur K\u0131r\u0131c\u0131 Davran\u0131\u015f Bo\u015fanma Sebebinin 5237 Say\u0131l\u0131 TCK Bak\u0131m\u0131ndan Anlam\u0131 Ve E\u015fler Aras\u0131nda Uzla\u015fma Kurumunun Uygulanabilirli\u011fi<\/td>\n<\/tr>\n<tr>\n<td width=\"247\">\u00d6\u011fr. G\u00f6r. Selda Karadeniz \u00d6zbek<br \/>\nProf. Dr. Melek Kalkan<\/td>\n<td width=\"378\">Bo\u015fanma Sonras\u0131 Psikolojik Destek: Bir Model \u00d6nerisi<\/td>\n<\/tr>\n<tr>\n<td width=\"247\">Prof. Dr. Selda\u011f G\u00fcne\u015f Peschke<\/td>\n<td width=\"378\">Dijital Bo\u015fanmaya \u0130li\u015fkin Yeni D\u00fczenlemeler: Farkl\u0131 \u00dclke Uygulamalar\u0131<\/td>\n<\/tr>\n<tr>\n<td width=\"247\">Zuhal\u00a0 Ye\u015filova<br \/>\nSemin O\u011furtan<br \/>\nEmine Ta\u015foluk<\/td>\n<td width=\"378\">Bo\u015fanma Sonras\u0131 Duygu Ve Davran\u0131\u015f E\u011filimleri<\/td>\n<\/tr>\n<tr>\n<td width=\"247\">Do\u00e7. Dr. \u015eebnem K\u00f6\u015fer Ak\u00e7apar<\/td>\n<td width=\"378\">De\u011fi\u015fen Toplumuzda Bo\u015fanma S\u00fcre\u00e7lerinde Kad\u0131n ve Yeniden Evlilikler Olgusuna Sosyolojik Bir Bak\u0131\u015f<\/td>\n<\/tr>\n<tr>\n<td width=\"247\">Yrd. Do\u00e7. Dr. Tebrike Kaya<\/td>\n<td width=\"378\">Luhmann\u2019\u0131n Sistem Teorisinde \u0130leti\u015fim Mecras\u0131 Olarak A\u015fk: Evlenme-Bo\u015fanma S\u00fcrecinde A\u015fk\u0131n Rol\u00fc<\/td>\n<\/tr>\n<tr>\n<td width=\"247\">Yasemin Kaygas<br \/>\nG\u00fclhan Din\u00e7<\/td>\n<td width=\"378\">\u00d6zel Gereksinimi Olan \u00c7ocu\u011fa Sahip Bo\u015fanm\u0131\u015f Annelerin Bo\u015fanmaya \u0130li\u015fkin Ya\u015fant\u0131lar\u0131n\u0131n \u0130ncelenmesi<\/td>\n<\/tr>\n<tr>\n<td width=\"247\">Zekiye Demir<\/td>\n<td width=\"378\">Aile Hayat\u0131 Ve Bo\u015fanma Nedenleriyle \u0130lgili Diyanet\u2019e Y\u00f6neltilen Sorular<\/td>\n<\/tr>\n<tr>\n<td width=\"247\">Ceren Kaya<\/td>\n<td width=\"378\">Bo\u015fanma Uyu\u015fmazl\u0131klar\u0131nda Arabuluculuk \u00c7\u00f6z\u00fcm Yolu<\/td>\n<\/tr>\n<tr>\n<td width=\"247\">Murat Y\u0131lmaz<\/td>\n<td width=\"378\">T\u00fcrkiye\u2019de Din ve \u00c7ocuk Sahibi Olma De\u011ferleri<\/td>\n<\/tr>\n<\/tbody>\n<\/table>\n","protected":false},"excerpt":{"rendered":"<p>IV.Toplumsal Cinsiyet Adaleti Kongresi Kabul Edilen Bildirilerin Listesi Sorumlu Yazar\/Ad Soyad Bildiri Ba\u015fl\u0131\u011f\u0131 Abdullah Aydo\u011fan Osmanl\u0131 Toplumunda Kad\u0131na Y\u00f6nelik S\u00f6zl\u00fc \u015eiddet Sonucu Tefrik ile Bo\u015fanma: Mara\u015f \u00d6rne\u011fi Aysel \u00d6zdemir, Yrd. Do\u00e7. Funda Budak, Abdurrezzak G\u00fcltekin Bo\u015fanman\u0131n \u00c7ocuk Ruh Sa\u011fl\u0131\u011f\u0131 \u00dczerine Etkileri Psk. B\u00fc\u015fra Kahraman Psk. S\u00fcmeyra Gemici Psi. Dan. Tevhide Kahraman \u0130lk ve Orta\u00f6\u011fretim D\u00fczeyindeki [&hellip;]<\/p>\n","protected":false},"author":142,"featured_media":0,"comment_status":"closed","ping_status":"closed","sticky":false,"template":"","format":"standard","meta":{"footnotes":""},"categories":[3],"tags":[],"yoast_head":"<!-- This site is optimized with the Yoast SEO Premium plugin v22.1 (Yoast SEO v22.1) - https:\/\/yoast.com\/wordpress\/plugins\/seo\/ -->\n<title>IV. TOPLUMSAL C\u0130NS\u0130YET ADALET\u0130 KONGRES\u0130NE KABUL ED\u0130LEN B\u0130LD\u0130R\u0130LER A\u00c7IKLANDI - Duyurular - Kad\u0131n ve Aile Uygulama ve Ara\u015ft\u0131rma Merkezi<\/title>\n<meta name=\"description\" content=\"IV. TOPLUMSAL C\u0130NS\u0130YET ADALET\u0130 KONGRES\u0130NE KABUL ED\u0130LEN B\u0130LD\u0130R\u0130LER A\u00c7IKLANDI\" \/>\n<meta name=\"robots\" content=\"index, follow, max-snippet:-1, max-image-preview:large, max-video-preview:-1\" \/>\n<link rel=\"canonical\" href=\"http:\/\/ticaret.edu.tr\/kadin-ve-aile-uygulama-ve-arastirma-merkezi\/2017\/11\/13\/iv-toplumsal-cinsiyet-adaleti-kongresine-kabul-edilen-bildiriler-aciklandi\/\" \/>\n<meta property=\"og:locale\" content=\"tr_TR\" \/>\n<meta property=\"og:type\" content=\"article\" \/>\n<meta property=\"og:title\" content=\"IV. TOPLUMSAL C\u0130NS\u0130YET ADALET\u0130 KONGRES\u0130NE KABUL ED\u0130LEN B\u0130LD\u0130R\u0130LER A\u00c7IKLANDI\" \/>\n<meta property=\"og:description\" content=\"IV. TOPLUMSAL C\u0130NS\u0130YET ADALET\u0130 KONGRES\u0130NE KABUL ED\u0130LEN B\u0130LD\u0130R\u0130LER A\u00c7IKLANDI\" \/>\n<meta property=\"og:url\" content=\"http:\/\/ticaret.edu.tr\/kadin-ve-aile-uygulama-ve-arastirma-merkezi\/2017\/11\/13\/iv-toplumsal-cinsiyet-adaleti-kongresine-kabul-edilen-bildiriler-aciklandi\/\" \/>\n<meta property=\"og:site_name\" content=\"Kad\u0131n ve Aile Uygulama ve Ara\u015ft\u0131rma Merkezi\" \/>\n<meta property=\"article:publisher\" content=\"https:\/\/www.facebook.com\/ticaretedutr\" \/>\n<meta property=\"article:published_time\" content=\"2017-11-13T14:06:26+00:00\" \/>\n<meta property=\"article:modified_time\" content=\"2021-12-07T07:12:56+00:00\" \/>\n<meta property=\"og:image\" content=\"http:\/\/ww4.ticaret.edu.tr\/kadinveaile\/wp-content\/uploads\/sites\/72\/2018\/01\/KADEM_UTCA_Kongresi_4_popup-300x150.jpg\" \/>\n<meta name=\"author\" content=\"mckiziltas\" \/>\n<meta name=\"twitter:card\" content=\"summary_large_image\" \/>\n<meta name=\"twitter:creator\" content=\"@ticaretedutr\" \/>\n<meta name=\"twitter:site\" content=\"@ticaretedutr\" \/>\n<meta name=\"twitter:label1\" content=\"Yazan:\" \/>\n\t<meta name=\"twitter:data1\" content=\"mckiziltas\" \/>\n\t<meta name=\"twitter:label2\" content=\"Tahmini okuma s\u00fcresi\" \/>\n\t<meta name=\"twitter:data2\" content=\"3 dakika\" \/>\n<script type=\"application\/ld+json\" class=\"yoast-schema-graph\">{\"@context\":\"https:\/\/schema.org\",\"@graph\":[{\"@type\":\"WebPage\",\"@id\":\"http:\/\/ticaret.edu.tr\/kadin-ve-aile-uygulama-ve-arastirma-merkezi\/2017\/11\/13\/iv-toplumsal-cinsiyet-adaleti-kongresine-kabul-edilen-bildiriler-aciklandi\/\",\"url\":\"http:\/\/ticaret.edu.tr\/kadin-ve-aile-uygulama-ve-arastirma-merkezi\/2017\/11\/13\/iv-toplumsal-cinsiyet-adaleti-kongresine-kabul-edilen-bildiriler-aciklandi\/\",\"name\":\"IV. TOPLUMSAL C\u0130NS\u0130YET ADALET\u0130 KONGRES\u0130NE KABUL ED\u0130LEN B\u0130LD\u0130R\u0130LER A\u00c7IKLANDI - Duyurular - Kad\u0131n ve Aile Uygulama ve Ara\u015ft\u0131rma Merkezi\",\"isPartOf\":{\"@id\":\"http:\/\/ticaret.edu.tr\/kadin-ve-aile-uygulama-ve-arastirma-merkezi\/en\/#website\"},\"datePublished\":\"2017-11-13T14:06:26+00:00\",\"dateModified\":\"2021-12-07T07:12:56+00:00\",\"author\":{\"@id\":\"http:\/\/ticaret.edu.tr\/kadin-ve-aile-uygulama-ve-arastirma-merkezi\/en\/#\/schema\/person\/215c3ef896b7f2f5f257d1bea98c3529\"},\"description\":\"IV. TOPLUMSAL C\u0130NS\u0130YET ADALET\u0130 KONGRES\u0130NE KABUL ED\u0130LEN B\u0130LD\u0130R\u0130LER A\u00c7IKLANDI\",\"breadcrumb\":{\"@id\":\"http:\/\/ticaret.edu.tr\/kadin-ve-aile-uygulama-ve-arastirma-merkezi\/2017\/11\/13\/iv-toplumsal-cinsiyet-adaleti-kongresine-kabul-edilen-bildiriler-aciklandi\/#breadcrumb\"},\"inLanguage\":\"tr\",\"potentialAction\":[{\"@type\":\"ReadAction\",\"target\":[\"http:\/\/ticaret.edu.tr\/kadin-ve-aile-uygulama-ve-arastirma-merkezi\/2017\/11\/13\/iv-toplumsal-cinsiyet-adaleti-kongresine-kabul-edilen-bildiriler-aciklandi\/\"]}]},{\"@type\":\"BreadcrumbList\",\"@id\":\"http:\/\/ticaret.edu.tr\/kadin-ve-aile-uygulama-ve-arastirma-merkezi\/2017\/11\/13\/iv-toplumsal-cinsiyet-adaleti-kongresine-kabul-edilen-bildiriler-aciklandi\/#breadcrumb\",\"itemListElement\":[{\"@type\":\"ListItem\",\"position\":1,\"name\":\"Ana sayfa\",\"item\":\"https:\/\/ticaret.edu.tr\/kadin-ve-aile-uygulama-ve-arastirma-merkezi\/\"},{\"@type\":\"ListItem\",\"position\":2,\"name\":\"IV. TOPLUMSAL C\u0130NS\u0130YET ADALET\u0130 KONGRES\u0130NE KABUL ED\u0130LEN B\u0130LD\u0130R\u0130LER A\u00c7IKLANDI\"}]},{\"@type\":\"WebSite\",\"@id\":\"http:\/\/ticaret.edu.tr\/kadin-ve-aile-uygulama-ve-arastirma-merkezi\/en\/#website\",\"url\":\"http:\/\/ticaret.edu.tr\/kadin-ve-aile-uygulama-ve-arastirma-merkezi\/en\/\",\"name\":\"Kad\u0131n ve Aile Uygulama ve Ara\u015ft\u0131rma Merkezi\",\"description\":\"Bir ba\u015fka \u0130stanbul Ticaret \u00dcniversitesi site sitesi\",\"potentialAction\":[{\"@type\":\"SearchAction\",\"target\":{\"@type\":\"EntryPoint\",\"urlTemplate\":\"http:\/\/ticaret.edu.tr\/kadin-ve-aile-uygulama-ve-arastirma-merkezi\/en\/?s={search_term_string}\"},\"query-input\":\"required name=search_term_string\"}],\"inLanguage\":\"tr\"},{\"@type\":\"Person\",\"@id\":\"http:\/\/ticaret.edu.tr\/kadin-ve-aile-uygulama-ve-arastirma-merkezi\/en\/#\/schema\/person\/215c3ef896b7f2f5f257d1bea98c3529\",\"name\":\"mckiziltas\",\"image\":{\"@type\":\"ImageObject\",\"inLanguage\":\"tr\",\"@id\":\"http:\/\/ticaret.edu.tr\/kadin-ve-aile-uygulama-ve-arastirma-merkezi\/en\/#\/schema\/person\/image\/\",\"url\":\"http:\/\/1.gravatar.com\/avatar\/a8607bcf789626b55174097b883033be?s=96&d=mm&r=g\",\"contentUrl\":\"http:\/\/1.gravatar.com\/avatar\/a8607bcf789626b55174097b883033be?s=96&d=mm&r=g\",\"caption\":\"mckiziltas\"},\"url\":\"http:\/\/ticaret.edu.tr\/kadin-ve-aile-uygulama-ve-arastirma-merkezi\/author\/mckiziltas\/\"}]}<\/script>\n<!-- \/ Yoast SEO Premium plugin. -->","yoast_head_json":{"title":"IV. TOPLUMSAL C\u0130NS\u0130YET ADALET\u0130 KONGRES\u0130NE KABUL ED\u0130LEN B\u0130LD\u0130R\u0130LER A\u00c7IKLANDI - Duyurular - Kad\u0131n ve Aile Uygulama ve Ara\u015ft\u0131rma Merkezi","description":"IV. TOPLUMSAL C\u0130NS\u0130YET ADALET\u0130 KONGRES\u0130NE KABUL ED\u0130LEN B\u0130LD\u0130R\u0130LER A\u00c7IKLANDI","robots":{"index":"index","follow":"follow","max-snippet":"max-snippet:-1","max-image-preview":"max-image-preview:large","max-video-preview":"max-video-preview:-1"},"canonical":"http:\/\/ticaret.edu.tr\/kadin-ve-aile-uygulama-ve-arastirma-merkezi\/2017\/11\/13\/iv-toplumsal-cinsiyet-adaleti-kongresine-kabul-edilen-bildiriler-aciklandi\/","og_locale":"tr_TR","og_type":"article","og_title":"IV. TOPLUMSAL C\u0130NS\u0130YET ADALET\u0130 KONGRES\u0130NE KABUL ED\u0130LEN B\u0130LD\u0130R\u0130LER A\u00c7IKLANDI","og_description":"IV. TOPLUMSAL C\u0130NS\u0130YET ADALET\u0130 KONGRES\u0130NE KABUL ED\u0130LEN B\u0130LD\u0130R\u0130LER A\u00c7IKLANDI","og_url":"http:\/\/ticaret.edu.tr\/kadin-ve-aile-uygulama-ve-arastirma-merkezi\/2017\/11\/13\/iv-toplumsal-cinsiyet-adaleti-kongresine-kabul-edilen-bildiriler-aciklandi\/","og_site_name":"Kad\u0131n ve Aile Uygulama ve Ara\u015ft\u0131rma Merkezi","article_publisher":"https:\/\/www.facebook.com\/ticaretedutr","article_published_time":"2017-11-13T14:06:26+00:00","article_modified_time":"2021-12-07T07:12:56+00:00","og_image":[{"url":"http:\/\/ww4.ticaret.edu.tr\/kadinveaile\/wp-content\/uploads\/sites\/72\/2018\/01\/KADEM_UTCA_Kongresi_4_popup-300x150.jpg"}],"author":"mckiziltas","twitter_card":"summary_large_image","twitter_creator":"@ticaretedutr","twitter_site":"@ticaretedutr","twitter_misc":{"Yazan:":"mckiziltas","Tahmini okuma s\u00fcresi":"3 dakika"},"schema":{"@context":"https:\/\/schema.org","@graph":[{"@type":"WebPage","@id":"http:\/\/ticaret.edu.tr\/kadin-ve-aile-uygulama-ve-arastirma-merkezi\/2017\/11\/13\/iv-toplumsal-cinsiyet-adaleti-kongresine-kabul-edilen-bildiriler-aciklandi\/","url":"http:\/\/ticaret.edu.tr\/kadin-ve-aile-uygulama-ve-arastirma-merkezi\/2017\/11\/13\/iv-toplumsal-cinsiyet-adaleti-kongresine-kabul-edilen-bildiriler-aciklandi\/","name":"IV. TOPLUMSAL C\u0130NS\u0130YET ADALET\u0130 KONGRES\u0130NE KABUL ED\u0130LEN B\u0130LD\u0130R\u0130LER A\u00c7IKLANDI - Duyurular - Kad\u0131n ve Aile Uygulama ve Ara\u015ft\u0131rma Merkezi","isPartOf":{"@id":"http:\/\/ticaret.edu.tr\/kadin-ve-aile-uygulama-ve-arastirma-merkezi\/en\/#website"},"datePublished":"2017-11-13T14:06:26+00:00","dateModified":"2021-12-07T07:12:56+00:00","author":{"@id":"http:\/\/ticaret.edu.tr\/kadin-ve-aile-uygulama-ve-arastirma-merkezi\/en\/#\/schema\/person\/215c3ef896b7f2f5f257d1bea98c3529"},"description":"IV. TOPLUMSAL C\u0130NS\u0130YET ADALET\u0130 KONGRES\u0130NE KABUL ED\u0130LEN B\u0130LD\u0130R\u0130LER A\u00c7IKLANDI","breadcrumb":{"@id":"http:\/\/ticaret.edu.tr\/kadin-ve-aile-uygulama-ve-arastirma-merkezi\/2017\/11\/13\/iv-toplumsal-cinsiyet-adaleti-kongresine-kabul-edilen-bildiriler-aciklandi\/#breadcrumb"},"inLanguage":"tr","potentialAction":[{"@type":"ReadAction","target":["http:\/\/ticaret.edu.tr\/kadin-ve-aile-uygulama-ve-arastirma-merkezi\/2017\/11\/13\/iv-toplumsal-cinsiyet-adaleti-kongresine-kabul-edilen-bildiriler-aciklandi\/"]}]},{"@type":"BreadcrumbList","@id":"http:\/\/ticaret.edu.tr\/kadin-ve-aile-uygulama-ve-arastirma-merkezi\/2017\/11\/13\/iv-toplumsal-cinsiyet-adaleti-kongresine-kabul-edilen-bildiriler-aciklandi\/#breadcrumb","itemListElement":[{"@type":"ListItem","position":1,"name":"Ana sayfa","item":"https:\/\/ticaret.edu.tr\/kadin-ve-aile-uygulama-ve-arastirma-merkezi\/"},{"@type":"ListItem","position":2,"name":"IV. TOPLUMSAL C\u0130NS\u0130YET ADALET\u0130 KONGRES\u0130NE KABUL ED\u0130LEN B\u0130LD\u0130R\u0130LER A\u00c7IKLANDI"}]},{"@type":"WebSite","@id":"http:\/\/ticaret.edu.tr\/kadin-ve-aile-uygulama-ve-arastirma-merkezi\/en\/#website","url":"http:\/\/ticaret.edu.tr\/kadin-ve-aile-uygulama-ve-arastirma-merkezi\/en\/","name":"Kad\u0131n ve Aile Uygulama ve Ara\u015ft\u0131rma Merkezi","description":"Bir ba\u015fka \u0130stanbul Ticaret \u00dcniversitesi site sitesi","potentialAction":[{"@type":"SearchAction","target":{"@type":"EntryPoint","urlTemplate":"http:\/\/ticaret.edu.tr\/kadin-ve-aile-uygulama-ve-arastirma-merkezi\/en\/?s={search_term_string}"},"query-input":"required name=search_term_string"}],"inLanguage":"tr"},{"@type":"Person","@id":"http:\/\/ticaret.edu.tr\/kadin-ve-aile-uygulama-ve-arastirma-merkezi\/en\/#\/schema\/person\/215c3ef896b7f2f5f257d1bea98c3529","name":"mckiziltas","image":{"@type":"ImageObject","inLanguage":"tr","@id":"http:\/\/ticaret.edu.tr\/kadin-ve-aile-uygulama-ve-arastirma-merkezi\/en\/#\/schema\/person\/image\/","url":"http:\/\/1.gravatar.com\/avatar\/a8607bcf789626b55174097b883033be?s=96&d=mm&r=g","contentUrl":"http:\/\/1.gravatar.com\/avatar\/a8607bcf789626b55174097b883033be?s=96&d=mm&r=g","caption":"mckiziltas"},"url":"http:\/\/ticaret.edu.tr\/kadin-ve-aile-uygulama-ve-arastirma-merkezi\/author\/mckiziltas\/"}]}},"lang":"tr","translations":{"tr":53},"pll_sync_post":[],"_links":{"self":[{"href":"http:\/\/ticaret.edu.tr\/kadin-ve-aile-uygulama-ve-arastirma-merkezi\/wp-json\/wp\/v2\/posts\/53"}],"collection":[{"href":"http:\/\/ticaret.edu.tr\/kadin-ve-aile-uygulama-ve-arastirma-merkezi\/wp-json\/wp\/v2\/posts"}],"about":[{"href":"http:\/\/ticaret.edu.tr\/kadin-ve-aile-uygulama-ve-arastirma-merkezi\/wp-json\/wp\/v2\/types\/post"}],"author":[{"embeddable":true,"href":"http:\/\/ticaret.edu.tr\/kadin-ve-aile-uygulama-ve-arastirma-merkezi\/wp-json\/wp\/v2\/users\/142"}],"replies":[{"embeddable":true,"href":"http:\/\/ticaret.edu.tr\/kadin-ve-aile-uygulama-ve-arastirma-merkezi\/wp-json\/wp\/v2\/comments?post=53"}],"version-history":[{"count":4,"href":"http:\/\/ticaret.edu.tr\/kadin-ve-aile-uygulama-ve-arastirma-merkezi\/wp-json\/wp\/v2\/posts\/53\/revisions"}],"predecessor-version":[{"id":354,"href":"http:\/\/ticaret.edu.tr\/kadin-ve-aile-uygulama-ve-arastirma-merkezi\/wp-json\/wp\/v2\/posts\/53\/revisions\/354"}],"wp:attachment":[{"href":"http:\/\/ticaret.edu.tr\/kadin-ve-aile-uygulama-ve-arastirma-merkezi\/wp-json\/wp\/v2\/media?parent=53"}],"wp:term":[{"taxonomy":"category","embeddable":true,"href":"http:\/\/ticaret.edu.tr\/kadin-ve-aile-uygulama-ve-arastirma-merkezi\/wp-json\/wp\/v2\/categories?post=53"},{"taxonomy":"post_tag","embeddable":true,"href":"http:\/\/ticaret.edu.tr\/kadin-ve-aile-uygulama-ve-arastirma-merkezi\/wp-json\/wp\/v2\/tags?post=53"}],"curies":[{"name":"wp","href":"https:\/\/api.w.org\/{rel}","templated":true}]}}