{"id":740,"date":"2024-12-03T11:27:31","date_gmt":"2024-12-03T08:27:31","guid":{"rendered":"https:\/\/ticaret.edu.tr\/kadin-ve-aile-uygulama-ve-arastirma-merkezi\/?p=740"},"modified":"2024-12-03T11:27:31","modified_gmt":"2024-12-03T08:27:31","slug":"yuzuncu-yil-panelleri-5-yuzyilin-felsefesi-felsefenin-kadinlari-2","status":"publish","type":"post","link":"http:\/\/ticaret.edu.tr\/kadin-ve-aile-uygulama-ve-arastirma-merkezi\/2024\/12\/03\/yuzuncu-yil-panelleri-5-yuzyilin-felsefesi-felsefenin-kadinlari-2\/","title":{"rendered":"Y\u00fcz\u00fcnc\u00fc Y\u0131l Panelleri-5 Y\u00fczy\u0131l\u0131n Felsefesi\/Felsefenin Kad\u0131nlar\u0131"},"content":{"rendered":"<p>Kad\u0131n ve Aile Uygulama Ara\u015ft\u0131rma Merkezi (KAUAM) Cumhuriyet\u2019in 100.y\u0131l\u0131 etkinlikleri kapsam\u0131nda Y\u00fcz\u00fcnc\u00fc Y\u0131l Panelleri ba\u015flatt\u0131. Bu kapsamda panel serisinin be\u015fincisi, Y\u00fczy\u0131l\u0131n Felsefesi\/ Felsefenin Kad\u0131nlar\u0131 ba\u015fl\u0131\u011f\u0131yla 09 Aral\u0131k 2024 g\u00fcn\u00fc saat 15.00\u2019da \u0130stanbul Ticaret \u00dcniversitesi S\u00fctl\u00fcce Yerle\u015fkesi E-502\u2019de\u00a0 ger\u00e7ekle\u015ftirilecektir.<\/p>\n<p><img loading=\"lazy\" decoding=\"async\" class=\"alignnone wp-image-731 size-large\" src=\"http:\/\/ticaret.edu.tr\/kadin-ve-aile-uygulama-ve-arastirma-merkezi\/wp-content\/uploads\/sites\/50\/2024\/12\/9_Aralik_Kadin-ve-Aile-Uygulama-ve-Arastirma-Merkezi-_Instagram-1024x1024.jpg\" alt=\"\" width=\"1024\" height=\"1024\" srcset=\"http:\/\/ticaret.edu.tr\/kadin-ve-aile-uygulama-ve-arastirma-merkezi\/wp-content\/uploads\/sites\/50\/2024\/12\/9_Aralik_Kadin-ve-Aile-Uygulama-ve-Arastirma-Merkezi-_Instagram-1024x1024.jpg 1024w, http:\/\/ticaret.edu.tr\/kadin-ve-aile-uygulama-ve-arastirma-merkezi\/wp-content\/uploads\/sites\/50\/2024\/12\/9_Aralik_Kadin-ve-Aile-Uygulama-ve-Arastirma-Merkezi-_Instagram-300x300.jpg 300w, http:\/\/ticaret.edu.tr\/kadin-ve-aile-uygulama-ve-arastirma-merkezi\/wp-content\/uploads\/sites\/50\/2024\/12\/9_Aralik_Kadin-ve-Aile-Uygulama-ve-Arastirma-Merkezi-_Instagram-150x150.jpg 150w, http:\/\/ticaret.edu.tr\/kadin-ve-aile-uygulama-ve-arastirma-merkezi\/wp-content\/uploads\/sites\/50\/2024\/12\/9_Aralik_Kadin-ve-Aile-Uygulama-ve-Arastirma-Merkezi-_Instagram-768x768.jpg 768w, http:\/\/ticaret.edu.tr\/kadin-ve-aile-uygulama-ve-arastirma-merkezi\/wp-content\/uploads\/sites\/50\/2024\/12\/9_Aralik_Kadin-ve-Aile-Uygulama-ve-Arastirma-Merkezi-_Instagram.jpg 1200w\" sizes=\"(max-width: 1024px) 100vw, 1024px\" \/><\/p>\n","protected":false},"excerpt":{"rendered":"<p>Kad\u0131n ve Aile Uygulama Ara\u015ft\u0131rma Merkezi (KAUAM) Cumhuriyet\u2019in 100.y\u0131l\u0131 etkinlikleri kapsam\u0131nda Y\u00fcz\u00fcnc\u00fc Y\u0131l Panelleri ba\u015flatt\u0131. Bu kapsamda panel serisinin be\u015fincisi, Y\u00fczy\u0131l\u0131n Felsefesi\/ Felsefenin Kad\u0131nlar\u0131 ba\u015fl\u0131\u011f\u0131yla 09 Aral\u0131k 2024 g\u00fcn\u00fc saat 15.00\u2019da \u0130stanbul Ticaret \u00dcniversitesi S\u00fctl\u00fcce Yerle\u015fkesi E-502\u2019de\u00a0 ger\u00e7ekle\u015ftirilecektir.<\/p>\n","protected":false},"author":142,"featured_media":731,"comment_status":"closed","ping_status":"closed","sticky":false,"template":"","format":"standard","meta":{"footnotes":""},"categories":[4],"tags":[],"yoast_head":"<!-- This site is optimized with the Yoast SEO Premium plugin v22.1 (Yoast SEO v22.1) - https:\/\/yoast.com\/wordpress\/plugins\/seo\/ -->\n<title>Y\u00fcz\u00fcnc\u00fc Y\u0131l Panelleri-5 Y\u00fczy\u0131l\u0131n Felsefesi\/Felsefenin Kad\u0131nlar\u0131 - Etkinlikler - Kad\u0131n ve Aile Uygulama ve Ara\u015ft\u0131rma Merkezi<\/title>\n<meta name=\"robots\" content=\"index, follow, max-snippet:-1, max-image-preview:large, max-video-preview:-1\" \/>\n<link rel=\"canonical\" href=\"https:\/\/ticaret.edu.tr\/kadin-ve-aile-uygulama-ve-arastirma-merkezi\/2024\/12\/03\/yuzuncu-yil-panelleri-5-yuzyilin-felsefesi-felsefenin-kadinlari-2\/\" \/>\n<meta property=\"og:locale\" content=\"tr_TR\" \/>\n<meta property=\"og:type\" content=\"article\" \/>\n<meta property=\"og:title\" content=\"Y\u00fcz\u00fcnc\u00fc Y\u0131l Panelleri-5 Y\u00fczy\u0131l\u0131n Felsefesi\/Felsefenin Kad\u0131nlar\u0131\" \/>\n<meta property=\"og:description\" content=\"Kad\u0131n ve Aile Uygulama Ara\u015ft\u0131rma Merkezi (KAUAM) Cumhuriyet\u2019in 100.y\u0131l\u0131 etkinlikleri kapsam\u0131nda Y\u00fcz\u00fcnc\u00fc Y\u0131l Panelleri ba\u015flatt\u0131. Bu kapsamda panel serisinin be\u015fincisi, Y\u00fczy\u0131l\u0131n Felsefesi\/ Felsefenin Kad\u0131nlar\u0131 ba\u015fl\u0131\u011f\u0131yla 09 Aral\u0131k 2024 g\u00fcn\u00fc saat 15.00\u2019da \u0130stanbul Ticaret \u00dcniversitesi S\u00fctl\u00fcce Yerle\u015fkesi E-502\u2019de\u00a0 ger\u00e7ekle\u015ftirilecektir.\" \/>\n<meta property=\"og:url\" content=\"https:\/\/ticaret.edu.tr\/kadin-ve-aile-uygulama-ve-arastirma-merkezi\/2024\/12\/03\/yuzuncu-yil-panelleri-5-yuzyilin-felsefesi-felsefenin-kadinlari-2\/\" \/>\n<meta property=\"og:site_name\" content=\"Kad\u0131n ve Aile Uygulama ve Ara\u015ft\u0131rma Merkezi\" \/>\n<meta property=\"article:publisher\" content=\"https:\/\/www.facebook.com\/ticaretedutr\" \/>\n<meta property=\"article:published_time\" content=\"2024-12-03T08:27:31+00:00\" \/>\n<meta property=\"og:image\" content=\"https:\/\/ticaret.edu.tr\/kadin-ve-aile-uygulama-ve-arastirma-merkezi\/wp-content\/uploads\/sites\/50\/2024\/12\/9_Aralik_Kadin-ve-Aile-Uygulama-ve-Arastirma-Merkezi-_Instagram.jpg\" \/>\n\t<meta property=\"og:image:width\" content=\"1200\" \/>\n\t<meta property=\"og:image:height\" content=\"1200\" \/>\n\t<meta property=\"og:image:type\" content=\"image\/jpeg\" \/>\n<meta name=\"author\" content=\"mckiziltas\" \/>\n<meta name=\"twitter:card\" content=\"summary_large_image\" \/>\n<meta name=\"twitter:creator\" content=\"@ticaretedutr\" \/>\n<meta name=\"twitter:site\" content=\"@ticaretedutr\" \/>\n<meta name=\"twitter:label1\" content=\"Yazan:\" \/>\n\t<meta name=\"twitter:data1\" content=\"mckiziltas\" \/>\n\t<meta name=\"twitter:label2\" content=\"Tahmini okuma s\u00fcresi\" \/>\n\t<meta name=\"twitter:data2\" content=\"1 dakika\" \/>\n<script type=\"application\/ld+json\" class=\"yoast-schema-graph\">{\"@context\":\"https:\/\/schema.org\",\"@graph\":[{\"@type\":\"WebPage\",\"@id\":\"https:\/\/ticaret.edu.tr\/kadin-ve-aile-uygulama-ve-arastirma-merkezi\/2024\/12\/03\/yuzuncu-yil-panelleri-5-yuzyilin-felsefesi-felsefenin-kadinlari-2\/\",\"url\":\"https:\/\/ticaret.edu.tr\/kadin-ve-aile-uygulama-ve-arastirma-merkezi\/2024\/12\/03\/yuzuncu-yil-panelleri-5-yuzyilin-felsefesi-felsefenin-kadinlari-2\/\",\"name\":\"Y\u00fcz\u00fcnc\u00fc Y\u0131l Panelleri-5 Y\u00fczy\u0131l\u0131n Felsefesi\/Felsefenin Kad\u0131nlar\u0131 - Etkinlikler - Kad\u0131n ve Aile Uygulama ve Ara\u015ft\u0131rma Merkezi\",\"isPartOf\":{\"@id\":\"http:\/\/ticaret.edu.tr\/kadin-ve-aile-uygulama-ve-arastirma-merkezi\/en\/#website\"},\"datePublished\":\"2024-12-03T08:27:31+00:00\",\"dateModified\":\"2024-12-03T08:27:31+00:00\",\"author\":{\"@id\":\"http:\/\/ticaret.edu.tr\/kadin-ve-aile-uygulama-ve-arastirma-merkezi\/en\/#\/schema\/person\/215c3ef896b7f2f5f257d1bea98c3529\"},\"breadcrumb\":{\"@id\":\"https:\/\/ticaret.edu.tr\/kadin-ve-aile-uygulama-ve-arastirma-merkezi\/2024\/12\/03\/yuzuncu-yil-panelleri-5-yuzyilin-felsefesi-felsefenin-kadinlari-2\/#breadcrumb\"},\"inLanguage\":\"tr\",\"potentialAction\":[{\"@type\":\"ReadAction\",\"target\":[\"https:\/\/ticaret.edu.tr\/kadin-ve-aile-uygulama-ve-arastirma-merkezi\/2024\/12\/03\/yuzuncu-yil-panelleri-5-yuzyilin-felsefesi-felsefenin-kadinlari-2\/\"]}]},{\"@type\":\"BreadcrumbList\",\"@id\":\"https:\/\/ticaret.edu.tr\/kadin-ve-aile-uygulama-ve-arastirma-merkezi\/2024\/12\/03\/yuzuncu-yil-panelleri-5-yuzyilin-felsefesi-felsefenin-kadinlari-2\/#breadcrumb\",\"itemListElement\":[{\"@type\":\"ListItem\",\"position\":1,\"name\":\"Ana sayfa\",\"item\":\"https:\/\/ticaret.edu.tr\/kadin-ve-aile-uygulama-ve-arastirma-merkezi\/\"},{\"@type\":\"ListItem\",\"position\":2,\"name\":\"Y\u00fcz\u00fcnc\u00fc Y\u0131l Panelleri-5 Y\u00fczy\u0131l\u0131n Felsefesi\/Felsefenin Kad\u0131nlar\u0131\"}]},{\"@type\":\"WebSite\",\"@id\":\"http:\/\/ticaret.edu.tr\/kadin-ve-aile-uygulama-ve-arastirma-merkezi\/en\/#website\",\"url\":\"http:\/\/ticaret.edu.tr\/kadin-ve-aile-uygulama-ve-arastirma-merkezi\/en\/\",\"name\":\"Kad\u0131n ve Aile Uygulama ve Ara\u015ft\u0131rma Merkezi\",\"description\":\"Bir ba\u015fka \u0130stanbul Ticaret \u00dcniversitesi site sitesi\",\"potentialAction\":[{\"@type\":\"SearchAction\",\"target\":{\"@type\":\"EntryPoint\",\"urlTemplate\":\"http:\/\/ticaret.edu.tr\/kadin-ve-aile-uygulama-ve-arastirma-merkezi\/en\/?s={search_term_string}\"},\"query-input\":\"required name=search_term_string\"}],\"inLanguage\":\"tr\"},{\"@type\":\"Person\",\"@id\":\"http:\/\/ticaret.edu.tr\/kadin-ve-aile-uygulama-ve-arastirma-merkezi\/en\/#\/schema\/person\/215c3ef896b7f2f5f257d1bea98c3529\",\"name\":\"mckiziltas\",\"image\":{\"@type\":\"ImageObject\",\"inLanguage\":\"tr\",\"@id\":\"http:\/\/ticaret.edu.tr\/kadin-ve-aile-uygulama-ve-arastirma-merkezi\/en\/#\/schema\/person\/image\/\",\"url\":\"http:\/\/1.gravatar.com\/avatar\/a8607bcf789626b55174097b883033be?s=96&d=mm&r=g\",\"contentUrl\":\"http:\/\/1.gravatar.com\/avatar\/a8607bcf789626b55174097b883033be?s=96&d=mm&r=g\",\"caption\":\"mckiziltas\"},\"url\":\"http:\/\/ticaret.edu.tr\/kadin-ve-aile-uygulama-ve-arastirma-merkezi\/author\/mckiziltas\/\"}]}<\/script>\n<!-- \/ Yoast SEO Premium plugin. -->","yoast_head_json":{"title":"Y\u00fcz\u00fcnc\u00fc Y\u0131l Panelleri-5 Y\u00fczy\u0131l\u0131n Felsefesi\/Felsefenin Kad\u0131nlar\u0131 - Etkinlikler - Kad\u0131n ve Aile Uygulama ve Ara\u015ft\u0131rma Merkezi","robots":{"index":"index","follow":"follow","max-snippet":"max-snippet:-1","max-image-preview":"max-image-preview:large","max-video-preview":"max-video-preview:-1"},"canonical":"https:\/\/ticaret.edu.tr\/kadin-ve-aile-uygulama-ve-arastirma-merkezi\/2024\/12\/03\/yuzuncu-yil-panelleri-5-yuzyilin-felsefesi-felsefenin-kadinlari-2\/","og_locale":"tr_TR","og_type":"article","og_title":"Y\u00fcz\u00fcnc\u00fc Y\u0131l Panelleri-5 Y\u00fczy\u0131l\u0131n Felsefesi\/Felsefenin Kad\u0131nlar\u0131","og_description":"Kad\u0131n ve Aile Uygulama Ara\u015ft\u0131rma Merkezi (KAUAM) Cumhuriyet\u2019in 100.y\u0131l\u0131 etkinlikleri kapsam\u0131nda Y\u00fcz\u00fcnc\u00fc Y\u0131l Panelleri ba\u015flatt\u0131. Bu kapsamda panel serisinin be\u015fincisi, Y\u00fczy\u0131l\u0131n Felsefesi\/ Felsefenin Kad\u0131nlar\u0131 ba\u015fl\u0131\u011f\u0131yla 09 Aral\u0131k 2024 g\u00fcn\u00fc saat 15.00\u2019da \u0130stanbul Ticaret \u00dcniversitesi S\u00fctl\u00fcce Yerle\u015fkesi E-502\u2019de\u00a0 ger\u00e7ekle\u015ftirilecektir.","og_url":"https:\/\/ticaret.edu.tr\/kadin-ve-aile-uygulama-ve-arastirma-merkezi\/2024\/12\/03\/yuzuncu-yil-panelleri-5-yuzyilin-felsefesi-felsefenin-kadinlari-2\/","og_site_name":"Kad\u0131n ve Aile Uygulama ve Ara\u015ft\u0131rma Merkezi","article_publisher":"https:\/\/www.facebook.com\/ticaretedutr","article_published_time":"2024-12-03T08:27:31+00:00","og_image":[{"width":1200,"height":1200,"url":"https:\/\/ticaret.edu.tr\/kadin-ve-aile-uygulama-ve-arastirma-merkezi\/wp-content\/uploads\/sites\/50\/2024\/12\/9_Aralik_Kadin-ve-Aile-Uygulama-ve-Arastirma-Merkezi-_Instagram.jpg","type":"image\/jpeg"}],"author":"mckiziltas","twitter_card":"summary_large_image","twitter_creator":"@ticaretedutr","twitter_site":"@ticaretedutr","twitter_misc":{"Yazan:":"mckiziltas","Tahmini okuma s\u00fcresi":"1 dakika"},"schema":{"@context":"https:\/\/schema.org","@graph":[{"@type":"WebPage","@id":"https:\/\/ticaret.edu.tr\/kadin-ve-aile-uygulama-ve-arastirma-merkezi\/2024\/12\/03\/yuzuncu-yil-panelleri-5-yuzyilin-felsefesi-felsefenin-kadinlari-2\/","url":"https:\/\/ticaret.edu.tr\/kadin-ve-aile-uygulama-ve-arastirma-merkezi\/2024\/12\/03\/yuzuncu-yil-panelleri-5-yuzyilin-felsefesi-felsefenin-kadinlari-2\/","name":"Y\u00fcz\u00fcnc\u00fc Y\u0131l Panelleri-5 Y\u00fczy\u0131l\u0131n Felsefesi\/Felsefenin Kad\u0131nlar\u0131 - Etkinlikler - Kad\u0131n ve Aile Uygulama ve Ara\u015ft\u0131rma Merkezi","isPartOf":{"@id":"http:\/\/ticaret.edu.tr\/kadin-ve-aile-uygulama-ve-arastirma-merkezi\/en\/#website"},"datePublished":"2024-12-03T08:27:31+00:00","dateModified":"2024-12-03T08:27:31+00:00","author":{"@id":"http:\/\/ticaret.edu.tr\/kadin-ve-aile-uygulama-ve-arastirma-merkezi\/en\/#\/schema\/person\/215c3ef896b7f2f5f257d1bea98c3529"},"breadcrumb":{"@id":"https:\/\/ticaret.edu.tr\/kadin-ve-aile-uygulama-ve-arastirma-merkezi\/2024\/12\/03\/yuzuncu-yil-panelleri-5-yuzyilin-felsefesi-felsefenin-kadinlari-2\/#breadcrumb"},"inLanguage":"tr","potentialAction":[{"@type":"ReadAction","target":["https:\/\/ticaret.edu.tr\/kadin-ve-aile-uygulama-ve-arastirma-merkezi\/2024\/12\/03\/yuzuncu-yil-panelleri-5-yuzyilin-felsefesi-felsefenin-kadinlari-2\/"]}]},{"@type":"BreadcrumbList","@id":"https:\/\/ticaret.edu.tr\/kadin-ve-aile-uygulama-ve-arastirma-merkezi\/2024\/12\/03\/yuzuncu-yil-panelleri-5-yuzyilin-felsefesi-felsefenin-kadinlari-2\/#breadcrumb","itemListElement":[{"@type":"ListItem","position":1,"name":"Ana sayfa","item":"https:\/\/ticaret.edu.tr\/kadin-ve-aile-uygulama-ve-arastirma-merkezi\/"},{"@type":"ListItem","position":2,"name":"Y\u00fcz\u00fcnc\u00fc Y\u0131l Panelleri-5 Y\u00fczy\u0131l\u0131n Felsefesi\/Felsefenin Kad\u0131nlar\u0131"}]},{"@type":"WebSite","@id":"http:\/\/ticaret.edu.tr\/kadin-ve-aile-uygulama-ve-arastirma-merkezi\/en\/#website","url":"http:\/\/ticaret.edu.tr\/kadin-ve-aile-uygulama-ve-arastirma-merkezi\/en\/","name":"Kad\u0131n ve Aile Uygulama ve Ara\u015ft\u0131rma Merkezi","description":"Bir ba\u015fka \u0130stanbul Ticaret \u00dcniversitesi site sitesi","potentialAction":[{"@type":"SearchAction","target":{"@type":"EntryPoint","urlTemplate":"http:\/\/ticaret.edu.tr\/kadin-ve-aile-uygulama-ve-arastirma-merkezi\/en\/?s={search_term_string}"},"query-input":"required name=search_term_string"}],"inLanguage":"tr"},{"@type":"Person","@id":"http:\/\/ticaret.edu.tr\/kadin-ve-aile-uygulama-ve-arastirma-merkezi\/en\/#\/schema\/person\/215c3ef896b7f2f5f257d1bea98c3529","name":"mckiziltas","image":{"@type":"ImageObject","inLanguage":"tr","@id":"http:\/\/ticaret.edu.tr\/kadin-ve-aile-uygulama-ve-arastirma-merkezi\/en\/#\/schema\/person\/image\/","url":"http:\/\/1.gravatar.com\/avatar\/a8607bcf789626b55174097b883033be?s=96&d=mm&r=g","contentUrl":"http:\/\/1.gravatar.com\/avatar\/a8607bcf789626b55174097b883033be?s=96&d=mm&r=g","caption":"mckiziltas"},"url":"http:\/\/ticaret.edu.tr\/kadin-ve-aile-uygulama-ve-arastirma-merkezi\/author\/mckiziltas\/"}]}},"lang":"tr","translations":{"tr":740},"pll_sync_post":[],"_links":{"self":[{"href":"http:\/\/ticaret.edu.tr\/kadin-ve-aile-uygulama-ve-arastirma-merkezi\/wp-json\/wp\/v2\/posts\/740"}],"collection":[{"href":"http:\/\/ticaret.edu.tr\/kadin-ve-aile-uygulama-ve-arastirma-merkezi\/wp-json\/wp\/v2\/posts"}],"about":[{"href":"http:\/\/ticaret.edu.tr\/kadin-ve-aile-uygulama-ve-arastirma-merkezi\/wp-json\/wp\/v2\/types\/post"}],"author":[{"embeddable":true,"href":"http:\/\/ticaret.edu.tr\/kadin-ve-aile-uygulama-ve-arastirma-merkezi\/wp-json\/wp\/v2\/users\/142"}],"replies":[{"embeddable":true,"href":"http:\/\/ticaret.edu.tr\/kadin-ve-aile-uygulama-ve-arastirma-merkezi\/wp-json\/wp\/v2\/comments?post=740"}],"version-history":[{"count":1,"href":"http:\/\/ticaret.edu.tr\/kadin-ve-aile-uygulama-ve-arastirma-merkezi\/wp-json\/wp\/v2\/posts\/740\/revisions"}],"predecessor-version":[{"id":741,"href":"http:\/\/ticaret.edu.tr\/kadin-ve-aile-uygulama-ve-arastirma-merkezi\/wp-json\/wp\/v2\/posts\/740\/revisions\/741"}],"wp:featuredmedia":[{"embeddable":true,"href":"http:\/\/ticaret.edu.tr\/kadin-ve-aile-uygulama-ve-arastirma-merkezi\/wp-json\/wp\/v2\/media\/731"}],"wp:attachment":[{"href":"http:\/\/ticaret.edu.tr\/kadin-ve-aile-uygulama-ve-arastirma-merkezi\/wp-json\/wp\/v2\/media?parent=740"}],"wp:term":[{"taxonomy":"category","embeddable":true,"href":"http:\/\/ticaret.edu.tr\/kadin-ve-aile-uygulama-ve-arastirma-merkezi\/wp-json\/wp\/v2\/categories?post=740"},{"taxonomy":"post_tag","embeddable":true,"href":"http:\/\/ticaret.edu.tr\/kadin-ve-aile-uygulama-ve-arastirma-merkezi\/wp-json\/wp\/v2\/tags?post=740"}],"curies":[{"name":"wp","href":"https:\/\/api.w.org\/{rel}","templated":true}]}}