{"id":809,"date":"2025-07-25T14:35:18","date_gmt":"2025-07-25T11:35:18","guid":{"rendered":"https:\/\/ticaret.edu.tr\/kadin-ve-aile-uygulama-ve-arastirma-merkezi\/?p=809"},"modified":"2025-07-25T14:35:18","modified_gmt":"2025-07-25T11:35:18","slug":"uluslararasi-ailenin-guclendirilmesi-konferansi-hazirlik-calistayi","status":"publish","type":"post","link":"http:\/\/ticaret.edu.tr\/kadin-ve-aile-uygulama-ve-arastirma-merkezi\/2025\/07\/25\/uluslararasi-ailenin-guclendirilmesi-konferansi-hazirlik-calistayi\/","title":{"rendered":"Uluslararas\u0131 Ailenin Gu\u0308c\u0327lendirilmesi Konferans\u0131 Haz\u0131rl\u0131k \u00c7al\u0131\u015ftay\u0131"},"content":{"rendered":"<div class=\"col\">\n<p>\u00dcniversitemiz \u201dT\u00fcrkiye\u2019de ve \u00d6zbekistan\u2019da Ailenin G\u00fc\u00e7lendirilmesi Temelli Devlet Y\u00f6netimi Politikalar\u0131\u201dn\u0131n tart\u0131\u015f\u0131laca\u011f\u0131 Uluslararas\u0131 Ailenin G\u00fc\u00e7lendirilmesi Konferans\u0131 i\u00e7in Haz\u0131rl\u0131k \u00c7al\u0131\u015ftay\u0131na ev sahipli\u011fi yapacak. \u00d6zbekistan\u2019dan 30\u2019un \u00fczerinde akademisyenin kat\u0131l\u0131m\u0131yla ger\u00e7ekle\u015ftirilecek \u00e7al\u0131\u015ftay, T\u00fcrkiye aile y\u0131l\u0131 kapsam\u0131nda ve \u00fcniversitemizin uluslararas\u0131la\u015fma vizyonunun bir par\u00e7as\u0131 olarak hayata ge\u00e7iriliyor.<\/p>\n<p><img loading=\"lazy\" decoding=\"async\" class=\"alignnone size-large wp-image-49238\" src=\"https:\/\/ticaret.edu.tr\/wp-content\/uploads\/2025\/05\/Uluslararasi-Ailenin-Guclendirilmesi-Konferansi-Sosyal-Medya-Dijital-Medya-2_Kare-Etkinlik-Banner-1024x1024.jpg\" alt=\"\" width=\"1024\" height=\"1024\" \/><\/p>\n<\/div>\n<div class=\"col-12\">\n<div class=\"row\">\n<div class=\"col-4\"><img decoding=\"async\" src=\"https:\/\/ticaret.edu.tr\/uluslararasi-ailenin-guclendirilmesi-konferansi-hazirlik-calistayi\/files\/Links\/Screenshot%202024-02-20%20at%2016.47.33.png\" alt=\"\" \/><\/div>\n<div class=\"col-4\"><img decoding=\"async\" src=\"https:\/\/ticaret.edu.tr\/uluslararasi-ailenin-guclendirilmesi-konferansi-hazirlik-calistayi\/files\/Links\/Screenshot%202024-02-20%20at%2016.47.33.png\" alt=\"\" \/><\/div>\n<\/div>\n<\/div>\n","protected":false},"excerpt":{"rendered":"<p>\u00dcniversitemiz \u201dT\u00fcrkiye\u2019de ve \u00d6zbekistan\u2019da Ailenin G\u00fc\u00e7lendirilmesi Temelli Devlet Y\u00f6netimi Politikalar\u0131\u201dn\u0131n tart\u0131\u015f\u0131laca\u011f\u0131 Uluslararas\u0131 Ailenin G\u00fc\u00e7lendirilmesi Konferans\u0131 i\u00e7in Haz\u0131rl\u0131k \u00c7al\u0131\u015ftay\u0131na ev sahipli\u011fi yapacak. \u00d6zbekistan\u2019dan 30\u2019un \u00fczerinde akademisyenin kat\u0131l\u0131m\u0131yla ger\u00e7ekle\u015ftirilecek \u00e7al\u0131\u015ftay, T\u00fcrkiye aile y\u0131l\u0131 kapsam\u0131nda ve \u00fcniversitemizin uluslararas\u0131la\u015fma vizyonunun bir par\u00e7as\u0131 olarak hayata ge\u00e7iriliyor.<\/p>\n","protected":false},"author":238,"featured_media":810,"comment_status":"closed","ping_status":"closed","sticky":false,"template":"","format":"standard","meta":{"footnotes":""},"categories":[3,4],"tags":[],"yoast_head":"<!-- This site is optimized with the Yoast SEO Premium plugin v22.1 (Yoast SEO v22.1) - https:\/\/yoast.com\/wordpress\/plugins\/seo\/ -->\n<title>Uluslararas\u0131 Ailenin Gu\u0308c\u0327lendirilmesi Konferans\u0131 Haz\u0131rl\u0131k \u00c7al\u0131\u015ftay\u0131 - Duyurular - Kad\u0131n ve Aile Uygulama ve Ara\u015ft\u0131rma Merkezi<\/title>\n<meta name=\"robots\" content=\"index, follow, max-snippet:-1, max-image-preview:large, max-video-preview:-1\" \/>\n<link rel=\"canonical\" href=\"http:\/\/ticaret.edu.tr\/kadin-ve-aile-uygulama-ve-arastirma-merkezi\/2025\/07\/25\/uluslararasi-ailenin-guclendirilmesi-konferansi-hazirlik-calistayi\/\" \/>\n<meta property=\"og:locale\" content=\"tr_TR\" \/>\n<meta property=\"og:type\" content=\"article\" \/>\n<meta property=\"og:title\" content=\"Uluslararas\u0131 Ailenin Gu\u0308c\u0327lendirilmesi Konferans\u0131 Haz\u0131rl\u0131k \u00c7al\u0131\u015ftay\u0131\" \/>\n<meta property=\"og:description\" content=\"\u00dcniversitemiz \u201dT\u00fcrkiye\u2019de ve \u00d6zbekistan\u2019da Ailenin G\u00fc\u00e7lendirilmesi Temelli Devlet Y\u00f6netimi Politikalar\u0131\u201dn\u0131n tart\u0131\u015f\u0131laca\u011f\u0131 Uluslararas\u0131 Ailenin G\u00fc\u00e7lendirilmesi Konferans\u0131 i\u00e7in Haz\u0131rl\u0131k \u00c7al\u0131\u015ftay\u0131na ev sahipli\u011fi yapacak. \u00d6zbekistan\u2019dan 30\u2019un \u00fczerinde akademisyenin kat\u0131l\u0131m\u0131yla ger\u00e7ekle\u015ftirilecek \u00e7al\u0131\u015ftay, T\u00fcrkiye aile y\u0131l\u0131 kapsam\u0131nda ve \u00fcniversitemizin uluslararas\u0131la\u015fma vizyonunun bir par\u00e7as\u0131 olarak hayata ge\u00e7iriliyor.\" \/>\n<meta property=\"og:url\" content=\"http:\/\/ticaret.edu.tr\/kadin-ve-aile-uygulama-ve-arastirma-merkezi\/2025\/07\/25\/uluslararasi-ailenin-guclendirilmesi-konferansi-hazirlik-calistayi\/\" \/>\n<meta property=\"og:site_name\" content=\"Kad\u0131n ve Aile Uygulama ve Ara\u015ft\u0131rma Merkezi\" \/>\n<meta property=\"article:publisher\" content=\"https:\/\/www.facebook.com\/ticaretedutr\" \/>\n<meta property=\"article:published_time\" content=\"2025-07-25T11:35:18+00:00\" \/>\n<meta property=\"og:image\" content=\"http:\/\/ticaret.edu.tr\/kadin-ve-aile-uygulama-ve-arastirma-merkezi\/wp-content\/uploads\/sites\/50\/2025\/07\/Uluslararasi-Ailenin-Guclendirilmesi-Konferansi-Sosyal-Medya-Dijital-Medya-2_Kare-Etkinlik-Banner.jpg\" \/>\n\t<meta property=\"og:image:width\" content=\"1080\" \/>\n\t<meta property=\"og:image:height\" content=\"1080\" \/>\n\t<meta property=\"og:image:type\" content=\"image\/jpeg\" \/>\n<meta name=\"author\" content=\"gbuzunoglu\" \/>\n<meta name=\"twitter:card\" content=\"summary_large_image\" \/>\n<meta name=\"twitter:creator\" content=\"@ticaretedutr\" \/>\n<meta name=\"twitter:site\" content=\"@ticaretedutr\" \/>\n<meta name=\"twitter:label1\" content=\"Yazan:\" \/>\n\t<meta name=\"twitter:data1\" content=\"gbuzunoglu\" \/>\n\t<meta name=\"twitter:label2\" content=\"Tahmini okuma s\u00fcresi\" \/>\n\t<meta name=\"twitter:data2\" content=\"2 dakika\" \/>\n<script type=\"application\/ld+json\" class=\"yoast-schema-graph\">{\"@context\":\"https:\/\/schema.org\",\"@graph\":[{\"@type\":\"WebPage\",\"@id\":\"http:\/\/ticaret.edu.tr\/kadin-ve-aile-uygulama-ve-arastirma-merkezi\/2025\/07\/25\/uluslararasi-ailenin-guclendirilmesi-konferansi-hazirlik-calistayi\/\",\"url\":\"http:\/\/ticaret.edu.tr\/kadin-ve-aile-uygulama-ve-arastirma-merkezi\/2025\/07\/25\/uluslararasi-ailenin-guclendirilmesi-konferansi-hazirlik-calistayi\/\",\"name\":\"Uluslararas\u0131 Ailenin Gu\u0308c\u0327lendirilmesi Konferans\u0131 Haz\u0131rl\u0131k \u00c7al\u0131\u015ftay\u0131 - Duyurular - Kad\u0131n ve Aile Uygulama ve Ara\u015ft\u0131rma Merkezi\",\"isPartOf\":{\"@id\":\"http:\/\/ticaret.edu.tr\/kadin-ve-aile-uygulama-ve-arastirma-merkezi\/en\/#website\"},\"datePublished\":\"2025-07-25T11:35:18+00:00\",\"dateModified\":\"2025-07-25T11:35:18+00:00\",\"author\":{\"@id\":\"http:\/\/ticaret.edu.tr\/kadin-ve-aile-uygulama-ve-arastirma-merkezi\/en\/#\/schema\/person\/fb6b39b4e091b813d455562f5a3fcf2c\"},\"breadcrumb\":{\"@id\":\"http:\/\/ticaret.edu.tr\/kadin-ve-aile-uygulama-ve-arastirma-merkezi\/2025\/07\/25\/uluslararasi-ailenin-guclendirilmesi-konferansi-hazirlik-calistayi\/#breadcrumb\"},\"inLanguage\":\"tr\",\"potentialAction\":[{\"@type\":\"ReadAction\",\"target\":[\"http:\/\/ticaret.edu.tr\/kadin-ve-aile-uygulama-ve-arastirma-merkezi\/2025\/07\/25\/uluslararasi-ailenin-guclendirilmesi-konferansi-hazirlik-calistayi\/\"]}]},{\"@type\":\"BreadcrumbList\",\"@id\":\"http:\/\/ticaret.edu.tr\/kadin-ve-aile-uygulama-ve-arastirma-merkezi\/2025\/07\/25\/uluslararasi-ailenin-guclendirilmesi-konferansi-hazirlik-calistayi\/#breadcrumb\",\"itemListElement\":[{\"@type\":\"ListItem\",\"position\":1,\"name\":\"Ana sayfa\",\"item\":\"https:\/\/ticaret.edu.tr\/kadin-ve-aile-uygulama-ve-arastirma-merkezi\/\"},{\"@type\":\"ListItem\",\"position\":2,\"name\":\"Uluslararas\u0131 Ailenin Gu\u0308c\u0327lendirilmesi Konferans\u0131 Haz\u0131rl\u0131k \u00c7al\u0131\u015ftay\u0131\"}]},{\"@type\":\"WebSite\",\"@id\":\"http:\/\/ticaret.edu.tr\/kadin-ve-aile-uygulama-ve-arastirma-merkezi\/en\/#website\",\"url\":\"http:\/\/ticaret.edu.tr\/kadin-ve-aile-uygulama-ve-arastirma-merkezi\/en\/\",\"name\":\"Kad\u0131n ve Aile Uygulama ve Ara\u015ft\u0131rma Merkezi\",\"description\":\"Bir ba\u015fka \u0130stanbul Ticaret \u00dcniversitesi site sitesi\",\"potentialAction\":[{\"@type\":\"SearchAction\",\"target\":{\"@type\":\"EntryPoint\",\"urlTemplate\":\"http:\/\/ticaret.edu.tr\/kadin-ve-aile-uygulama-ve-arastirma-merkezi\/en\/?s={search_term_string}\"},\"query-input\":\"required name=search_term_string\"}],\"inLanguage\":\"tr\"},{\"@type\":\"Person\",\"@id\":\"http:\/\/ticaret.edu.tr\/kadin-ve-aile-uygulama-ve-arastirma-merkezi\/en\/#\/schema\/person\/fb6b39b4e091b813d455562f5a3fcf2c\",\"name\":\"gbuzunoglu\",\"image\":{\"@type\":\"ImageObject\",\"inLanguage\":\"tr\",\"@id\":\"http:\/\/ticaret.edu.tr\/kadin-ve-aile-uygulama-ve-arastirma-merkezi\/en\/#\/schema\/person\/image\/\",\"url\":\"http:\/\/2.gravatar.com\/avatar\/b9e1cb2d1f836367b56625419ccfb033?s=96&d=mm&r=g\",\"contentUrl\":\"http:\/\/2.gravatar.com\/avatar\/b9e1cb2d1f836367b56625419ccfb033?s=96&d=mm&r=g\",\"caption\":\"gbuzunoglu\"},\"url\":\"http:\/\/ticaret.edu.tr\/kadin-ve-aile-uygulama-ve-arastirma-merkezi\/author\/gbuzunoglu\/\"}]}<\/script>\n<!-- \/ Yoast SEO Premium plugin. -->","yoast_head_json":{"title":"Uluslararas\u0131 Ailenin Gu\u0308c\u0327lendirilmesi Konferans\u0131 Haz\u0131rl\u0131k \u00c7al\u0131\u015ftay\u0131 - Duyurular - Kad\u0131n ve Aile Uygulama ve Ara\u015ft\u0131rma Merkezi","robots":{"index":"index","follow":"follow","max-snippet":"max-snippet:-1","max-image-preview":"max-image-preview:large","max-video-preview":"max-video-preview:-1"},"canonical":"http:\/\/ticaret.edu.tr\/kadin-ve-aile-uygulama-ve-arastirma-merkezi\/2025\/07\/25\/uluslararasi-ailenin-guclendirilmesi-konferansi-hazirlik-calistayi\/","og_locale":"tr_TR","og_type":"article","og_title":"Uluslararas\u0131 Ailenin Gu\u0308c\u0327lendirilmesi Konferans\u0131 Haz\u0131rl\u0131k \u00c7al\u0131\u015ftay\u0131","og_description":"\u00dcniversitemiz \u201dT\u00fcrkiye\u2019de ve \u00d6zbekistan\u2019da Ailenin G\u00fc\u00e7lendirilmesi Temelli Devlet Y\u00f6netimi Politikalar\u0131\u201dn\u0131n tart\u0131\u015f\u0131laca\u011f\u0131 Uluslararas\u0131 Ailenin G\u00fc\u00e7lendirilmesi Konferans\u0131 i\u00e7in Haz\u0131rl\u0131k \u00c7al\u0131\u015ftay\u0131na ev sahipli\u011fi yapacak. \u00d6zbekistan\u2019dan 30\u2019un \u00fczerinde akademisyenin kat\u0131l\u0131m\u0131yla ger\u00e7ekle\u015ftirilecek \u00e7al\u0131\u015ftay, T\u00fcrkiye aile y\u0131l\u0131 kapsam\u0131nda ve \u00fcniversitemizin uluslararas\u0131la\u015fma vizyonunun bir par\u00e7as\u0131 olarak hayata ge\u00e7iriliyor.","og_url":"http:\/\/ticaret.edu.tr\/kadin-ve-aile-uygulama-ve-arastirma-merkezi\/2025\/07\/25\/uluslararasi-ailenin-guclendirilmesi-konferansi-hazirlik-calistayi\/","og_site_name":"Kad\u0131n ve Aile Uygulama ve Ara\u015ft\u0131rma Merkezi","article_publisher":"https:\/\/www.facebook.com\/ticaretedutr","article_published_time":"2025-07-25T11:35:18+00:00","og_image":[{"width":1080,"height":1080,"url":"http:\/\/ticaret.edu.tr\/kadin-ve-aile-uygulama-ve-arastirma-merkezi\/wp-content\/uploads\/sites\/50\/2025\/07\/Uluslararasi-Ailenin-Guclendirilmesi-Konferansi-Sosyal-Medya-Dijital-Medya-2_Kare-Etkinlik-Banner.jpg","type":"image\/jpeg"}],"author":"gbuzunoglu","twitter_card":"summary_large_image","twitter_creator":"@ticaretedutr","twitter_site":"@ticaretedutr","twitter_misc":{"Yazan:":"gbuzunoglu","Tahmini okuma s\u00fcresi":"2 dakika"},"schema":{"@context":"https:\/\/schema.org","@graph":[{"@type":"WebPage","@id":"http:\/\/ticaret.edu.tr\/kadin-ve-aile-uygulama-ve-arastirma-merkezi\/2025\/07\/25\/uluslararasi-ailenin-guclendirilmesi-konferansi-hazirlik-calistayi\/","url":"http:\/\/ticaret.edu.tr\/kadin-ve-aile-uygulama-ve-arastirma-merkezi\/2025\/07\/25\/uluslararasi-ailenin-guclendirilmesi-konferansi-hazirlik-calistayi\/","name":"Uluslararas\u0131 Ailenin Gu\u0308c\u0327lendirilmesi Konferans\u0131 Haz\u0131rl\u0131k \u00c7al\u0131\u015ftay\u0131 - Duyurular - Kad\u0131n ve Aile Uygulama ve Ara\u015ft\u0131rma Merkezi","isPartOf":{"@id":"http:\/\/ticaret.edu.tr\/kadin-ve-aile-uygulama-ve-arastirma-merkezi\/en\/#website"},"datePublished":"2025-07-25T11:35:18+00:00","dateModified":"2025-07-25T11:35:18+00:00","author":{"@id":"http:\/\/ticaret.edu.tr\/kadin-ve-aile-uygulama-ve-arastirma-merkezi\/en\/#\/schema\/person\/fb6b39b4e091b813d455562f5a3fcf2c"},"breadcrumb":{"@id":"http:\/\/ticaret.edu.tr\/kadin-ve-aile-uygulama-ve-arastirma-merkezi\/2025\/07\/25\/uluslararasi-ailenin-guclendirilmesi-konferansi-hazirlik-calistayi\/#breadcrumb"},"inLanguage":"tr","potentialAction":[{"@type":"ReadAction","target":["http:\/\/ticaret.edu.tr\/kadin-ve-aile-uygulama-ve-arastirma-merkezi\/2025\/07\/25\/uluslararasi-ailenin-guclendirilmesi-konferansi-hazirlik-calistayi\/"]}]},{"@type":"BreadcrumbList","@id":"http:\/\/ticaret.edu.tr\/kadin-ve-aile-uygulama-ve-arastirma-merkezi\/2025\/07\/25\/uluslararasi-ailenin-guclendirilmesi-konferansi-hazirlik-calistayi\/#breadcrumb","itemListElement":[{"@type":"ListItem","position":1,"name":"Ana sayfa","item":"https:\/\/ticaret.edu.tr\/kadin-ve-aile-uygulama-ve-arastirma-merkezi\/"},{"@type":"ListItem","position":2,"name":"Uluslararas\u0131 Ailenin Gu\u0308c\u0327lendirilmesi Konferans\u0131 Haz\u0131rl\u0131k \u00c7al\u0131\u015ftay\u0131"}]},{"@type":"WebSite","@id":"http:\/\/ticaret.edu.tr\/kadin-ve-aile-uygulama-ve-arastirma-merkezi\/en\/#website","url":"http:\/\/ticaret.edu.tr\/kadin-ve-aile-uygulama-ve-arastirma-merkezi\/en\/","name":"Kad\u0131n ve Aile Uygulama ve Ara\u015ft\u0131rma Merkezi","description":"Bir ba\u015fka \u0130stanbul Ticaret \u00dcniversitesi site sitesi","potentialAction":[{"@type":"SearchAction","target":{"@type":"EntryPoint","urlTemplate":"http:\/\/ticaret.edu.tr\/kadin-ve-aile-uygulama-ve-arastirma-merkezi\/en\/?s={search_term_string}"},"query-input":"required name=search_term_string"}],"inLanguage":"tr"},{"@type":"Person","@id":"http:\/\/ticaret.edu.tr\/kadin-ve-aile-uygulama-ve-arastirma-merkezi\/en\/#\/schema\/person\/fb6b39b4e091b813d455562f5a3fcf2c","name":"gbuzunoglu","image":{"@type":"ImageObject","inLanguage":"tr","@id":"http:\/\/ticaret.edu.tr\/kadin-ve-aile-uygulama-ve-arastirma-merkezi\/en\/#\/schema\/person\/image\/","url":"http:\/\/2.gravatar.com\/avatar\/b9e1cb2d1f836367b56625419ccfb033?s=96&d=mm&r=g","contentUrl":"http:\/\/2.gravatar.com\/avatar\/b9e1cb2d1f836367b56625419ccfb033?s=96&d=mm&r=g","caption":"gbuzunoglu"},"url":"http:\/\/ticaret.edu.tr\/kadin-ve-aile-uygulama-ve-arastirma-merkezi\/author\/gbuzunoglu\/"}]}},"lang":"tr","translations":{"tr":809},"pll_sync_post":[],"_links":{"self":[{"href":"http:\/\/ticaret.edu.tr\/kadin-ve-aile-uygulama-ve-arastirma-merkezi\/wp-json\/wp\/v2\/posts\/809"}],"collection":[{"href":"http:\/\/ticaret.edu.tr\/kadin-ve-aile-uygulama-ve-arastirma-merkezi\/wp-json\/wp\/v2\/posts"}],"about":[{"href":"http:\/\/ticaret.edu.tr\/kadin-ve-aile-uygulama-ve-arastirma-merkezi\/wp-json\/wp\/v2\/types\/post"}],"author":[{"embeddable":true,"href":"http:\/\/ticaret.edu.tr\/kadin-ve-aile-uygulama-ve-arastirma-merkezi\/wp-json\/wp\/v2\/users\/238"}],"replies":[{"embeddable":true,"href":"http:\/\/ticaret.edu.tr\/kadin-ve-aile-uygulama-ve-arastirma-merkezi\/wp-json\/wp\/v2\/comments?post=809"}],"version-history":[{"count":1,"href":"http:\/\/ticaret.edu.tr\/kadin-ve-aile-uygulama-ve-arastirma-merkezi\/wp-json\/wp\/v2\/posts\/809\/revisions"}],"predecessor-version":[{"id":811,"href":"http:\/\/ticaret.edu.tr\/kadin-ve-aile-uygulama-ve-arastirma-merkezi\/wp-json\/wp\/v2\/posts\/809\/revisions\/811"}],"wp:featuredmedia":[{"embeddable":true,"href":"http:\/\/ticaret.edu.tr\/kadin-ve-aile-uygulama-ve-arastirma-merkezi\/wp-json\/wp\/v2\/media\/810"}],"wp:attachment":[{"href":"http:\/\/ticaret.edu.tr\/kadin-ve-aile-uygulama-ve-arastirma-merkezi\/wp-json\/wp\/v2\/media?parent=809"}],"wp:term":[{"taxonomy":"category","embeddable":true,"href":"http:\/\/ticaret.edu.tr\/kadin-ve-aile-uygulama-ve-arastirma-merkezi\/wp-json\/wp\/v2\/categories?post=809"},{"taxonomy":"post_tag","embeddable":true,"href":"http:\/\/ticaret.edu.tr\/kadin-ve-aile-uygulama-ve-arastirma-merkezi\/wp-json\/wp\/v2\/tags?post=809"}],"curies":[{"name":"wp","href":"https:\/\/api.w.org\/{rel}","templated":true}]}}