{"id":823,"date":"2025-10-13T16:36:18","date_gmt":"2025-10-13T13:36:18","guid":{"rendered":"https:\/\/ticaret.edu.tr\/kadin-ve-aile-uygulama-ve-arastirma-merkezi\/?p=823"},"modified":"2025-12-08T13:50:25","modified_gmt":"2025-12-08T10:50:25","slug":"1-uluslararasi-ailenin-guclendirilmesi-konferansi","status":"publish","type":"post","link":"http:\/\/ticaret.edu.tr\/kadin-ve-aile-uygulama-ve-arastirma-merkezi\/2025\/10\/13\/1-uluslararasi-ailenin-guclendirilmesi-konferansi\/","title":{"rendered":"1. Uluslararas\u0131 Ailenin G\u00fc\u00e7lendirilmesi Konferans\u0131"},"content":{"rendered":"<p>\u00dcniversitemiz ev sahipli\u011finde, Kad\u0131n ve Aile Uygulama ve Ara\u015ft\u0131rma Merkezi \u00f6nc\u00fcl\u00fc\u011f\u00fcnde; T.C. Aile ve Sosyal Hizmetler Bakanl\u0131\u011f\u0131, \u00d6zbekistan Y\u00fcksek\u00f6\u011fretim, Bilim ve Yenilik Bakanl\u0131\u011f\u0131, \u00a0\u00d6zbekistan Aile ve Kad\u0131n Komitesi, Kad\u0131n ve Demokrasi Vakf\u0131 (KADEM) ve \u00d6zbek Kad\u0131n Haklar\u0131 Derne\u011fi i\u015f birli\u011fiyle\u00a0<strong>\u201cT\u00fcrkiye\u2019de ve \u00d6zbekistan\u2019da Ailenin G\u00fc\u00e7lendirilmesi Temelli Devlet Politikalar\u0131\u201d<\/strong>\u00a0temal\u0131\u00a0<strong>1. Uluslararas\u0131 Ailenin G\u00fc\u00e7lendirilmesi Konferans\u0131<\/strong>\u00a0d\u00fczenlenmektedir.<\/p>\n<p>&nbsp;<\/p>\n<p><strong>Bilim insanlar\u0131m\u0131z\u0131 bu g\u00fc\u00e7l\u00fc vizyonun bir par\u00e7as\u0131 olmaya, ailenin g\u00fc\u00e7lendirilmesine y\u00f6nelik ara\u015ft\u0131rmalar\u0131n\u0131 ve \u00e7\u00f6z\u00fcm \u00f6nerilerini uluslararas\u0131 bir platformda sunmaya davet ediyoruz.<\/strong><\/p>\n<p>&nbsp;<\/p>\n<p><strong><u>\u00d6nemli Tarihler<\/u><\/strong><\/p>\n<p>Haz\u0131rl\u0131k \u00c7al\u0131\u015ftay\u0131-I: 30-31 May\u0131s 2025<\/p>\n<p>Haz\u0131rl\u0131k \u00c7al\u0131\u015ftay\u0131-II: 16-18 Kas\u0131m 2025<\/p>\n<p>\u00d6zet G\u00f6nderimi Son Tarih: 18 Ocak 2026<\/p>\n<p><strong><u>Detayl\u0131 Bilgi \u0130\u00e7in;<\/u><\/strong><\/p>\n<p><strong>Web Site:\u00a0<\/strong><a href=\"https:\/\/aile.ticaret.edu.tr\/\">https:\/\/aile.ticaret.edu.tr<\/a><\/p>\n<p><strong>E-posta:\u00a0<\/strong><a href=\"mailto:uagk@ticaret.edu.tr\">uagk@ticaret.edu.tr<\/a><\/p>\n<p>&nbsp;<\/p>\n<p><img loading=\"lazy\" decoding=\"async\" class=\"alignnone wp-image-832 size-full\" src=\"http:\/\/ticaret.edu.tr\/kadin-ve-aile-uygulama-ve-arastirma-merkezi\/wp-content\/uploads\/sites\/50\/2025\/10\/Uluslararasi-Ailenin-Guclendirilmesi-Konferansi-2-Sosyal-Medya-Dijital-Medya-ICSF-Yeni-Tarihli_Kare-Etkinlik-Banner.jpg\" alt=\"\" width=\"1080\" height=\"1080\" srcset=\"http:\/\/ticaret.edu.tr\/kadin-ve-aile-uygulama-ve-arastirma-merkezi\/wp-content\/uploads\/sites\/50\/2025\/10\/Uluslararasi-Ailenin-Guclendirilmesi-Konferansi-2-Sosyal-Medya-Dijital-Medya-ICSF-Yeni-Tarihli_Kare-Etkinlik-Banner.jpg 1080w, http:\/\/ticaret.edu.tr\/kadin-ve-aile-uygulama-ve-arastirma-merkezi\/wp-content\/uploads\/sites\/50\/2025\/10\/Uluslararasi-Ailenin-Guclendirilmesi-Konferansi-2-Sosyal-Medya-Dijital-Medya-ICSF-Yeni-Tarihli_Kare-Etkinlik-Banner-300x300.jpg 300w, http:\/\/ticaret.edu.tr\/kadin-ve-aile-uygulama-ve-arastirma-merkezi\/wp-content\/uploads\/sites\/50\/2025\/10\/Uluslararasi-Ailenin-Guclendirilmesi-Konferansi-2-Sosyal-Medya-Dijital-Medya-ICSF-Yeni-Tarihli_Kare-Etkinlik-Banner-1024x1024.jpg 1024w, http:\/\/ticaret.edu.tr\/kadin-ve-aile-uygulama-ve-arastirma-merkezi\/wp-content\/uploads\/sites\/50\/2025\/10\/Uluslararasi-Ailenin-Guclendirilmesi-Konferansi-2-Sosyal-Medya-Dijital-Medya-ICSF-Yeni-Tarihli_Kare-Etkinlik-Banner-150x150.jpg 150w, http:\/\/ticaret.edu.tr\/kadin-ve-aile-uygulama-ve-arastirma-merkezi\/wp-content\/uploads\/sites\/50\/2025\/10\/Uluslararasi-Ailenin-Guclendirilmesi-Konferansi-2-Sosyal-Medya-Dijital-Medya-ICSF-Yeni-Tarihli_Kare-Etkinlik-Banner-768x768.jpg 768w\" sizes=\"(max-width: 1080px) 100vw, 1080px\" \/><\/p>\n<p>&nbsp;<\/p>\n","protected":false},"excerpt":{"rendered":"<p>\u00dcniversitemiz ev sahipli\u011finde, Kad\u0131n ve Aile Uygulama ve Ara\u015ft\u0131rma Merkezi \u00f6nc\u00fcl\u00fc\u011f\u00fcnde; T.C. Aile ve Sosyal Hizmetler Bakanl\u0131\u011f\u0131, \u00d6zbekistan Y\u00fcksek\u00f6\u011fretim, Bilim ve Yenilik Bakanl\u0131\u011f\u0131, \u00a0\u00d6zbekistan Aile ve Kad\u0131n Komitesi, Kad\u0131n ve Demokrasi Vakf\u0131 (KADEM) ve \u00d6zbek Kad\u0131n Haklar\u0131 Derne\u011fi i\u015f birli\u011fiyle\u00a0\u201cT\u00fcrkiye\u2019de ve \u00d6zbekistan\u2019da Ailenin G\u00fc\u00e7lendirilmesi Temelli Devlet Politikalar\u0131\u201d\u00a0temal\u0131\u00a01. Uluslararas\u0131 Ailenin G\u00fc\u00e7lendirilmesi Konferans\u0131\u00a0d\u00fczenlenmektedir. &nbsp; Bilim insanlar\u0131m\u0131z\u0131 bu [&hellip;]<\/p>\n","protected":false},"author":238,"featured_media":832,"comment_status":"closed","ping_status":"closed","sticky":false,"template":"","format":"standard","meta":{"footnotes":""},"categories":[3,4],"tags":[],"yoast_head":"<!-- This site is optimized with the Yoast SEO Premium plugin v22.1 (Yoast SEO v22.1) - https:\/\/yoast.com\/wordpress\/plugins\/seo\/ -->\n<title>1. Uluslararas\u0131 Ailenin G\u00fc\u00e7lendirilmesi Konferans\u0131 - Duyurular - Kad\u0131n ve Aile Uygulama ve Ara\u015ft\u0131rma Merkezi<\/title>\n<meta name=\"description\" content=\"\u00dcniversitemiz ev sahipli\u011finde\u00a0\u201cT\u00fcrkiye\u2019de ve \u00d6zbekistan\u2019da Ailenin G\u00fc\u00e7lendirilmesi Temelli Devlet Politikalar\u0131\u201d\u00a0temal\u0131\u00a01. Uluslararas\u0131 Ailenin G\u00fc\u00e7lendirilmesi Konferans\u0131\u00a0d\u00fczenlenmektedir.\" \/>\n<meta name=\"robots\" content=\"index, follow, max-snippet:-1, max-image-preview:large, max-video-preview:-1\" \/>\n<link rel=\"canonical\" href=\"http:\/\/ticaret.edu.tr\/kadin-ve-aile-uygulama-ve-arastirma-merkezi\/2025\/10\/13\/1-uluslararasi-ailenin-guclendirilmesi-konferansi\/\" \/>\n<meta property=\"og:locale\" content=\"tr_TR\" \/>\n<meta property=\"og:type\" content=\"article\" \/>\n<meta property=\"og:title\" content=\"1. Uluslararas\u0131 Ailenin G\u00fc\u00e7lendirilmesi Konferans\u0131\" \/>\n<meta property=\"og:description\" content=\"\u00dcniversitemiz ev sahipli\u011finde\u00a0\u201cT\u00fcrkiye\u2019de ve \u00d6zbekistan\u2019da Ailenin G\u00fc\u00e7lendirilmesi Temelli Devlet Politikalar\u0131\u201d\u00a0temal\u0131\u00a01. Uluslararas\u0131 Ailenin G\u00fc\u00e7lendirilmesi Konferans\u0131\u00a0d\u00fczenlenmektedir.\" \/>\n<meta property=\"og:url\" content=\"http:\/\/ticaret.edu.tr\/kadin-ve-aile-uygulama-ve-arastirma-merkezi\/2025\/10\/13\/1-uluslararasi-ailenin-guclendirilmesi-konferansi\/\" \/>\n<meta property=\"og:site_name\" content=\"Kad\u0131n ve Aile Uygulama ve Ara\u015ft\u0131rma Merkezi\" \/>\n<meta property=\"article:publisher\" content=\"https:\/\/www.facebook.com\/ticaretedutr\" \/>\n<meta property=\"article:published_time\" content=\"2025-10-13T13:36:18+00:00\" \/>\n<meta property=\"article:modified_time\" content=\"2025-12-08T10:50:25+00:00\" \/>\n<meta property=\"og:image\" content=\"http:\/\/ticaret.edu.tr\/kadin-ve-aile-uygulama-ve-arastirma-merkezi\/wp-content\/uploads\/sites\/50\/2025\/10\/Uluslararasi-Ailenin-Guclendirilmesi-Konferansi-2-Sosyal-Medya-Dijital-Medya-ICSF-Yeni-Tarihli_Kare-Etkinlik-Banner.jpg\" \/>\n\t<meta property=\"og:image:width\" content=\"1080\" \/>\n\t<meta property=\"og:image:height\" content=\"1080\" \/>\n\t<meta property=\"og:image:type\" content=\"image\/jpeg\" \/>\n<meta name=\"author\" content=\"gbuzunoglu\" \/>\n<meta name=\"twitter:card\" content=\"summary_large_image\" \/>\n<meta name=\"twitter:creator\" content=\"@ticaretedutr\" \/>\n<meta name=\"twitter:site\" content=\"@ticaretedutr\" \/>\n<meta name=\"twitter:label1\" content=\"Yazan:\" \/>\n\t<meta name=\"twitter:data1\" content=\"gbuzunoglu\" \/>\n\t<meta name=\"twitter:label2\" content=\"Tahmini okuma s\u00fcresi\" \/>\n\t<meta name=\"twitter:data2\" content=\"2 dakika\" \/>\n<script type=\"application\/ld+json\" class=\"yoast-schema-graph\">{\"@context\":\"https:\/\/schema.org\",\"@graph\":[{\"@type\":\"WebPage\",\"@id\":\"http:\/\/ticaret.edu.tr\/kadin-ve-aile-uygulama-ve-arastirma-merkezi\/2025\/10\/13\/1-uluslararasi-ailenin-guclendirilmesi-konferansi\/\",\"url\":\"http:\/\/ticaret.edu.tr\/kadin-ve-aile-uygulama-ve-arastirma-merkezi\/2025\/10\/13\/1-uluslararasi-ailenin-guclendirilmesi-konferansi\/\",\"name\":\"1. Uluslararas\u0131 Ailenin G\u00fc\u00e7lendirilmesi Konferans\u0131 - Duyurular - Kad\u0131n ve Aile Uygulama ve Ara\u015ft\u0131rma Merkezi\",\"isPartOf\":{\"@id\":\"http:\/\/ticaret.edu.tr\/kadin-ve-aile-uygulama-ve-arastirma-merkezi\/en\/#website\"},\"datePublished\":\"2025-10-13T13:36:18+00:00\",\"dateModified\":\"2025-12-08T10:50:25+00:00\",\"author\":{\"@id\":\"http:\/\/ticaret.edu.tr\/kadin-ve-aile-uygulama-ve-arastirma-merkezi\/en\/#\/schema\/person\/fb6b39b4e091b813d455562f5a3fcf2c\"},\"description\":\"\u00dcniversitemiz ev sahipli\u011finde\u00a0\u201cT\u00fcrkiye\u2019de ve \u00d6zbekistan\u2019da Ailenin G\u00fc\u00e7lendirilmesi Temelli Devlet Politikalar\u0131\u201d\u00a0temal\u0131\u00a01. Uluslararas\u0131 Ailenin G\u00fc\u00e7lendirilmesi Konferans\u0131\u00a0d\u00fczenlenmektedir.\",\"breadcrumb\":{\"@id\":\"http:\/\/ticaret.edu.tr\/kadin-ve-aile-uygulama-ve-arastirma-merkezi\/2025\/10\/13\/1-uluslararasi-ailenin-guclendirilmesi-konferansi\/#breadcrumb\"},\"inLanguage\":\"tr\",\"potentialAction\":[{\"@type\":\"ReadAction\",\"target\":[\"http:\/\/ticaret.edu.tr\/kadin-ve-aile-uygulama-ve-arastirma-merkezi\/2025\/10\/13\/1-uluslararasi-ailenin-guclendirilmesi-konferansi\/\"]}]},{\"@type\":\"BreadcrumbList\",\"@id\":\"http:\/\/ticaret.edu.tr\/kadin-ve-aile-uygulama-ve-arastirma-merkezi\/2025\/10\/13\/1-uluslararasi-ailenin-guclendirilmesi-konferansi\/#breadcrumb\",\"itemListElement\":[{\"@type\":\"ListItem\",\"position\":1,\"name\":\"Ana sayfa\",\"item\":\"https:\/\/ticaret.edu.tr\/kadin-ve-aile-uygulama-ve-arastirma-merkezi\/\"},{\"@type\":\"ListItem\",\"position\":2,\"name\":\"1. Uluslararas\u0131 Ailenin G\u00fc\u00e7lendirilmesi Konferans\u0131\"}]},{\"@type\":\"WebSite\",\"@id\":\"http:\/\/ticaret.edu.tr\/kadin-ve-aile-uygulama-ve-arastirma-merkezi\/en\/#website\",\"url\":\"http:\/\/ticaret.edu.tr\/kadin-ve-aile-uygulama-ve-arastirma-merkezi\/en\/\",\"name\":\"Kad\u0131n ve Aile Uygulama ve Ara\u015ft\u0131rma Merkezi\",\"description\":\"Bir ba\u015fka \u0130stanbul Ticaret \u00dcniversitesi site sitesi\",\"potentialAction\":[{\"@type\":\"SearchAction\",\"target\":{\"@type\":\"EntryPoint\",\"urlTemplate\":\"http:\/\/ticaret.edu.tr\/kadin-ve-aile-uygulama-ve-arastirma-merkezi\/en\/?s={search_term_string}\"},\"query-input\":\"required name=search_term_string\"}],\"inLanguage\":\"tr\"},{\"@type\":\"Person\",\"@id\":\"http:\/\/ticaret.edu.tr\/kadin-ve-aile-uygulama-ve-arastirma-merkezi\/en\/#\/schema\/person\/fb6b39b4e091b813d455562f5a3fcf2c\",\"name\":\"gbuzunoglu\",\"image\":{\"@type\":\"ImageObject\",\"inLanguage\":\"tr\",\"@id\":\"http:\/\/ticaret.edu.tr\/kadin-ve-aile-uygulama-ve-arastirma-merkezi\/en\/#\/schema\/person\/image\/\",\"url\":\"http:\/\/2.gravatar.com\/avatar\/b9e1cb2d1f836367b56625419ccfb033?s=96&d=mm&r=g\",\"contentUrl\":\"http:\/\/2.gravatar.com\/avatar\/b9e1cb2d1f836367b56625419ccfb033?s=96&d=mm&r=g\",\"caption\":\"gbuzunoglu\"},\"url\":\"http:\/\/ticaret.edu.tr\/kadin-ve-aile-uygulama-ve-arastirma-merkezi\/author\/gbuzunoglu\/\"}]}<\/script>\n<!-- \/ Yoast SEO Premium plugin. -->","yoast_head_json":{"title":"1. Uluslararas\u0131 Ailenin G\u00fc\u00e7lendirilmesi Konferans\u0131 - Duyurular - Kad\u0131n ve Aile Uygulama ve Ara\u015ft\u0131rma Merkezi","description":"\u00dcniversitemiz ev sahipli\u011finde\u00a0\u201cT\u00fcrkiye\u2019de ve \u00d6zbekistan\u2019da Ailenin G\u00fc\u00e7lendirilmesi Temelli Devlet Politikalar\u0131\u201d\u00a0temal\u0131\u00a01. Uluslararas\u0131 Ailenin G\u00fc\u00e7lendirilmesi Konferans\u0131\u00a0d\u00fczenlenmektedir.","robots":{"index":"index","follow":"follow","max-snippet":"max-snippet:-1","max-image-preview":"max-image-preview:large","max-video-preview":"max-video-preview:-1"},"canonical":"http:\/\/ticaret.edu.tr\/kadin-ve-aile-uygulama-ve-arastirma-merkezi\/2025\/10\/13\/1-uluslararasi-ailenin-guclendirilmesi-konferansi\/","og_locale":"tr_TR","og_type":"article","og_title":"1. Uluslararas\u0131 Ailenin G\u00fc\u00e7lendirilmesi Konferans\u0131","og_description":"\u00dcniversitemiz ev sahipli\u011finde\u00a0\u201cT\u00fcrkiye\u2019de ve \u00d6zbekistan\u2019da Ailenin G\u00fc\u00e7lendirilmesi Temelli Devlet Politikalar\u0131\u201d\u00a0temal\u0131\u00a01. Uluslararas\u0131 Ailenin G\u00fc\u00e7lendirilmesi Konferans\u0131\u00a0d\u00fczenlenmektedir.","og_url":"http:\/\/ticaret.edu.tr\/kadin-ve-aile-uygulama-ve-arastirma-merkezi\/2025\/10\/13\/1-uluslararasi-ailenin-guclendirilmesi-konferansi\/","og_site_name":"Kad\u0131n ve Aile Uygulama ve Ara\u015ft\u0131rma Merkezi","article_publisher":"https:\/\/www.facebook.com\/ticaretedutr","article_published_time":"2025-10-13T13:36:18+00:00","article_modified_time":"2025-12-08T10:50:25+00:00","og_image":[{"width":1080,"height":1080,"url":"http:\/\/ticaret.edu.tr\/kadin-ve-aile-uygulama-ve-arastirma-merkezi\/wp-content\/uploads\/sites\/50\/2025\/10\/Uluslararasi-Ailenin-Guclendirilmesi-Konferansi-2-Sosyal-Medya-Dijital-Medya-ICSF-Yeni-Tarihli_Kare-Etkinlik-Banner.jpg","type":"image\/jpeg"}],"author":"gbuzunoglu","twitter_card":"summary_large_image","twitter_creator":"@ticaretedutr","twitter_site":"@ticaretedutr","twitter_misc":{"Yazan:":"gbuzunoglu","Tahmini okuma s\u00fcresi":"2 dakika"},"schema":{"@context":"https:\/\/schema.org","@graph":[{"@type":"WebPage","@id":"http:\/\/ticaret.edu.tr\/kadin-ve-aile-uygulama-ve-arastirma-merkezi\/2025\/10\/13\/1-uluslararasi-ailenin-guclendirilmesi-konferansi\/","url":"http:\/\/ticaret.edu.tr\/kadin-ve-aile-uygulama-ve-arastirma-merkezi\/2025\/10\/13\/1-uluslararasi-ailenin-guclendirilmesi-konferansi\/","name":"1. Uluslararas\u0131 Ailenin G\u00fc\u00e7lendirilmesi Konferans\u0131 - Duyurular - Kad\u0131n ve Aile Uygulama ve Ara\u015ft\u0131rma Merkezi","isPartOf":{"@id":"http:\/\/ticaret.edu.tr\/kadin-ve-aile-uygulama-ve-arastirma-merkezi\/en\/#website"},"datePublished":"2025-10-13T13:36:18+00:00","dateModified":"2025-12-08T10:50:25+00:00","author":{"@id":"http:\/\/ticaret.edu.tr\/kadin-ve-aile-uygulama-ve-arastirma-merkezi\/en\/#\/schema\/person\/fb6b39b4e091b813d455562f5a3fcf2c"},"description":"\u00dcniversitemiz ev sahipli\u011finde\u00a0\u201cT\u00fcrkiye\u2019de ve \u00d6zbekistan\u2019da Ailenin G\u00fc\u00e7lendirilmesi Temelli Devlet Politikalar\u0131\u201d\u00a0temal\u0131\u00a01. Uluslararas\u0131 Ailenin G\u00fc\u00e7lendirilmesi Konferans\u0131\u00a0d\u00fczenlenmektedir.","breadcrumb":{"@id":"http:\/\/ticaret.edu.tr\/kadin-ve-aile-uygulama-ve-arastirma-merkezi\/2025\/10\/13\/1-uluslararasi-ailenin-guclendirilmesi-konferansi\/#breadcrumb"},"inLanguage":"tr","potentialAction":[{"@type":"ReadAction","target":["http:\/\/ticaret.edu.tr\/kadin-ve-aile-uygulama-ve-arastirma-merkezi\/2025\/10\/13\/1-uluslararasi-ailenin-guclendirilmesi-konferansi\/"]}]},{"@type":"BreadcrumbList","@id":"http:\/\/ticaret.edu.tr\/kadin-ve-aile-uygulama-ve-arastirma-merkezi\/2025\/10\/13\/1-uluslararasi-ailenin-guclendirilmesi-konferansi\/#breadcrumb","itemListElement":[{"@type":"ListItem","position":1,"name":"Ana sayfa","item":"https:\/\/ticaret.edu.tr\/kadin-ve-aile-uygulama-ve-arastirma-merkezi\/"},{"@type":"ListItem","position":2,"name":"1. Uluslararas\u0131 Ailenin G\u00fc\u00e7lendirilmesi Konferans\u0131"}]},{"@type":"WebSite","@id":"http:\/\/ticaret.edu.tr\/kadin-ve-aile-uygulama-ve-arastirma-merkezi\/en\/#website","url":"http:\/\/ticaret.edu.tr\/kadin-ve-aile-uygulama-ve-arastirma-merkezi\/en\/","name":"Kad\u0131n ve Aile Uygulama ve Ara\u015ft\u0131rma Merkezi","description":"Bir ba\u015fka \u0130stanbul Ticaret \u00dcniversitesi site sitesi","potentialAction":[{"@type":"SearchAction","target":{"@type":"EntryPoint","urlTemplate":"http:\/\/ticaret.edu.tr\/kadin-ve-aile-uygulama-ve-arastirma-merkezi\/en\/?s={search_term_string}"},"query-input":"required name=search_term_string"}],"inLanguage":"tr"},{"@type":"Person","@id":"http:\/\/ticaret.edu.tr\/kadin-ve-aile-uygulama-ve-arastirma-merkezi\/en\/#\/schema\/person\/fb6b39b4e091b813d455562f5a3fcf2c","name":"gbuzunoglu","image":{"@type":"ImageObject","inLanguage":"tr","@id":"http:\/\/ticaret.edu.tr\/kadin-ve-aile-uygulama-ve-arastirma-merkezi\/en\/#\/schema\/person\/image\/","url":"http:\/\/2.gravatar.com\/avatar\/b9e1cb2d1f836367b56625419ccfb033?s=96&d=mm&r=g","contentUrl":"http:\/\/2.gravatar.com\/avatar\/b9e1cb2d1f836367b56625419ccfb033?s=96&d=mm&r=g","caption":"gbuzunoglu"},"url":"http:\/\/ticaret.edu.tr\/kadin-ve-aile-uygulama-ve-arastirma-merkezi\/author\/gbuzunoglu\/"}]}},"lang":"tr","translations":{"tr":823},"pll_sync_post":[],"_links":{"self":[{"href":"http:\/\/ticaret.edu.tr\/kadin-ve-aile-uygulama-ve-arastirma-merkezi\/wp-json\/wp\/v2\/posts\/823"}],"collection":[{"href":"http:\/\/ticaret.edu.tr\/kadin-ve-aile-uygulama-ve-arastirma-merkezi\/wp-json\/wp\/v2\/posts"}],"about":[{"href":"http:\/\/ticaret.edu.tr\/kadin-ve-aile-uygulama-ve-arastirma-merkezi\/wp-json\/wp\/v2\/types\/post"}],"author":[{"embeddable":true,"href":"http:\/\/ticaret.edu.tr\/kadin-ve-aile-uygulama-ve-arastirma-merkezi\/wp-json\/wp\/v2\/users\/238"}],"replies":[{"embeddable":true,"href":"http:\/\/ticaret.edu.tr\/kadin-ve-aile-uygulama-ve-arastirma-merkezi\/wp-json\/wp\/v2\/comments?post=823"}],"version-history":[{"count":4,"href":"http:\/\/ticaret.edu.tr\/kadin-ve-aile-uygulama-ve-arastirma-merkezi\/wp-json\/wp\/v2\/posts\/823\/revisions"}],"predecessor-version":[{"id":833,"href":"http:\/\/ticaret.edu.tr\/kadin-ve-aile-uygulama-ve-arastirma-merkezi\/wp-json\/wp\/v2\/posts\/823\/revisions\/833"}],"wp:featuredmedia":[{"embeddable":true,"href":"http:\/\/ticaret.edu.tr\/kadin-ve-aile-uygulama-ve-arastirma-merkezi\/wp-json\/wp\/v2\/media\/832"}],"wp:attachment":[{"href":"http:\/\/ticaret.edu.tr\/kadin-ve-aile-uygulama-ve-arastirma-merkezi\/wp-json\/wp\/v2\/media?parent=823"}],"wp:term":[{"taxonomy":"category","embeddable":true,"href":"http:\/\/ticaret.edu.tr\/kadin-ve-aile-uygulama-ve-arastirma-merkezi\/wp-json\/wp\/v2\/categories?post=823"},{"taxonomy":"post_tag","embeddable":true,"href":"http:\/\/ticaret.edu.tr\/kadin-ve-aile-uygulama-ve-arastirma-merkezi\/wp-json\/wp\/v2\/tags?post=823"}],"curies":[{"name":"wp","href":"https:\/\/api.w.org\/{rel}","templated":true}]}}