{"id":827,"date":"2025-10-17T11:52:34","date_gmt":"2025-10-17T08:52:34","guid":{"rendered":"https:\/\/ticaret.edu.tr\/kadin-ve-aile-uygulama-ve-arastirma-merkezi\/?p=827"},"modified":"2025-10-17T11:52:34","modified_gmt":"2025-10-17T08:52:34","slug":"kadin-ve-aile-arastirma-merkezleri-filistin-bildirisi","status":"publish","type":"post","link":"http:\/\/ticaret.edu.tr\/kadin-ve-aile-uygulama-ve-arastirma-merkezi\/2025\/10\/17\/kadin-ve-aile-arastirma-merkezleri-filistin-bildirisi\/","title":{"rendered":"Kad\u0131n ve Aile Ara\u015ft\u0131rma Merkezleri Filistin Bildirisi"},"content":{"rendered":"<p>51 \u00fcniversitenin Kad\u0131n ve Aile ara\u015ft\u0131rma merkezleri d\u00fcnya k\u0131z \u00e7ocuklar\u0131 g\u00fcn\u00fcnde Gazze&#8217;deki soyk\u0131r\u0131ma dikkat \u00e7eken ve kad\u0131n ve \u00e7ocuklar\u0131n katliam\u0131n\u0131 k\u0131nayan ortakla\u015fa bir bildiri yay\u0131nlad\u0131lar. \u0130stanbul Ticaret \u00dcniversitesi Kad\u0131n ve Aile Uygulama ve Ara\u015ft\u0131rma Merkezinin de imzac\u0131lar aras\u0131nda bulundu\u011fu bildiride, uluslararas\u0131 kamuoyuna seslenilerek devam eden ate\u015fkes anla\u015fmas\u0131 s\u00fcrecine temkinli yakla\u015ft\u0131klar\u0131n\u0131 ifade eden merkezler, ba\u015fta kad\u0131n ve \u00e7ocuklar olmak \u00fczere her t\u00fcrl\u00fc haklar\u0131 gasp edilen Filistinli ma\u011fdurlar\u0131n haklar\u0131n\u0131n iadesi, bar\u0131\u015f\u0131n tesisi ve Gazze&#8217;nin yeniden imar\u0131 konusunda \u00e7abalar\u0131n devam\u0131na dair beklentilerini dile getirdiler.<\/p>\n<p>&nbsp;<\/p>\n<p><span style=\"color: #000000;\"><strong><a style=\"color: #000000;\" href=\"https:\/\/ticaret.edu.tr\/wp-content\/uploads\/2025\/10\/vsfzledups-gazze-bi-ldi-ri-si-kadin-ve-kiz-cocuklari-12_10_2025.pdf\" target=\"_blank\" rel=\"noopener\">Kad\u0131n ve Aile Ara\u015ft\u0131rma Merkezleri Filistin Bildirisi<\/a><\/strong><\/span><\/p>\n","protected":false},"excerpt":{"rendered":"<p>51 \u00fcniversitenin Kad\u0131n ve Aile ara\u015ft\u0131rma merkezleri d\u00fcnya k\u0131z \u00e7ocuklar\u0131 g\u00fcn\u00fcnde Gazze&#8217;deki soyk\u0131r\u0131ma dikkat \u00e7eken ve kad\u0131n ve \u00e7ocuklar\u0131n katliam\u0131n\u0131 k\u0131nayan ortakla\u015fa bir bildiri yay\u0131nlad\u0131lar. \u0130stanbul Ticaret \u00dcniversitesi Kad\u0131n ve Aile Uygulama ve Ara\u015ft\u0131rma Merkezinin de imzac\u0131lar aras\u0131nda bulundu\u011fu bildiride, uluslararas\u0131 kamuoyuna seslenilerek devam eden ate\u015fkes anla\u015fmas\u0131 s\u00fcrecine temkinli yakla\u015ft\u0131klar\u0131n\u0131 ifade eden merkezler, ba\u015fta kad\u0131n [&hellip;]<\/p>\n","protected":false},"author":242,"featured_media":0,"comment_status":"closed","ping_status":"closed","sticky":false,"template":"","format":"standard","meta":{"footnotes":""},"categories":[3],"tags":[],"yoast_head":"<!-- This site is optimized with the Yoast SEO Premium plugin v22.1 (Yoast SEO v22.1) - https:\/\/yoast.com\/wordpress\/plugins\/seo\/ -->\n<title>Kad\u0131n ve Aile Ara\u015ft\u0131rma Merkezleri Filistin Bildirisi - Duyurular - Kad\u0131n ve Aile Uygulama ve Ara\u015ft\u0131rma Merkezi<\/title>\n<meta name=\"robots\" content=\"index, follow, max-snippet:-1, max-image-preview:large, max-video-preview:-1\" \/>\n<link rel=\"canonical\" href=\"http:\/\/ticaret.edu.tr\/kadin-ve-aile-uygulama-ve-arastirma-merkezi\/2025\/10\/17\/kadin-ve-aile-arastirma-merkezleri-filistin-bildirisi\/\" \/>\n<meta property=\"og:locale\" content=\"tr_TR\" \/>\n<meta property=\"og:type\" content=\"article\" \/>\n<meta property=\"og:title\" content=\"Kad\u0131n ve Aile Ara\u015ft\u0131rma Merkezleri Filistin Bildirisi\" \/>\n<meta property=\"og:description\" content=\"51 \u00fcniversitenin Kad\u0131n ve Aile ara\u015ft\u0131rma merkezleri d\u00fcnya k\u0131z \u00e7ocuklar\u0131 g\u00fcn\u00fcnde Gazze&#8217;deki soyk\u0131r\u0131ma dikkat \u00e7eken ve kad\u0131n ve \u00e7ocuklar\u0131n katliam\u0131n\u0131 k\u0131nayan ortakla\u015fa bir bildiri yay\u0131nlad\u0131lar. \u0130stanbul Ticaret \u00dcniversitesi Kad\u0131n ve Aile Uygulama ve Ara\u015ft\u0131rma Merkezinin de imzac\u0131lar aras\u0131nda bulundu\u011fu bildiride, uluslararas\u0131 kamuoyuna seslenilerek devam eden ate\u015fkes anla\u015fmas\u0131 s\u00fcrecine temkinli yakla\u015ft\u0131klar\u0131n\u0131 ifade eden merkezler, ba\u015fta kad\u0131n [&hellip;]\" \/>\n<meta property=\"og:url\" content=\"http:\/\/ticaret.edu.tr\/kadin-ve-aile-uygulama-ve-arastirma-merkezi\/2025\/10\/17\/kadin-ve-aile-arastirma-merkezleri-filistin-bildirisi\/\" \/>\n<meta property=\"og:site_name\" content=\"Kad\u0131n ve Aile Uygulama ve Ara\u015ft\u0131rma Merkezi\" \/>\n<meta property=\"article:publisher\" content=\"https:\/\/www.facebook.com\/ticaretedutr\" \/>\n<meta property=\"article:published_time\" content=\"2025-10-17T08:52:34+00:00\" \/>\n<meta property=\"og:image\" content=\"http:\/\/ticaret.edu.tr\/kadin-ve-aile-uygulama-ve-arastirma-merkezi\/wp-content\/uploads\/sites\/50\/2021\/11\/web_logo-01.jpg\" \/>\n\t<meta property=\"og:image:width\" content=\"1250\" \/>\n\t<meta property=\"og:image:height\" content=\"833\" \/>\n\t<meta property=\"og:image:type\" content=\"image\/jpeg\" \/>\n<meta name=\"author\" content=\"hnozdemir\" \/>\n<meta name=\"twitter:card\" content=\"summary_large_image\" \/>\n<meta name=\"twitter:creator\" content=\"@ticaretedutr\" \/>\n<meta name=\"twitter:site\" content=\"@ticaretedutr\" \/>\n<meta name=\"twitter:label1\" content=\"Yazan:\" \/>\n\t<meta name=\"twitter:data1\" content=\"hnozdemir\" \/>\n\t<meta name=\"twitter:label2\" content=\"Tahmini okuma s\u00fcresi\" \/>\n\t<meta name=\"twitter:data2\" content=\"1 dakika\" \/>\n<script type=\"application\/ld+json\" class=\"yoast-schema-graph\">{\"@context\":\"https:\/\/schema.org\",\"@graph\":[{\"@type\":\"WebPage\",\"@id\":\"http:\/\/ticaret.edu.tr\/kadin-ve-aile-uygulama-ve-arastirma-merkezi\/2025\/10\/17\/kadin-ve-aile-arastirma-merkezleri-filistin-bildirisi\/\",\"url\":\"http:\/\/ticaret.edu.tr\/kadin-ve-aile-uygulama-ve-arastirma-merkezi\/2025\/10\/17\/kadin-ve-aile-arastirma-merkezleri-filistin-bildirisi\/\",\"name\":\"Kad\u0131n ve Aile Ara\u015ft\u0131rma Merkezleri Filistin Bildirisi - Duyurular - Kad\u0131n ve Aile Uygulama ve Ara\u015ft\u0131rma Merkezi\",\"isPartOf\":{\"@id\":\"http:\/\/ticaret.edu.tr\/kadin-ve-aile-uygulama-ve-arastirma-merkezi\/en\/#website\"},\"datePublished\":\"2025-10-17T08:52:34+00:00\",\"dateModified\":\"2025-10-17T08:52:34+00:00\",\"author\":{\"@id\":\"http:\/\/ticaret.edu.tr\/kadin-ve-aile-uygulama-ve-arastirma-merkezi\/en\/#\/schema\/person\/be8b7c5b8bca80d4fb445a136c0ad648\"},\"breadcrumb\":{\"@id\":\"http:\/\/ticaret.edu.tr\/kadin-ve-aile-uygulama-ve-arastirma-merkezi\/2025\/10\/17\/kadin-ve-aile-arastirma-merkezleri-filistin-bildirisi\/#breadcrumb\"},\"inLanguage\":\"tr\",\"potentialAction\":[{\"@type\":\"ReadAction\",\"target\":[\"http:\/\/ticaret.edu.tr\/kadin-ve-aile-uygulama-ve-arastirma-merkezi\/2025\/10\/17\/kadin-ve-aile-arastirma-merkezleri-filistin-bildirisi\/\"]}]},{\"@type\":\"BreadcrumbList\",\"@id\":\"http:\/\/ticaret.edu.tr\/kadin-ve-aile-uygulama-ve-arastirma-merkezi\/2025\/10\/17\/kadin-ve-aile-arastirma-merkezleri-filistin-bildirisi\/#breadcrumb\",\"itemListElement\":[{\"@type\":\"ListItem\",\"position\":1,\"name\":\"Ana sayfa\",\"item\":\"https:\/\/ticaret.edu.tr\/kadin-ve-aile-uygulama-ve-arastirma-merkezi\/\"},{\"@type\":\"ListItem\",\"position\":2,\"name\":\"Kad\u0131n ve Aile Ara\u015ft\u0131rma Merkezleri Filistin Bildirisi\"}]},{\"@type\":\"WebSite\",\"@id\":\"http:\/\/ticaret.edu.tr\/kadin-ve-aile-uygulama-ve-arastirma-merkezi\/en\/#website\",\"url\":\"http:\/\/ticaret.edu.tr\/kadin-ve-aile-uygulama-ve-arastirma-merkezi\/en\/\",\"name\":\"Kad\u0131n ve Aile Uygulama ve Ara\u015ft\u0131rma Merkezi\",\"description\":\"Bir ba\u015fka \u0130stanbul Ticaret \u00dcniversitesi site sitesi\",\"potentialAction\":[{\"@type\":\"SearchAction\",\"target\":{\"@type\":\"EntryPoint\",\"urlTemplate\":\"http:\/\/ticaret.edu.tr\/kadin-ve-aile-uygulama-ve-arastirma-merkezi\/en\/?s={search_term_string}\"},\"query-input\":\"required name=search_term_string\"}],\"inLanguage\":\"tr\"},{\"@type\":\"Person\",\"@id\":\"http:\/\/ticaret.edu.tr\/kadin-ve-aile-uygulama-ve-arastirma-merkezi\/en\/#\/schema\/person\/be8b7c5b8bca80d4fb445a136c0ad648\",\"name\":\"hnozdemir\",\"image\":{\"@type\":\"ImageObject\",\"inLanguage\":\"tr\",\"@id\":\"http:\/\/ticaret.edu.tr\/kadin-ve-aile-uygulama-ve-arastirma-merkezi\/en\/#\/schema\/person\/image\/\",\"url\":\"http:\/\/1.gravatar.com\/avatar\/48202b8a113265f56942c5e7b6255fe0?s=96&d=mm&r=g\",\"contentUrl\":\"http:\/\/1.gravatar.com\/avatar\/48202b8a113265f56942c5e7b6255fe0?s=96&d=mm&r=g\",\"caption\":\"hnozdemir\"},\"url\":\"http:\/\/ticaret.edu.tr\/kadin-ve-aile-uygulama-ve-arastirma-merkezi\/author\/hnozdemir\/\"}]}<\/script>\n<!-- \/ Yoast SEO Premium plugin. -->","yoast_head_json":{"title":"Kad\u0131n ve Aile Ara\u015ft\u0131rma Merkezleri Filistin Bildirisi - Duyurular - Kad\u0131n ve Aile Uygulama ve Ara\u015ft\u0131rma Merkezi","robots":{"index":"index","follow":"follow","max-snippet":"max-snippet:-1","max-image-preview":"max-image-preview:large","max-video-preview":"max-video-preview:-1"},"canonical":"http:\/\/ticaret.edu.tr\/kadin-ve-aile-uygulama-ve-arastirma-merkezi\/2025\/10\/17\/kadin-ve-aile-arastirma-merkezleri-filistin-bildirisi\/","og_locale":"tr_TR","og_type":"article","og_title":"Kad\u0131n ve Aile Ara\u015ft\u0131rma Merkezleri Filistin Bildirisi","og_description":"51 \u00fcniversitenin Kad\u0131n ve Aile ara\u015ft\u0131rma merkezleri d\u00fcnya k\u0131z \u00e7ocuklar\u0131 g\u00fcn\u00fcnde Gazze&#8217;deki soyk\u0131r\u0131ma dikkat \u00e7eken ve kad\u0131n ve \u00e7ocuklar\u0131n katliam\u0131n\u0131 k\u0131nayan ortakla\u015fa bir bildiri yay\u0131nlad\u0131lar. \u0130stanbul Ticaret \u00dcniversitesi Kad\u0131n ve Aile Uygulama ve Ara\u015ft\u0131rma Merkezinin de imzac\u0131lar aras\u0131nda bulundu\u011fu bildiride, uluslararas\u0131 kamuoyuna seslenilerek devam eden ate\u015fkes anla\u015fmas\u0131 s\u00fcrecine temkinli yakla\u015ft\u0131klar\u0131n\u0131 ifade eden merkezler, ba\u015fta kad\u0131n [&hellip;]","og_url":"http:\/\/ticaret.edu.tr\/kadin-ve-aile-uygulama-ve-arastirma-merkezi\/2025\/10\/17\/kadin-ve-aile-arastirma-merkezleri-filistin-bildirisi\/","og_site_name":"Kad\u0131n ve Aile Uygulama ve Ara\u015ft\u0131rma Merkezi","article_publisher":"https:\/\/www.facebook.com\/ticaretedutr","article_published_time":"2025-10-17T08:52:34+00:00","og_image":[{"width":1250,"height":833,"url":"http:\/\/ticaret.edu.tr\/kadin-ve-aile-uygulama-ve-arastirma-merkezi\/wp-content\/uploads\/sites\/50\/2021\/11\/web_logo-01.jpg","type":"image\/jpeg"}],"author":"hnozdemir","twitter_card":"summary_large_image","twitter_creator":"@ticaretedutr","twitter_site":"@ticaretedutr","twitter_misc":{"Yazan:":"hnozdemir","Tahmini okuma s\u00fcresi":"1 dakika"},"schema":{"@context":"https:\/\/schema.org","@graph":[{"@type":"WebPage","@id":"http:\/\/ticaret.edu.tr\/kadin-ve-aile-uygulama-ve-arastirma-merkezi\/2025\/10\/17\/kadin-ve-aile-arastirma-merkezleri-filistin-bildirisi\/","url":"http:\/\/ticaret.edu.tr\/kadin-ve-aile-uygulama-ve-arastirma-merkezi\/2025\/10\/17\/kadin-ve-aile-arastirma-merkezleri-filistin-bildirisi\/","name":"Kad\u0131n ve Aile Ara\u015ft\u0131rma Merkezleri Filistin Bildirisi - Duyurular - Kad\u0131n ve Aile Uygulama ve Ara\u015ft\u0131rma Merkezi","isPartOf":{"@id":"http:\/\/ticaret.edu.tr\/kadin-ve-aile-uygulama-ve-arastirma-merkezi\/en\/#website"},"datePublished":"2025-10-17T08:52:34+00:00","dateModified":"2025-10-17T08:52:34+00:00","author":{"@id":"http:\/\/ticaret.edu.tr\/kadin-ve-aile-uygulama-ve-arastirma-merkezi\/en\/#\/schema\/person\/be8b7c5b8bca80d4fb445a136c0ad648"},"breadcrumb":{"@id":"http:\/\/ticaret.edu.tr\/kadin-ve-aile-uygulama-ve-arastirma-merkezi\/2025\/10\/17\/kadin-ve-aile-arastirma-merkezleri-filistin-bildirisi\/#breadcrumb"},"inLanguage":"tr","potentialAction":[{"@type":"ReadAction","target":["http:\/\/ticaret.edu.tr\/kadin-ve-aile-uygulama-ve-arastirma-merkezi\/2025\/10\/17\/kadin-ve-aile-arastirma-merkezleri-filistin-bildirisi\/"]}]},{"@type":"BreadcrumbList","@id":"http:\/\/ticaret.edu.tr\/kadin-ve-aile-uygulama-ve-arastirma-merkezi\/2025\/10\/17\/kadin-ve-aile-arastirma-merkezleri-filistin-bildirisi\/#breadcrumb","itemListElement":[{"@type":"ListItem","position":1,"name":"Ana sayfa","item":"https:\/\/ticaret.edu.tr\/kadin-ve-aile-uygulama-ve-arastirma-merkezi\/"},{"@type":"ListItem","position":2,"name":"Kad\u0131n ve Aile Ara\u015ft\u0131rma Merkezleri Filistin Bildirisi"}]},{"@type":"WebSite","@id":"http:\/\/ticaret.edu.tr\/kadin-ve-aile-uygulama-ve-arastirma-merkezi\/en\/#website","url":"http:\/\/ticaret.edu.tr\/kadin-ve-aile-uygulama-ve-arastirma-merkezi\/en\/","name":"Kad\u0131n ve Aile Uygulama ve Ara\u015ft\u0131rma Merkezi","description":"Bir ba\u015fka \u0130stanbul Ticaret \u00dcniversitesi site sitesi","potentialAction":[{"@type":"SearchAction","target":{"@type":"EntryPoint","urlTemplate":"http:\/\/ticaret.edu.tr\/kadin-ve-aile-uygulama-ve-arastirma-merkezi\/en\/?s={search_term_string}"},"query-input":"required name=search_term_string"}],"inLanguage":"tr"},{"@type":"Person","@id":"http:\/\/ticaret.edu.tr\/kadin-ve-aile-uygulama-ve-arastirma-merkezi\/en\/#\/schema\/person\/be8b7c5b8bca80d4fb445a136c0ad648","name":"hnozdemir","image":{"@type":"ImageObject","inLanguage":"tr","@id":"http:\/\/ticaret.edu.tr\/kadin-ve-aile-uygulama-ve-arastirma-merkezi\/en\/#\/schema\/person\/image\/","url":"http:\/\/1.gravatar.com\/avatar\/48202b8a113265f56942c5e7b6255fe0?s=96&d=mm&r=g","contentUrl":"http:\/\/1.gravatar.com\/avatar\/48202b8a113265f56942c5e7b6255fe0?s=96&d=mm&r=g","caption":"hnozdemir"},"url":"http:\/\/ticaret.edu.tr\/kadin-ve-aile-uygulama-ve-arastirma-merkezi\/author\/hnozdemir\/"}]}},"lang":"tr","translations":{"tr":827},"pll_sync_post":[],"_links":{"self":[{"href":"http:\/\/ticaret.edu.tr\/kadin-ve-aile-uygulama-ve-arastirma-merkezi\/wp-json\/wp\/v2\/posts\/827"}],"collection":[{"href":"http:\/\/ticaret.edu.tr\/kadin-ve-aile-uygulama-ve-arastirma-merkezi\/wp-json\/wp\/v2\/posts"}],"about":[{"href":"http:\/\/ticaret.edu.tr\/kadin-ve-aile-uygulama-ve-arastirma-merkezi\/wp-json\/wp\/v2\/types\/post"}],"author":[{"embeddable":true,"href":"http:\/\/ticaret.edu.tr\/kadin-ve-aile-uygulama-ve-arastirma-merkezi\/wp-json\/wp\/v2\/users\/242"}],"replies":[{"embeddable":true,"href":"http:\/\/ticaret.edu.tr\/kadin-ve-aile-uygulama-ve-arastirma-merkezi\/wp-json\/wp\/v2\/comments?post=827"}],"version-history":[{"count":1,"href":"http:\/\/ticaret.edu.tr\/kadin-ve-aile-uygulama-ve-arastirma-merkezi\/wp-json\/wp\/v2\/posts\/827\/revisions"}],"predecessor-version":[{"id":828,"href":"http:\/\/ticaret.edu.tr\/kadin-ve-aile-uygulama-ve-arastirma-merkezi\/wp-json\/wp\/v2\/posts\/827\/revisions\/828"}],"wp:attachment":[{"href":"http:\/\/ticaret.edu.tr\/kadin-ve-aile-uygulama-ve-arastirma-merkezi\/wp-json\/wp\/v2\/media?parent=827"}],"wp:term":[{"taxonomy":"category","embeddable":true,"href":"http:\/\/ticaret.edu.tr\/kadin-ve-aile-uygulama-ve-arastirma-merkezi\/wp-json\/wp\/v2\/categories?post=827"},{"taxonomy":"post_tag","embeddable":true,"href":"http:\/\/ticaret.edu.tr\/kadin-ve-aile-uygulama-ve-arastirma-merkezi\/wp-json\/wp\/v2\/tags?post=827"}],"curies":[{"name":"wp","href":"https:\/\/api.w.org\/{rel}","templated":true}]}}