{"id":855,"date":"2026-04-15T12:16:03","date_gmt":"2026-04-15T09:16:03","guid":{"rendered":"https:\/\/ticaret.edu.tr\/kadin-ve-aile-uygulama-ve-arastirma-merkezi\/?p=855"},"modified":"2026-04-15T12:16:03","modified_gmt":"2026-04-15T09:16:03","slug":"iki-kardes-ulke-ailenin-gelecegi-icin-bulustu","status":"publish","type":"post","link":"http:\/\/ticaret.edu.tr\/kadin-ve-aile-uygulama-ve-arastirma-merkezi\/2026\/04\/15\/iki-kardes-ulke-ailenin-gelecegi-icin-bulustu\/","title":{"rendered":"\u0130ki Karde\u015f \u00dclke, Ailenin Gelece\u011fi \u0130\u00e7in Bulu\u015ftu"},"content":{"rendered":"<p><strong>\u0130stanbul Ticaret \u00dcniversitesi Aile ve Sosyal Hizmetler Bakanl\u0131\u011f\u0131, \u00d6zbekistan Y\u00fcksek\u00f6\u011fretim, Bilim ve Yenilik Bakanl\u0131\u011f\u0131, \u00d6zbekistan Aile ve Kad\u0131n Komitesi, KADEM ve \u00d6zbek Kad\u0131n Derne\u011fi taraf\u0131ndan d\u00fczenlenen I. Uluslararas\u0131 Ailenin G\u00fc\u00e7lendirilmesi Konferans\u0131, T\u00fcrkiye \u00d6zbekistan\u2019dan akademi, kamu ve sivil toplum temsilcilerini bir araya getirdi. \u0130ki g\u00fcn s\u00fcren oturumlarda demografik d\u00f6n\u00fc\u015f\u00fcmden kad\u0131n politikalar\u0131na uzanan ba\u015fl\u0131klar ele al\u0131n\u0131rken, aileyi g\u00fc\u00e7lendirmeye y\u00f6nelik kal\u0131c\u0131 uluslararas\u0131 i\u015f birlikleri i\u00e7in ortak irade ortaya konuldu.<\/strong><\/p>\n<p><img loading=\"lazy\" decoding=\"async\" class=\"alignnone wp-image-56210 size-large\" src=\"https:\/\/ticaret.edu.tr\/wp-content\/uploads\/2026\/02\/1-2-1024x683.jpeg\" alt=\"\" width=\"1024\" height=\"683\" \/><\/p>\n<p>\u0130stanbul Ticaret \u00dcniversitesi, T\u00fcrkiye Cumhuriyeti Aile ve Sosyal Hizmetler Bakanl\u0131\u011f\u0131, \u00d6zbekistan Y\u00fcksek\u00f6\u011fretim, Bilim ve Yenilik Bakanl\u0131\u011f\u0131, \u00d6zbekistan Aile ve Kad\u0131n Komitesi, Kad\u0131n ve Demokrasi Vakf\u0131 (KADEM) ve \u00d6zbek Kad\u0131n Haklar\u0131 Derne\u011fi i\u015f birli\u011fiyle d\u00fczenlenen I. Uluslararas\u0131 Ailenin G\u00fc\u00e7lendirilmesi Konferans\u0131 \u00dcniversitenin S\u00e2d\u00e2b\u00e2d Kamp\u00fcs\u00fc S\u00fctl\u00fcce\u2019de d\u00fczenlenen oturumlar\u0131n ve kapan\u0131\u015f ve vizyon konu\u015fmalar\u0131 oturumunun ard\u0131ndan sona erdi. Aile ve Sosyal Hizmetler Bakan\u0131 Mahinur \u00d6zdemir G\u00f6kta\u015f, KADEM M\u00fctevelli Heyet Ba\u015fkan\u0131 S\u00fcmeyye Erdo\u011fan Bayraktar, M\u00fctevelli Heyet Ba\u015fkan\u0131m\u0131z Dr. \u0130srail Kuralay, \u0130stanbul Ticaret \u00dcniversitesi Rekt\u00f6r\u00fc Prof. Dr. Necip \u015eim\u015fek, \u0130stanbul Vali Yard\u0131mc\u0131s\u0131 Dr. Serap \u00d6zmen \u00c7etin, Beyo\u011flu Kaymakam\u0131 A. Atakan Atasoy, Aile ve Sosyal Hizmetler Bakanl\u0131\u011f\u0131 Aile Enstit\u00fcs\u00fc Genel M\u00fcd\u00fcr\u00fc Ay\u015fe Nur \u00c7oban, \u00d6zbekistan Bilim ve \u0130novasyon Bakanl\u0131\u011f\u0131 Y\u00fcksek\u00f6\u011fretim Dairesi Ba\u015fkan\u0131 Muhabbat Mirsolieva, \u00d6zbek Kad\u0131n Haklar\u0131 Derne\u011fi Ba\u015fkan\u0131 Ozoda Islamova, \u0130stanbul Ticaret Odas\u0131 Meclis ve Komite \u00dcyesi Fuat Kula\u00e7o\u011flu ile akademisyenler, T\u00fcrkiye ve \u00d6zbekistan\u2019dan kamu ve sivil toplum temsilcileri ve \u00f6\u011frencilerin kat\u0131ld\u0131\u011f\u0131 konferans, \u0130stanbul Ticaret \u00dcniversitesi iki g\u00fcn boyunca y\u00fcz y\u00fcze ve \u00e7evrim i\u00e7i oturumlarla ger\u00e7ekle\u015ftirildi.<\/p>\n<p><img loading=\"lazy\" decoding=\"async\" class=\"alignnone wp-image-56213 size-large\" src=\"https:\/\/ticaret.edu.tr\/wp-content\/uploads\/2026\/02\/4-2-1024x683.jpeg\" alt=\"\" width=\"1024\" height=\"683\" \/><\/p>\n<p><strong>A\u0130LEY\u0130 G\u00dc\u00c7LEND\u0130RMEK ULUSAL DE\u011e\u0130L B\u00d6LGESEL HEDEF<\/strong><\/p>\n<p>Konferans kapan\u0131\u015f\u0131 ve vizyon konu\u015fmalar\u0131yla tamamland\u0131. Aile ve Sosyal Hizmetler Bakan\u0131 Mahinur \u00d6zdemir G\u00f6kta\u015f, aileyi kimli\u011fin, dayan\u0131\u015fman\u0131n ve sorumlulu\u011fun \u00f6\u011frenildi\u011fi ilk sosyal kurum olarak tan\u0131mlad\u0131. D\u00fc\u015f\u00fck do\u011furganl\u0131k oranlar\u0131, \u015fehirle\u015fme, uzun \u00e7al\u0131\u015fma saatleri ve dijitalle\u015fmenin aileyi \u00e7ok y\u00f6nl\u00fc bask\u0131 alt\u0131na ald\u0131\u011f\u0131n\u0131 ifade eden G\u00f6kta\u015f, T\u00fcrkiye\u2019nin aile politikalar\u0131n\u0131 stratejik planlama, kurumsal koordinasyon ve sahada eri\u015filebilir hizmet modeliyle y\u00fcr\u00fctt\u00fc\u011f\u00fcn\u00fc belirtti. 2025 Aile Y\u0131l\u0131 kapsam\u0131nda geni\u015f kapsaml\u0131 destek programlar\u0131 uyguland\u0131\u011f\u0131n\u0131 ifade eden G\u00f6kta\u015f, aileyi g\u00fc\u00e7lendirme \u00e7al\u0131\u015fmalar\u0131n\u0131n ulusal de\u011fil b\u00f6lgesel bir hedef oldu\u011funu vurgulayarak T\u00fcrkiye ve \u00d6zbekistan aras\u0131nda kal\u0131c\u0131 ortak projeler geli\u015ftirilmesi \u00e7a\u011fr\u0131s\u0131nda bulundu.<\/p>\n<p><img loading=\"lazy\" decoding=\"async\" class=\"alignnone wp-image-56212 size-large\" src=\"https:\/\/ticaret.edu.tr\/wp-content\/uploads\/2026\/02\/3-3-1024x683.jpeg\" alt=\"\" width=\"1024\" height=\"683\" \/><\/p>\n<p><strong>A\u0130LEN\u0130N MERKEZ\u0130NDE G\u00dcVENL\u0130 VE G\u00dc\u00c7L\u00dc KADIN<\/strong><\/p>\n<p>KADEM M\u00fctevelli Heyet Ba\u015fkan\u0131 S\u00fcmeyye Erdo\u011fan Bayraktar ise konferans\u0131n akademik bir toplant\u0131n\u0131n \u00f6tesine ge\u00e7erek ortak bir vizyon zemini olu\u015fturdu\u011funu s\u00f6yledi. Ailenin toplumun istikrar\u0131n\u0131 sa\u011flayan temel yap\u0131 oldu\u011funu belirten Bayraktar, kad\u0131n\u0131n g\u00fc\u00e7lenmesi ile ailenin g\u00fc\u00e7lenmesinin birbirini tamamlayan s\u00fcre\u00e7ler oldu\u011funu ifade etti. \u015eiddetsiz ve g\u00fcvenli aile ortam\u0131n\u0131n toplumsal huzurun temel \u015fart\u0131 oldu\u011funu vurgulayan Bayraktar, e\u011fitim, istihdam ve sosyal destek politikalar\u0131n\u0131n birlikte y\u00fcr\u00fct\u00fclmesi gerekti\u011fini dile getirdi.<\/p>\n<p><img loading=\"lazy\" decoding=\"async\" class=\"alignnone wp-image-56218 size-large\" src=\"https:\/\/ticaret.edu.tr\/wp-content\/uploads\/2026\/02\/WhatsApp-Image-2026-02-18-at-18.39.32-3-1024x682.jpeg\" alt=\"\" width=\"1024\" height=\"682\" \/><\/p>\n<p><strong>ORTAK DE\u011eERLER VE KALKINMA \u0130L\u0130\u015eK\u0130S\u0130<\/strong><\/p>\n<p>Buhara Devlet Teknik \u00dcniversitesi Rekt\u00f6r\u00fc Prof. Dr. Sadoqat S\u0131dd\u0131qova da yapt\u0131\u011f\u0131 sunumunda T\u00fcrk ve \u00d6zbek toplumlar\u0131n\u0131n ortak de\u011ferler etraf\u0131nda \u015fekillenen g\u00fc\u00e7l\u00fc bir karde\u015flik ba\u011f\u0131na sahip oldu\u011funu belirterek aile politikalar\u0131n\u0131n ayn\u0131 zamanda kalk\u0131nma politikas\u0131 oldu\u011funu ifade etti. Kad\u0131nlar\u0131n e\u011fitim ve toplumsal hayata kat\u0131l\u0131m\u0131n\u0131n aile refah\u0131n\u0131 do\u011frudan art\u0131rd\u0131\u011f\u0131n\u0131 s\u00f6yledi.<\/p>\n<p><img loading=\"lazy\" decoding=\"async\" class=\"alignnone wp-image-56211 size-large\" src=\"https:\/\/ticaret.edu.tr\/wp-content\/uploads\/2026\/02\/2-2-1024x683.jpeg\" alt=\"\" width=\"1024\" height=\"683\" \/><\/p>\n<p><strong>B\u0130L\u0130M VE GELENE\u011e\u0130N B\u0130RL\u0130KTE Y\u00dcR\u00dcT\u00dcLMES\u0130 VURGUSU<\/strong><\/p>\n<p>Dr. \u0130srafil Kuralay ise modern ya\u015fam\u0131n teknoloji ve maddiyat merkezli d\u00f6n\u00fc\u015f\u00fcm\u00fcn\u00fcn aile yap\u0131s\u0131n\u0131 do\u011frudan etkiledi\u011fini belirterek aileyi yaln\u0131zca bireysel de\u011fil insanl\u0131\u011f\u0131n ortak meselesi olarak de\u011ferlendirdi. Bilimsel \u00e7al\u0131\u015fmalar\u0131n hayatla bulu\u015fmad\u0131\u011f\u0131 s\u00fcrece yeterli olmayaca\u011f\u0131n\u0131 vurgulayan Kuralay, akademik bilginin toplum ve aile ya\u015fam\u0131na uygulanmas\u0131 gerekti\u011fini ifade etti. Yaln\u0131zla\u015fma, g\u00f6\u00e7 ve sava\u015flar gibi k\u00fcresel geli\u015fmelerin aileyi zay\u0131flatt\u0131\u011f\u0131n\u0131 dile getiren Kuralay, \u00e7\u00f6z\u00fcm\u00fcn medeniyet birikimi ile bilimsel yakla\u015f\u0131m\u0131n birlikte y\u00fcr\u00fct\u00fclmesinde oldu\u011funu belirtti. Program, t\u00fcm payda\u015flar ve kat\u0131l\u0131mc\u0131larla \u00e7ekilen hat\u0131ra foto\u011fraf\u0131yla tamamland\u0131.<\/p>\n<p><img loading=\"lazy\" decoding=\"async\" class=\"alignnone wp-image-56219 size-large\" src=\"https:\/\/ticaret.edu.tr\/wp-content\/uploads\/2026\/02\/WhatsApp-Image-2026-02-18-at-18.39.32-2-e1771579730292-1024x660.jpeg\" alt=\"\" width=\"1024\" height=\"660\" \/><\/p>\n<p><strong>\u00d6ZBEK\u0130STAN\u2019DAN DAYANI\u015eMA MESAJI<\/strong><\/p>\n<p>Konferans\u0131n iki g\u00fcn boyunca ger\u00e7ekle\u015ftirilen y\u00fczy\u00fcze ve online oturumlar\u0131nda ise ailenin gelece\u011fine ili\u015fkin \u00f6nemli ba\u015fl\u0131klar ele al\u0131nd\u0131. Rekt\u00f6r Prof. Dr. Necip \u015eim\u015fek a\u00e7\u0131\u0131l\u0131\u015f oturumundaki konu\u015fmas\u0131nda ailenin bireyin d\u00fcnyayla ilk temas kurdu\u011fu ve de\u011ferlerin aktar\u0131ld\u0131\u011f\u0131 en temel sosyal yap\u0131 oldu\u011funu vurgulad\u0131. Dijitalle\u015fme ve h\u0131zl\u0131 toplumsal de\u011fi\u015fimlerin aile yap\u0131s\u0131n\u0131 do\u011frudan etkiledi\u011fini belirten Prof. Dr. \u015eim\u015fek, bu nedenle bilimsel ve s\u00fcrd\u00fcr\u00fclebilir yakla\u015f\u0131mlar\u0131n \u00f6neminin artt\u0131\u011f\u0131n\u0131 s\u00f6yledi. Prof. Dr. \u015eim\u015fek, konferans\u0131n T\u00fcrkiye ile \u00d6zbekistan aras\u0131nda aile \u00e7al\u0131\u015fmalar\u0131 alan\u0131nda kal\u0131c\u0131 akademik i\u015f birliklerine zemin haz\u0131rlamas\u0131n\u0131 temenni etti. \u00d6zbekistan Milletvekili Cemile \u015eermuhammedova, konferans\u0131n a\u00e7\u0131l\u0131\u015f\u0131nda g\u00f6nderdi\u011fi video mesajda aileyi toplumlar\u0131n ortak gelece\u011fi olarak tan\u0131mlad\u0131. T\u00fcrk ve \u00d6zbek toplumlar\u0131n\u0131n ortak k\u00fclt\u00fcr miras\u0131n\u0131 payla\u015ft\u0131\u011f\u0131n\u0131 belirten \u015eermuhammedova, annelerin ve kad\u0131nlar\u0131n g\u00fc\u00e7lenmesinin iki \u00fclke aras\u0131ndaki karde\u015fli\u011fi daha da peki\u015ftirece\u011fini ifade etti.<\/p>\n<p><img loading=\"lazy\" decoding=\"async\" class=\"alignnone wp-image-56216 size-large\" src=\"https:\/\/ticaret.edu.tr\/wp-content\/uploads\/2026\/02\/7-1024x682.jpeg\" alt=\"\" width=\"1024\" height=\"682\" \/><\/p>\n<p><strong>ULUSLARARASI POL\u0130T\u0130KALAR VE DEMOGRAF\u0130K D\u00d6N\u00dc\u015e\u00dcM<\/strong><\/p>\n<p>Aile ve sosyal Hizmetler Bakanl\u0131\u011f\u0131 Aile Enstit\u00fcs\u00fc Genel M\u00fcd\u00fcr\u00fc Ay\u015fe Nur \u00c7oban, d\u00fcnyada evliliklerin ertelendi\u011fini, do\u011furganl\u0131k h\u0131z\u0131n\u0131n d\u00fc\u015ft\u00fc\u011f\u00fcn\u00fc ve tek ki\u015filik hanelerin artt\u0131\u011f\u0131n\u0131 belirterek aile yap\u0131s\u0131ndaki d\u00f6n\u00fc\u015f\u00fcmlerin demografik sonu\u00e7lar\u0131na dikkat \u00e7ekti. \u00c7oban, T\u00fcrkiye\u2019de aile ve n\u00fcfus politikalar\u0131n\u0131n kurumsal yap\u0131larla g\u00fc\u00e7lendirildi\u011fini, 2025 y\u0131l\u0131n\u0131n \u201cAile Y\u0131l\u0131\u201d ilan edildi\u011fini ve 2026\u20132035 d\u00f6neminin \u201cAile ve N\u00fcfus On Y\u0131l\u0131\u201d olarak planland\u0131\u011f\u0131n\u0131 ifade etti. Aile politikalar\u0131n\u0131n yaln\u0131zca sosyal de\u011fil ayn\u0131 zamanda ekonomik ve stratejik bir mesele oldu\u011funu vurgulayan \u00c7oban, uluslararas\u0131 i\u015f birliklerinin \u00f6nemine i\u015faret etti.<\/p>\n<p><img loading=\"lazy\" decoding=\"async\" class=\"alignnone wp-image-56217 size-large\" src=\"https:\/\/ticaret.edu.tr\/wp-content\/uploads\/2026\/02\/8-1024x683.jpeg\" alt=\"\" width=\"1024\" height=\"683\" \/><\/p>\n<p><strong>T\u00dcRK\u0130YE\u2013\u00d6ZBEK\u0130STAN ORTAKLI\u011eI VURGUSU<\/strong><\/p>\n<p>\u00d6zbekistan Bilim ve \u0130novasyon Bakanl\u0131\u011f\u0131 Y\u00fcksek\u00f6\u011fretim Dairesi Ba\u015fkan\u0131 Muhabbat Mirsolieva, konferans\u0131n iki \u00fclke aras\u0131ndaki stratejik ortakl\u0131\u011f\u0131n derinle\u015fmesi a\u00e7\u0131s\u0131ndan \u00f6nemli bir platform oldu\u011funu belirtti. \u00d6zbekistan\u2019da 1 milyon 678 binden fazla \u00f6\u011frencinin e\u011fitim g\u00f6rd\u00fc\u011f\u00fcn\u00fc ve bunlar\u0131n y\u00fczde 54\u2019\u00fcn\u00fc k\u0131z \u00f6\u011frencilerin olu\u015fturdu\u011funu aktaran Mirsolieva, kad\u0131nlar\u0131n bilimsel faaliyetlere kat\u0131l\u0131m\u0131n\u0131n giderek artt\u0131\u011f\u0131n\u0131 s\u00f6yledi. Y\u00fcksek\u00f6\u011fretim kurumlar\u0131nda gen\u00e7leri aile hayat\u0131na haz\u0131rlayan derslerin a\u00e7\u0131ld\u0131\u011f\u0131n\u0131, toplumsal cinsiyet ara\u015ft\u0131rma merkezleri kuruldu\u011funu ve \u00e7ocuklu \u00f6\u011frenciler i\u00e7in \u00f6zel imk\u00e2nlar sa\u011fland\u0131\u011f\u0131n\u0131 belirten Mirsolieva, kar\u015f\u0131l\u0131kl\u0131 deneyim payla\u015f\u0131m\u0131n\u0131n \u00f6nemine dikkat \u00e7ekti.<\/p>\n<p><img loading=\"lazy\" decoding=\"async\" class=\"alignnone wp-image-56214 size-large\" src=\"https:\/\/ticaret.edu.tr\/wp-content\/uploads\/2026\/02\/5-1-1024x683.jpeg\" alt=\"\" width=\"1024\" height=\"683\" \/><\/p>\n<p><strong>KADIN G\u00dc\u00c7LEN\u0130RSE A\u0130LE G\u00dc\u00c7LEN\u0130R<\/strong><\/p>\n<p>\u00d6zbek Kad\u0131n Derne\u011fi Ba\u015fkan\u0131 Ozoda Islamova, sahada y\u00fcr\u00fctt\u00fckleri \u00e7al\u0131\u015fmalarla binlerce kad\u0131na hukuki ve psikolojik destek sa\u011flad\u0131klar\u0131n\u0131 belirterek g\u00fc\u00e7l\u00fc kad\u0131n\u0131n g\u00fc\u00e7l\u00fc aile anlam\u0131na geldi\u011fini ifade etti. Ailenin g\u00fc\u00e7lendirilmesini yaln\u0131zca sosyal de\u011fil, ayn\u0131 zamanda adalet ve insan onuru meselesi olarak de\u011ferlendiren Islamova, uluslararas\u0131 i\u015f birliklerinin ortak \u00e7\u00f6z\u00fcmler \u00fcretme a\u00e7\u0131s\u0131ndan \u00f6nemli oldu\u011funu vurgulad\u0131.<\/p>\n<p><img loading=\"lazy\" decoding=\"async\" class=\"alignnone wp-image-56215 size-large\" src=\"https:\/\/ticaret.edu.tr\/wp-content\/uploads\/2026\/02\/6-1024x682.jpeg\" alt=\"\" width=\"1024\" height=\"682\" \/><\/p>\n<p><strong>A\u0130LEY\u0130 G\u00dc\u00c7LEND\u0130RMEK UZUN VADEL\u0130 TOPLUMSAL YATIRIM<\/strong><\/p>\n<p>KADEM Y\u00f6netim Kurulu Ba\u015fkan\u0131 Av. Dr. Canan Sar\u0131 ise k\u00fcresel krizler, g\u00f6\u00e7 hareketleri ve dijitalle\u015fmenin aile kurumunu zorlad\u0131\u011f\u0131n\u0131 belirterek aileyi g\u00fc\u00e7lendirmenin uzun vadeli bir toplumsal yat\u0131r\u0131m oldu\u011funu s\u00f6yledi. Kad\u0131n haklar\u0131 ile aileyi g\u00fc\u00e7lendirme hedefinin birbirini tamamlayan alanlar oldu\u011funu dile getiren Sar\u0131, akademi-kamu-sivil toplum i\u015f birli\u011finin politika \u00fcretimi a\u00e7\u0131s\u0131ndan kritik rol oynad\u0131\u011f\u0131n\u0131 ifade etti.<\/p>\n<p><strong>B\u0130L\u0130MSEL OTURUMLAR \u0130K\u0130 G\u00dcN S\u00dcRD\u00dc<\/strong><\/p>\n<p>Konferansa psikoloji, e\u011fitim, hukuk, sosyoloji ve k\u00fclt\u00fcrel \u00e7al\u0131\u015fmalar ba\u015fta olmak \u00fczere farkl\u0131 disiplinlerden ve \u00fclkelerden yakla\u015f\u0131k 180 bildiri ba\u015fvurusu yap\u0131ld\u0131 ve bilimsel de\u011ferlendirme sonucunda 85 bildiri sunuldu. Organizasyonla T\u00fcrkiye ve \u00d6zbekistan aras\u0131nda aile politikalar\u0131 ve akademik ara\u015ft\u0131rmalar alan\u0131nda yeni projeler geli\u015ftirilmesi hedeflendi.<\/p>\n","protected":false},"excerpt":{"rendered":"<p>\u0130stanbul Ticaret \u00dcniversitesi Aile ve Sosyal Hizmetler Bakanl\u0131\u011f\u0131, \u00d6zbekistan Y\u00fcksek\u00f6\u011fretim, Bilim ve Yenilik Bakanl\u0131\u011f\u0131, \u00d6zbekistan Aile ve Kad\u0131n Komitesi, KADEM ve \u00d6zbek Kad\u0131n Derne\u011fi taraf\u0131ndan d\u00fczenlenen I. Uluslararas\u0131 Ailenin G\u00fc\u00e7lendirilmesi Konferans\u0131, T\u00fcrkiye \u00d6zbekistan\u2019dan akademi, kamu ve sivil toplum temsilcilerini bir araya getirdi. \u0130ki g\u00fcn s\u00fcren oturumlarda demografik d\u00f6n\u00fc\u015f\u00fcmden kad\u0131n politikalar\u0131na uzanan ba\u015fl\u0131klar ele al\u0131n\u0131rken, aileyi [&hellip;]<\/p>\n","protected":false},"author":238,"featured_media":856,"comment_status":"closed","ping_status":"closed","sticky":false,"template":"","format":"standard","meta":{"footnotes":""},"categories":[2],"tags":[],"yoast_head":"<!-- This site is optimized with the Yoast SEO Premium plugin v22.1 (Yoast SEO v22.1) - https:\/\/yoast.com\/wordpress\/plugins\/seo\/ -->\n<title>\u0130ki Karde\u015f \u00dclke, Ailenin Gelece\u011fi \u0130\u00e7in Bulu\u015ftu - Haberler - Kad\u0131n ve Aile Uygulama ve Ara\u015ft\u0131rma Merkezi<\/title>\n<meta name=\"robots\" content=\"index, follow, max-snippet:-1, max-image-preview:large, max-video-preview:-1\" \/>\n<link rel=\"canonical\" href=\"https:\/\/ticaret.edu.tr\/kadin-ve-aile-uygulama-ve-arastirma-merkezi\/2026\/04\/15\/iki-kardes-ulke-ailenin-gelecegi-icin-bulustu\/\" \/>\n<meta property=\"og:locale\" content=\"tr_TR\" \/>\n<meta property=\"og:type\" content=\"article\" \/>\n<meta property=\"og:title\" content=\"\u0130ki Karde\u015f \u00dclke, Ailenin Gelece\u011fi \u0130\u00e7in Bulu\u015ftu\" \/>\n<meta property=\"og:description\" content=\"\u0130stanbul Ticaret \u00dcniversitesi Aile ve Sosyal Hizmetler Bakanl\u0131\u011f\u0131, \u00d6zbekistan Y\u00fcksek\u00f6\u011fretim, Bilim ve Yenilik Bakanl\u0131\u011f\u0131, \u00d6zbekistan Aile ve Kad\u0131n Komitesi, KADEM ve \u00d6zbek Kad\u0131n Derne\u011fi taraf\u0131ndan d\u00fczenlenen I. Uluslararas\u0131 Ailenin G\u00fc\u00e7lendirilmesi Konferans\u0131, T\u00fcrkiye \u00d6zbekistan\u2019dan akademi, kamu ve sivil toplum temsilcilerini bir araya getirdi. \u0130ki g\u00fcn s\u00fcren oturumlarda demografik d\u00f6n\u00fc\u015f\u00fcmden kad\u0131n politikalar\u0131na uzanan ba\u015fl\u0131klar ele al\u0131n\u0131rken, aileyi [&hellip;]\" \/>\n<meta property=\"og:url\" content=\"https:\/\/ticaret.edu.tr\/kadin-ve-aile-uygulama-ve-arastirma-merkezi\/2026\/04\/15\/iki-kardes-ulke-ailenin-gelecegi-icin-bulustu\/\" \/>\n<meta property=\"og:site_name\" content=\"Kad\u0131n ve Aile Uygulama ve Ara\u015ft\u0131rma Merkezi\" \/>\n<meta property=\"article:publisher\" content=\"https:\/\/www.facebook.com\/ticaretedutr\" \/>\n<meta property=\"article:published_time\" content=\"2026-04-15T09:16:03+00:00\" \/>\n<meta property=\"og:image\" content=\"https:\/\/ticaret.edu.tr\/kadin-ve-aile-uygulama-ve-arastirma-merkezi\/wp-content\/uploads\/sites\/50\/2026\/04\/WhatsApp-Image-2026-04-15-at-11.24.24.jpeg\" \/>\n\t<meta property=\"og:image:width\" content=\"1600\" \/>\n\t<meta property=\"og:image:height\" content=\"1066\" \/>\n\t<meta property=\"og:image:type\" content=\"image\/jpeg\" \/>\n<meta name=\"author\" content=\"gbuzunoglu\" \/>\n<meta name=\"twitter:card\" content=\"summary_large_image\" \/>\n<meta name=\"twitter:creator\" content=\"@ticaretedutr\" \/>\n<meta name=\"twitter:site\" content=\"@ticaretedutr\" \/>\n<meta name=\"twitter:label1\" content=\"Yazan:\" \/>\n\t<meta name=\"twitter:data1\" content=\"gbuzunoglu\" \/>\n\t<meta name=\"twitter:label2\" content=\"Tahmini okuma s\u00fcresi\" \/>\n\t<meta name=\"twitter:data2\" content=\"9 dakika\" \/>\n<script type=\"application\/ld+json\" class=\"yoast-schema-graph\">{\"@context\":\"https:\/\/schema.org\",\"@graph\":[{\"@type\":\"WebPage\",\"@id\":\"https:\/\/ticaret.edu.tr\/kadin-ve-aile-uygulama-ve-arastirma-merkezi\/2026\/04\/15\/iki-kardes-ulke-ailenin-gelecegi-icin-bulustu\/\",\"url\":\"https:\/\/ticaret.edu.tr\/kadin-ve-aile-uygulama-ve-arastirma-merkezi\/2026\/04\/15\/iki-kardes-ulke-ailenin-gelecegi-icin-bulustu\/\",\"name\":\"\u0130ki Karde\u015f \u00dclke, Ailenin Gelece\u011fi \u0130\u00e7in Bulu\u015ftu - Haberler - Kad\u0131n ve Aile Uygulama ve Ara\u015ft\u0131rma Merkezi\",\"isPartOf\":{\"@id\":\"https:\/\/ticaret.edu.tr\/kadin-ve-aile-uygulama-ve-arastirma-merkezi\/#website\"},\"datePublished\":\"2026-04-15T09:16:03+00:00\",\"dateModified\":\"2026-04-15T09:16:03+00:00\",\"author\":{\"@id\":\"https:\/\/ticaret.edu.tr\/kadin-ve-aile-uygulama-ve-arastirma-merkezi\/#\/schema\/person\/fb6b39b4e091b813d455562f5a3fcf2c\"},\"breadcrumb\":{\"@id\":\"https:\/\/ticaret.edu.tr\/kadin-ve-aile-uygulama-ve-arastirma-merkezi\/2026\/04\/15\/iki-kardes-ulke-ailenin-gelecegi-icin-bulustu\/#breadcrumb\"},\"inLanguage\":\"tr\",\"potentialAction\":[{\"@type\":\"ReadAction\",\"target\":[\"https:\/\/ticaret.edu.tr\/kadin-ve-aile-uygulama-ve-arastirma-merkezi\/2026\/04\/15\/iki-kardes-ulke-ailenin-gelecegi-icin-bulustu\/\"]}]},{\"@type\":\"BreadcrumbList\",\"@id\":\"https:\/\/ticaret.edu.tr\/kadin-ve-aile-uygulama-ve-arastirma-merkezi\/2026\/04\/15\/iki-kardes-ulke-ailenin-gelecegi-icin-bulustu\/#breadcrumb\",\"itemListElement\":[{\"@type\":\"ListItem\",\"position\":1,\"name\":\"Ana sayfa\",\"item\":\"https:\/\/ticaret.edu.tr\/kadin-ve-aile-uygulama-ve-arastirma-merkezi\/\"},{\"@type\":\"ListItem\",\"position\":2,\"name\":\"\u0130ki Karde\u015f \u00dclke, Ailenin Gelece\u011fi \u0130\u00e7in Bulu\u015ftu\"}]},{\"@type\":\"WebSite\",\"@id\":\"https:\/\/ticaret.edu.tr\/kadin-ve-aile-uygulama-ve-arastirma-merkezi\/#website\",\"url\":\"https:\/\/ticaret.edu.tr\/kadin-ve-aile-uygulama-ve-arastirma-merkezi\/\",\"name\":\"Kad\u0131n ve Aile Uygulama ve Ara\u015ft\u0131rma Merkezi\",\"description\":\"Bir ba\u015fka \u0130stanbul Ticaret \u00dcniversitesi site sitesi\",\"potentialAction\":[{\"@type\":\"SearchAction\",\"target\":{\"@type\":\"EntryPoint\",\"urlTemplate\":\"https:\/\/ticaret.edu.tr\/kadin-ve-aile-uygulama-ve-arastirma-merkezi\/?s={search_term_string}\"},\"query-input\":\"required name=search_term_string\"}],\"inLanguage\":\"tr\"},{\"@type\":\"Person\",\"@id\":\"https:\/\/ticaret.edu.tr\/kadin-ve-aile-uygulama-ve-arastirma-merkezi\/#\/schema\/person\/fb6b39b4e091b813d455562f5a3fcf2c\",\"name\":\"gbuzunoglu\",\"image\":{\"@type\":\"ImageObject\",\"inLanguage\":\"tr\",\"@id\":\"https:\/\/ticaret.edu.tr\/kadin-ve-aile-uygulama-ve-arastirma-merkezi\/#\/schema\/person\/image\/\",\"url\":\"http:\/\/2.gravatar.com\/avatar\/b9e1cb2d1f836367b56625419ccfb033?s=96&d=mm&r=g\",\"contentUrl\":\"http:\/\/2.gravatar.com\/avatar\/b9e1cb2d1f836367b56625419ccfb033?s=96&d=mm&r=g\",\"caption\":\"gbuzunoglu\"},\"url\":\"http:\/\/ticaret.edu.tr\/kadin-ve-aile-uygulama-ve-arastirma-merkezi\/author\/gbuzunoglu\/\"}]}<\/script>\n<!-- \/ Yoast SEO Premium plugin. -->","yoast_head_json":{"title":"\u0130ki Karde\u015f \u00dclke, Ailenin Gelece\u011fi \u0130\u00e7in Bulu\u015ftu - Haberler - Kad\u0131n ve Aile Uygulama ve Ara\u015ft\u0131rma Merkezi","robots":{"index":"index","follow":"follow","max-snippet":"max-snippet:-1","max-image-preview":"max-image-preview:large","max-video-preview":"max-video-preview:-1"},"canonical":"https:\/\/ticaret.edu.tr\/kadin-ve-aile-uygulama-ve-arastirma-merkezi\/2026\/04\/15\/iki-kardes-ulke-ailenin-gelecegi-icin-bulustu\/","og_locale":"tr_TR","og_type":"article","og_title":"\u0130ki Karde\u015f \u00dclke, Ailenin Gelece\u011fi \u0130\u00e7in Bulu\u015ftu","og_description":"\u0130stanbul Ticaret \u00dcniversitesi Aile ve Sosyal Hizmetler Bakanl\u0131\u011f\u0131, \u00d6zbekistan Y\u00fcksek\u00f6\u011fretim, Bilim ve Yenilik Bakanl\u0131\u011f\u0131, \u00d6zbekistan Aile ve Kad\u0131n Komitesi, KADEM ve \u00d6zbek Kad\u0131n Derne\u011fi taraf\u0131ndan d\u00fczenlenen I. Uluslararas\u0131 Ailenin G\u00fc\u00e7lendirilmesi Konferans\u0131, T\u00fcrkiye \u00d6zbekistan\u2019dan akademi, kamu ve sivil toplum temsilcilerini bir araya getirdi. \u0130ki g\u00fcn s\u00fcren oturumlarda demografik d\u00f6n\u00fc\u015f\u00fcmden kad\u0131n politikalar\u0131na uzanan ba\u015fl\u0131klar ele al\u0131n\u0131rken, aileyi [&hellip;]","og_url":"https:\/\/ticaret.edu.tr\/kadin-ve-aile-uygulama-ve-arastirma-merkezi\/2026\/04\/15\/iki-kardes-ulke-ailenin-gelecegi-icin-bulustu\/","og_site_name":"Kad\u0131n ve Aile Uygulama ve Ara\u015ft\u0131rma Merkezi","article_publisher":"https:\/\/www.facebook.com\/ticaretedutr","article_published_time":"2026-04-15T09:16:03+00:00","og_image":[{"width":1600,"height":1066,"url":"https:\/\/ticaret.edu.tr\/kadin-ve-aile-uygulama-ve-arastirma-merkezi\/wp-content\/uploads\/sites\/50\/2026\/04\/WhatsApp-Image-2026-04-15-at-11.24.24.jpeg","type":"image\/jpeg"}],"author":"gbuzunoglu","twitter_card":"summary_large_image","twitter_creator":"@ticaretedutr","twitter_site":"@ticaretedutr","twitter_misc":{"Yazan:":"gbuzunoglu","Tahmini okuma s\u00fcresi":"9 dakika"},"schema":{"@context":"https:\/\/schema.org","@graph":[{"@type":"WebPage","@id":"https:\/\/ticaret.edu.tr\/kadin-ve-aile-uygulama-ve-arastirma-merkezi\/2026\/04\/15\/iki-kardes-ulke-ailenin-gelecegi-icin-bulustu\/","url":"https:\/\/ticaret.edu.tr\/kadin-ve-aile-uygulama-ve-arastirma-merkezi\/2026\/04\/15\/iki-kardes-ulke-ailenin-gelecegi-icin-bulustu\/","name":"\u0130ki Karde\u015f \u00dclke, Ailenin Gelece\u011fi \u0130\u00e7in Bulu\u015ftu - Haberler - Kad\u0131n ve Aile Uygulama ve Ara\u015ft\u0131rma Merkezi","isPartOf":{"@id":"https:\/\/ticaret.edu.tr\/kadin-ve-aile-uygulama-ve-arastirma-merkezi\/#website"},"datePublished":"2026-04-15T09:16:03+00:00","dateModified":"2026-04-15T09:16:03+00:00","author":{"@id":"https:\/\/ticaret.edu.tr\/kadin-ve-aile-uygulama-ve-arastirma-merkezi\/#\/schema\/person\/fb6b39b4e091b813d455562f5a3fcf2c"},"breadcrumb":{"@id":"https:\/\/ticaret.edu.tr\/kadin-ve-aile-uygulama-ve-arastirma-merkezi\/2026\/04\/15\/iki-kardes-ulke-ailenin-gelecegi-icin-bulustu\/#breadcrumb"},"inLanguage":"tr","potentialAction":[{"@type":"ReadAction","target":["https:\/\/ticaret.edu.tr\/kadin-ve-aile-uygulama-ve-arastirma-merkezi\/2026\/04\/15\/iki-kardes-ulke-ailenin-gelecegi-icin-bulustu\/"]}]},{"@type":"BreadcrumbList","@id":"https:\/\/ticaret.edu.tr\/kadin-ve-aile-uygulama-ve-arastirma-merkezi\/2026\/04\/15\/iki-kardes-ulke-ailenin-gelecegi-icin-bulustu\/#breadcrumb","itemListElement":[{"@type":"ListItem","position":1,"name":"Ana sayfa","item":"https:\/\/ticaret.edu.tr\/kadin-ve-aile-uygulama-ve-arastirma-merkezi\/"},{"@type":"ListItem","position":2,"name":"\u0130ki Karde\u015f \u00dclke, Ailenin Gelece\u011fi \u0130\u00e7in Bulu\u015ftu"}]},{"@type":"WebSite","@id":"https:\/\/ticaret.edu.tr\/kadin-ve-aile-uygulama-ve-arastirma-merkezi\/#website","url":"https:\/\/ticaret.edu.tr\/kadin-ve-aile-uygulama-ve-arastirma-merkezi\/","name":"Kad\u0131n ve Aile Uygulama ve Ara\u015ft\u0131rma Merkezi","description":"Bir ba\u015fka \u0130stanbul Ticaret \u00dcniversitesi site sitesi","potentialAction":[{"@type":"SearchAction","target":{"@type":"EntryPoint","urlTemplate":"https:\/\/ticaret.edu.tr\/kadin-ve-aile-uygulama-ve-arastirma-merkezi\/?s={search_term_string}"},"query-input":"required name=search_term_string"}],"inLanguage":"tr"},{"@type":"Person","@id":"https:\/\/ticaret.edu.tr\/kadin-ve-aile-uygulama-ve-arastirma-merkezi\/#\/schema\/person\/fb6b39b4e091b813d455562f5a3fcf2c","name":"gbuzunoglu","image":{"@type":"ImageObject","inLanguage":"tr","@id":"https:\/\/ticaret.edu.tr\/kadin-ve-aile-uygulama-ve-arastirma-merkezi\/#\/schema\/person\/image\/","url":"http:\/\/2.gravatar.com\/avatar\/b9e1cb2d1f836367b56625419ccfb033?s=96&d=mm&r=g","contentUrl":"http:\/\/2.gravatar.com\/avatar\/b9e1cb2d1f836367b56625419ccfb033?s=96&d=mm&r=g","caption":"gbuzunoglu"},"url":"http:\/\/ticaret.edu.tr\/kadin-ve-aile-uygulama-ve-arastirma-merkezi\/author\/gbuzunoglu\/"}]}},"lang":"tr","translations":{"tr":855},"pll_sync_post":[],"_links":{"self":[{"href":"http:\/\/ticaret.edu.tr\/kadin-ve-aile-uygulama-ve-arastirma-merkezi\/wp-json\/wp\/v2\/posts\/855"}],"collection":[{"href":"http:\/\/ticaret.edu.tr\/kadin-ve-aile-uygulama-ve-arastirma-merkezi\/wp-json\/wp\/v2\/posts"}],"about":[{"href":"http:\/\/ticaret.edu.tr\/kadin-ve-aile-uygulama-ve-arastirma-merkezi\/wp-json\/wp\/v2\/types\/post"}],"author":[{"embeddable":true,"href":"http:\/\/ticaret.edu.tr\/kadin-ve-aile-uygulama-ve-arastirma-merkezi\/wp-json\/wp\/v2\/users\/238"}],"replies":[{"embeddable":true,"href":"http:\/\/ticaret.edu.tr\/kadin-ve-aile-uygulama-ve-arastirma-merkezi\/wp-json\/wp\/v2\/comments?post=855"}],"version-history":[{"count":1,"href":"http:\/\/ticaret.edu.tr\/kadin-ve-aile-uygulama-ve-arastirma-merkezi\/wp-json\/wp\/v2\/posts\/855\/revisions"}],"predecessor-version":[{"id":857,"href":"http:\/\/ticaret.edu.tr\/kadin-ve-aile-uygulama-ve-arastirma-merkezi\/wp-json\/wp\/v2\/posts\/855\/revisions\/857"}],"wp:featuredmedia":[{"embeddable":true,"href":"http:\/\/ticaret.edu.tr\/kadin-ve-aile-uygulama-ve-arastirma-merkezi\/wp-json\/wp\/v2\/media\/856"}],"wp:attachment":[{"href":"http:\/\/ticaret.edu.tr\/kadin-ve-aile-uygulama-ve-arastirma-merkezi\/wp-json\/wp\/v2\/media?parent=855"}],"wp:term":[{"taxonomy":"category","embeddable":true,"href":"http:\/\/ticaret.edu.tr\/kadin-ve-aile-uygulama-ve-arastirma-merkezi\/wp-json\/wp\/v2\/categories?post=855"},{"taxonomy":"post_tag","embeddable":true,"href":"http:\/\/ticaret.edu.tr\/kadin-ve-aile-uygulama-ve-arastirma-merkezi\/wp-json\/wp\/v2\/tags?post=855"}],"curies":[{"name":"wp","href":"https:\/\/api.w.org\/{rel}","templated":true}]}}