{"id":858,"date":"2026-04-15T12:16:00","date_gmt":"2026-04-15T09:16:00","guid":{"rendered":"https:\/\/ticaret.edu.tr\/kadin-ve-aile-uygulama-ve-arastirma-merkezi\/?p=858"},"modified":"2026-04-15T12:16:00","modified_gmt":"2026-04-15T09:16:00","slug":"istanbul-ticaret-universitesinde-hobin-isin-olsun-basladi-kadinlar-uretiyor-ekonomi-gucleniyor","status":"publish","type":"post","link":"http:\/\/ticaret.edu.tr\/kadin-ve-aile-uygulama-ve-arastirma-merkezi\/2026\/04\/15\/istanbul-ticaret-universitesinde-hobin-isin-olsun-basladi-kadinlar-uretiyor-ekonomi-gucleniyor\/","title":{"rendered":"\u0130stanbul Ticaret \u00dcniversitesi\u2019nde \u201cHobin \u0130\u015fin Olsun\u201d Ba\u015flad\u0131: Kad\u0131nlar \u00dcretiyor, Ekonomi G\u00fc\u00e7leniyor"},"content":{"rendered":"<p><strong>\u00dcniversitemiz ile Aile ve Sosyal Hizmetler \u0130l M\u00fcd\u00fcrl\u00fc\u011f\u00fc i\u015f birli\u011finde hayata ge\u00e7irilen \u201cHobin \u0130\u015fin Olsun\u201d e\u011fitim projesi S\u00e2d\u00e2b\u00e2d Kamp\u00fcs\u00fc S\u00fctl\u00fcce\u2019de ba\u015flad\u0131. \u00dcniversitemizin \u201cKad\u0131n ve Aile Uygulama ve Ara\u015ft\u0131rma Merkezi\u201d koordinasyonunda \u201cS\u00fcrekli E\u011fitim Merkezi M\u00fcd\u00fcrl\u00fc\u011f\u00fc (SEM) b\u00fcnyesinde hayata ge\u00e7irilen program kapsam\u0131nda kat\u0131l\u0131mc\u0131lar; giri\u015fimcilik, e-ticaret ve dijital pazarlama ba\u015fl\u0131klar\u0131nda kapsaml\u0131 bir e\u011fitim s\u00fcrecine dahil olacak.<\/strong><\/p>\n<p><img loading=\"lazy\" decoding=\"async\" class=\"alignnone wp-image-57297 size-large\" src=\"https:\/\/ticaret.edu.tr\/wp-content\/uploads\/2026\/04\/6-1-1024x683.jpeg\" alt=\"\" width=\"1024\" height=\"683\" \/><\/p>\n<p>Kad\u0131nlar\u0131n ekonomik ve sosyal hayata daha nitelikli kat\u0131l\u0131m\u0131n\u0131 hedefleyen proje kapsam\u0131nda d\u00fczenlenen programa; \u0130stanbul Vali Yard\u0131mc\u0131s\u0131 Okan Leblebici, \u00dcniversitemiz M\u00fctevelli Heyet \u00dcyesi ve \u0130stanbul Ticaret Odas\u0131 Meclis Ba\u015fkan\u0131 Dr. Erhan Erken, Rekt\u00f6r\u00fcm\u00fcz Prof. Dr. Necip \u015eim\u015fek, Van Y\u00fcz\u00fcnc\u00fc Y\u0131l \u00dcniversitesi Rekt\u00f6r\u00fc Prof. Dr. Hamdullah \u015eevli, \u0130stanbul Aile ve Sosyal Hizmetler \u0130l M\u00fcd\u00fcr\u00fc \u00d6mer Turan, \u00c7al\u0131\u015fma ve Sosyal G\u00fcvenlik Bakanl\u0131\u011f\u0131 \u0130stanbul \u00c7al\u0131\u015fma ve \u0130\u015f Kurumu \u0130l M\u00fcd\u00fcr\u00fc U\u011fur Oto, Sosyal Yard\u0131mla\u015fma ve Dayan\u0131\u015fma Vakf\u0131 \u0130l M\u00fcd\u00fcr\u00fc Nihal Kara, Rekt\u00f6r Yard\u0131mc\u0131m\u0131z Prof. Dr. Hanifi Parlar, Genel Sekreterimiz Erdal Cesar, Kad\u0131n ve Aile Uygulama ve Ara\u015ft\u0131rma Merkezi M\u00fcd\u00fcr\u00fcm\u00fcz Dr. \u00d6\u011fr. \u00dcyesi Ay\u015fen Baylak G\u00fcng\u00f6r, SEM M\u00fcd\u00fcr\u00fcm\u00fcz Metin \u00d6zy\u00fcrek, \u0130stanbul Aile ve Sosyal Politikalar \u0130l M\u00fcd\u00fcr Yard\u0131mc\u0131lar\u0131 Halis Kuralay ve Rabia G\u00fcng\u00f6r, Akademisyen ve \u00f6\u011frencilerimiz ile kursiyer han\u0131mlar kat\u0131ld\u0131.<\/p>\n<p><img loading=\"lazy\" decoding=\"async\" class=\"alignnone wp-image-57292 size-large\" src=\"https:\/\/ticaret.edu.tr\/wp-content\/uploads\/2026\/04\/1-2-1024x683.jpeg\" alt=\"\" width=\"1024\" height=\"683\" \/><\/p>\n<p><strong>KADINLARIN G\u00dc\u00c7LENMES\u0130 TOPLUMSAL KALKINMANIN TEMEL UNSURU<\/strong><\/p>\n<p>A\u00e7\u0131l\u0131\u015f program\u0131nda konu\u015fan Okan Leblebici, kad\u0131nlar\u0131n ekonomik ve sosyal hayata kat\u0131l\u0131m\u0131n\u0131n yaln\u0131zca bireysel bir kazan\u0131m olmad\u0131\u011f\u0131n\u0131, ayn\u0131 zamanda s\u00fcrd\u00fcr\u00fclebilir kalk\u0131nman\u0131n ve toplumsal refah\u0131n temel unsurlar\u0131ndan biri oldu\u011funu vurgulad\u0131. Leblebici, projenin kad\u0131nlar\u0131n giri\u015fimcilik kapasitelerini geli\u015ftirmeye katk\u0131 sa\u011flayaca\u011f\u0131n\u0131 belirterek, kamu, \u00fcniversite ve i\u015f d\u00fcnyas\u0131n\u0131n i\u015f birli\u011fiyle y\u00fcr\u00fct\u00fclen bu modelin s\u00fcrd\u00fcr\u00fclebilir bir yap\u0131 ortaya koyaca\u011f\u0131na inand\u0131\u011f\u0131n\u0131 ifade etti.<\/p>\n<p><img loading=\"lazy\" decoding=\"async\" class=\"alignnone wp-image-57293 size-large\" src=\"https:\/\/ticaret.edu.tr\/wp-content\/uploads\/2026\/04\/2-2-1024x683.jpeg\" alt=\"\" width=\"1024\" height=\"683\" \/><\/p>\n<p><strong>KADINLARIN EKONOM\u0130K HAYATTAK\u0130 G\u00dcC\u00dc A\u0130LEY\u0130 DE G\u00dc\u00c7LEND\u0130R\u0130YOR<\/strong><\/p>\n<p>Dr. Erhan Erken ise konu\u015fmas\u0131nda, kad\u0131nlar\u0131n ekonomik hayatta daha aktif rol \u00fcstlenmesinin aile yap\u0131s\u0131n\u0131 do\u011frudan g\u00fc\u00e7lendirdi\u011fine dikkat \u00e7ekti. Kad\u0131nlar\u0131n \u00fcretim s\u00fcre\u00e7lerine kat\u0131l\u0131m\u0131n\u0131n te\u015fvik edilmesinin toplumsal denge a\u00e7\u0131s\u0131ndan \u00f6nemli oldu\u011funu belirten Dr. Erken, \u0130stanbul Ticaret Odas\u0131 olarak kad\u0131n giri\u015fimcili\u011fini desteklemeye y\u00f6nelik \u00e7al\u0131\u015fmalara katk\u0131 sunmaya devam edeceklerini ifade etti.<\/p>\n<p><img loading=\"lazy\" decoding=\"async\" class=\"alignnone wp-image-57294 size-large\" src=\"https:\/\/ticaret.edu.tr\/wp-content\/uploads\/2026\/04\/3-2-1024x683.jpeg\" alt=\"\" width=\"1024\" height=\"683\" \/><\/p>\n<p><strong>\u201cG\u00dc\u00c7L\u00dc KADIN, G\u00dc\u00c7L\u00dc A\u0130LE DEMEKT\u0130R\u201d<\/strong><\/p>\n<p>Prof. Dr. Necip \u015eim\u015fek ise konu\u015fmas\u0131nda, kad\u0131nlar\u0131n ekonomik olarak g\u00fc\u00e7lendirilmesinin hem \u00fclkemizin kalk\u0131nma hedefleri hem de \u00fcniversitemizin stratejik \u00f6ncelikleri aras\u0131nda yer ald\u0131\u011f\u0131n\u0131 belirtti. \u00dcniversitelerin topluma hizmet misyonuna dikkat \u00e7eken Prof. Dr. \u015eim\u015fek, \u201cHobin \u0130\u015fin Olsun\u201d projesinin bu anlay\u0131\u015f\u0131n somut bir yans\u0131mas\u0131 oldu\u011funu ifade ederek, kad\u0131nlar\u0131n sahip olduklar\u0131 yetenekleri ekonomik de\u011fere d\u00f6n\u00fc\u015ft\u00fcrmelerinin ve \u00fcretim s\u00fcrecine daha aktif kat\u0131lmalar\u0131n\u0131n \u00f6nemine vurgu yapt\u0131.<\/p>\n<p><img loading=\"lazy\" decoding=\"async\" class=\"alignnone wp-image-57295 size-large\" src=\"https:\/\/ticaret.edu.tr\/wp-content\/uploads\/2026\/04\/4-2-1024x683.jpeg\" alt=\"\" width=\"1024\" height=\"683\" \/><\/p>\n<p><strong>\u0130\u015e B\u0130RL\u0130\u011e\u0130 \u0130LE G\u00dc\u00c7LENEN B\u0130R MODEL<\/strong><\/p>\n<p>\u00d6mer Turan, projenin kad\u0131nlar\u0131n \u00fcretimlerini ekonomik de\u011fere d\u00f6n\u00fc\u015ft\u00fcrmelerine imk\u00e2n sa\u011flayan \u00f6nemli bir ba\u015flang\u0131\u00e7 oldu\u011funu vurgulad\u0131. \u00dcniversitelerin akademik birikimi ile kamu kurumlar\u0131n\u0131n sahadaki tecr\u00fcbesinin birle\u015fmesinin bu t\u00fcr projelerin ba\u015far\u0131s\u0131nda kritik rol oynad\u0131\u011f\u0131n\u0131 ifade eden Turan, kurulan i\u015f birli\u011finin g\u00fc\u00e7l\u00fc sonu\u00e7lar do\u011furaca\u011f\u0131na inand\u0131\u011f\u0131n\u0131 dile getirdi.<\/p>\n<p><strong>KADINLARIN EKONOM\u0130K KATILIMI \u0130\u00c7\u0130N SOMUT ADIMLAR<\/strong><\/p>\n<p>Rabia G\u00fcng\u00f6r, projenin kad\u0131nlar\u0131n ekonomik hayata kat\u0131l\u0131m\u0131n\u0131 art\u0131rmaya y\u00f6nelik stratejik hedefler do\u011frultusunda kurguland\u0131\u011f\u0131n\u0131 belirtti. G\u00fcng\u00f6r, proje kapsam\u0131nda kad\u0131nlar\u0131n \u00fcretimlerini katma de\u011fere d\u00f6n\u00fc\u015ft\u00fcrerek dijital ve k\u00fcresel pazarlara a\u00e7\u0131lmalar\u0131n\u0131n hedeflendi\u011fini ifade ederken, yo\u011fun ba\u015fvuru s\u00fcrecinin ard\u0131ndan se\u00e7ilen kat\u0131l\u0131mc\u0131larla uygulamaya ge\u00e7ildi\u011fini dile getirdi.<\/p>\n<p><img loading=\"lazy\" decoding=\"async\" class=\"alignnone wp-image-57296 size-large\" src=\"https:\/\/ticaret.edu.tr\/wp-content\/uploads\/2026\/04\/5-2-1024x683.jpeg\" alt=\"\" width=\"1024\" height=\"683\" \/><\/p>\n<p><strong>KAPSAMLI E\u011e\u0130T\u0130M \u0130\u00c7ER\u0130\u011e\u0130YLE G\u0130R\u0130\u015e\u0130MC\u0130L\u0130K YOLCULU\u011eU<\/strong><\/p>\n<p>Program kapsam\u0131nda ger\u00e7ekle\u015ftirilen sunumda, Dr. \u00d6\u011fr. \u00dcyesi Ay\u015fen Baylak G\u00fcng\u00f6r, e\u011fitim i\u00e7eriklerine ili\u015fkin detayl\u0131 bilgi verdi. Dr. \u00d6\u011fr. \u00dcyesi G\u00fcng\u00f6r, kad\u0131n istihdam\u0131na ili\u015fkin g\u00fcncel veriler \u0131\u015f\u0131\u011f\u0131nda haz\u0131rlanan program\u0131n; giri\u015fimcilik ve inovasyon, e-ticaret, dijital pazarlama, finansal okuryazarl\u0131k ve uygulamal\u0131 at\u00f6lye \u00e7al\u0131\u015fmalar\u0131n\u0131 kapsayan \u00e7ok y\u00f6nl\u00fc bir yap\u0131da tasarland\u0131\u011f\u0131n\u0131 ifade etti. E\u011fitim s\u00fcreci boyunca kat\u0131l\u0131mc\u0131lar\u0131n geli\u015fimlerinin \u00f6l\u00e7\u00fclece\u011fini ve ba\u015far\u0131l\u0131 olanlara sertifika verilece\u011fini belirten G\u00fcng\u00f6r, program\u0131n kad\u0131nlar\u0131n s\u00fcrd\u00fcr\u00fclebilir gelir elde edebilecekleri bir modele d\u00f6n\u00fc\u015fmesini hedefledi\u011fini vurgulad\u0131.<\/p>\n<p><strong>E\u011e\u0130T\u0130MLER 21 N\u0130SAN\u2019A KADAR DEVAM EDECEK<\/strong><\/p>\n<p>6\u201321 Nisan 2026 tarihleri aras\u0131nda devam edecek olan program kapsam\u0131nda kat\u0131l\u0131mc\u0131lar, hobilerini ekonomik de\u011fere d\u00f6n\u00fc\u015ft\u00fcrmeye y\u00f6nelik kapsaml\u0131 bir e\u011fitim s\u00fcrecinden ge\u00e7ecek. E\u011fitimlerin ard\u0131ndan ger\u00e7ekle\u015ftirilecek kapan\u0131\u015f program\u0131nda ise iyi uygulama \u00f6rnekleri payla\u015f\u0131lacak ve kat\u0131l\u0131mc\u0131lara sertifikalar\u0131 takdim edilecek.<\/p>\n","protected":false},"excerpt":{"rendered":"<p>\u00dcniversitemiz ile Aile ve Sosyal Hizmetler \u0130l M\u00fcd\u00fcrl\u00fc\u011f\u00fc i\u015f birli\u011finde hayata ge\u00e7irilen \u201cHobin \u0130\u015fin Olsun\u201d e\u011fitim projesi S\u00e2d\u00e2b\u00e2d Kamp\u00fcs\u00fc S\u00fctl\u00fcce\u2019de ba\u015flad\u0131. \u00dcniversitemizin \u201cKad\u0131n ve Aile Uygulama ve Ara\u015ft\u0131rma Merkezi\u201d koordinasyonunda \u201cS\u00fcrekli E\u011fitim Merkezi M\u00fcd\u00fcrl\u00fc\u011f\u00fc (SEM) b\u00fcnyesinde hayata ge\u00e7irilen program kapsam\u0131nda kat\u0131l\u0131mc\u0131lar; giri\u015fimcilik, e-ticaret ve dijital pazarlama ba\u015fl\u0131klar\u0131nda kapsaml\u0131 bir e\u011fitim s\u00fcrecine dahil olacak. Kad\u0131nlar\u0131n ekonomik [&hellip;]<\/p>\n","protected":false},"author":238,"featured_media":859,"comment_status":"closed","ping_status":"closed","sticky":false,"template":"","format":"standard","meta":{"footnotes":""},"categories":[2],"tags":[],"yoast_head":"<!-- This site is optimized with the Yoast SEO Premium plugin v22.1 (Yoast SEO v22.1) - https:\/\/yoast.com\/wordpress\/plugins\/seo\/ -->\n<title>\u0130stanbul Ticaret \u00dcniversitesi\u2019nde \u201cHobin \u0130\u015fin Olsun\u201d Ba\u015flad\u0131: Kad\u0131nlar \u00dcretiyor, Ekonomi G\u00fc\u00e7leniyor - Haberler - Kad\u0131n ve Aile Uygulama ve Ara\u015ft\u0131rma Merkezi<\/title>\n<meta name=\"robots\" content=\"index, follow, max-snippet:-1, max-image-preview:large, max-video-preview:-1\" \/>\n<link rel=\"canonical\" href=\"https:\/\/ticaret.edu.tr\/kadin-ve-aile-uygulama-ve-arastirma-merkezi\/2026\/04\/15\/istanbul-ticaret-universitesinde-hobin-isin-olsun-basladi-kadinlar-uretiyor-ekonomi-gucleniyor\/\" \/>\n<meta property=\"og:locale\" content=\"tr_TR\" \/>\n<meta property=\"og:type\" content=\"article\" \/>\n<meta property=\"og:title\" content=\"\u0130stanbul Ticaret \u00dcniversitesi\u2019nde \u201cHobin \u0130\u015fin Olsun\u201d Ba\u015flad\u0131: Kad\u0131nlar \u00dcretiyor, Ekonomi G\u00fc\u00e7leniyor\" \/>\n<meta property=\"og:description\" content=\"\u00dcniversitemiz ile Aile ve Sosyal Hizmetler \u0130l M\u00fcd\u00fcrl\u00fc\u011f\u00fc i\u015f birli\u011finde hayata ge\u00e7irilen \u201cHobin \u0130\u015fin Olsun\u201d e\u011fitim projesi S\u00e2d\u00e2b\u00e2d Kamp\u00fcs\u00fc S\u00fctl\u00fcce\u2019de ba\u015flad\u0131. \u00dcniversitemizin \u201cKad\u0131n ve Aile Uygulama ve Ara\u015ft\u0131rma Merkezi\u201d koordinasyonunda \u201cS\u00fcrekli E\u011fitim Merkezi M\u00fcd\u00fcrl\u00fc\u011f\u00fc (SEM) b\u00fcnyesinde hayata ge\u00e7irilen program kapsam\u0131nda kat\u0131l\u0131mc\u0131lar; giri\u015fimcilik, e-ticaret ve dijital pazarlama ba\u015fl\u0131klar\u0131nda kapsaml\u0131 bir e\u011fitim s\u00fcrecine dahil olacak. Kad\u0131nlar\u0131n ekonomik [&hellip;]\" \/>\n<meta property=\"og:url\" content=\"https:\/\/ticaret.edu.tr\/kadin-ve-aile-uygulama-ve-arastirma-merkezi\/2026\/04\/15\/istanbul-ticaret-universitesinde-hobin-isin-olsun-basladi-kadinlar-uretiyor-ekonomi-gucleniyor\/\" \/>\n<meta property=\"og:site_name\" content=\"Kad\u0131n ve Aile Uygulama ve Ara\u015ft\u0131rma Merkezi\" \/>\n<meta property=\"article:publisher\" content=\"https:\/\/www.facebook.com\/ticaretedutr\" \/>\n<meta property=\"article:published_time\" content=\"2026-04-15T09:16:00+00:00\" \/>\n<meta property=\"og:image\" content=\"https:\/\/ticaret.edu.tr\/kadin-ve-aile-uygulama-ve-arastirma-merkezi\/wp-content\/uploads\/sites\/50\/2026\/04\/WhatsApp-Image-2026-04-15-at-11.27.28.jpeg\" \/>\n\t<meta property=\"og:image:width\" content=\"1600\" \/>\n\t<meta property=\"og:image:height\" content=\"1066\" \/>\n\t<meta property=\"og:image:type\" content=\"image\/jpeg\" \/>\n<meta name=\"author\" content=\"gbuzunoglu\" \/>\n<meta name=\"twitter:card\" content=\"summary_large_image\" \/>\n<meta name=\"twitter:creator\" content=\"@ticaretedutr\" \/>\n<meta name=\"twitter:site\" content=\"@ticaretedutr\" \/>\n<meta name=\"twitter:label1\" content=\"Yazan:\" \/>\n\t<meta name=\"twitter:data1\" content=\"gbuzunoglu\" \/>\n\t<meta name=\"twitter:label2\" content=\"Tahmini okuma s\u00fcresi\" \/>\n\t<meta name=\"twitter:data2\" content=\"5 dakika\" \/>\n<script type=\"application\/ld+json\" class=\"yoast-schema-graph\">{\"@context\":\"https:\/\/schema.org\",\"@graph\":[{\"@type\":\"WebPage\",\"@id\":\"https:\/\/ticaret.edu.tr\/kadin-ve-aile-uygulama-ve-arastirma-merkezi\/2026\/04\/15\/istanbul-ticaret-universitesinde-hobin-isin-olsun-basladi-kadinlar-uretiyor-ekonomi-gucleniyor\/\",\"url\":\"https:\/\/ticaret.edu.tr\/kadin-ve-aile-uygulama-ve-arastirma-merkezi\/2026\/04\/15\/istanbul-ticaret-universitesinde-hobin-isin-olsun-basladi-kadinlar-uretiyor-ekonomi-gucleniyor\/\",\"name\":\"\u0130stanbul Ticaret \u00dcniversitesi\u2019nde \u201cHobin \u0130\u015fin Olsun\u201d Ba\u015flad\u0131: Kad\u0131nlar \u00dcretiyor, Ekonomi G\u00fc\u00e7leniyor - Haberler - Kad\u0131n ve Aile Uygulama ve Ara\u015ft\u0131rma Merkezi\",\"isPartOf\":{\"@id\":\"https:\/\/ticaret.edu.tr\/kadin-ve-aile-uygulama-ve-arastirma-merkezi\/#website\"},\"datePublished\":\"2026-04-15T09:16:00+00:00\",\"dateModified\":\"2026-04-15T09:16:00+00:00\",\"author\":{\"@id\":\"https:\/\/ticaret.edu.tr\/kadin-ve-aile-uygulama-ve-arastirma-merkezi\/#\/schema\/person\/fb6b39b4e091b813d455562f5a3fcf2c\"},\"breadcrumb\":{\"@id\":\"https:\/\/ticaret.edu.tr\/kadin-ve-aile-uygulama-ve-arastirma-merkezi\/2026\/04\/15\/istanbul-ticaret-universitesinde-hobin-isin-olsun-basladi-kadinlar-uretiyor-ekonomi-gucleniyor\/#breadcrumb\"},\"inLanguage\":\"tr\",\"potentialAction\":[{\"@type\":\"ReadAction\",\"target\":[\"https:\/\/ticaret.edu.tr\/kadin-ve-aile-uygulama-ve-arastirma-merkezi\/2026\/04\/15\/istanbul-ticaret-universitesinde-hobin-isin-olsun-basladi-kadinlar-uretiyor-ekonomi-gucleniyor\/\"]}]},{\"@type\":\"BreadcrumbList\",\"@id\":\"https:\/\/ticaret.edu.tr\/kadin-ve-aile-uygulama-ve-arastirma-merkezi\/2026\/04\/15\/istanbul-ticaret-universitesinde-hobin-isin-olsun-basladi-kadinlar-uretiyor-ekonomi-gucleniyor\/#breadcrumb\",\"itemListElement\":[{\"@type\":\"ListItem\",\"position\":1,\"name\":\"Ana sayfa\",\"item\":\"https:\/\/ticaret.edu.tr\/kadin-ve-aile-uygulama-ve-arastirma-merkezi\/\"},{\"@type\":\"ListItem\",\"position\":2,\"name\":\"\u0130stanbul Ticaret \u00dcniversitesi\u2019nde \u201cHobin \u0130\u015fin Olsun\u201d Ba\u015flad\u0131: Kad\u0131nlar \u00dcretiyor, Ekonomi G\u00fc\u00e7leniyor\"}]},{\"@type\":\"WebSite\",\"@id\":\"https:\/\/ticaret.edu.tr\/kadin-ve-aile-uygulama-ve-arastirma-merkezi\/#website\",\"url\":\"https:\/\/ticaret.edu.tr\/kadin-ve-aile-uygulama-ve-arastirma-merkezi\/\",\"name\":\"Kad\u0131n ve Aile Uygulama ve Ara\u015ft\u0131rma Merkezi\",\"description\":\"Bir ba\u015fka \u0130stanbul Ticaret \u00dcniversitesi site sitesi\",\"potentialAction\":[{\"@type\":\"SearchAction\",\"target\":{\"@type\":\"EntryPoint\",\"urlTemplate\":\"https:\/\/ticaret.edu.tr\/kadin-ve-aile-uygulama-ve-arastirma-merkezi\/?s={search_term_string}\"},\"query-input\":\"required name=search_term_string\"}],\"inLanguage\":\"tr\"},{\"@type\":\"Person\",\"@id\":\"https:\/\/ticaret.edu.tr\/kadin-ve-aile-uygulama-ve-arastirma-merkezi\/#\/schema\/person\/fb6b39b4e091b813d455562f5a3fcf2c\",\"name\":\"gbuzunoglu\",\"image\":{\"@type\":\"ImageObject\",\"inLanguage\":\"tr\",\"@id\":\"https:\/\/ticaret.edu.tr\/kadin-ve-aile-uygulama-ve-arastirma-merkezi\/#\/schema\/person\/image\/\",\"url\":\"http:\/\/2.gravatar.com\/avatar\/b9e1cb2d1f836367b56625419ccfb033?s=96&d=mm&r=g\",\"contentUrl\":\"http:\/\/2.gravatar.com\/avatar\/b9e1cb2d1f836367b56625419ccfb033?s=96&d=mm&r=g\",\"caption\":\"gbuzunoglu\"},\"url\":\"http:\/\/ticaret.edu.tr\/kadin-ve-aile-uygulama-ve-arastirma-merkezi\/author\/gbuzunoglu\/\"}]}<\/script>\n<!-- \/ Yoast SEO Premium plugin. -->","yoast_head_json":{"title":"\u0130stanbul Ticaret \u00dcniversitesi\u2019nde \u201cHobin \u0130\u015fin Olsun\u201d Ba\u015flad\u0131: Kad\u0131nlar \u00dcretiyor, Ekonomi G\u00fc\u00e7leniyor - Haberler - Kad\u0131n ve Aile Uygulama ve Ara\u015ft\u0131rma Merkezi","robots":{"index":"index","follow":"follow","max-snippet":"max-snippet:-1","max-image-preview":"max-image-preview:large","max-video-preview":"max-video-preview:-1"},"canonical":"https:\/\/ticaret.edu.tr\/kadin-ve-aile-uygulama-ve-arastirma-merkezi\/2026\/04\/15\/istanbul-ticaret-universitesinde-hobin-isin-olsun-basladi-kadinlar-uretiyor-ekonomi-gucleniyor\/","og_locale":"tr_TR","og_type":"article","og_title":"\u0130stanbul Ticaret \u00dcniversitesi\u2019nde \u201cHobin \u0130\u015fin Olsun\u201d Ba\u015flad\u0131: Kad\u0131nlar \u00dcretiyor, Ekonomi G\u00fc\u00e7leniyor","og_description":"\u00dcniversitemiz ile Aile ve Sosyal Hizmetler \u0130l M\u00fcd\u00fcrl\u00fc\u011f\u00fc i\u015f birli\u011finde hayata ge\u00e7irilen \u201cHobin \u0130\u015fin Olsun\u201d e\u011fitim projesi S\u00e2d\u00e2b\u00e2d Kamp\u00fcs\u00fc S\u00fctl\u00fcce\u2019de ba\u015flad\u0131. \u00dcniversitemizin \u201cKad\u0131n ve Aile Uygulama ve Ara\u015ft\u0131rma Merkezi\u201d koordinasyonunda \u201cS\u00fcrekli E\u011fitim Merkezi M\u00fcd\u00fcrl\u00fc\u011f\u00fc (SEM) b\u00fcnyesinde hayata ge\u00e7irilen program kapsam\u0131nda kat\u0131l\u0131mc\u0131lar; giri\u015fimcilik, e-ticaret ve dijital pazarlama ba\u015fl\u0131klar\u0131nda kapsaml\u0131 bir e\u011fitim s\u00fcrecine dahil olacak. Kad\u0131nlar\u0131n ekonomik [&hellip;]","og_url":"https:\/\/ticaret.edu.tr\/kadin-ve-aile-uygulama-ve-arastirma-merkezi\/2026\/04\/15\/istanbul-ticaret-universitesinde-hobin-isin-olsun-basladi-kadinlar-uretiyor-ekonomi-gucleniyor\/","og_site_name":"Kad\u0131n ve Aile Uygulama ve Ara\u015ft\u0131rma Merkezi","article_publisher":"https:\/\/www.facebook.com\/ticaretedutr","article_published_time":"2026-04-15T09:16:00+00:00","og_image":[{"width":1600,"height":1066,"url":"https:\/\/ticaret.edu.tr\/kadin-ve-aile-uygulama-ve-arastirma-merkezi\/wp-content\/uploads\/sites\/50\/2026\/04\/WhatsApp-Image-2026-04-15-at-11.27.28.jpeg","type":"image\/jpeg"}],"author":"gbuzunoglu","twitter_card":"summary_large_image","twitter_creator":"@ticaretedutr","twitter_site":"@ticaretedutr","twitter_misc":{"Yazan:":"gbuzunoglu","Tahmini okuma s\u00fcresi":"5 dakika"},"schema":{"@context":"https:\/\/schema.org","@graph":[{"@type":"WebPage","@id":"https:\/\/ticaret.edu.tr\/kadin-ve-aile-uygulama-ve-arastirma-merkezi\/2026\/04\/15\/istanbul-ticaret-universitesinde-hobin-isin-olsun-basladi-kadinlar-uretiyor-ekonomi-gucleniyor\/","url":"https:\/\/ticaret.edu.tr\/kadin-ve-aile-uygulama-ve-arastirma-merkezi\/2026\/04\/15\/istanbul-ticaret-universitesinde-hobin-isin-olsun-basladi-kadinlar-uretiyor-ekonomi-gucleniyor\/","name":"\u0130stanbul Ticaret \u00dcniversitesi\u2019nde \u201cHobin \u0130\u015fin Olsun\u201d Ba\u015flad\u0131: Kad\u0131nlar \u00dcretiyor, Ekonomi G\u00fc\u00e7leniyor - Haberler - Kad\u0131n ve Aile Uygulama ve Ara\u015ft\u0131rma Merkezi","isPartOf":{"@id":"https:\/\/ticaret.edu.tr\/kadin-ve-aile-uygulama-ve-arastirma-merkezi\/#website"},"datePublished":"2026-04-15T09:16:00+00:00","dateModified":"2026-04-15T09:16:00+00:00","author":{"@id":"https:\/\/ticaret.edu.tr\/kadin-ve-aile-uygulama-ve-arastirma-merkezi\/#\/schema\/person\/fb6b39b4e091b813d455562f5a3fcf2c"},"breadcrumb":{"@id":"https:\/\/ticaret.edu.tr\/kadin-ve-aile-uygulama-ve-arastirma-merkezi\/2026\/04\/15\/istanbul-ticaret-universitesinde-hobin-isin-olsun-basladi-kadinlar-uretiyor-ekonomi-gucleniyor\/#breadcrumb"},"inLanguage":"tr","potentialAction":[{"@type":"ReadAction","target":["https:\/\/ticaret.edu.tr\/kadin-ve-aile-uygulama-ve-arastirma-merkezi\/2026\/04\/15\/istanbul-ticaret-universitesinde-hobin-isin-olsun-basladi-kadinlar-uretiyor-ekonomi-gucleniyor\/"]}]},{"@type":"BreadcrumbList","@id":"https:\/\/ticaret.edu.tr\/kadin-ve-aile-uygulama-ve-arastirma-merkezi\/2026\/04\/15\/istanbul-ticaret-universitesinde-hobin-isin-olsun-basladi-kadinlar-uretiyor-ekonomi-gucleniyor\/#breadcrumb","itemListElement":[{"@type":"ListItem","position":1,"name":"Ana sayfa","item":"https:\/\/ticaret.edu.tr\/kadin-ve-aile-uygulama-ve-arastirma-merkezi\/"},{"@type":"ListItem","position":2,"name":"\u0130stanbul Ticaret \u00dcniversitesi\u2019nde \u201cHobin \u0130\u015fin Olsun\u201d Ba\u015flad\u0131: Kad\u0131nlar \u00dcretiyor, Ekonomi G\u00fc\u00e7leniyor"}]},{"@type":"WebSite","@id":"https:\/\/ticaret.edu.tr\/kadin-ve-aile-uygulama-ve-arastirma-merkezi\/#website","url":"https:\/\/ticaret.edu.tr\/kadin-ve-aile-uygulama-ve-arastirma-merkezi\/","name":"Kad\u0131n ve Aile Uygulama ve Ara\u015ft\u0131rma Merkezi","description":"Bir ba\u015fka \u0130stanbul Ticaret \u00dcniversitesi site sitesi","potentialAction":[{"@type":"SearchAction","target":{"@type":"EntryPoint","urlTemplate":"https:\/\/ticaret.edu.tr\/kadin-ve-aile-uygulama-ve-arastirma-merkezi\/?s={search_term_string}"},"query-input":"required name=search_term_string"}],"inLanguage":"tr"},{"@type":"Person","@id":"https:\/\/ticaret.edu.tr\/kadin-ve-aile-uygulama-ve-arastirma-merkezi\/#\/schema\/person\/fb6b39b4e091b813d455562f5a3fcf2c","name":"gbuzunoglu","image":{"@type":"ImageObject","inLanguage":"tr","@id":"https:\/\/ticaret.edu.tr\/kadin-ve-aile-uygulama-ve-arastirma-merkezi\/#\/schema\/person\/image\/","url":"http:\/\/2.gravatar.com\/avatar\/b9e1cb2d1f836367b56625419ccfb033?s=96&d=mm&r=g","contentUrl":"http:\/\/2.gravatar.com\/avatar\/b9e1cb2d1f836367b56625419ccfb033?s=96&d=mm&r=g","caption":"gbuzunoglu"},"url":"http:\/\/ticaret.edu.tr\/kadin-ve-aile-uygulama-ve-arastirma-merkezi\/author\/gbuzunoglu\/"}]}},"lang":"tr","translations":{"tr":858},"pll_sync_post":[],"_links":{"self":[{"href":"http:\/\/ticaret.edu.tr\/kadin-ve-aile-uygulama-ve-arastirma-merkezi\/wp-json\/wp\/v2\/posts\/858"}],"collection":[{"href":"http:\/\/ticaret.edu.tr\/kadin-ve-aile-uygulama-ve-arastirma-merkezi\/wp-json\/wp\/v2\/posts"}],"about":[{"href":"http:\/\/ticaret.edu.tr\/kadin-ve-aile-uygulama-ve-arastirma-merkezi\/wp-json\/wp\/v2\/types\/post"}],"author":[{"embeddable":true,"href":"http:\/\/ticaret.edu.tr\/kadin-ve-aile-uygulama-ve-arastirma-merkezi\/wp-json\/wp\/v2\/users\/238"}],"replies":[{"embeddable":true,"href":"http:\/\/ticaret.edu.tr\/kadin-ve-aile-uygulama-ve-arastirma-merkezi\/wp-json\/wp\/v2\/comments?post=858"}],"version-history":[{"count":1,"href":"http:\/\/ticaret.edu.tr\/kadin-ve-aile-uygulama-ve-arastirma-merkezi\/wp-json\/wp\/v2\/posts\/858\/revisions"}],"predecessor-version":[{"id":860,"href":"http:\/\/ticaret.edu.tr\/kadin-ve-aile-uygulama-ve-arastirma-merkezi\/wp-json\/wp\/v2\/posts\/858\/revisions\/860"}],"wp:featuredmedia":[{"embeddable":true,"href":"http:\/\/ticaret.edu.tr\/kadin-ve-aile-uygulama-ve-arastirma-merkezi\/wp-json\/wp\/v2\/media\/859"}],"wp:attachment":[{"href":"http:\/\/ticaret.edu.tr\/kadin-ve-aile-uygulama-ve-arastirma-merkezi\/wp-json\/wp\/v2\/media?parent=858"}],"wp:term":[{"taxonomy":"category","embeddable":true,"href":"http:\/\/ticaret.edu.tr\/kadin-ve-aile-uygulama-ve-arastirma-merkezi\/wp-json\/wp\/v2\/categories?post=858"},{"taxonomy":"post_tag","embeddable":true,"href":"http:\/\/ticaret.edu.tr\/kadin-ve-aile-uygulama-ve-arastirma-merkezi\/wp-json\/wp\/v2\/tags?post=858"}],"curies":[{"name":"wp","href":"https:\/\/api.w.org\/{rel}","templated":true}]}}