{"id":86,"date":"2019-10-08T17:21:11","date_gmt":"2019-10-08T14:21:11","guid":{"rendered":"http:\/\/ticaret.edu.tr\/kauam\/?p=86"},"modified":"2021-12-07T09:56:31","modified_gmt":"2021-12-07T06:56:31","slug":"6-toplumsal-cinsiyet-adaleti-kongresi-kongre-bildiri-cagrisi","status":"publish","type":"post","link":"http:\/\/ticaret.edu.tr\/kadin-ve-aile-uygulama-ve-arastirma-merkezi\/2019\/10\/08\/6-toplumsal-cinsiyet-adaleti-kongresi-kongre-bildiri-cagrisi\/","title":{"rendered":"6. TOPLUMSAL C\u0130NS\u0130YET ADALET\u0130 KONGRES\u0130-KONGRE B\u0130LD\u0130R\u0130 \u00c7A\u011eRISI"},"content":{"rendered":"<p><a href=\"http:\/\/ww4.ticaret.edu.tr\/kadinveaile\/wp-content\/uploads\/sites\/72\/2019\/10\/Kongre_slider.jpg\"><img loading=\"lazy\" decoding=\"async\" class=\"alignnone size-medium wp-image-791\" src=\"http:\/\/ww4.ticaret.edu.tr\/kadinveaile\/wp-content\/uploads\/sites\/72\/2019\/10\/Kongre_slider-300x150.jpg\" alt=\"\" width=\"300\" height=\"150\" \/><\/a><\/p>\n<p>08.10.2019<\/p>\n<p>\u0130stanbul Ticaret \u00dcniversitesi Kad\u0131n ve Aile Uygulama ve Ara\u015ft\u0131rma Merkezimizin de payda\u015flar\u0131ndan oldu\u011fu, kad\u0131n ve aile konusunda yap\u0131lan \u00e7al\u0131\u015fmalar\u0131 bir araya getirerek literat\u00fcre katk\u0131 sa\u011flamak ve \u00fcretilen bilgi birikimini yayg\u0131nla\u015ft\u0131rmak ad\u0131na her sene, KADEM Kad\u0131n Ara\u015ft\u0131rmalar\u0131 Dergisi \u00f6nc\u00fcl\u00fc\u011f\u00fcnde\u00a0<em><strong>Toplumsal Cinsiyet Adaleti Kongresi<\/strong><\/em>\u00a0d\u00fczenlemektedir.<\/p>\n<p>5 Mart 2020 tarihinde \u0130stanbul\u2019da ger\u00e7ekle\u015fecek olan 6. Toplumsal Cinsiyet Adaleti Kongresi\u2019nin ana temas\u0131\u00a0<strong>\u201cDe\u011fi\u015fen D\u00fcnyada Ebeveynlik\u201d<\/strong>\u00a0olarak belirlenmi\u015ftir.<\/p>\n<p>Toplumun temel ta\u015f\u0131 aile ve ebeveynlik alg\u0131s\u0131n\u0131n de\u011fi\u015fen d\u00fcnya ko\u015fullar\u0131ndan etkilenmemesi m\u00fcmk\u00fcn g\u00f6r\u00fcnmemektedir. Bu etkilerin yol a\u00e7t\u0131\u011f\u0131 sorunlara \u00e7\u00f6z\u00fcm bulmak, gelece\u011fi daha sa\u011fl\u0131kl\u0131 okuyabilmek ise, g\u00fcn\u00fcm\u00fcz \u015fartlar\u0131nda anne, baba ve \u00e7ocuk ili\u015fkisinde de\u011fi\u015fmekte olan sosyal ve k\u00fclt\u00fcrel dinamikleri en do\u011fru \u015fekilde anlayabilmek ile m\u00fcmk\u00fcnd\u00fcr.<\/p>\n<p><strong>\u201cDe\u011fi\u015fen D\u00fcnyada Ebeveynlik\u201d<\/strong>\u00a0ba\u015fl\u0131\u011f\u0131 alt\u0131nda; teknolojik geli\u015fmelere ba\u011fl\u0131 olarak ge\u00e7mi\u015ften g\u00fcn\u00fcm\u00fcze ekonomik, sosyolojik ve hukuki a\u00e7\u0131dan ebeveynlikteki de\u011fi\u015fim toplumsal cinsiyet adaleti merkezde olmak \u00fczere akademik ilgi alanlar\u0131 \u00e7er\u00e7evesinde ele al\u0131nacakt\u0131r.<\/p>\n<p>Kongrede sunulacak bildirilerle; bu ba\u015fl\u0131klar etraf\u0131nda fikir al\u0131\u015fveri\u015fine imk\u00e2n verilerek bilgilerin ve deneyimlerin payla\u015f\u0131laca\u011f\u0131 disiplinleraras\u0131 bir tart\u0131\u015fma platformunun kurulmas\u0131, yeni aray\u0131\u015flar\u0131n tart\u0131\u015f\u0131lmas\u0131na zemin a\u00e7\u0131lmas\u0131, ebeveynli\u011fe dair \u00fclke sosyal politikalar\u0131n\u0131n, yeni stratejilerin ve uygulamalar\u0131n alt yap\u0131s\u0131n\u0131n olu\u015fturulmas\u0131na katk\u0131 sa\u011flanmas\u0131 beklenmektedir.<\/p>\n<p>De\u011ferlendirilmek \u00fczere iletilen bildiri \u00f6zetleri 750-1000 kelime aras\u0131nda olmal\u0131d\u0131r. Bildiri \u00f6zetinde ara\u015ft\u0131rman\u0131n y\u00f6ntemi ve muhtemel bulgular\u0131na yer verilmelidir. Sunulmak \u00fczere kabul edilen bildiri \u00f6zetleri kongre kitap\u00e7\u0131\u011f\u0131nda yer alacakt\u0131r. Kongrede sunulan \u00f6zg\u00fcn bildirilerin gerekli de\u011ferlendirme s\u00fcre\u00e7lerini tamamlad\u0131\u011f\u0131 takdirde KADEM Kad\u0131n Ara\u015ft\u0131rmalar\u0131 Dergisi\u2019nde yay\u0131mlanma olana\u011f\u0131 bulunmaktad\u0131r. Kabul edilen bildiri tam metinlerinden se\u00e7ilen ilk\u00a0\u00fc\u00e7 bildiri sahibine \u00f6d\u00fcl takdim edilecektir. Kongreye kat\u0131l\u0131m \u00fccretsizdir.<\/p>\n<p><strong>Kongre Tarihi: \u00a05 Mart 2020<\/strong><\/p>\n<p><strong>Bildiri \u00d6zetlerinin Son Teslim Tarihi: 15 Kas\u0131m 2019<\/strong><\/p>\n<p><strong>Kabul Edilen Bildiri \u00d6zetlerinin \u0130lan\u0131: 9 Aral\u0131k 2019<\/strong><\/p>\n<p><strong>Bildiri Tam Metinlerinin Teslim Tarihi: 7 \u015eubat 2020\u00a0 (Tam metin en az 2500 kelimeden olu\u015fmal\u0131d\u0131r.)<\/strong><\/p>\n<p><strong>\u00d6d\u00fcller<\/strong><strong><br \/>\nBirincilik \u00d6d\u00fcl\u00fc: 5.000 TL<\/strong><\/p>\n<p><strong>\u0130kincilik \u00d6d\u00fcl\u00fc: 3.000 TL<\/strong><\/p>\n<p><strong>\u00dc\u00e7\u00fcnc\u00fcl\u00fck \u00d6d\u00fcl\u00fc: 2.000 TL<\/strong><\/p>\n<p><a href=\"http:\/\/ww4.ticaret.edu.tr\/kadinveaile\/wp-content\/uploads\/sites\/72\/2019\/10\/kongre-afi%C5%9F.jpg\"><img loading=\"lazy\" decoding=\"async\" class=\"alignnone wp-image-792 size-medium\" src=\"http:\/\/ww4.ticaret.edu.tr\/kadinveaile\/wp-content\/uploads\/sites\/72\/2019\/10\/kongre-afi%C5%9F-214x300.jpg\" alt=\"IMG_0731\" width=\"214\" height=\"300\" \/><\/a><\/p>\n","protected":false},"excerpt":{"rendered":"<p>08.10.2019 \u0130stanbul Ticaret \u00dcniversitesi Kad\u0131n ve Aile Uygulama ve Ara\u015ft\u0131rma Merkezimizin de payda\u015flar\u0131ndan oldu\u011fu, kad\u0131n ve aile konusunda yap\u0131lan \u00e7al\u0131\u015fmalar\u0131 bir araya getirerek literat\u00fcre katk\u0131 sa\u011flamak ve \u00fcretilen bilgi birikimini yayg\u0131nla\u015ft\u0131rmak ad\u0131na her sene, KADEM Kad\u0131n Ara\u015ft\u0131rmalar\u0131 Dergisi \u00f6nc\u00fcl\u00fc\u011f\u00fcnde\u00a0Toplumsal Cinsiyet Adaleti Kongresi\u00a0d\u00fczenlemektedir. 5 Mart 2020 tarihinde \u0130stanbul\u2019da ger\u00e7ekle\u015fecek olan 6. Toplumsal Cinsiyet Adaleti Kongresi\u2019nin ana [&hellip;]<\/p>\n","protected":false},"author":142,"featured_media":0,"comment_status":"closed","ping_status":"closed","sticky":false,"template":"","format":"standard","meta":{"footnotes":""},"categories":[3],"tags":[],"yoast_head":"<!-- This site is optimized with the Yoast SEO Premium plugin v22.1 (Yoast SEO v22.1) - https:\/\/yoast.com\/wordpress\/plugins\/seo\/ -->\n<title>6. TOPLUMSAL C\u0130NS\u0130YET ADALET\u0130 KONGRES\u0130-KONGRE B\u0130LD\u0130R\u0130 \u00c7A\u011eRISI - Duyurular - Kad\u0131n ve Aile Uygulama ve Ara\u015ft\u0131rma Merkezi<\/title>\n<meta name=\"description\" content=\"6. TOPLUMSAL C\u0130NS\u0130YET ADALET\u0130 KONGRES\u0130-KONGRE B\u0130LD\u0130R\u0130 \u00c7A\u011eRISI\" \/>\n<meta name=\"robots\" content=\"index, follow, max-snippet:-1, max-image-preview:large, max-video-preview:-1\" \/>\n<link rel=\"canonical\" href=\"http:\/\/ticaret.edu.tr\/kadin-ve-aile-uygulama-ve-arastirma-merkezi\/2019\/10\/08\/6-toplumsal-cinsiyet-adaleti-kongresi-kongre-bildiri-cagrisi\/\" \/>\n<meta property=\"og:locale\" content=\"tr_TR\" \/>\n<meta property=\"og:type\" content=\"article\" \/>\n<meta property=\"og:title\" content=\"6. TOPLUMSAL C\u0130NS\u0130YET ADALET\u0130 KONGRES\u0130-KONGRE B\u0130LD\u0130R\u0130 \u00c7A\u011eRISI\" \/>\n<meta property=\"og:description\" content=\"6. TOPLUMSAL C\u0130NS\u0130YET ADALET\u0130 KONGRES\u0130-KONGRE B\u0130LD\u0130R\u0130 \u00c7A\u011eRISI\" \/>\n<meta property=\"og:url\" content=\"http:\/\/ticaret.edu.tr\/kadin-ve-aile-uygulama-ve-arastirma-merkezi\/2019\/10\/08\/6-toplumsal-cinsiyet-adaleti-kongresi-kongre-bildiri-cagrisi\/\" \/>\n<meta property=\"og:site_name\" content=\"Kad\u0131n ve Aile Uygulama ve Ara\u015ft\u0131rma Merkezi\" \/>\n<meta property=\"article:publisher\" content=\"https:\/\/www.facebook.com\/ticaretedutr\" \/>\n<meta property=\"article:published_time\" content=\"2019-10-08T14:21:11+00:00\" \/>\n<meta property=\"article:modified_time\" content=\"2021-12-07T06:56:31+00:00\" \/>\n<meta property=\"og:image\" content=\"http:\/\/ww4.ticaret.edu.tr\/kadinveaile\/wp-content\/uploads\/sites\/72\/2019\/10\/Kongre_slider-300x150.jpg\" \/>\n<meta name=\"author\" content=\"mckiziltas\" \/>\n<meta name=\"twitter:card\" content=\"summary_large_image\" \/>\n<meta name=\"twitter:creator\" content=\"@ticaretedutr\" \/>\n<meta name=\"twitter:site\" content=\"@ticaretedutr\" \/>\n<meta name=\"twitter:label1\" content=\"Yazan:\" \/>\n\t<meta name=\"twitter:data1\" content=\"mckiziltas\" \/>\n\t<meta name=\"twitter:label2\" content=\"Tahmini okuma s\u00fcresi\" \/>\n\t<meta name=\"twitter:data2\" content=\"2 dakika\" \/>\n<script type=\"application\/ld+json\" class=\"yoast-schema-graph\">{\"@context\":\"https:\/\/schema.org\",\"@graph\":[{\"@type\":\"WebPage\",\"@id\":\"http:\/\/ticaret.edu.tr\/kadin-ve-aile-uygulama-ve-arastirma-merkezi\/2019\/10\/08\/6-toplumsal-cinsiyet-adaleti-kongresi-kongre-bildiri-cagrisi\/\",\"url\":\"http:\/\/ticaret.edu.tr\/kadin-ve-aile-uygulama-ve-arastirma-merkezi\/2019\/10\/08\/6-toplumsal-cinsiyet-adaleti-kongresi-kongre-bildiri-cagrisi\/\",\"name\":\"6. TOPLUMSAL C\u0130NS\u0130YET ADALET\u0130 KONGRES\u0130-KONGRE B\u0130LD\u0130R\u0130 \u00c7A\u011eRISI - Duyurular - Kad\u0131n ve Aile Uygulama ve Ara\u015ft\u0131rma Merkezi\",\"isPartOf\":{\"@id\":\"http:\/\/ticaret.edu.tr\/kadin-ve-aile-uygulama-ve-arastirma-merkezi\/en\/#website\"},\"datePublished\":\"2019-10-08T14:21:11+00:00\",\"dateModified\":\"2021-12-07T06:56:31+00:00\",\"author\":{\"@id\":\"http:\/\/ticaret.edu.tr\/kadin-ve-aile-uygulama-ve-arastirma-merkezi\/en\/#\/schema\/person\/215c3ef896b7f2f5f257d1bea98c3529\"},\"description\":\"6. TOPLUMSAL C\u0130NS\u0130YET ADALET\u0130 KONGRES\u0130-KONGRE B\u0130LD\u0130R\u0130 \u00c7A\u011eRISI\",\"breadcrumb\":{\"@id\":\"http:\/\/ticaret.edu.tr\/kadin-ve-aile-uygulama-ve-arastirma-merkezi\/2019\/10\/08\/6-toplumsal-cinsiyet-adaleti-kongresi-kongre-bildiri-cagrisi\/#breadcrumb\"},\"inLanguage\":\"tr\",\"potentialAction\":[{\"@type\":\"ReadAction\",\"target\":[\"http:\/\/ticaret.edu.tr\/kadin-ve-aile-uygulama-ve-arastirma-merkezi\/2019\/10\/08\/6-toplumsal-cinsiyet-adaleti-kongresi-kongre-bildiri-cagrisi\/\"]}]},{\"@type\":\"BreadcrumbList\",\"@id\":\"http:\/\/ticaret.edu.tr\/kadin-ve-aile-uygulama-ve-arastirma-merkezi\/2019\/10\/08\/6-toplumsal-cinsiyet-adaleti-kongresi-kongre-bildiri-cagrisi\/#breadcrumb\",\"itemListElement\":[{\"@type\":\"ListItem\",\"position\":1,\"name\":\"Ana sayfa\",\"item\":\"https:\/\/ticaret.edu.tr\/kadin-ve-aile-uygulama-ve-arastirma-merkezi\/\"},{\"@type\":\"ListItem\",\"position\":2,\"name\":\"6. TOPLUMSAL C\u0130NS\u0130YET ADALET\u0130 KONGRES\u0130-KONGRE B\u0130LD\u0130R\u0130 \u00c7A\u011eRISI\"}]},{\"@type\":\"WebSite\",\"@id\":\"http:\/\/ticaret.edu.tr\/kadin-ve-aile-uygulama-ve-arastirma-merkezi\/en\/#website\",\"url\":\"http:\/\/ticaret.edu.tr\/kadin-ve-aile-uygulama-ve-arastirma-merkezi\/en\/\",\"name\":\"Kad\u0131n ve Aile Uygulama ve Ara\u015ft\u0131rma Merkezi\",\"description\":\"Bir ba\u015fka \u0130stanbul Ticaret \u00dcniversitesi site sitesi\",\"potentialAction\":[{\"@type\":\"SearchAction\",\"target\":{\"@type\":\"EntryPoint\",\"urlTemplate\":\"http:\/\/ticaret.edu.tr\/kadin-ve-aile-uygulama-ve-arastirma-merkezi\/en\/?s={search_term_string}\"},\"query-input\":\"required name=search_term_string\"}],\"inLanguage\":\"tr\"},{\"@type\":\"Person\",\"@id\":\"http:\/\/ticaret.edu.tr\/kadin-ve-aile-uygulama-ve-arastirma-merkezi\/en\/#\/schema\/person\/215c3ef896b7f2f5f257d1bea98c3529\",\"name\":\"mckiziltas\",\"image\":{\"@type\":\"ImageObject\",\"inLanguage\":\"tr\",\"@id\":\"http:\/\/ticaret.edu.tr\/kadin-ve-aile-uygulama-ve-arastirma-merkezi\/en\/#\/schema\/person\/image\/\",\"url\":\"http:\/\/1.gravatar.com\/avatar\/a8607bcf789626b55174097b883033be?s=96&d=mm&r=g\",\"contentUrl\":\"http:\/\/1.gravatar.com\/avatar\/a8607bcf789626b55174097b883033be?s=96&d=mm&r=g\",\"caption\":\"mckiziltas\"},\"url\":\"http:\/\/ticaret.edu.tr\/kadin-ve-aile-uygulama-ve-arastirma-merkezi\/author\/mckiziltas\/\"}]}<\/script>\n<!-- \/ Yoast SEO Premium plugin. -->","yoast_head_json":{"title":"6. TOPLUMSAL C\u0130NS\u0130YET ADALET\u0130 KONGRES\u0130-KONGRE B\u0130LD\u0130R\u0130 \u00c7A\u011eRISI - Duyurular - Kad\u0131n ve Aile Uygulama ve Ara\u015ft\u0131rma Merkezi","description":"6. TOPLUMSAL C\u0130NS\u0130YET ADALET\u0130 KONGRES\u0130-KONGRE B\u0130LD\u0130R\u0130 \u00c7A\u011eRISI","robots":{"index":"index","follow":"follow","max-snippet":"max-snippet:-1","max-image-preview":"max-image-preview:large","max-video-preview":"max-video-preview:-1"},"canonical":"http:\/\/ticaret.edu.tr\/kadin-ve-aile-uygulama-ve-arastirma-merkezi\/2019\/10\/08\/6-toplumsal-cinsiyet-adaleti-kongresi-kongre-bildiri-cagrisi\/","og_locale":"tr_TR","og_type":"article","og_title":"6. TOPLUMSAL C\u0130NS\u0130YET ADALET\u0130 KONGRES\u0130-KONGRE B\u0130LD\u0130R\u0130 \u00c7A\u011eRISI","og_description":"6. TOPLUMSAL C\u0130NS\u0130YET ADALET\u0130 KONGRES\u0130-KONGRE B\u0130LD\u0130R\u0130 \u00c7A\u011eRISI","og_url":"http:\/\/ticaret.edu.tr\/kadin-ve-aile-uygulama-ve-arastirma-merkezi\/2019\/10\/08\/6-toplumsal-cinsiyet-adaleti-kongresi-kongre-bildiri-cagrisi\/","og_site_name":"Kad\u0131n ve Aile Uygulama ve Ara\u015ft\u0131rma Merkezi","article_publisher":"https:\/\/www.facebook.com\/ticaretedutr","article_published_time":"2019-10-08T14:21:11+00:00","article_modified_time":"2021-12-07T06:56:31+00:00","og_image":[{"url":"http:\/\/ww4.ticaret.edu.tr\/kadinveaile\/wp-content\/uploads\/sites\/72\/2019\/10\/Kongre_slider-300x150.jpg"}],"author":"mckiziltas","twitter_card":"summary_large_image","twitter_creator":"@ticaretedutr","twitter_site":"@ticaretedutr","twitter_misc":{"Yazan:":"mckiziltas","Tahmini okuma s\u00fcresi":"2 dakika"},"schema":{"@context":"https:\/\/schema.org","@graph":[{"@type":"WebPage","@id":"http:\/\/ticaret.edu.tr\/kadin-ve-aile-uygulama-ve-arastirma-merkezi\/2019\/10\/08\/6-toplumsal-cinsiyet-adaleti-kongresi-kongre-bildiri-cagrisi\/","url":"http:\/\/ticaret.edu.tr\/kadin-ve-aile-uygulama-ve-arastirma-merkezi\/2019\/10\/08\/6-toplumsal-cinsiyet-adaleti-kongresi-kongre-bildiri-cagrisi\/","name":"6. TOPLUMSAL C\u0130NS\u0130YET ADALET\u0130 KONGRES\u0130-KONGRE B\u0130LD\u0130R\u0130 \u00c7A\u011eRISI - Duyurular - Kad\u0131n ve Aile Uygulama ve Ara\u015ft\u0131rma Merkezi","isPartOf":{"@id":"http:\/\/ticaret.edu.tr\/kadin-ve-aile-uygulama-ve-arastirma-merkezi\/en\/#website"},"datePublished":"2019-10-08T14:21:11+00:00","dateModified":"2021-12-07T06:56:31+00:00","author":{"@id":"http:\/\/ticaret.edu.tr\/kadin-ve-aile-uygulama-ve-arastirma-merkezi\/en\/#\/schema\/person\/215c3ef896b7f2f5f257d1bea98c3529"},"description":"6. TOPLUMSAL C\u0130NS\u0130YET ADALET\u0130 KONGRES\u0130-KONGRE B\u0130LD\u0130R\u0130 \u00c7A\u011eRISI","breadcrumb":{"@id":"http:\/\/ticaret.edu.tr\/kadin-ve-aile-uygulama-ve-arastirma-merkezi\/2019\/10\/08\/6-toplumsal-cinsiyet-adaleti-kongresi-kongre-bildiri-cagrisi\/#breadcrumb"},"inLanguage":"tr","potentialAction":[{"@type":"ReadAction","target":["http:\/\/ticaret.edu.tr\/kadin-ve-aile-uygulama-ve-arastirma-merkezi\/2019\/10\/08\/6-toplumsal-cinsiyet-adaleti-kongresi-kongre-bildiri-cagrisi\/"]}]},{"@type":"BreadcrumbList","@id":"http:\/\/ticaret.edu.tr\/kadin-ve-aile-uygulama-ve-arastirma-merkezi\/2019\/10\/08\/6-toplumsal-cinsiyet-adaleti-kongresi-kongre-bildiri-cagrisi\/#breadcrumb","itemListElement":[{"@type":"ListItem","position":1,"name":"Ana sayfa","item":"https:\/\/ticaret.edu.tr\/kadin-ve-aile-uygulama-ve-arastirma-merkezi\/"},{"@type":"ListItem","position":2,"name":"6. TOPLUMSAL C\u0130NS\u0130YET ADALET\u0130 KONGRES\u0130-KONGRE B\u0130LD\u0130R\u0130 \u00c7A\u011eRISI"}]},{"@type":"WebSite","@id":"http:\/\/ticaret.edu.tr\/kadin-ve-aile-uygulama-ve-arastirma-merkezi\/en\/#website","url":"http:\/\/ticaret.edu.tr\/kadin-ve-aile-uygulama-ve-arastirma-merkezi\/en\/","name":"Kad\u0131n ve Aile Uygulama ve Ara\u015ft\u0131rma Merkezi","description":"Bir ba\u015fka \u0130stanbul Ticaret \u00dcniversitesi site sitesi","potentialAction":[{"@type":"SearchAction","target":{"@type":"EntryPoint","urlTemplate":"http:\/\/ticaret.edu.tr\/kadin-ve-aile-uygulama-ve-arastirma-merkezi\/en\/?s={search_term_string}"},"query-input":"required name=search_term_string"}],"inLanguage":"tr"},{"@type":"Person","@id":"http:\/\/ticaret.edu.tr\/kadin-ve-aile-uygulama-ve-arastirma-merkezi\/en\/#\/schema\/person\/215c3ef896b7f2f5f257d1bea98c3529","name":"mckiziltas","image":{"@type":"ImageObject","inLanguage":"tr","@id":"http:\/\/ticaret.edu.tr\/kadin-ve-aile-uygulama-ve-arastirma-merkezi\/en\/#\/schema\/person\/image\/","url":"http:\/\/1.gravatar.com\/avatar\/a8607bcf789626b55174097b883033be?s=96&d=mm&r=g","contentUrl":"http:\/\/1.gravatar.com\/avatar\/a8607bcf789626b55174097b883033be?s=96&d=mm&r=g","caption":"mckiziltas"},"url":"http:\/\/ticaret.edu.tr\/kadin-ve-aile-uygulama-ve-arastirma-merkezi\/author\/mckiziltas\/"}]}},"lang":"tr","translations":{"tr":86},"pll_sync_post":[],"_links":{"self":[{"href":"http:\/\/ticaret.edu.tr\/kadin-ve-aile-uygulama-ve-arastirma-merkezi\/wp-json\/wp\/v2\/posts\/86"}],"collection":[{"href":"http:\/\/ticaret.edu.tr\/kadin-ve-aile-uygulama-ve-arastirma-merkezi\/wp-json\/wp\/v2\/posts"}],"about":[{"href":"http:\/\/ticaret.edu.tr\/kadin-ve-aile-uygulama-ve-arastirma-merkezi\/wp-json\/wp\/v2\/types\/post"}],"author":[{"embeddable":true,"href":"http:\/\/ticaret.edu.tr\/kadin-ve-aile-uygulama-ve-arastirma-merkezi\/wp-json\/wp\/v2\/users\/142"}],"replies":[{"embeddable":true,"href":"http:\/\/ticaret.edu.tr\/kadin-ve-aile-uygulama-ve-arastirma-merkezi\/wp-json\/wp\/v2\/comments?post=86"}],"version-history":[{"count":2,"href":"http:\/\/ticaret.edu.tr\/kadin-ve-aile-uygulama-ve-arastirma-merkezi\/wp-json\/wp\/v2\/posts\/86\/revisions"}],"predecessor-version":[{"id":510,"href":"http:\/\/ticaret.edu.tr\/kadin-ve-aile-uygulama-ve-arastirma-merkezi\/wp-json\/wp\/v2\/posts\/86\/revisions\/510"}],"wp:attachment":[{"href":"http:\/\/ticaret.edu.tr\/kadin-ve-aile-uygulama-ve-arastirma-merkezi\/wp-json\/wp\/v2\/media?parent=86"}],"wp:term":[{"taxonomy":"category","embeddable":true,"href":"http:\/\/ticaret.edu.tr\/kadin-ve-aile-uygulama-ve-arastirma-merkezi\/wp-json\/wp\/v2\/categories?post=86"},{"taxonomy":"post_tag","embeddable":true,"href":"http:\/\/ticaret.edu.tr\/kadin-ve-aile-uygulama-ve-arastirma-merkezi\/wp-json\/wp\/v2\/tags?post=86"}],"curies":[{"name":"wp","href":"https:\/\/api.w.org\/{rel}","templated":true}]}}