{"id":372,"date":"2021-11-16T15:56:30","date_gmt":"2021-11-16T12:56:30","guid":{"rendered":"https:\/\/ticaret.edu.tr\/komsu-ve-cevre-ulkeler-uygulama-ve-arastirma-merkezi\/?p=372"},"modified":"2021-11-16T15:56:30","modified_gmt":"2021-11-16T12:56:30","slug":"the-nagorno-karabakh-conflict-post-war-state-of-affairs-and-impediments-to-permanent-peace-2","status":"publish","type":"post","link":"http:\/\/ticaret.edu.tr\/komsu-ve-cevre-ulkeler-uygulama-ve-arastirma-merkezi\/en\/2021\/11\/16\/the-nagorno-karabakh-conflict-post-war-state-of-affairs-and-impediments-to-permanent-peace-2\/","title":{"rendered":"The Nagorno-Karabakh Conflict: Post-War State of Affairs and Impediments to Permanent Peace"},"content":{"rendered":"<p><img loading=\"lazy\" decoding=\"async\" class=\"alignnone wp-image-354 size-large\" src=\"http:\/\/ticaret.edu.tr\/komsu-ve-cevre-ulkeler-uygulama-ve-arastirma-merkezi\/wp-content\/uploads\/sites\/44\/2021\/11\/Koms\u0327u-ve-c\u0327evre-u\u0308lkeler_09-11-2021_instagram_koms\u0327u-ve-c\u0327evre-u\u0308lkeler-003-1-1024x1024.jpg\" alt=\"\" width=\"1024\" height=\"1024\" srcset=\"http:\/\/ticaret.edu.tr\/komsu-ve-cevre-ulkeler-uygulama-ve-arastirma-merkezi\/wp-content\/uploads\/sites\/44\/2021\/11\/Koms\u0327u-ve-c\u0327evre-u\u0308lkeler_09-11-2021_instagram_koms\u0327u-ve-c\u0327evre-u\u0308lkeler-003-1-1024x1024.jpg 1024w, http:\/\/ticaret.edu.tr\/komsu-ve-cevre-ulkeler-uygulama-ve-arastirma-merkezi\/wp-content\/uploads\/sites\/44\/2021\/11\/Koms\u0327u-ve-c\u0327evre-u\u0308lkeler_09-11-2021_instagram_koms\u0327u-ve-c\u0327evre-u\u0308lkeler-003-1-300x300.jpg 300w, http:\/\/ticaret.edu.tr\/komsu-ve-cevre-ulkeler-uygulama-ve-arastirma-merkezi\/wp-content\/uploads\/sites\/44\/2021\/11\/Koms\u0327u-ve-c\u0327evre-u\u0308lkeler_09-11-2021_instagram_koms\u0327u-ve-c\u0327evre-u\u0308lkeler-003-1-150x150.jpg 150w, http:\/\/ticaret.edu.tr\/komsu-ve-cevre-ulkeler-uygulama-ve-arastirma-merkezi\/wp-content\/uploads\/sites\/44\/2021\/11\/Koms\u0327u-ve-c\u0327evre-u\u0308lkeler_09-11-2021_instagram_koms\u0327u-ve-c\u0327evre-u\u0308lkeler-003-1-768x768.jpg 768w, http:\/\/ticaret.edu.tr\/komsu-ve-cevre-ulkeler-uygulama-ve-arastirma-merkezi\/wp-content\/uploads\/sites\/44\/2021\/11\/Koms\u0327u-ve-c\u0327evre-u\u0308lkeler_09-11-2021_instagram_koms\u0327u-ve-c\u0327evre-u\u0308lkeler-003-1.jpg 1080w\" sizes=\"(max-width: 1024px) 100vw, 1024px\" \/><\/p>\n<div class=\"col-sm-8 kenar\">\n<div class=\"row\">\n<div id=\"div_resim\" class=\"row\">\n<p>\u2018The Nagorno-Karabakh Conflict: Post-War State of Affairs and Impediments to Permanent Peace\u2019 event was\u00a0 carried out on 16.11.2021 at 14:00 by center as online. By center assistant director Assist.Prof.Kamala Valiyeva\u2019s moderatorship with participating of Assoc.Prof.Maryna Ali Askerov, The Nagorno-Karabakh , victory, post-victory and protecting the peace were evaluated.<\/p>\n<p><iframe loading=\"lazy\" title=\"The Nagorno-Karabakh Conflict: Post-War State of Affairs and Impediments to Permanent Peace\" width=\"500\" height=\"281\" src=\"https:\/\/www.youtube.com\/embed\/3EvJJsHZEBY?feature=oembed\" frameborder=\"0\" allow=\"accelerometer; autoplay; clipboard-write; encrypted-media; gyroscope; picture-in-picture\" allowfullscreen><\/iframe><\/p>\n<\/div>\n<\/div>\n<\/div>\n","protected":false},"excerpt":{"rendered":"<p>\u2018The Nagorno-Karabakh Conflict: Post-War State of Affairs and Impediments to Permanent Peace\u2019 event was\u00a0 carried out on 16.11.2021 at 14:00 by center as online. By center assistant director Assist.Prof.Kamala Valiyeva\u2019s moderatorship with participating of Assoc.Prof.Maryna Ali Askerov, The Nagorno-Karabakh , victory, post-victory and protecting the peace were evaluated.<\/p>\n","protected":false},"author":142,"featured_media":351,"comment_status":"closed","ping_status":"closed","sticky":false,"template":"","format":"standard","meta":{"footnotes":""},"categories":[40],"tags":[],"yoast_head":"<!-- This site is optimized with the Yoast SEO Premium plugin v22.1 (Yoast SEO v22.1) - https:\/\/yoast.com\/wordpress\/plugins\/seo\/ -->\n<title>The Nagorno-Karabakh Conflict: Post-War State of Affairs and Impediments to Permanent Peace - NEWS - Kom\u015fu ve \u00c7evre \u00dclkeler Uygulama ve Ara\u015ft\u0131rma Merkezi<\/title>\n<meta name=\"robots\" content=\"index, follow, max-snippet:-1, max-image-preview:large, max-video-preview:-1\" \/>\n<link rel=\"canonical\" href=\"http:\/\/ticaret.edu.tr\/komsu-ve-cevre-ulkeler-uygulama-ve-arastirma-merkezi\/en\/2021\/11\/16\/the-nagorno-karabakh-conflict-post-war-state-of-affairs-and-impediments-to-permanent-peace-2\/\" \/>\n<meta property=\"og:locale\" content=\"tr_TR\" \/>\n<meta property=\"og:type\" content=\"article\" \/>\n<meta property=\"og:title\" content=\"The Nagorno-Karabakh Conflict: Post-War State of Affairs and Impediments to Permanent Peace\" \/>\n<meta property=\"og:description\" content=\"\u2018The Nagorno-Karabakh Conflict: Post-War State of Affairs and Impediments to Permanent Peace\u2019 event was\u00a0 carried out on 16.11.2021 at 14:00 by center as online. By center assistant director Assist.Prof.Kamala Valiyeva\u2019s moderatorship with participating of Assoc.Prof.Maryna Ali Askerov, The Nagorno-Karabakh , victory, post-victory and protecting the peace were evaluated.\" \/>\n<meta property=\"og:url\" content=\"http:\/\/ticaret.edu.tr\/komsu-ve-cevre-ulkeler-uygulama-ve-arastirma-merkezi\/en\/2021\/11\/16\/the-nagorno-karabakh-conflict-post-war-state-of-affairs-and-impediments-to-permanent-peace-2\/\" \/>\n<meta property=\"og:site_name\" content=\"Kom\u015fu ve \u00c7evre \u00dclkeler Uygulama ve Ara\u015ft\u0131rma Merkezi\" \/>\n<meta property=\"article:publisher\" content=\"https:\/\/www.facebook.com\/ticaretedutr\" \/>\n<meta property=\"article:published_time\" content=\"2021-11-16T12:56:30+00:00\" \/>\n<meta property=\"og:image\" content=\"http:\/\/ticaret.edu.tr\/komsu-ve-cevre-ulkeler-uygulama-ve-arastirma-merkezi\/wp-content\/uploads\/sites\/44\/2021\/11\/Koms\u0327u-ve-c\u0327evre-u\u0308lkeler_09-11-2021_instagram_koms\u0327u-ve-c\u0327evre-u\u0308lkeler-003.jpg\" \/>\n\t<meta property=\"og:image:width\" content=\"1080\" \/>\n\t<meta property=\"og:image:height\" content=\"1080\" \/>\n\t<meta property=\"og:image:type\" content=\"image\/jpeg\" \/>\n<meta name=\"author\" content=\"mckiziltas\" \/>\n<meta name=\"twitter:card\" content=\"summary_large_image\" \/>\n<meta name=\"twitter:creator\" content=\"@ticaretedutr\" \/>\n<meta name=\"twitter:site\" content=\"@ticaretedutr\" \/>\n<meta name=\"twitter:label1\" content=\"Yazan:\" \/>\n\t<meta name=\"twitter:data1\" content=\"mckiziltas\" \/>\n\t<meta name=\"twitter:label2\" content=\"Tahmini okuma s\u00fcresi\" \/>\n\t<meta name=\"twitter:data2\" content=\"1 dakika\" \/>\n<script type=\"application\/ld+json\" class=\"yoast-schema-graph\">{\"@context\":\"https:\/\/schema.org\",\"@graph\":[{\"@type\":\"WebPage\",\"@id\":\"http:\/\/ticaret.edu.tr\/komsu-ve-cevre-ulkeler-uygulama-ve-arastirma-merkezi\/en\/2021\/11\/16\/the-nagorno-karabakh-conflict-post-war-state-of-affairs-and-impediments-to-permanent-peace-2\/\",\"url\":\"http:\/\/ticaret.edu.tr\/komsu-ve-cevre-ulkeler-uygulama-ve-arastirma-merkezi\/en\/2021\/11\/16\/the-nagorno-karabakh-conflict-post-war-state-of-affairs-and-impediments-to-permanent-peace-2\/\",\"name\":\"The Nagorno-Karabakh Conflict: Post-War State of Affairs and Impediments to Permanent Peace - NEWS - Kom\u015fu ve \u00c7evre \u00dclkeler Uygulama ve Ara\u015ft\u0131rma Merkezi\",\"isPartOf\":{\"@id\":\"http:\/\/ticaret.edu.tr\/komsu-ve-cevre-ulkeler-uygulama-ve-arastirma-merkezi\/en\/#website\"},\"datePublished\":\"2021-11-16T12:56:30+00:00\",\"dateModified\":\"2021-11-16T12:56:30+00:00\",\"author\":{\"@id\":\"http:\/\/ticaret.edu.tr\/komsu-ve-cevre-ulkeler-uygulama-ve-arastirma-merkezi\/en\/#\/schema\/person\/215c3ef896b7f2f5f257d1bea98c3529\"},\"breadcrumb\":{\"@id\":\"http:\/\/ticaret.edu.tr\/komsu-ve-cevre-ulkeler-uygulama-ve-arastirma-merkezi\/en\/2021\/11\/16\/the-nagorno-karabakh-conflict-post-war-state-of-affairs-and-impediments-to-permanent-peace-2\/#breadcrumb\"},\"inLanguage\":\"tr\",\"potentialAction\":[{\"@type\":\"ReadAction\",\"target\":[\"http:\/\/ticaret.edu.tr\/komsu-ve-cevre-ulkeler-uygulama-ve-arastirma-merkezi\/en\/2021\/11\/16\/the-nagorno-karabakh-conflict-post-war-state-of-affairs-and-impediments-to-permanent-peace-2\/\"]}]},{\"@type\":\"BreadcrumbList\",\"@id\":\"http:\/\/ticaret.edu.tr\/komsu-ve-cevre-ulkeler-uygulama-ve-arastirma-merkezi\/en\/2021\/11\/16\/the-nagorno-karabakh-conflict-post-war-state-of-affairs-and-impediments-to-permanent-peace-2\/#breadcrumb\",\"itemListElement\":[{\"@type\":\"ListItem\",\"position\":1,\"name\":\"Ana sayfa\",\"item\":\"https:\/\/ticaret.edu.tr\/komsu-ve-cevre-ulkeler-uygulama-ve-arastirma-merkezi\/\"},{\"@type\":\"ListItem\",\"position\":2,\"name\":\"The Nagorno-Karabakh Conflict: Post-War State of Affairs and Impediments to Permanent Peace\"}]},{\"@type\":\"WebSite\",\"@id\":\"http:\/\/ticaret.edu.tr\/komsu-ve-cevre-ulkeler-uygulama-ve-arastirma-merkezi\/en\/#website\",\"url\":\"http:\/\/ticaret.edu.tr\/komsu-ve-cevre-ulkeler-uygulama-ve-arastirma-merkezi\/en\/\",\"name\":\"Kom\u015fu ve \u00c7evre \u00dclkeler Uygulama ve Ara\u015ft\u0131rma Merkezi\",\"description\":\"Bir ba\u015fka \u0130stanbul Ticaret \u00dcniversitesi site sitesi\",\"potentialAction\":[{\"@type\":\"SearchAction\",\"target\":{\"@type\":\"EntryPoint\",\"urlTemplate\":\"http:\/\/ticaret.edu.tr\/komsu-ve-cevre-ulkeler-uygulama-ve-arastirma-merkezi\/en\/?s={search_term_string}\"},\"query-input\":\"required name=search_term_string\"}],\"inLanguage\":\"tr\"},{\"@type\":\"Person\",\"@id\":\"http:\/\/ticaret.edu.tr\/komsu-ve-cevre-ulkeler-uygulama-ve-arastirma-merkezi\/en\/#\/schema\/person\/215c3ef896b7f2f5f257d1bea98c3529\",\"name\":\"mckiziltas\",\"image\":{\"@type\":\"ImageObject\",\"inLanguage\":\"tr\",\"@id\":\"http:\/\/ticaret.edu.tr\/komsu-ve-cevre-ulkeler-uygulama-ve-arastirma-merkezi\/en\/#\/schema\/person\/image\/\",\"url\":\"http:\/\/1.gravatar.com\/avatar\/a8607bcf789626b55174097b883033be?s=96&d=mm&r=g\",\"contentUrl\":\"http:\/\/1.gravatar.com\/avatar\/a8607bcf789626b55174097b883033be?s=96&d=mm&r=g\",\"caption\":\"mckiziltas\"},\"url\":\"http:\/\/ticaret.edu.tr\/komsu-ve-cevre-ulkeler-uygulama-ve-arastirma-merkezi\/author\/mckiziltas\/\"}]}<\/script>\n<!-- \/ Yoast SEO Premium plugin. -->","yoast_head_json":{"title":"The Nagorno-Karabakh Conflict: Post-War State of Affairs and Impediments to Permanent Peace - NEWS - Kom\u015fu ve \u00c7evre \u00dclkeler Uygulama ve Ara\u015ft\u0131rma Merkezi","robots":{"index":"index","follow":"follow","max-snippet":"max-snippet:-1","max-image-preview":"max-image-preview:large","max-video-preview":"max-video-preview:-1"},"canonical":"http:\/\/ticaret.edu.tr\/komsu-ve-cevre-ulkeler-uygulama-ve-arastirma-merkezi\/en\/2021\/11\/16\/the-nagorno-karabakh-conflict-post-war-state-of-affairs-and-impediments-to-permanent-peace-2\/","og_locale":"tr_TR","og_type":"article","og_title":"The Nagorno-Karabakh Conflict: Post-War State of Affairs and Impediments to Permanent Peace","og_description":"\u2018The Nagorno-Karabakh Conflict: Post-War State of Affairs and Impediments to Permanent Peace\u2019 event was\u00a0 carried out on 16.11.2021 at 14:00 by center as online. By center assistant director Assist.Prof.Kamala Valiyeva\u2019s moderatorship with participating of Assoc.Prof.Maryna Ali Askerov, The Nagorno-Karabakh , victory, post-victory and protecting the peace were evaluated.","og_url":"http:\/\/ticaret.edu.tr\/komsu-ve-cevre-ulkeler-uygulama-ve-arastirma-merkezi\/en\/2021\/11\/16\/the-nagorno-karabakh-conflict-post-war-state-of-affairs-and-impediments-to-permanent-peace-2\/","og_site_name":"Kom\u015fu ve \u00c7evre \u00dclkeler Uygulama ve Ara\u015ft\u0131rma Merkezi","article_publisher":"https:\/\/www.facebook.com\/ticaretedutr","article_published_time":"2021-11-16T12:56:30+00:00","og_image":[{"width":1080,"height":1080,"url":"http:\/\/ticaret.edu.tr\/komsu-ve-cevre-ulkeler-uygulama-ve-arastirma-merkezi\/wp-content\/uploads\/sites\/44\/2021\/11\/Koms\u0327u-ve-c\u0327evre-u\u0308lkeler_09-11-2021_instagram_koms\u0327u-ve-c\u0327evre-u\u0308lkeler-003.jpg","type":"image\/jpeg"}],"author":"mckiziltas","twitter_card":"summary_large_image","twitter_creator":"@ticaretedutr","twitter_site":"@ticaretedutr","twitter_misc":{"Yazan:":"mckiziltas","Tahmini okuma s\u00fcresi":"1 dakika"},"schema":{"@context":"https:\/\/schema.org","@graph":[{"@type":"WebPage","@id":"http:\/\/ticaret.edu.tr\/komsu-ve-cevre-ulkeler-uygulama-ve-arastirma-merkezi\/en\/2021\/11\/16\/the-nagorno-karabakh-conflict-post-war-state-of-affairs-and-impediments-to-permanent-peace-2\/","url":"http:\/\/ticaret.edu.tr\/komsu-ve-cevre-ulkeler-uygulama-ve-arastirma-merkezi\/en\/2021\/11\/16\/the-nagorno-karabakh-conflict-post-war-state-of-affairs-and-impediments-to-permanent-peace-2\/","name":"The Nagorno-Karabakh Conflict: Post-War State of Affairs and Impediments to Permanent Peace - NEWS - Kom\u015fu ve \u00c7evre \u00dclkeler Uygulama ve Ara\u015ft\u0131rma Merkezi","isPartOf":{"@id":"http:\/\/ticaret.edu.tr\/komsu-ve-cevre-ulkeler-uygulama-ve-arastirma-merkezi\/en\/#website"},"datePublished":"2021-11-16T12:56:30+00:00","dateModified":"2021-11-16T12:56:30+00:00","author":{"@id":"http:\/\/ticaret.edu.tr\/komsu-ve-cevre-ulkeler-uygulama-ve-arastirma-merkezi\/en\/#\/schema\/person\/215c3ef896b7f2f5f257d1bea98c3529"},"breadcrumb":{"@id":"http:\/\/ticaret.edu.tr\/komsu-ve-cevre-ulkeler-uygulama-ve-arastirma-merkezi\/en\/2021\/11\/16\/the-nagorno-karabakh-conflict-post-war-state-of-affairs-and-impediments-to-permanent-peace-2\/#breadcrumb"},"inLanguage":"tr","potentialAction":[{"@type":"ReadAction","target":["http:\/\/ticaret.edu.tr\/komsu-ve-cevre-ulkeler-uygulama-ve-arastirma-merkezi\/en\/2021\/11\/16\/the-nagorno-karabakh-conflict-post-war-state-of-affairs-and-impediments-to-permanent-peace-2\/"]}]},{"@type":"BreadcrumbList","@id":"http:\/\/ticaret.edu.tr\/komsu-ve-cevre-ulkeler-uygulama-ve-arastirma-merkezi\/en\/2021\/11\/16\/the-nagorno-karabakh-conflict-post-war-state-of-affairs-and-impediments-to-permanent-peace-2\/#breadcrumb","itemListElement":[{"@type":"ListItem","position":1,"name":"Ana sayfa","item":"https:\/\/ticaret.edu.tr\/komsu-ve-cevre-ulkeler-uygulama-ve-arastirma-merkezi\/"},{"@type":"ListItem","position":2,"name":"The Nagorno-Karabakh Conflict: Post-War State of Affairs and Impediments to Permanent Peace"}]},{"@type":"WebSite","@id":"http:\/\/ticaret.edu.tr\/komsu-ve-cevre-ulkeler-uygulama-ve-arastirma-merkezi\/en\/#website","url":"http:\/\/ticaret.edu.tr\/komsu-ve-cevre-ulkeler-uygulama-ve-arastirma-merkezi\/en\/","name":"Kom\u015fu ve \u00c7evre \u00dclkeler Uygulama ve Ara\u015ft\u0131rma Merkezi","description":"Bir ba\u015fka \u0130stanbul Ticaret \u00dcniversitesi site sitesi","potentialAction":[{"@type":"SearchAction","target":{"@type":"EntryPoint","urlTemplate":"http:\/\/ticaret.edu.tr\/komsu-ve-cevre-ulkeler-uygulama-ve-arastirma-merkezi\/en\/?s={search_term_string}"},"query-input":"required name=search_term_string"}],"inLanguage":"tr"},{"@type":"Person","@id":"http:\/\/ticaret.edu.tr\/komsu-ve-cevre-ulkeler-uygulama-ve-arastirma-merkezi\/en\/#\/schema\/person\/215c3ef896b7f2f5f257d1bea98c3529","name":"mckiziltas","image":{"@type":"ImageObject","inLanguage":"tr","@id":"http:\/\/ticaret.edu.tr\/komsu-ve-cevre-ulkeler-uygulama-ve-arastirma-merkezi\/en\/#\/schema\/person\/image\/","url":"http:\/\/1.gravatar.com\/avatar\/a8607bcf789626b55174097b883033be?s=96&d=mm&r=g","contentUrl":"http:\/\/1.gravatar.com\/avatar\/a8607bcf789626b55174097b883033be?s=96&d=mm&r=g","caption":"mckiziltas"},"url":"http:\/\/ticaret.edu.tr\/komsu-ve-cevre-ulkeler-uygulama-ve-arastirma-merkezi\/author\/mckiziltas\/"}]}},"lang":"en","translations":{"en":372,"tr":368},"pll_sync_post":[],"_links":{"self":[{"href":"http:\/\/ticaret.edu.tr\/komsu-ve-cevre-ulkeler-uygulama-ve-arastirma-merkezi\/wp-json\/wp\/v2\/posts\/372"}],"collection":[{"href":"http:\/\/ticaret.edu.tr\/komsu-ve-cevre-ulkeler-uygulama-ve-arastirma-merkezi\/wp-json\/wp\/v2\/posts"}],"about":[{"href":"http:\/\/ticaret.edu.tr\/komsu-ve-cevre-ulkeler-uygulama-ve-arastirma-merkezi\/wp-json\/wp\/v2\/types\/post"}],"author":[{"embeddable":true,"href":"http:\/\/ticaret.edu.tr\/komsu-ve-cevre-ulkeler-uygulama-ve-arastirma-merkezi\/wp-json\/wp\/v2\/users\/142"}],"replies":[{"embeddable":true,"href":"http:\/\/ticaret.edu.tr\/komsu-ve-cevre-ulkeler-uygulama-ve-arastirma-merkezi\/wp-json\/wp\/v2\/comments?post=372"}],"version-history":[{"count":1,"href":"http:\/\/ticaret.edu.tr\/komsu-ve-cevre-ulkeler-uygulama-ve-arastirma-merkezi\/wp-json\/wp\/v2\/posts\/372\/revisions"}],"predecessor-version":[{"id":373,"href":"http:\/\/ticaret.edu.tr\/komsu-ve-cevre-ulkeler-uygulama-ve-arastirma-merkezi\/wp-json\/wp\/v2\/posts\/372\/revisions\/373"}],"wp:featuredmedia":[{"embeddable":true,"href":"http:\/\/ticaret.edu.tr\/komsu-ve-cevre-ulkeler-uygulama-ve-arastirma-merkezi\/wp-json\/wp\/v2\/media\/351"}],"wp:attachment":[{"href":"http:\/\/ticaret.edu.tr\/komsu-ve-cevre-ulkeler-uygulama-ve-arastirma-merkezi\/wp-json\/wp\/v2\/media?parent=372"}],"wp:term":[{"taxonomy":"category","embeddable":true,"href":"http:\/\/ticaret.edu.tr\/komsu-ve-cevre-ulkeler-uygulama-ve-arastirma-merkezi\/wp-json\/wp\/v2\/categories?post=372"},{"taxonomy":"post_tag","embeddable":true,"href":"http:\/\/ticaret.edu.tr\/komsu-ve-cevre-ulkeler-uygulama-ve-arastirma-merkezi\/wp-json\/wp\/v2\/tags?post=372"}],"curies":[{"name":"wp","href":"https:\/\/api.w.org\/{rel}","templated":true}]}}