{"id":101,"date":"2020-05-12T12:21:29","date_gmt":"2020-05-12T09:21:29","guid":{"rendered":"http:\/\/ticaret.edu.tr\/lojistik\/?p=101"},"modified":"2021-07-14T15:10:54","modified_gmt":"2021-07-14T12:10:54","slug":"lojistik-ogrencileri-elma-bahcesi-ve-soguk-hava-deposu-gezdiler","status":"publish","type":"post","link":"http:\/\/ticaret.edu.tr\/lojistik-yonetimi\/2020\/05\/12\/lojistik-ogrencileri-elma-bahcesi-ve-soguk-hava-deposu-gezdiler\/","title":{"rendered":"Lojistik \u00d6\u011frencileri Elma Bah\u00e7esi ve So\u011fuk Hava Deposu Gezdiler"},"content":{"rendered":"<div><img loading=\"lazy\" decoding=\"async\" class=\"alignnone size-full wp-image-102\" src=\"http:\/\/ticaret.edu.tr\/lojistik\/wp-content\/uploads\/sites\/11\/2020\/05\/Haber-3.png\" alt=\"\" width=\"699\" height=\"540\" srcset=\"http:\/\/ticaret.edu.tr\/lojistik-yonetimi\/wp-content\/uploads\/sites\/11\/2020\/05\/Haber-3.png 699w, http:\/\/ticaret.edu.tr\/lojistik-yonetimi\/wp-content\/uploads\/sites\/11\/2020\/05\/Haber-3-300x232.png 300w\" sizes=\"(max-width: 699px) 100vw, 699px\" \/><\/p>\n<p>Lojistik b\u00f6l\u00fcm\u00fc \u00f6\u011frencilerimiz Elma Bah\u00e7esi ve So\u011fuk Hava Deposu gezdiler.Ya\u015f meyve ve sebzelerin \u00fcretim, depolama ve ta\u015f\u0131ma birimlerini yerinde g\u00f6rmek \u00fczere planlanan gezi 3 Kas\u0131m 2019 tarihinde alanda \u00f6nemli i\u015fleticilerden birisi olan Ba\u011fdan Tar\u0131m San. Tic. Ltd. \u015eti.\u2019ne ait Elma Bah\u00e7esi ve So\u011fuk Hava Deposunu gezdiler.<\/p>\n<p>Ba\u011fdan \u0130\u015fletmesinin 2014 y\u0131l\u0131ndan beri \u00fcretim yapmakta olan tesisi 242 dekar arazi \u00fczerinde 55000 elma a\u011fac\u0131 ile sekt\u00f6rde yer almaktad\u0131r. Elma \u00e7iftli\u011finde, \u00fcretim, toplama, ayr\u0131\u015ft\u0131rma, paketleme, depolama, so\u011fuk hava deposu ve sevke haz\u0131rlama i\u015flemleri yap\u0131lmaktad\u0131r. B\u00fcy\u00fckl\u00fcklerine, a\u011f\u0131rl\u0131klar\u0131na g\u00f6re ayr\u0131\u015ft\u0131rma yapmaya olanak sa\u011flayan yaz\u0131l\u0131m program\u0131 y\u0131kama i\u015fleminden sonra tabaklara otomatik al\u0131nan elmalar\u0131n karton kutularda kaliteye g\u00f6re paketlenmesi s\u0131ras\u0131nda kullan\u0131lmaktad\u0131r.\u00a0 Tesis, Kuzu\u00e7arda\u011f\u0131 K\u00f6y\u00fc, Babaeski-K\u0131rklareli&#8217;nde faaliyet g\u00f6stermektedir.<\/p>\n<p>B\u00f6l\u00fcm \u00f6\u011fretim \u00fcyelerimizden Dr. Fatma Serab ONURSAL\u2019a etkinlik organizesi i\u00e7in, \u00f6\u011frencilerimize ise kat\u0131l\u0131m ve ilgilerinden dolay\u0131, tesis y\u00f6neticilerine ise desteklerinden dolay\u0131 te\u015fekk\u00fcr ediyoruz.<\/p>\n<\/div>\n","protected":false},"excerpt":{"rendered":"<p>Lojistik b\u00f6l\u00fcm\u00fc \u00f6\u011frencilerimiz Elma Bah\u00e7esi ve So\u011fuk Hava Deposu gezdiler.Ya\u015f meyve ve sebzelerin \u00fcretim, depolama ve ta\u015f\u0131ma birimlerini yerinde g\u00f6rmek \u00fczere planlanan gezi 3 Kas\u0131m 2019 tarihinde alanda \u00f6nemli i\u015fleticilerden birisi olan Ba\u011fdan Tar\u0131m San. Tic. Ltd. \u015eti.\u2019ne ait Elma Bah\u00e7esi ve So\u011fuk Hava Deposunu gezdiler. Ba\u011fdan \u0130\u015fletmesinin 2014 y\u0131l\u0131ndan beri \u00fcretim yapmakta olan tesisi [&hellip;]<\/p>\n","protected":false},"author":63,"featured_media":102,"comment_status":"closed","ping_status":"closed","sticky":false,"template":"","format":"standard","meta":{"footnotes":""},"categories":[2],"tags":[],"yoast_head":"<!-- This site is optimized with the Yoast SEO Premium plugin v22.1 (Yoast SEO v22.1) - https:\/\/yoast.com\/wordpress\/plugins\/seo\/ -->\n<title>Lojistik \u00d6\u011frencileri Elma Bah\u00e7esi ve So\u011fuk Hava Deposu Gezdiler - Lojistik Y\u00f6netimi<\/title>\n<meta name=\"robots\" content=\"index, follow, max-snippet:-1, max-image-preview:large, max-video-preview:-1\" \/>\n<link rel=\"canonical\" href=\"https:\/\/ticaret.edu.tr\/lojistik-yonetimi\/2020\/05\/12\/lojistik-ogrencileri-elma-bahcesi-ve-soguk-hava-deposu-gezdiler\/\" \/>\n<meta property=\"og:locale\" content=\"tr_TR\" \/>\n<meta property=\"og:type\" content=\"article\" \/>\n<meta property=\"og:title\" content=\"Lojistik \u00d6\u011frencileri Elma Bah\u00e7esi ve So\u011fuk Hava Deposu Gezdiler\" \/>\n<meta property=\"og:description\" content=\"Lojistik b\u00f6l\u00fcm\u00fc \u00f6\u011frencilerimiz Elma Bah\u00e7esi ve So\u011fuk Hava Deposu gezdiler.Ya\u015f meyve ve sebzelerin \u00fcretim, depolama ve ta\u015f\u0131ma birimlerini yerinde g\u00f6rmek \u00fczere planlanan gezi 3 Kas\u0131m 2019 tarihinde alanda \u00f6nemli i\u015fleticilerden birisi olan Ba\u011fdan Tar\u0131m San. Tic. Ltd. \u015eti.\u2019ne ait Elma Bah\u00e7esi ve So\u011fuk Hava Deposunu gezdiler. Ba\u011fdan \u0130\u015fletmesinin 2014 y\u0131l\u0131ndan beri \u00fcretim yapmakta olan tesisi [&hellip;]\" \/>\n<meta property=\"og:url\" content=\"https:\/\/ticaret.edu.tr\/lojistik-yonetimi\/2020\/05\/12\/lojistik-ogrencileri-elma-bahcesi-ve-soguk-hava-deposu-gezdiler\/\" \/>\n<meta property=\"og:site_name\" content=\"Lojistik Y\u00f6netimi\" \/>\n<meta property=\"article:publisher\" content=\"https:\/\/www.facebook.com\/ticaretedutr\" \/>\n<meta property=\"article:published_time\" content=\"2020-05-12T09:21:29+00:00\" \/>\n<meta property=\"article:modified_time\" content=\"2021-07-14T12:10:54+00:00\" \/>\n<meta property=\"og:image\" content=\"https:\/\/ticaret.edu.tr\/lojistik-yonetimi\/wp-content\/uploads\/sites\/11\/2020\/05\/Haber-3.png\" \/>\n\t<meta property=\"og:image:width\" content=\"699\" \/>\n\t<meta property=\"og:image:height\" content=\"540\" \/>\n\t<meta property=\"og:image:type\" content=\"image\/png\" \/>\n<meta name=\"author\" content=\"bsirin\" \/>\n<meta name=\"twitter:card\" content=\"summary_large_image\" \/>\n<meta name=\"twitter:creator\" content=\"@ticaretedutr\" \/>\n<meta name=\"twitter:site\" content=\"@ticaretedutr\" \/>\n<meta name=\"twitter:label1\" content=\"Yazan:\" \/>\n\t<meta name=\"twitter:data1\" content=\"bsirin\" \/>\n\t<meta name=\"twitter:label2\" content=\"Tahmini okuma s\u00fcresi\" \/>\n\t<meta name=\"twitter:data2\" content=\"1 dakika\" \/>\n<script type=\"application\/ld+json\" class=\"yoast-schema-graph\">{\"@context\":\"https:\/\/schema.org\",\"@graph\":[{\"@type\":\"WebPage\",\"@id\":\"https:\/\/ticaret.edu.tr\/lojistik-yonetimi\/2020\/05\/12\/lojistik-ogrencileri-elma-bahcesi-ve-soguk-hava-deposu-gezdiler\/\",\"url\":\"https:\/\/ticaret.edu.tr\/lojistik-yonetimi\/2020\/05\/12\/lojistik-ogrencileri-elma-bahcesi-ve-soguk-hava-deposu-gezdiler\/\",\"name\":\"Lojistik \u00d6\u011frencileri Elma Bah\u00e7esi ve So\u011fuk Hava Deposu Gezdiler - Lojistik Y\u00f6netimi\",\"isPartOf\":{\"@id\":\"http:\/\/ticaret.edu.tr\/lojistik-yonetimi\/#website\"},\"datePublished\":\"2020-05-12T09:21:29+00:00\",\"dateModified\":\"2021-07-14T12:10:54+00:00\",\"author\":{\"@id\":\"http:\/\/ticaret.edu.tr\/lojistik-yonetimi\/#\/schema\/person\/0b1afb67058e50995068f7fe0b48339b\"},\"breadcrumb\":{\"@id\":\"https:\/\/ticaret.edu.tr\/lojistik-yonetimi\/2020\/05\/12\/lojistik-ogrencileri-elma-bahcesi-ve-soguk-hava-deposu-gezdiler\/#breadcrumb\"},\"inLanguage\":\"tr\",\"potentialAction\":[{\"@type\":\"ReadAction\",\"target\":[\"https:\/\/ticaret.edu.tr\/lojistik-yonetimi\/2020\/05\/12\/lojistik-ogrencileri-elma-bahcesi-ve-soguk-hava-deposu-gezdiler\/\"]}]},{\"@type\":\"BreadcrumbList\",\"@id\":\"https:\/\/ticaret.edu.tr\/lojistik-yonetimi\/2020\/05\/12\/lojistik-ogrencileri-elma-bahcesi-ve-soguk-hava-deposu-gezdiler\/#breadcrumb\",\"itemListElement\":[{\"@type\":\"ListItem\",\"position\":1,\"name\":\"Ana sayfa\",\"item\":\"http:\/\/ticaret.edu.tr\/lojistik-yonetimi\/\"},{\"@type\":\"ListItem\",\"position\":2,\"name\":\"Lojistik \u00d6\u011frencileri Elma Bah\u00e7esi ve So\u011fuk Hava Deposu Gezdiler\"}]},{\"@type\":\"WebSite\",\"@id\":\"http:\/\/ticaret.edu.tr\/lojistik-yonetimi\/#website\",\"url\":\"http:\/\/ticaret.edu.tr\/lojistik-yonetimi\/\",\"name\":\"Lojistik Y\u00f6netimi\",\"description\":\"\",\"potentialAction\":[{\"@type\":\"SearchAction\",\"target\":{\"@type\":\"EntryPoint\",\"urlTemplate\":\"http:\/\/ticaret.edu.tr\/lojistik-yonetimi\/?s={search_term_string}\"},\"query-input\":\"required name=search_term_string\"}],\"inLanguage\":\"tr\"},{\"@type\":\"Person\",\"@id\":\"http:\/\/ticaret.edu.tr\/lojistik-yonetimi\/#\/schema\/person\/0b1afb67058e50995068f7fe0b48339b\",\"name\":\"bsirin\",\"image\":{\"@type\":\"ImageObject\",\"inLanguage\":\"tr\",\"@id\":\"http:\/\/ticaret.edu.tr\/lojistik-yonetimi\/#\/schema\/person\/image\/\",\"url\":\"http:\/\/2.gravatar.com\/avatar\/266971e41e0cdd7cb432d58f22bca6c7?s=96&d=mm&r=g\",\"contentUrl\":\"http:\/\/2.gravatar.com\/avatar\/266971e41e0cdd7cb432d58f22bca6c7?s=96&d=mm&r=g\",\"caption\":\"bsirin\"},\"url\":\"http:\/\/ticaret.edu.tr\/lojistik-yonetimi\/author\/bsirin\/\"}]}<\/script>\n<!-- \/ Yoast SEO Premium plugin. -->","yoast_head_json":{"title":"Lojistik \u00d6\u011frencileri Elma Bah\u00e7esi ve So\u011fuk Hava Deposu Gezdiler - Lojistik Y\u00f6netimi","robots":{"index":"index","follow":"follow","max-snippet":"max-snippet:-1","max-image-preview":"max-image-preview:large","max-video-preview":"max-video-preview:-1"},"canonical":"https:\/\/ticaret.edu.tr\/lojistik-yonetimi\/2020\/05\/12\/lojistik-ogrencileri-elma-bahcesi-ve-soguk-hava-deposu-gezdiler\/","og_locale":"tr_TR","og_type":"article","og_title":"Lojistik \u00d6\u011frencileri Elma Bah\u00e7esi ve So\u011fuk Hava Deposu Gezdiler","og_description":"Lojistik b\u00f6l\u00fcm\u00fc \u00f6\u011frencilerimiz Elma Bah\u00e7esi ve So\u011fuk Hava Deposu gezdiler.Ya\u015f meyve ve sebzelerin \u00fcretim, depolama ve ta\u015f\u0131ma birimlerini yerinde g\u00f6rmek \u00fczere planlanan gezi 3 Kas\u0131m 2019 tarihinde alanda \u00f6nemli i\u015fleticilerden birisi olan Ba\u011fdan Tar\u0131m San. Tic. Ltd. \u015eti.\u2019ne ait Elma Bah\u00e7esi ve So\u011fuk Hava Deposunu gezdiler. Ba\u011fdan \u0130\u015fletmesinin 2014 y\u0131l\u0131ndan beri \u00fcretim yapmakta olan tesisi [&hellip;]","og_url":"https:\/\/ticaret.edu.tr\/lojistik-yonetimi\/2020\/05\/12\/lojistik-ogrencileri-elma-bahcesi-ve-soguk-hava-deposu-gezdiler\/","og_site_name":"Lojistik Y\u00f6netimi","article_publisher":"https:\/\/www.facebook.com\/ticaretedutr","article_published_time":"2020-05-12T09:21:29+00:00","article_modified_time":"2021-07-14T12:10:54+00:00","og_image":[{"width":699,"height":540,"url":"https:\/\/ticaret.edu.tr\/lojistik-yonetimi\/wp-content\/uploads\/sites\/11\/2020\/05\/Haber-3.png","type":"image\/png"}],"author":"bsirin","twitter_card":"summary_large_image","twitter_creator":"@ticaretedutr","twitter_site":"@ticaretedutr","twitter_misc":{"Yazan:":"bsirin","Tahmini okuma s\u00fcresi":"1 dakika"},"schema":{"@context":"https:\/\/schema.org","@graph":[{"@type":"WebPage","@id":"https:\/\/ticaret.edu.tr\/lojistik-yonetimi\/2020\/05\/12\/lojistik-ogrencileri-elma-bahcesi-ve-soguk-hava-deposu-gezdiler\/","url":"https:\/\/ticaret.edu.tr\/lojistik-yonetimi\/2020\/05\/12\/lojistik-ogrencileri-elma-bahcesi-ve-soguk-hava-deposu-gezdiler\/","name":"Lojistik \u00d6\u011frencileri Elma Bah\u00e7esi ve So\u011fuk Hava Deposu Gezdiler - Lojistik Y\u00f6netimi","isPartOf":{"@id":"http:\/\/ticaret.edu.tr\/lojistik-yonetimi\/#website"},"datePublished":"2020-05-12T09:21:29+00:00","dateModified":"2021-07-14T12:10:54+00:00","author":{"@id":"http:\/\/ticaret.edu.tr\/lojistik-yonetimi\/#\/schema\/person\/0b1afb67058e50995068f7fe0b48339b"},"breadcrumb":{"@id":"https:\/\/ticaret.edu.tr\/lojistik-yonetimi\/2020\/05\/12\/lojistik-ogrencileri-elma-bahcesi-ve-soguk-hava-deposu-gezdiler\/#breadcrumb"},"inLanguage":"tr","potentialAction":[{"@type":"ReadAction","target":["https:\/\/ticaret.edu.tr\/lojistik-yonetimi\/2020\/05\/12\/lojistik-ogrencileri-elma-bahcesi-ve-soguk-hava-deposu-gezdiler\/"]}]},{"@type":"BreadcrumbList","@id":"https:\/\/ticaret.edu.tr\/lojistik-yonetimi\/2020\/05\/12\/lojistik-ogrencileri-elma-bahcesi-ve-soguk-hava-deposu-gezdiler\/#breadcrumb","itemListElement":[{"@type":"ListItem","position":1,"name":"Ana sayfa","item":"http:\/\/ticaret.edu.tr\/lojistik-yonetimi\/"},{"@type":"ListItem","position":2,"name":"Lojistik \u00d6\u011frencileri Elma Bah\u00e7esi ve So\u011fuk Hava Deposu Gezdiler"}]},{"@type":"WebSite","@id":"http:\/\/ticaret.edu.tr\/lojistik-yonetimi\/#website","url":"http:\/\/ticaret.edu.tr\/lojistik-yonetimi\/","name":"Lojistik Y\u00f6netimi","description":"","potentialAction":[{"@type":"SearchAction","target":{"@type":"EntryPoint","urlTemplate":"http:\/\/ticaret.edu.tr\/lojistik-yonetimi\/?s={search_term_string}"},"query-input":"required name=search_term_string"}],"inLanguage":"tr"},{"@type":"Person","@id":"http:\/\/ticaret.edu.tr\/lojistik-yonetimi\/#\/schema\/person\/0b1afb67058e50995068f7fe0b48339b","name":"bsirin","image":{"@type":"ImageObject","inLanguage":"tr","@id":"http:\/\/ticaret.edu.tr\/lojistik-yonetimi\/#\/schema\/person\/image\/","url":"http:\/\/2.gravatar.com\/avatar\/266971e41e0cdd7cb432d58f22bca6c7?s=96&d=mm&r=g","contentUrl":"http:\/\/2.gravatar.com\/avatar\/266971e41e0cdd7cb432d58f22bca6c7?s=96&d=mm&r=g","caption":"bsirin"},"url":"http:\/\/ticaret.edu.tr\/lojistik-yonetimi\/author\/bsirin\/"}]}},"lang":"tr","translations":{"tr":101},"pll_sync_post":[],"_links":{"self":[{"href":"http:\/\/ticaret.edu.tr\/lojistik-yonetimi\/wp-json\/wp\/v2\/posts\/101"}],"collection":[{"href":"http:\/\/ticaret.edu.tr\/lojistik-yonetimi\/wp-json\/wp\/v2\/posts"}],"about":[{"href":"http:\/\/ticaret.edu.tr\/lojistik-yonetimi\/wp-json\/wp\/v2\/types\/post"}],"author":[{"embeddable":true,"href":"http:\/\/ticaret.edu.tr\/lojistik-yonetimi\/wp-json\/wp\/v2\/users\/63"}],"replies":[{"embeddable":true,"href":"http:\/\/ticaret.edu.tr\/lojistik-yonetimi\/wp-json\/wp\/v2\/comments?post=101"}],"version-history":[{"count":4,"href":"http:\/\/ticaret.edu.tr\/lojistik-yonetimi\/wp-json\/wp\/v2\/posts\/101\/revisions"}],"predecessor-version":[{"id":143,"href":"http:\/\/ticaret.edu.tr\/lojistik-yonetimi\/wp-json\/wp\/v2\/posts\/101\/revisions\/143"}],"wp:featuredmedia":[{"embeddable":true,"href":"http:\/\/ticaret.edu.tr\/lojistik-yonetimi\/wp-json\/wp\/v2\/media\/102"}],"wp:attachment":[{"href":"http:\/\/ticaret.edu.tr\/lojistik-yonetimi\/wp-json\/wp\/v2\/media?parent=101"}],"wp:term":[{"taxonomy":"category","embeddable":true,"href":"http:\/\/ticaret.edu.tr\/lojistik-yonetimi\/wp-json\/wp\/v2\/categories?post=101"},{"taxonomy":"post_tag","embeddable":true,"href":"http:\/\/ticaret.edu.tr\/lojistik-yonetimi\/wp-json\/wp\/v2\/tags?post=101"}],"curies":[{"name":"wp","href":"https:\/\/api.w.org\/{rel}","templated":true}]}}