{"id":1083,"date":"2024-11-08T17:35:22","date_gmt":"2024-11-08T14:35:22","guid":{"rendered":"https:\/\/ticaret.edu.tr\/lojistik-yonetimi\/?p=1083"},"modified":"2024-11-08T17:36:12","modified_gmt":"2024-11-08T14:36:12","slug":"ito-lojistik-etkinligi","status":"publish","type":"post","link":"http:\/\/ticaret.edu.tr\/lojistik-yonetimi\/2024\/11\/08\/ito-lojistik-etkinligi\/","title":{"rendered":"\u0130TO Lojistik Etkinli\u011fi"},"content":{"rendered":"<div>Do\u00e7. Dr. G\u00f6zde Yang\u0131nlar modar\u00f6t\u00f6rl\u00fc\u011f\u00fcnde \u0130TO Lojistik Hizmetler Meslek Komitesi Ba\u015fkan\u0131 &#8221;Ercan Karakurt&#8221; ve \u0130TO Lojistik Hizmetler Meslek Komitesi \u00dcyesi &#8221;Dr. Kay\u0131han \u00d6zdemir Turan&#8221; kat\u0131l\u0131mlar\u0131yla &#8221; K\u00fcresel Ticarette Ula\u015ft\u0131rma Koridorlar\u0131&#8221; konu ba\u015fl\u0131kl\u0131 s\u00f6yle\u015fimiz ger\u00e7ekle\u015fmi\u015ftir.<\/div>\n<div><\/div>\n<div>S\u00f6yle\u015fide \u00fclkemizin i\u00e7inde bulundu\u011fu ula\u015ft\u0131rma koridorlar\u0131, Orta Koridorun \u00f6nemi ve Bir Ku\u015fak Bir Yol Projesi detayl\u0131 bir \u015fekilde ele al\u0131nm\u0131\u015ft\u0131r.\u00a0 Her ge\u00e7en g\u00fcn ekonomik ve uluslararas\u0131 ticaretteki b\u00fcy\u00fcmenin ivme kazanmas\u0131, tarihsel s\u00fcre\u00e7te \u0130pek Yolu ve Baharat Yolu g\u00fczergah\u0131nda yer alan, do\u011fu ile bat\u0131 aras\u0131nda k\u00f6pr\u00fc g\u00f6revi \u00fcstlenen T\u00fcrkiye\u2019nin lojistik \u00fcs potansiyelini daha da g\u00fc\u00e7lendirdi\u011fine vurgu yap\u0131lm\u0131\u015ft\u0131r.<\/div>\n<div><img loading=\"lazy\" decoding=\"async\" class=\"alignnone size-large wp-image-1084\" src=\"http:\/\/ticaret.edu.tr\/lojistik-yonetimi\/wp-content\/uploads\/sites\/11\/2024\/11\/DSCF0507-min-1024x683.jpg\" alt=\"\" width=\"1024\" height=\"683\" srcset=\"http:\/\/ticaret.edu.tr\/lojistik-yonetimi\/wp-content\/uploads\/sites\/11\/2024\/11\/DSCF0507-min-1024x683.jpg 1024w, http:\/\/ticaret.edu.tr\/lojistik-yonetimi\/wp-content\/uploads\/sites\/11\/2024\/11\/DSCF0507-min-300x200.jpg 300w, http:\/\/ticaret.edu.tr\/lojistik-yonetimi\/wp-content\/uploads\/sites\/11\/2024\/11\/DSCF0507-min-768x512.jpg 768w, http:\/\/ticaret.edu.tr\/lojistik-yonetimi\/wp-content\/uploads\/sites\/11\/2024\/11\/DSCF0507-min-1536x1024.jpg 1536w\" sizes=\"(max-width: 1024px) 100vw, 1024px\" \/><\/div>\n<div><img loading=\"lazy\" decoding=\"async\" class=\"alignnone size-large wp-image-1085\" src=\"http:\/\/ticaret.edu.tr\/lojistik-yonetimi\/wp-content\/uploads\/sites\/11\/2024\/11\/gyanginlar-1020x1024.png\" alt=\"\" width=\"1020\" height=\"1024\" srcset=\"http:\/\/ticaret.edu.tr\/lojistik-yonetimi\/wp-content\/uploads\/sites\/11\/2024\/11\/gyanginlar-1020x1024.png 1020w, http:\/\/ticaret.edu.tr\/lojistik-yonetimi\/wp-content\/uploads\/sites\/11\/2024\/11\/gyanginlar-300x300.png 300w, http:\/\/ticaret.edu.tr\/lojistik-yonetimi\/wp-content\/uploads\/sites\/11\/2024\/11\/gyanginlar-150x150.png 150w, http:\/\/ticaret.edu.tr\/lojistik-yonetimi\/wp-content\/uploads\/sites\/11\/2024\/11\/gyanginlar-768x771.png 768w, http:\/\/ticaret.edu.tr\/lojistik-yonetimi\/wp-content\/uploads\/sites\/11\/2024\/11\/gyanginlar.png 1518w\" sizes=\"(max-width: 1020px) 100vw, 1020px\" \/><\/div>\n<div><img loading=\"lazy\" decoding=\"async\" class=\"alignnone size-large wp-image-1086\" src=\"http:\/\/ticaret.edu.tr\/lojistik-yonetimi\/wp-content\/uploads\/sites\/11\/2024\/11\/gyanginlar2-1024x691.png\" alt=\"\" width=\"1024\" height=\"691\" srcset=\"http:\/\/ticaret.edu.tr\/lojistik-yonetimi\/wp-content\/uploads\/sites\/11\/2024\/11\/gyanginlar2-1024x691.png 1024w, http:\/\/ticaret.edu.tr\/lojistik-yonetimi\/wp-content\/uploads\/sites\/11\/2024\/11\/gyanginlar2-300x202.png 300w, http:\/\/ticaret.edu.tr\/lojistik-yonetimi\/wp-content\/uploads\/sites\/11\/2024\/11\/gyanginlar2-768x518.png 768w, http:\/\/ticaret.edu.tr\/lojistik-yonetimi\/wp-content\/uploads\/sites\/11\/2024\/11\/gyanginlar2-1536x1037.png 1536w, http:\/\/ticaret.edu.tr\/lojistik-yonetimi\/wp-content\/uploads\/sites\/11\/2024\/11\/gyanginlar2-2048x1382.png 2048w\" sizes=\"(max-width: 1024px) 100vw, 1024px\" \/><\/div>\n<div><img loading=\"lazy\" decoding=\"async\" class=\"alignnone size-large wp-image-1088\" src=\"http:\/\/ticaret.edu.tr\/lojistik-yonetimi\/wp-content\/uploads\/sites\/11\/2024\/11\/Uluslararasi-Ticaret-ve-Lojistik-Soylesileri-5_instagram-1024x1024.jpg\" alt=\"\" width=\"1024\" height=\"1024\" srcset=\"http:\/\/ticaret.edu.tr\/lojistik-yonetimi\/wp-content\/uploads\/sites\/11\/2024\/11\/Uluslararasi-Ticaret-ve-Lojistik-Soylesileri-5_instagram-1024x1024.jpg 1024w, http:\/\/ticaret.edu.tr\/lojistik-yonetimi\/wp-content\/uploads\/sites\/11\/2024\/11\/Uluslararasi-Ticaret-ve-Lojistik-Soylesileri-5_instagram-300x300.jpg 300w, http:\/\/ticaret.edu.tr\/lojistik-yonetimi\/wp-content\/uploads\/sites\/11\/2024\/11\/Uluslararasi-Ticaret-ve-Lojistik-Soylesileri-5_instagram-150x150.jpg 150w, http:\/\/ticaret.edu.tr\/lojistik-yonetimi\/wp-content\/uploads\/sites\/11\/2024\/11\/Uluslararasi-Ticaret-ve-Lojistik-Soylesileri-5_instagram-768x768.jpg 768w, http:\/\/ticaret.edu.tr\/lojistik-yonetimi\/wp-content\/uploads\/sites\/11\/2024\/11\/Uluslararasi-Ticaret-ve-Lojistik-Soylesileri-5_instagram.jpg 1080w\" sizes=\"(max-width: 1024px) 100vw, 1024px\" \/><\/div>\n<div><\/div>\n<div><\/div>\n","protected":false},"excerpt":{"rendered":"<p>Do\u00e7. Dr. G\u00f6zde Yang\u0131nlar modar\u00f6t\u00f6rl\u00fc\u011f\u00fcnde \u0130TO Lojistik Hizmetler Meslek Komitesi Ba\u015fkan\u0131 &#8221;Ercan Karakurt&#8221; ve \u0130TO Lojistik Hizmetler Meslek Komitesi \u00dcyesi &#8221;Dr. Kay\u0131han \u00d6zdemir Turan&#8221; kat\u0131l\u0131mlar\u0131yla &#8221; K\u00fcresel Ticarette Ula\u015ft\u0131rma Koridorlar\u0131&#8221; konu ba\u015fl\u0131kl\u0131 s\u00f6yle\u015fimiz ger\u00e7ekle\u015fmi\u015ftir. S\u00f6yle\u015fide \u00fclkemizin i\u00e7inde bulundu\u011fu ula\u015ft\u0131rma koridorlar\u0131, Orta Koridorun \u00f6nemi ve Bir Ku\u015fak Bir Yol Projesi detayl\u0131 bir \u015fekilde ele al\u0131nm\u0131\u015ft\u0131r.\u00a0 Her [&hellip;]<\/p>\n","protected":false},"author":43,"featured_media":1088,"comment_status":"closed","ping_status":"closed","sticky":false,"template":"","format":"standard","meta":{"footnotes":""},"categories":[2],"tags":[],"yoast_head":"<!-- This site is optimized with the Yoast SEO Premium plugin v22.1 (Yoast SEO v22.1) - https:\/\/yoast.com\/wordpress\/plugins\/seo\/ -->\n<title>\u0130TO Lojistik Etkinli\u011fi - Haberler - Lojistik Y\u00f6netimi<\/title>\n<meta name=\"robots\" content=\"index, follow, max-snippet:-1, max-image-preview:large, max-video-preview:-1\" \/>\n<link rel=\"canonical\" href=\"https:\/\/ticaret.edu.tr\/lojistik-yonetimi\/2024\/11\/08\/ito-lojistik-etkinligi\/\" \/>\n<meta property=\"og:locale\" content=\"tr_TR\" \/>\n<meta property=\"og:type\" content=\"article\" \/>\n<meta property=\"og:title\" content=\"\u0130TO Lojistik Etkinli\u011fi\" \/>\n<meta property=\"og:description\" content=\"Do\u00e7. Dr. G\u00f6zde Yang\u0131nlar modar\u00f6t\u00f6rl\u00fc\u011f\u00fcnde \u0130TO Lojistik Hizmetler Meslek Komitesi Ba\u015fkan\u0131 &#8221;Ercan Karakurt&#8221; ve \u0130TO Lojistik Hizmetler Meslek Komitesi \u00dcyesi &#8221;Dr. Kay\u0131han \u00d6zdemir Turan&#8221; kat\u0131l\u0131mlar\u0131yla &#8221; K\u00fcresel Ticarette Ula\u015ft\u0131rma Koridorlar\u0131&#8221; konu ba\u015fl\u0131kl\u0131 s\u00f6yle\u015fimiz ger\u00e7ekle\u015fmi\u015ftir. S\u00f6yle\u015fide \u00fclkemizin i\u00e7inde bulundu\u011fu ula\u015ft\u0131rma koridorlar\u0131, Orta Koridorun \u00f6nemi ve Bir Ku\u015fak Bir Yol Projesi detayl\u0131 bir \u015fekilde ele al\u0131nm\u0131\u015ft\u0131r.\u00a0 Her [&hellip;]\" \/>\n<meta property=\"og:url\" content=\"https:\/\/ticaret.edu.tr\/lojistik-yonetimi\/2024\/11\/08\/ito-lojistik-etkinligi\/\" \/>\n<meta property=\"og:site_name\" content=\"Lojistik Y\u00f6netimi\" \/>\n<meta property=\"article:publisher\" content=\"https:\/\/www.facebook.com\/ticaretedutr\" \/>\n<meta property=\"article:published_time\" content=\"2024-11-08T14:35:22+00:00\" \/>\n<meta property=\"article:modified_time\" content=\"2024-11-08T14:36:12+00:00\" \/>\n<meta property=\"og:image\" content=\"https:\/\/ticaret.edu.tr\/lojistik-yonetimi\/wp-content\/uploads\/sites\/11\/2024\/11\/Uluslararasi-Ticaret-ve-Lojistik-Soylesileri-5_instagram.jpg\" \/>\n\t<meta property=\"og:image:width\" content=\"1080\" \/>\n\t<meta property=\"og:image:height\" content=\"1080\" \/>\n\t<meta property=\"og:image:type\" content=\"image\/jpeg\" \/>\n<meta name=\"author\" content=\"gbsarac\" \/>\n<meta name=\"twitter:card\" content=\"summary_large_image\" \/>\n<meta name=\"twitter:creator\" content=\"@ticaretedutr\" \/>\n<meta name=\"twitter:site\" content=\"@ticaretedutr\" \/>\n<meta name=\"twitter:label1\" content=\"Yazan:\" \/>\n\t<meta name=\"twitter:data1\" content=\"gbsarac\" \/>\n\t<meta name=\"twitter:label2\" content=\"Tahmini okuma s\u00fcresi\" \/>\n\t<meta name=\"twitter:data2\" content=\"2 dakika\" \/>\n<script type=\"application\/ld+json\" class=\"yoast-schema-graph\">{\"@context\":\"https:\/\/schema.org\",\"@graph\":[{\"@type\":\"WebPage\",\"@id\":\"https:\/\/ticaret.edu.tr\/lojistik-yonetimi\/2024\/11\/08\/ito-lojistik-etkinligi\/\",\"url\":\"https:\/\/ticaret.edu.tr\/lojistik-yonetimi\/2024\/11\/08\/ito-lojistik-etkinligi\/\",\"name\":\"\u0130TO Lojistik Etkinli\u011fi - Haberler - Lojistik Y\u00f6netimi\",\"isPartOf\":{\"@id\":\"http:\/\/ticaret.edu.tr\/lojistik-yonetimi\/#website\"},\"datePublished\":\"2024-11-08T14:35:22+00:00\",\"dateModified\":\"2024-11-08T14:36:12+00:00\",\"author\":{\"@id\":\"http:\/\/ticaret.edu.tr\/lojistik-yonetimi\/#\/schema\/person\/4aa249b095b70adb71c2dae8d34a1187\"},\"breadcrumb\":{\"@id\":\"https:\/\/ticaret.edu.tr\/lojistik-yonetimi\/2024\/11\/08\/ito-lojistik-etkinligi\/#breadcrumb\"},\"inLanguage\":\"tr\",\"potentialAction\":[{\"@type\":\"ReadAction\",\"target\":[\"https:\/\/ticaret.edu.tr\/lojistik-yonetimi\/2024\/11\/08\/ito-lojistik-etkinligi\/\"]}]},{\"@type\":\"BreadcrumbList\",\"@id\":\"https:\/\/ticaret.edu.tr\/lojistik-yonetimi\/2024\/11\/08\/ito-lojistik-etkinligi\/#breadcrumb\",\"itemListElement\":[{\"@type\":\"ListItem\",\"position\":1,\"name\":\"Ana sayfa\",\"item\":\"http:\/\/ticaret.edu.tr\/lojistik-yonetimi\/\"},{\"@type\":\"ListItem\",\"position\":2,\"name\":\"\u0130TO Lojistik Etkinli\u011fi\"}]},{\"@type\":\"WebSite\",\"@id\":\"http:\/\/ticaret.edu.tr\/lojistik-yonetimi\/#website\",\"url\":\"http:\/\/ticaret.edu.tr\/lojistik-yonetimi\/\",\"name\":\"Lojistik Y\u00f6netimi\",\"description\":\"\",\"potentialAction\":[{\"@type\":\"SearchAction\",\"target\":{\"@type\":\"EntryPoint\",\"urlTemplate\":\"http:\/\/ticaret.edu.tr\/lojistik-yonetimi\/?s={search_term_string}\"},\"query-input\":\"required name=search_term_string\"}],\"inLanguage\":\"tr\"},{\"@type\":\"Person\",\"@id\":\"http:\/\/ticaret.edu.tr\/lojistik-yonetimi\/#\/schema\/person\/4aa249b095b70adb71c2dae8d34a1187\",\"name\":\"gbsarac\",\"image\":{\"@type\":\"ImageObject\",\"inLanguage\":\"tr\",\"@id\":\"http:\/\/ticaret.edu.tr\/lojistik-yonetimi\/#\/schema\/person\/image\/\",\"url\":\"http:\/\/0.gravatar.com\/avatar\/f0052b6e5ab8c994ee1268e017087370?s=96&d=mm&r=g\",\"contentUrl\":\"http:\/\/0.gravatar.com\/avatar\/f0052b6e5ab8c994ee1268e017087370?s=96&d=mm&r=g\",\"caption\":\"gbsarac\"},\"url\":\"http:\/\/ticaret.edu.tr\/lojistik-yonetimi\/author\/gbsarac\/\"}]}<\/script>\n<!-- \/ Yoast SEO Premium plugin. -->","yoast_head_json":{"title":"\u0130TO Lojistik Etkinli\u011fi - Haberler - Lojistik Y\u00f6netimi","robots":{"index":"index","follow":"follow","max-snippet":"max-snippet:-1","max-image-preview":"max-image-preview:large","max-video-preview":"max-video-preview:-1"},"canonical":"https:\/\/ticaret.edu.tr\/lojistik-yonetimi\/2024\/11\/08\/ito-lojistik-etkinligi\/","og_locale":"tr_TR","og_type":"article","og_title":"\u0130TO Lojistik Etkinli\u011fi","og_description":"Do\u00e7. Dr. G\u00f6zde Yang\u0131nlar modar\u00f6t\u00f6rl\u00fc\u011f\u00fcnde \u0130TO Lojistik Hizmetler Meslek Komitesi Ba\u015fkan\u0131 &#8221;Ercan Karakurt&#8221; ve \u0130TO Lojistik Hizmetler Meslek Komitesi \u00dcyesi &#8221;Dr. Kay\u0131han \u00d6zdemir Turan&#8221; kat\u0131l\u0131mlar\u0131yla &#8221; K\u00fcresel Ticarette Ula\u015ft\u0131rma Koridorlar\u0131&#8221; konu ba\u015fl\u0131kl\u0131 s\u00f6yle\u015fimiz ger\u00e7ekle\u015fmi\u015ftir. S\u00f6yle\u015fide \u00fclkemizin i\u00e7inde bulundu\u011fu ula\u015ft\u0131rma koridorlar\u0131, Orta Koridorun \u00f6nemi ve Bir Ku\u015fak Bir Yol Projesi detayl\u0131 bir \u015fekilde ele al\u0131nm\u0131\u015ft\u0131r.\u00a0 Her [&hellip;]","og_url":"https:\/\/ticaret.edu.tr\/lojistik-yonetimi\/2024\/11\/08\/ito-lojistik-etkinligi\/","og_site_name":"Lojistik Y\u00f6netimi","article_publisher":"https:\/\/www.facebook.com\/ticaretedutr","article_published_time":"2024-11-08T14:35:22+00:00","article_modified_time":"2024-11-08T14:36:12+00:00","og_image":[{"width":1080,"height":1080,"url":"https:\/\/ticaret.edu.tr\/lojistik-yonetimi\/wp-content\/uploads\/sites\/11\/2024\/11\/Uluslararasi-Ticaret-ve-Lojistik-Soylesileri-5_instagram.jpg","type":"image\/jpeg"}],"author":"gbsarac","twitter_card":"summary_large_image","twitter_creator":"@ticaretedutr","twitter_site":"@ticaretedutr","twitter_misc":{"Yazan:":"gbsarac","Tahmini okuma s\u00fcresi":"2 dakika"},"schema":{"@context":"https:\/\/schema.org","@graph":[{"@type":"WebPage","@id":"https:\/\/ticaret.edu.tr\/lojistik-yonetimi\/2024\/11\/08\/ito-lojistik-etkinligi\/","url":"https:\/\/ticaret.edu.tr\/lojistik-yonetimi\/2024\/11\/08\/ito-lojistik-etkinligi\/","name":"\u0130TO Lojistik Etkinli\u011fi - Haberler - Lojistik Y\u00f6netimi","isPartOf":{"@id":"http:\/\/ticaret.edu.tr\/lojistik-yonetimi\/#website"},"datePublished":"2024-11-08T14:35:22+00:00","dateModified":"2024-11-08T14:36:12+00:00","author":{"@id":"http:\/\/ticaret.edu.tr\/lojistik-yonetimi\/#\/schema\/person\/4aa249b095b70adb71c2dae8d34a1187"},"breadcrumb":{"@id":"https:\/\/ticaret.edu.tr\/lojistik-yonetimi\/2024\/11\/08\/ito-lojistik-etkinligi\/#breadcrumb"},"inLanguage":"tr","potentialAction":[{"@type":"ReadAction","target":["https:\/\/ticaret.edu.tr\/lojistik-yonetimi\/2024\/11\/08\/ito-lojistik-etkinligi\/"]}]},{"@type":"BreadcrumbList","@id":"https:\/\/ticaret.edu.tr\/lojistik-yonetimi\/2024\/11\/08\/ito-lojistik-etkinligi\/#breadcrumb","itemListElement":[{"@type":"ListItem","position":1,"name":"Ana sayfa","item":"http:\/\/ticaret.edu.tr\/lojistik-yonetimi\/"},{"@type":"ListItem","position":2,"name":"\u0130TO Lojistik Etkinli\u011fi"}]},{"@type":"WebSite","@id":"http:\/\/ticaret.edu.tr\/lojistik-yonetimi\/#website","url":"http:\/\/ticaret.edu.tr\/lojistik-yonetimi\/","name":"Lojistik Y\u00f6netimi","description":"","potentialAction":[{"@type":"SearchAction","target":{"@type":"EntryPoint","urlTemplate":"http:\/\/ticaret.edu.tr\/lojistik-yonetimi\/?s={search_term_string}"},"query-input":"required name=search_term_string"}],"inLanguage":"tr"},{"@type":"Person","@id":"http:\/\/ticaret.edu.tr\/lojistik-yonetimi\/#\/schema\/person\/4aa249b095b70adb71c2dae8d34a1187","name":"gbsarac","image":{"@type":"ImageObject","inLanguage":"tr","@id":"http:\/\/ticaret.edu.tr\/lojistik-yonetimi\/#\/schema\/person\/image\/","url":"http:\/\/0.gravatar.com\/avatar\/f0052b6e5ab8c994ee1268e017087370?s=96&d=mm&r=g","contentUrl":"http:\/\/0.gravatar.com\/avatar\/f0052b6e5ab8c994ee1268e017087370?s=96&d=mm&r=g","caption":"gbsarac"},"url":"http:\/\/ticaret.edu.tr\/lojistik-yonetimi\/author\/gbsarac\/"}]}},"lang":"tr","translations":{"tr":1083},"pll_sync_post":[],"_links":{"self":[{"href":"http:\/\/ticaret.edu.tr\/lojistik-yonetimi\/wp-json\/wp\/v2\/posts\/1083"}],"collection":[{"href":"http:\/\/ticaret.edu.tr\/lojistik-yonetimi\/wp-json\/wp\/v2\/posts"}],"about":[{"href":"http:\/\/ticaret.edu.tr\/lojistik-yonetimi\/wp-json\/wp\/v2\/types\/post"}],"author":[{"embeddable":true,"href":"http:\/\/ticaret.edu.tr\/lojistik-yonetimi\/wp-json\/wp\/v2\/users\/43"}],"replies":[{"embeddable":true,"href":"http:\/\/ticaret.edu.tr\/lojistik-yonetimi\/wp-json\/wp\/v2\/comments?post=1083"}],"version-history":[{"count":2,"href":"http:\/\/ticaret.edu.tr\/lojistik-yonetimi\/wp-json\/wp\/v2\/posts\/1083\/revisions"}],"predecessor-version":[{"id":1089,"href":"http:\/\/ticaret.edu.tr\/lojistik-yonetimi\/wp-json\/wp\/v2\/posts\/1083\/revisions\/1089"}],"wp:featuredmedia":[{"embeddable":true,"href":"http:\/\/ticaret.edu.tr\/lojistik-yonetimi\/wp-json\/wp\/v2\/media\/1088"}],"wp:attachment":[{"href":"http:\/\/ticaret.edu.tr\/lojistik-yonetimi\/wp-json\/wp\/v2\/media?parent=1083"}],"wp:term":[{"taxonomy":"category","embeddable":true,"href":"http:\/\/ticaret.edu.tr\/lojistik-yonetimi\/wp-json\/wp\/v2\/categories?post=1083"},{"taxonomy":"post_tag","embeddable":true,"href":"http:\/\/ticaret.edu.tr\/lojistik-yonetimi\/wp-json\/wp\/v2\/tags?post=1083"}],"curies":[{"name":"wp","href":"https:\/\/api.w.org\/{rel}","templated":true}]}}