{"id":1093,"date":"2024-11-08T17:40:21","date_gmt":"2024-11-08T14:40:21","guid":{"rendered":"https:\/\/ticaret.edu.tr\/lojistik-yonetimi\/?p=1093"},"modified":"2024-11-08T17:40:41","modified_gmt":"2024-11-08T14:40:41","slug":"yesil-lojistik-etkinligi","status":"publish","type":"post","link":"http:\/\/ticaret.edu.tr\/lojistik-yonetimi\/2024\/11\/08\/yesil-lojistik-etkinligi\/","title":{"rendered":"Ye\u015fil Lojistik Etkinli\u011fi"},"content":{"rendered":"<div>\u0130\u015fletme Fak\u00fcltesi <a id=\"OWA57170014-f969-93e1-393e-8dae238438f2\" class=\"x_x_OWAAutoLink\" title=\"https:\/\/ticaret.edu.tr\/lojistik-yonetimi\/\" href=\"https:\/\/ticaret.edu.tr\/lojistik-yonetimi\/\" data-auth=\"NotApplicable\" data-loopstyle=\"linkonly\" data-outlook-id=\"a211e192-453d-445d-a2ec-c0633bb81f49\">Lojistik Y\u00f6netimi<\/a>\u00a0B\u00f6l\u00fcm\u00fc\u2019n\u00fcn ger\u00e7ekle\u015ftirdi\u011fi \u201cYe\u015fil Lojistik ve S\u00fcrd\u00fcr\u00fclebilirlik\u201d isimli etkinlik, &#8221;Uluslararas\u0131 Ticaret ve Lojistik S\u00f6yle\u015fileri 4&#8221; kapsam\u0131nda b\u00f6l\u00fcm\u00fcm\u00fcz \u00f6\u011fretim \u00fcyesi <a id=\"OWAdb5a285c-c53e-3215-a42d-c20154440ee4\" class=\"x_x_OWAAutoLink\" title=\"http:\/\/tubis.ticaret.edu.tr\/_Adek\/CV\/CV.aspx?adi=Mib1PR9eiAcABT92xV+WQAGOT66162\/L40bs2I+9kiwsfqkj7xscFk5Y2VJDn\/JLb9M+yeR0jDp2kJLjiejrGA==\" href=\"http:\/\/tubis.ticaret.edu.tr\/_Adek\/CV\/CV.aspx?adi=Mib1PR9eiAcABT92xV+WQAGOT66162\/L40bs2I+9kiwsfqkj7xscFk5Y2VJDn\/JLb9M+yeR0jDp2kJLjiejrGA==\" data-auth=\"NotApplicable\" data-loopstyle=\"linkonly\" data-outlook-id=\"e4d0c9c4-2c26-4851-b881-986a69a19618\">Do\u00e7. Dr. G\u00f6zde Yang\u0131nlar<\/a>\u2018\u0131n moderat\u00f6rl\u00fc\u011f\u00fcnde tamamland\u0131.<\/div>\n<div><\/div>\n<div class=\"elementToProof\">Etkinli\u011fe konu\u015fmac\u0131 olarak Lojistik sekt\u00f6r\u00fcn\u00fcn \u00f6nc\u00fc firmalar\u0131ndan Kuehne Nagel Lojistik Firmas\u0131n\u0131n National Sea Logistics Manager &#8221;Asena \u00c7atal&#8221; kat\u0131ld\u0131. Ye\u015fil Lojistik ve S\u00fcrd\u00fcr\u00fclebilirlik hakk\u0131nda de\u011ferli g\u00f6r\u00fc\u015flerini bildirerek de\u011ferlendirmelerde bulundu.<\/div>\n<div><img loading=\"lazy\" decoding=\"async\" class=\"alignnone size-large wp-image-1094\" src=\"http:\/\/ticaret.edu.tr\/lojistik-yonetimi\/wp-content\/uploads\/sites\/11\/2024\/11\/InCollage_20240524_210411752-1024x1007.jpg\" alt=\"\" width=\"1024\" height=\"1007\" srcset=\"http:\/\/ticaret.edu.tr\/lojistik-yonetimi\/wp-content\/uploads\/sites\/11\/2024\/11\/InCollage_20240524_210411752-1024x1007.jpg 1024w, http:\/\/ticaret.edu.tr\/lojistik-yonetimi\/wp-content\/uploads\/sites\/11\/2024\/11\/InCollage_20240524_210411752-300x295.jpg 300w, http:\/\/ticaret.edu.tr\/lojistik-yonetimi\/wp-content\/uploads\/sites\/11\/2024\/11\/InCollage_20240524_210411752-768x755.jpg 768w, http:\/\/ticaret.edu.tr\/lojistik-yonetimi\/wp-content\/uploads\/sites\/11\/2024\/11\/InCollage_20240524_210411752-1536x1510.jpg 1536w, http:\/\/ticaret.edu.tr\/lojistik-yonetimi\/wp-content\/uploads\/sites\/11\/2024\/11\/InCollage_20240524_210411752-2048x2014.jpg 2048w\" sizes=\"(max-width: 1024px) 100vw, 1024px\" \/><\/div>\n<div><img loading=\"lazy\" decoding=\"async\" class=\"alignnone size-large wp-image-1095\" src=\"http:\/\/ticaret.edu.tr\/lojistik-yonetimi\/wp-content\/uploads\/sites\/11\/2024\/11\/IMG_20240523_132352_837-1024x1024.jpg\" alt=\"\" width=\"1024\" height=\"1024\" srcset=\"http:\/\/ticaret.edu.tr\/lojistik-yonetimi\/wp-content\/uploads\/sites\/11\/2024\/11\/IMG_20240523_132352_837-1024x1024.jpg 1024w, http:\/\/ticaret.edu.tr\/lojistik-yonetimi\/wp-content\/uploads\/sites\/11\/2024\/11\/IMG_20240523_132352_837-300x300.jpg 300w, http:\/\/ticaret.edu.tr\/lojistik-yonetimi\/wp-content\/uploads\/sites\/11\/2024\/11\/IMG_20240523_132352_837-150x150.jpg 150w, http:\/\/ticaret.edu.tr\/lojistik-yonetimi\/wp-content\/uploads\/sites\/11\/2024\/11\/IMG_20240523_132352_837-768x768.jpg 768w, http:\/\/ticaret.edu.tr\/lojistik-yonetimi\/wp-content\/uploads\/sites\/11\/2024\/11\/IMG_20240523_132352_837.jpg 1075w\" sizes=\"(max-width: 1024px) 100vw, 1024px\" \/><\/div>\n","protected":false},"excerpt":{"rendered":"<p>\u0130\u015fletme Fak\u00fcltesi Lojistik Y\u00f6netimi\u00a0B\u00f6l\u00fcm\u00fc\u2019n\u00fcn ger\u00e7ekle\u015ftirdi\u011fi \u201cYe\u015fil Lojistik ve S\u00fcrd\u00fcr\u00fclebilirlik\u201d isimli etkinlik, &#8221;Uluslararas\u0131 Ticaret ve Lojistik S\u00f6yle\u015fileri 4&#8221; kapsam\u0131nda b\u00f6l\u00fcm\u00fcm\u00fcz \u00f6\u011fretim \u00fcyesi Do\u00e7. Dr. G\u00f6zde Yang\u0131nlar\u2018\u0131n moderat\u00f6rl\u00fc\u011f\u00fcnde tamamland\u0131. Etkinli\u011fe konu\u015fmac\u0131 olarak Lojistik sekt\u00f6r\u00fcn\u00fcn \u00f6nc\u00fc firmalar\u0131ndan Kuehne Nagel Lojistik Firmas\u0131n\u0131n National Sea Logistics Manager &#8221;Asena \u00c7atal&#8221; kat\u0131ld\u0131. Ye\u015fil Lojistik ve S\u00fcrd\u00fcr\u00fclebilirlik hakk\u0131nda de\u011ferli g\u00f6r\u00fc\u015flerini bildirerek de\u011ferlendirmelerde bulundu.<\/p>\n","protected":false},"author":43,"featured_media":1097,"comment_status":"closed","ping_status":"closed","sticky":false,"template":"","format":"standard","meta":{"footnotes":""},"categories":[2],"tags":[],"yoast_head":"<!-- This site is optimized with the Yoast SEO Premium plugin v22.1 (Yoast SEO v22.1) - https:\/\/yoast.com\/wordpress\/plugins\/seo\/ -->\n<title>Ye\u015fil Lojistik Etkinli\u011fi - Haberler - Lojistik Y\u00f6netimi<\/title>\n<meta name=\"robots\" content=\"index, follow, max-snippet:-1, max-image-preview:large, max-video-preview:-1\" \/>\n<link rel=\"canonical\" href=\"http:\/\/ticaret.edu.tr\/lojistik-yonetimi\/2024\/11\/08\/yesil-lojistik-etkinligi\/\" \/>\n<meta property=\"og:locale\" content=\"tr_TR\" \/>\n<meta property=\"og:type\" content=\"article\" \/>\n<meta property=\"og:title\" content=\"Ye\u015fil Lojistik Etkinli\u011fi\" \/>\n<meta property=\"og:description\" content=\"\u0130\u015fletme Fak\u00fcltesi Lojistik Y\u00f6netimi\u00a0B\u00f6l\u00fcm\u00fc\u2019n\u00fcn ger\u00e7ekle\u015ftirdi\u011fi \u201cYe\u015fil Lojistik ve S\u00fcrd\u00fcr\u00fclebilirlik\u201d isimli etkinlik, &#8221;Uluslararas\u0131 Ticaret ve Lojistik S\u00f6yle\u015fileri 4&#8221; kapsam\u0131nda b\u00f6l\u00fcm\u00fcm\u00fcz \u00f6\u011fretim \u00fcyesi Do\u00e7. Dr. G\u00f6zde Yang\u0131nlar\u2018\u0131n moderat\u00f6rl\u00fc\u011f\u00fcnde tamamland\u0131. Etkinli\u011fe konu\u015fmac\u0131 olarak Lojistik sekt\u00f6r\u00fcn\u00fcn \u00f6nc\u00fc firmalar\u0131ndan Kuehne Nagel Lojistik Firmas\u0131n\u0131n National Sea Logistics Manager &#8221;Asena \u00c7atal&#8221; kat\u0131ld\u0131. Ye\u015fil Lojistik ve S\u00fcrd\u00fcr\u00fclebilirlik hakk\u0131nda de\u011ferli g\u00f6r\u00fc\u015flerini bildirerek de\u011ferlendirmelerde bulundu.\" \/>\n<meta property=\"og:url\" content=\"http:\/\/ticaret.edu.tr\/lojistik-yonetimi\/2024\/11\/08\/yesil-lojistik-etkinligi\/\" \/>\n<meta property=\"og:site_name\" content=\"Lojistik Y\u00f6netimi\" \/>\n<meta property=\"article:publisher\" content=\"https:\/\/www.facebook.com\/ticaretedutr\" \/>\n<meta property=\"article:published_time\" content=\"2024-11-08T14:40:21+00:00\" \/>\n<meta property=\"article:modified_time\" content=\"2024-11-08T14:40:41+00:00\" \/>\n<meta property=\"og:image\" content=\"http:\/\/ticaret.edu.tr\/lojistik-yonetimi\/wp-content\/uploads\/sites\/11\/2024\/11\/IMG_20240523_132352_837-1.jpg\" \/>\n\t<meta property=\"og:image:width\" content=\"1075\" \/>\n\t<meta property=\"og:image:height\" content=\"1075\" \/>\n\t<meta property=\"og:image:type\" content=\"image\/jpeg\" \/>\n<meta name=\"author\" content=\"gbsarac\" \/>\n<meta name=\"twitter:card\" content=\"summary_large_image\" \/>\n<meta name=\"twitter:creator\" content=\"@ticaretedutr\" \/>\n<meta name=\"twitter:site\" content=\"@ticaretedutr\" \/>\n<meta name=\"twitter:label1\" content=\"Yazan:\" \/>\n\t<meta name=\"twitter:data1\" content=\"gbsarac\" \/>\n\t<meta name=\"twitter:label2\" content=\"Tahmini okuma s\u00fcresi\" \/>\n\t<meta name=\"twitter:data2\" content=\"1 dakika\" \/>\n<script type=\"application\/ld+json\" class=\"yoast-schema-graph\">{\"@context\":\"https:\/\/schema.org\",\"@graph\":[{\"@type\":\"WebPage\",\"@id\":\"http:\/\/ticaret.edu.tr\/lojistik-yonetimi\/2024\/11\/08\/yesil-lojistik-etkinligi\/\",\"url\":\"http:\/\/ticaret.edu.tr\/lojistik-yonetimi\/2024\/11\/08\/yesil-lojistik-etkinligi\/\",\"name\":\"Ye\u015fil Lojistik Etkinli\u011fi - Haberler - Lojistik Y\u00f6netimi\",\"isPartOf\":{\"@id\":\"http:\/\/ticaret.edu.tr\/lojistik-yonetimi\/#website\"},\"datePublished\":\"2024-11-08T14:40:21+00:00\",\"dateModified\":\"2024-11-08T14:40:41+00:00\",\"author\":{\"@id\":\"http:\/\/ticaret.edu.tr\/lojistik-yonetimi\/#\/schema\/person\/4aa249b095b70adb71c2dae8d34a1187\"},\"breadcrumb\":{\"@id\":\"http:\/\/ticaret.edu.tr\/lojistik-yonetimi\/2024\/11\/08\/yesil-lojistik-etkinligi\/#breadcrumb\"},\"inLanguage\":\"tr\",\"potentialAction\":[{\"@type\":\"ReadAction\",\"target\":[\"http:\/\/ticaret.edu.tr\/lojistik-yonetimi\/2024\/11\/08\/yesil-lojistik-etkinligi\/\"]}]},{\"@type\":\"BreadcrumbList\",\"@id\":\"http:\/\/ticaret.edu.tr\/lojistik-yonetimi\/2024\/11\/08\/yesil-lojistik-etkinligi\/#breadcrumb\",\"itemListElement\":[{\"@type\":\"ListItem\",\"position\":1,\"name\":\"Ana sayfa\",\"item\":\"http:\/\/ticaret.edu.tr\/lojistik-yonetimi\/\"},{\"@type\":\"ListItem\",\"position\":2,\"name\":\"Ye\u015fil Lojistik Etkinli\u011fi\"}]},{\"@type\":\"WebSite\",\"@id\":\"http:\/\/ticaret.edu.tr\/lojistik-yonetimi\/#website\",\"url\":\"http:\/\/ticaret.edu.tr\/lojistik-yonetimi\/\",\"name\":\"Lojistik Y\u00f6netimi\",\"description\":\"\",\"potentialAction\":[{\"@type\":\"SearchAction\",\"target\":{\"@type\":\"EntryPoint\",\"urlTemplate\":\"http:\/\/ticaret.edu.tr\/lojistik-yonetimi\/?s={search_term_string}\"},\"query-input\":\"required name=search_term_string\"}],\"inLanguage\":\"tr\"},{\"@type\":\"Person\",\"@id\":\"http:\/\/ticaret.edu.tr\/lojistik-yonetimi\/#\/schema\/person\/4aa249b095b70adb71c2dae8d34a1187\",\"name\":\"gbsarac\",\"image\":{\"@type\":\"ImageObject\",\"inLanguage\":\"tr\",\"@id\":\"http:\/\/ticaret.edu.tr\/lojistik-yonetimi\/#\/schema\/person\/image\/\",\"url\":\"http:\/\/0.gravatar.com\/avatar\/f0052b6e5ab8c994ee1268e017087370?s=96&d=mm&r=g\",\"contentUrl\":\"http:\/\/0.gravatar.com\/avatar\/f0052b6e5ab8c994ee1268e017087370?s=96&d=mm&r=g\",\"caption\":\"gbsarac\"},\"url\":\"http:\/\/ticaret.edu.tr\/lojistik-yonetimi\/author\/gbsarac\/\"}]}<\/script>\n<!-- \/ Yoast SEO Premium plugin. -->","yoast_head_json":{"title":"Ye\u015fil Lojistik Etkinli\u011fi - Haberler - Lojistik Y\u00f6netimi","robots":{"index":"index","follow":"follow","max-snippet":"max-snippet:-1","max-image-preview":"max-image-preview:large","max-video-preview":"max-video-preview:-1"},"canonical":"http:\/\/ticaret.edu.tr\/lojistik-yonetimi\/2024\/11\/08\/yesil-lojistik-etkinligi\/","og_locale":"tr_TR","og_type":"article","og_title":"Ye\u015fil Lojistik Etkinli\u011fi","og_description":"\u0130\u015fletme Fak\u00fcltesi Lojistik Y\u00f6netimi\u00a0B\u00f6l\u00fcm\u00fc\u2019n\u00fcn ger\u00e7ekle\u015ftirdi\u011fi \u201cYe\u015fil Lojistik ve S\u00fcrd\u00fcr\u00fclebilirlik\u201d isimli etkinlik, &#8221;Uluslararas\u0131 Ticaret ve Lojistik S\u00f6yle\u015fileri 4&#8221; kapsam\u0131nda b\u00f6l\u00fcm\u00fcm\u00fcz \u00f6\u011fretim \u00fcyesi Do\u00e7. Dr. G\u00f6zde Yang\u0131nlar\u2018\u0131n moderat\u00f6rl\u00fc\u011f\u00fcnde tamamland\u0131. Etkinli\u011fe konu\u015fmac\u0131 olarak Lojistik sekt\u00f6r\u00fcn\u00fcn \u00f6nc\u00fc firmalar\u0131ndan Kuehne Nagel Lojistik Firmas\u0131n\u0131n National Sea Logistics Manager &#8221;Asena \u00c7atal&#8221; kat\u0131ld\u0131. Ye\u015fil Lojistik ve S\u00fcrd\u00fcr\u00fclebilirlik hakk\u0131nda de\u011ferli g\u00f6r\u00fc\u015flerini bildirerek de\u011ferlendirmelerde bulundu.","og_url":"http:\/\/ticaret.edu.tr\/lojistik-yonetimi\/2024\/11\/08\/yesil-lojistik-etkinligi\/","og_site_name":"Lojistik Y\u00f6netimi","article_publisher":"https:\/\/www.facebook.com\/ticaretedutr","article_published_time":"2024-11-08T14:40:21+00:00","article_modified_time":"2024-11-08T14:40:41+00:00","og_image":[{"width":1075,"height":1075,"url":"http:\/\/ticaret.edu.tr\/lojistik-yonetimi\/wp-content\/uploads\/sites\/11\/2024\/11\/IMG_20240523_132352_837-1.jpg","type":"image\/jpeg"}],"author":"gbsarac","twitter_card":"summary_large_image","twitter_creator":"@ticaretedutr","twitter_site":"@ticaretedutr","twitter_misc":{"Yazan:":"gbsarac","Tahmini okuma s\u00fcresi":"1 dakika"},"schema":{"@context":"https:\/\/schema.org","@graph":[{"@type":"WebPage","@id":"http:\/\/ticaret.edu.tr\/lojistik-yonetimi\/2024\/11\/08\/yesil-lojistik-etkinligi\/","url":"http:\/\/ticaret.edu.tr\/lojistik-yonetimi\/2024\/11\/08\/yesil-lojistik-etkinligi\/","name":"Ye\u015fil Lojistik Etkinli\u011fi - Haberler - Lojistik Y\u00f6netimi","isPartOf":{"@id":"http:\/\/ticaret.edu.tr\/lojistik-yonetimi\/#website"},"datePublished":"2024-11-08T14:40:21+00:00","dateModified":"2024-11-08T14:40:41+00:00","author":{"@id":"http:\/\/ticaret.edu.tr\/lojistik-yonetimi\/#\/schema\/person\/4aa249b095b70adb71c2dae8d34a1187"},"breadcrumb":{"@id":"http:\/\/ticaret.edu.tr\/lojistik-yonetimi\/2024\/11\/08\/yesil-lojistik-etkinligi\/#breadcrumb"},"inLanguage":"tr","potentialAction":[{"@type":"ReadAction","target":["http:\/\/ticaret.edu.tr\/lojistik-yonetimi\/2024\/11\/08\/yesil-lojistik-etkinligi\/"]}]},{"@type":"BreadcrumbList","@id":"http:\/\/ticaret.edu.tr\/lojistik-yonetimi\/2024\/11\/08\/yesil-lojistik-etkinligi\/#breadcrumb","itemListElement":[{"@type":"ListItem","position":1,"name":"Ana sayfa","item":"http:\/\/ticaret.edu.tr\/lojistik-yonetimi\/"},{"@type":"ListItem","position":2,"name":"Ye\u015fil Lojistik Etkinli\u011fi"}]},{"@type":"WebSite","@id":"http:\/\/ticaret.edu.tr\/lojistik-yonetimi\/#website","url":"http:\/\/ticaret.edu.tr\/lojistik-yonetimi\/","name":"Lojistik Y\u00f6netimi","description":"","potentialAction":[{"@type":"SearchAction","target":{"@type":"EntryPoint","urlTemplate":"http:\/\/ticaret.edu.tr\/lojistik-yonetimi\/?s={search_term_string}"},"query-input":"required name=search_term_string"}],"inLanguage":"tr"},{"@type":"Person","@id":"http:\/\/ticaret.edu.tr\/lojistik-yonetimi\/#\/schema\/person\/4aa249b095b70adb71c2dae8d34a1187","name":"gbsarac","image":{"@type":"ImageObject","inLanguage":"tr","@id":"http:\/\/ticaret.edu.tr\/lojistik-yonetimi\/#\/schema\/person\/image\/","url":"http:\/\/0.gravatar.com\/avatar\/f0052b6e5ab8c994ee1268e017087370?s=96&d=mm&r=g","contentUrl":"http:\/\/0.gravatar.com\/avatar\/f0052b6e5ab8c994ee1268e017087370?s=96&d=mm&r=g","caption":"gbsarac"},"url":"http:\/\/ticaret.edu.tr\/lojistik-yonetimi\/author\/gbsarac\/"}]}},"lang":"tr","translations":{"tr":1093},"pll_sync_post":[],"_links":{"self":[{"href":"http:\/\/ticaret.edu.tr\/lojistik-yonetimi\/wp-json\/wp\/v2\/posts\/1093"}],"collection":[{"href":"http:\/\/ticaret.edu.tr\/lojistik-yonetimi\/wp-json\/wp\/v2\/posts"}],"about":[{"href":"http:\/\/ticaret.edu.tr\/lojistik-yonetimi\/wp-json\/wp\/v2\/types\/post"}],"author":[{"embeddable":true,"href":"http:\/\/ticaret.edu.tr\/lojistik-yonetimi\/wp-json\/wp\/v2\/users\/43"}],"replies":[{"embeddable":true,"href":"http:\/\/ticaret.edu.tr\/lojistik-yonetimi\/wp-json\/wp\/v2\/comments?post=1093"}],"version-history":[{"count":1,"href":"http:\/\/ticaret.edu.tr\/lojistik-yonetimi\/wp-json\/wp\/v2\/posts\/1093\/revisions"}],"predecessor-version":[{"id":1096,"href":"http:\/\/ticaret.edu.tr\/lojistik-yonetimi\/wp-json\/wp\/v2\/posts\/1093\/revisions\/1096"}],"wp:featuredmedia":[{"embeddable":true,"href":"http:\/\/ticaret.edu.tr\/lojistik-yonetimi\/wp-json\/wp\/v2\/media\/1097"}],"wp:attachment":[{"href":"http:\/\/ticaret.edu.tr\/lojistik-yonetimi\/wp-json\/wp\/v2\/media?parent=1093"}],"wp:term":[{"taxonomy":"category","embeddable":true,"href":"http:\/\/ticaret.edu.tr\/lojistik-yonetimi\/wp-json\/wp\/v2\/categories?post=1093"},{"taxonomy":"post_tag","embeddable":true,"href":"http:\/\/ticaret.edu.tr\/lojistik-yonetimi\/wp-json\/wp\/v2\/tags?post=1093"}],"curies":[{"name":"wp","href":"https:\/\/api.w.org\/{rel}","templated":true}]}}