{"id":117,"date":"2020-05-12T12:33:48","date_gmt":"2020-05-12T09:33:48","guid":{"rendered":"http:\/\/ticaret.edu.tr\/lojistik\/?p=117"},"modified":"2021-07-14T15:10:40","modified_gmt":"2021-07-14T12:10:40","slug":"mng-kargo-aktarma-merkezine-ziyaret","status":"publish","type":"post","link":"http:\/\/ticaret.edu.tr\/lojistik-yonetimi\/2020\/05\/12\/mng-kargo-aktarma-merkezine-ziyaret\/","title":{"rendered":"MNG Kargo Aktarma Merkezi\u2019ne Ziyaret"},"content":{"rendered":"<div><img loading=\"lazy\" decoding=\"async\" class=\"alignnone size-full wp-image-47\" src=\"http:\/\/ticaret.edu.tr\/lojistik\/wp-content\/uploads\/sites\/11\/2020\/05\/Galeri-6.png\" alt=\"\" width=\"693\" height=\"338\" srcset=\"http:\/\/ticaret.edu.tr\/lojistik-yonetimi\/wp-content\/uploads\/sites\/11\/2020\/05\/Galeri-6.png 693w, http:\/\/ticaret.edu.tr\/lojistik-yonetimi\/wp-content\/uploads\/sites\/11\/2020\/05\/Galeri-6-300x146.png 300w\" sizes=\"(max-width: 693px) 100vw, 693px\" \/><\/p>\n<p>Kariyer Merkezimizin organizasyonu ile Uluslararas\u0131 Lojistik B\u00f6l\u00fcm\u00fc \u00f6\u011frencileri MNG Kargo Teknoloji Aktarma Merkezi ziyaret etti.<\/p><\/div>\n<div>\n<p>Firma yetkilileri, teknoloji aktarma merkezindeki lojistik s\u00fcre\u00e7leri ile ilgili \u00f6\u011frencilerimize bilgi verdiler. Ziyarete; Uluslararas\u0131 Lojistik B\u00f6l\u00fcm\u00fc \u00f6\u011frencilerinden G\u00fclcan G\u00fcrate\u015f, Ya\u011fmur \u015eehsuvaro\u011flu, Ye\u015fim Toros, \u00d6zg\u00fcr Erdo\u011fan, Talha \u00c7avu\u015fo\u011flu, Merve Ba\u015fkan, Mehmet Furkan \u00c7elik, Batuhan \u0130yigel, Ali Giray G\u00fcne, Abdussamet Sayan, Abdullah Ali Yerinde, Muammer Kurban, Muhammed Burak \u0130nan, Fatih Cevat Babal\u0131, Talha Serdar Kucur, Kaan S\u00fct\u00e7\u00fco\u011flu, Mustafa Solmazg\u00fcl, Mehmet Bu\u011fra Kayhan ve Ekrem Emin Ba\u015f kat\u0131ld\u0131.<\/p>\n<\/div>\n","protected":false},"excerpt":{"rendered":"<p>Kariyer Merkezimizin organizasyonu ile Uluslararas\u0131 Lojistik B\u00f6l\u00fcm\u00fc \u00f6\u011frencileri MNG Kargo Teknoloji Aktarma Merkezi ziyaret etti. Firma yetkilileri, teknoloji aktarma merkezindeki lojistik s\u00fcre\u00e7leri ile ilgili \u00f6\u011frencilerimize bilgi verdiler. Ziyarete; Uluslararas\u0131 Lojistik B\u00f6l\u00fcm\u00fc \u00f6\u011frencilerinden G\u00fclcan G\u00fcrate\u015f, Ya\u011fmur \u015eehsuvaro\u011flu, Ye\u015fim Toros, \u00d6zg\u00fcr Erdo\u011fan, Talha \u00c7avu\u015fo\u011flu, Merve Ba\u015fkan, Mehmet Furkan \u00c7elik, Batuhan \u0130yigel, Ali Giray G\u00fcne, Abdussamet Sayan, Abdullah [&hellip;]<\/p>\n","protected":false},"author":63,"featured_media":47,"comment_status":"closed","ping_status":"closed","sticky":false,"template":"","format":"standard","meta":{"footnotes":""},"categories":[2],"tags":[],"yoast_head":"<!-- This site is optimized with the Yoast SEO Premium plugin v22.1 (Yoast SEO v22.1) - https:\/\/yoast.com\/wordpress\/plugins\/seo\/ -->\n<title>MNG Kargo Aktarma Merkezi\u2019ne Ziyaret - Lojistik Y\u00f6netimi<\/title>\n<meta name=\"robots\" content=\"index, follow, max-snippet:-1, max-image-preview:large, max-video-preview:-1\" \/>\n<link rel=\"canonical\" href=\"http:\/\/ticaret.edu.tr\/lojistik-yonetimi\/2020\/05\/12\/mng-kargo-aktarma-merkezine-ziyaret\/\" \/>\n<meta property=\"og:locale\" content=\"tr_TR\" \/>\n<meta property=\"og:type\" content=\"article\" \/>\n<meta property=\"og:title\" content=\"MNG Kargo Aktarma Merkezi\u2019ne Ziyaret\" \/>\n<meta property=\"og:description\" content=\"Kariyer Merkezimizin organizasyonu ile Uluslararas\u0131 Lojistik B\u00f6l\u00fcm\u00fc \u00f6\u011frencileri MNG Kargo Teknoloji Aktarma Merkezi ziyaret etti. Firma yetkilileri, teknoloji aktarma merkezindeki lojistik s\u00fcre\u00e7leri ile ilgili \u00f6\u011frencilerimize bilgi verdiler. Ziyarete; Uluslararas\u0131 Lojistik B\u00f6l\u00fcm\u00fc \u00f6\u011frencilerinden G\u00fclcan G\u00fcrate\u015f, Ya\u011fmur \u015eehsuvaro\u011flu, Ye\u015fim Toros, \u00d6zg\u00fcr Erdo\u011fan, Talha \u00c7avu\u015fo\u011flu, Merve Ba\u015fkan, Mehmet Furkan \u00c7elik, Batuhan \u0130yigel, Ali Giray G\u00fcne, Abdussamet Sayan, Abdullah [&hellip;]\" \/>\n<meta property=\"og:url\" content=\"http:\/\/ticaret.edu.tr\/lojistik-yonetimi\/2020\/05\/12\/mng-kargo-aktarma-merkezine-ziyaret\/\" \/>\n<meta property=\"og:site_name\" content=\"Lojistik Y\u00f6netimi\" \/>\n<meta property=\"article:publisher\" content=\"https:\/\/www.facebook.com\/ticaretedutr\" \/>\n<meta property=\"article:published_time\" content=\"2020-05-12T09:33:48+00:00\" \/>\n<meta property=\"article:modified_time\" content=\"2021-07-14T12:10:40+00:00\" \/>\n<meta property=\"og:image\" content=\"http:\/\/ticaret.edu.tr\/lojistik-yonetimi\/wp-content\/uploads\/sites\/11\/2020\/05\/Galeri-6.png\" \/>\n\t<meta property=\"og:image:width\" content=\"693\" \/>\n\t<meta property=\"og:image:height\" content=\"338\" \/>\n\t<meta property=\"og:image:type\" content=\"image\/png\" \/>\n<meta name=\"author\" content=\"bsirin\" \/>\n<meta name=\"twitter:card\" content=\"summary_large_image\" \/>\n<meta name=\"twitter:creator\" content=\"@ticaretedutr\" \/>\n<meta name=\"twitter:site\" content=\"@ticaretedutr\" \/>\n<meta name=\"twitter:label1\" content=\"Yazan:\" \/>\n\t<meta name=\"twitter:data1\" content=\"bsirin\" \/>\n\t<meta name=\"twitter:label2\" content=\"Tahmini okuma s\u00fcresi\" \/>\n\t<meta name=\"twitter:data2\" content=\"1 dakika\" \/>\n<script type=\"application\/ld+json\" class=\"yoast-schema-graph\">{\"@context\":\"https:\/\/schema.org\",\"@graph\":[{\"@type\":\"WebPage\",\"@id\":\"http:\/\/ticaret.edu.tr\/lojistik-yonetimi\/2020\/05\/12\/mng-kargo-aktarma-merkezine-ziyaret\/\",\"url\":\"http:\/\/ticaret.edu.tr\/lojistik-yonetimi\/2020\/05\/12\/mng-kargo-aktarma-merkezine-ziyaret\/\",\"name\":\"MNG Kargo Aktarma Merkezi\u2019ne Ziyaret - Lojistik Y\u00f6netimi\",\"isPartOf\":{\"@id\":\"https:\/\/ticaret.edu.tr\/lojistik-yonetimi\/#website\"},\"datePublished\":\"2020-05-12T09:33:48+00:00\",\"dateModified\":\"2021-07-14T12:10:40+00:00\",\"author\":{\"@id\":\"https:\/\/ticaret.edu.tr\/lojistik-yonetimi\/#\/schema\/person\/0b1afb67058e50995068f7fe0b48339b\"},\"breadcrumb\":{\"@id\":\"http:\/\/ticaret.edu.tr\/lojistik-yonetimi\/2020\/05\/12\/mng-kargo-aktarma-merkezine-ziyaret\/#breadcrumb\"},\"inLanguage\":\"tr\",\"potentialAction\":[{\"@type\":\"ReadAction\",\"target\":[\"http:\/\/ticaret.edu.tr\/lojistik-yonetimi\/2020\/05\/12\/mng-kargo-aktarma-merkezine-ziyaret\/\"]}]},{\"@type\":\"BreadcrumbList\",\"@id\":\"http:\/\/ticaret.edu.tr\/lojistik-yonetimi\/2020\/05\/12\/mng-kargo-aktarma-merkezine-ziyaret\/#breadcrumb\",\"itemListElement\":[{\"@type\":\"ListItem\",\"position\":1,\"name\":\"Ana sayfa\",\"item\":\"https:\/\/ticaret.edu.tr\/lojistik-yonetimi\/\"},{\"@type\":\"ListItem\",\"position\":2,\"name\":\"MNG Kargo Aktarma Merkezi\u2019ne Ziyaret\"}]},{\"@type\":\"WebSite\",\"@id\":\"https:\/\/ticaret.edu.tr\/lojistik-yonetimi\/#website\",\"url\":\"https:\/\/ticaret.edu.tr\/lojistik-yonetimi\/\",\"name\":\"Lojistik Y\u00f6netimi\",\"description\":\"\",\"potentialAction\":[{\"@type\":\"SearchAction\",\"target\":{\"@type\":\"EntryPoint\",\"urlTemplate\":\"https:\/\/ticaret.edu.tr\/lojistik-yonetimi\/?s={search_term_string}\"},\"query-input\":\"required name=search_term_string\"}],\"inLanguage\":\"tr\"},{\"@type\":\"Person\",\"@id\":\"https:\/\/ticaret.edu.tr\/lojistik-yonetimi\/#\/schema\/person\/0b1afb67058e50995068f7fe0b48339b\",\"name\":\"bsirin\",\"image\":{\"@type\":\"ImageObject\",\"inLanguage\":\"tr\",\"@id\":\"https:\/\/ticaret.edu.tr\/lojistik-yonetimi\/#\/schema\/person\/image\/\",\"url\":\"http:\/\/2.gravatar.com\/avatar\/266971e41e0cdd7cb432d58f22bca6c7?s=96&d=mm&r=g\",\"contentUrl\":\"http:\/\/2.gravatar.com\/avatar\/266971e41e0cdd7cb432d58f22bca6c7?s=96&d=mm&r=g\",\"caption\":\"bsirin\"},\"url\":\"http:\/\/ticaret.edu.tr\/lojistik-yonetimi\/author\/bsirin\/\"}]}<\/script>\n<!-- \/ Yoast SEO Premium plugin. -->","yoast_head_json":{"title":"MNG Kargo Aktarma Merkezi\u2019ne Ziyaret - Lojistik Y\u00f6netimi","robots":{"index":"index","follow":"follow","max-snippet":"max-snippet:-1","max-image-preview":"max-image-preview:large","max-video-preview":"max-video-preview:-1"},"canonical":"http:\/\/ticaret.edu.tr\/lojistik-yonetimi\/2020\/05\/12\/mng-kargo-aktarma-merkezine-ziyaret\/","og_locale":"tr_TR","og_type":"article","og_title":"MNG Kargo Aktarma Merkezi\u2019ne Ziyaret","og_description":"Kariyer Merkezimizin organizasyonu ile Uluslararas\u0131 Lojistik B\u00f6l\u00fcm\u00fc \u00f6\u011frencileri MNG Kargo Teknoloji Aktarma Merkezi ziyaret etti. Firma yetkilileri, teknoloji aktarma merkezindeki lojistik s\u00fcre\u00e7leri ile ilgili \u00f6\u011frencilerimize bilgi verdiler. Ziyarete; Uluslararas\u0131 Lojistik B\u00f6l\u00fcm\u00fc \u00f6\u011frencilerinden G\u00fclcan G\u00fcrate\u015f, Ya\u011fmur \u015eehsuvaro\u011flu, Ye\u015fim Toros, \u00d6zg\u00fcr Erdo\u011fan, Talha \u00c7avu\u015fo\u011flu, Merve Ba\u015fkan, Mehmet Furkan \u00c7elik, Batuhan \u0130yigel, Ali Giray G\u00fcne, Abdussamet Sayan, Abdullah [&hellip;]","og_url":"http:\/\/ticaret.edu.tr\/lojistik-yonetimi\/2020\/05\/12\/mng-kargo-aktarma-merkezine-ziyaret\/","og_site_name":"Lojistik Y\u00f6netimi","article_publisher":"https:\/\/www.facebook.com\/ticaretedutr","article_published_time":"2020-05-12T09:33:48+00:00","article_modified_time":"2021-07-14T12:10:40+00:00","og_image":[{"width":693,"height":338,"url":"http:\/\/ticaret.edu.tr\/lojistik-yonetimi\/wp-content\/uploads\/sites\/11\/2020\/05\/Galeri-6.png","type":"image\/png"}],"author":"bsirin","twitter_card":"summary_large_image","twitter_creator":"@ticaretedutr","twitter_site":"@ticaretedutr","twitter_misc":{"Yazan:":"bsirin","Tahmini okuma s\u00fcresi":"1 dakika"},"schema":{"@context":"https:\/\/schema.org","@graph":[{"@type":"WebPage","@id":"http:\/\/ticaret.edu.tr\/lojistik-yonetimi\/2020\/05\/12\/mng-kargo-aktarma-merkezine-ziyaret\/","url":"http:\/\/ticaret.edu.tr\/lojistik-yonetimi\/2020\/05\/12\/mng-kargo-aktarma-merkezine-ziyaret\/","name":"MNG Kargo Aktarma Merkezi\u2019ne Ziyaret - Lojistik Y\u00f6netimi","isPartOf":{"@id":"https:\/\/ticaret.edu.tr\/lojistik-yonetimi\/#website"},"datePublished":"2020-05-12T09:33:48+00:00","dateModified":"2021-07-14T12:10:40+00:00","author":{"@id":"https:\/\/ticaret.edu.tr\/lojistik-yonetimi\/#\/schema\/person\/0b1afb67058e50995068f7fe0b48339b"},"breadcrumb":{"@id":"http:\/\/ticaret.edu.tr\/lojistik-yonetimi\/2020\/05\/12\/mng-kargo-aktarma-merkezine-ziyaret\/#breadcrumb"},"inLanguage":"tr","potentialAction":[{"@type":"ReadAction","target":["http:\/\/ticaret.edu.tr\/lojistik-yonetimi\/2020\/05\/12\/mng-kargo-aktarma-merkezine-ziyaret\/"]}]},{"@type":"BreadcrumbList","@id":"http:\/\/ticaret.edu.tr\/lojistik-yonetimi\/2020\/05\/12\/mng-kargo-aktarma-merkezine-ziyaret\/#breadcrumb","itemListElement":[{"@type":"ListItem","position":1,"name":"Ana sayfa","item":"https:\/\/ticaret.edu.tr\/lojistik-yonetimi\/"},{"@type":"ListItem","position":2,"name":"MNG Kargo Aktarma Merkezi\u2019ne Ziyaret"}]},{"@type":"WebSite","@id":"https:\/\/ticaret.edu.tr\/lojistik-yonetimi\/#website","url":"https:\/\/ticaret.edu.tr\/lojistik-yonetimi\/","name":"Lojistik Y\u00f6netimi","description":"","potentialAction":[{"@type":"SearchAction","target":{"@type":"EntryPoint","urlTemplate":"https:\/\/ticaret.edu.tr\/lojistik-yonetimi\/?s={search_term_string}"},"query-input":"required name=search_term_string"}],"inLanguage":"tr"},{"@type":"Person","@id":"https:\/\/ticaret.edu.tr\/lojistik-yonetimi\/#\/schema\/person\/0b1afb67058e50995068f7fe0b48339b","name":"bsirin","image":{"@type":"ImageObject","inLanguage":"tr","@id":"https:\/\/ticaret.edu.tr\/lojistik-yonetimi\/#\/schema\/person\/image\/","url":"http:\/\/2.gravatar.com\/avatar\/266971e41e0cdd7cb432d58f22bca6c7?s=96&d=mm&r=g","contentUrl":"http:\/\/2.gravatar.com\/avatar\/266971e41e0cdd7cb432d58f22bca6c7?s=96&d=mm&r=g","caption":"bsirin"},"url":"http:\/\/ticaret.edu.tr\/lojistik-yonetimi\/author\/bsirin\/"}]}},"lang":"tr","translations":{"tr":117},"pll_sync_post":[],"_links":{"self":[{"href":"http:\/\/ticaret.edu.tr\/lojistik-yonetimi\/wp-json\/wp\/v2\/posts\/117"}],"collection":[{"href":"http:\/\/ticaret.edu.tr\/lojistik-yonetimi\/wp-json\/wp\/v2\/posts"}],"about":[{"href":"http:\/\/ticaret.edu.tr\/lojistik-yonetimi\/wp-json\/wp\/v2\/types\/post"}],"author":[{"embeddable":true,"href":"http:\/\/ticaret.edu.tr\/lojistik-yonetimi\/wp-json\/wp\/v2\/users\/63"}],"replies":[{"embeddable":true,"href":"http:\/\/ticaret.edu.tr\/lojistik-yonetimi\/wp-json\/wp\/v2\/comments?post=117"}],"version-history":[{"count":4,"href":"http:\/\/ticaret.edu.tr\/lojistik-yonetimi\/wp-json\/wp\/v2\/posts\/117\/revisions"}],"predecessor-version":[{"id":137,"href":"http:\/\/ticaret.edu.tr\/lojistik-yonetimi\/wp-json\/wp\/v2\/posts\/117\/revisions\/137"}],"wp:featuredmedia":[{"embeddable":true,"href":"http:\/\/ticaret.edu.tr\/lojistik-yonetimi\/wp-json\/wp\/v2\/media\/47"}],"wp:attachment":[{"href":"http:\/\/ticaret.edu.tr\/lojistik-yonetimi\/wp-json\/wp\/v2\/media?parent=117"}],"wp:term":[{"taxonomy":"category","embeddable":true,"href":"http:\/\/ticaret.edu.tr\/lojistik-yonetimi\/wp-json\/wp\/v2\/categories?post=117"},{"taxonomy":"post_tag","embeddable":true,"href":"http:\/\/ticaret.edu.tr\/lojistik-yonetimi\/wp-json\/wp\/v2\/tags?post=117"}],"curies":[{"name":"wp","href":"https:\/\/api.w.org\/{rel}","templated":true}]}}