{"id":1764,"date":"2025-12-23T21:16:05","date_gmt":"2025-12-23T18:16:05","guid":{"rendered":"https:\/\/ticaret.edu.tr\/lojistik-yonetimi\/?p=1764"},"modified":"2025-12-23T21:41:23","modified_gmt":"2025-12-23T18:41:23","slug":"turkish-cargo-gezisi-gerceklestirildi","status":"publish","type":"post","link":"http:\/\/ticaret.edu.tr\/lojistik-yonetimi\/2025\/12\/23\/turkish-cargo-gezisi-gerceklestirildi\/","title":{"rendered":"Turkish Cargo Gezisi Ger\u00e7ekle\u015ftirildi"},"content":{"rendered":"<p>Lojistik Toplulu\u011fu \u00f6\u011frencilerimizle birlikte topluluk dan\u0131\u015fman\u0131 Ar\u015f. G\u00f6r. Bayram \u015eirin e\u015fli\u011finde 16.12.2025 tarihinde Turkish Cargo saha gezisi ger\u00e7ekle\u015ftirildi.<\/p>\n<p data-start=\"93\" data-end=\"369\">Gezi kapsam\u0131nda \u00f6\u011frenciler, hava kargo operasyonlar\u0131n\u0131n i\u015fleyi\u015fi, depo ve y\u00fckleme s\u00fcre\u00e7leri ile operasyonel planlama hakk\u0131nda yerinde bilgi alma imk\u00e2n\u0131 buldu.<\/p>\n<p data-start=\"371\" data-end=\"683\">Alan\u0131nda uzman yetkililer taraf\u0131ndan yap\u0131lan bilgilendirmeler sayesinde \u00f6\u011frenciler, teorik bilgilerini ger\u00e7ek saha uygulamalar\u0131yla peki\u015ftirdi. Etkinlik, \u00f6\u011frencilerin sekt\u00f6r dinamiklerini yak\u0131ndan tan\u0131malar\u0131na katk\u0131 sa\u011flarken \u00fcniversite\u2013sekt\u00f6r i\u015f birli\u011finin g\u00fc\u00e7lendirilmesi a\u00e7\u0131s\u0131ndan da verimli bir deneyim sundu.<\/p>\n<p data-start=\"371\" data-end=\"683\"><img loading=\"lazy\" decoding=\"async\" class=\"aligncenter  wp-image-1773\" src=\"http:\/\/ticaret.edu.tr\/lojistik-yonetimi\/wp-content\/uploads\/sites\/11\/2025\/12\/Turkish-Cargo-3-1024x768.jpeg\" alt=\"\" width=\"761\" height=\"570\" srcset=\"http:\/\/ticaret.edu.tr\/lojistik-yonetimi\/wp-content\/uploads\/sites\/11\/2025\/12\/Turkish-Cargo-3-1024x768.jpeg 1024w, http:\/\/ticaret.edu.tr\/lojistik-yonetimi\/wp-content\/uploads\/sites\/11\/2025\/12\/Turkish-Cargo-3-300x225.jpeg 300w, http:\/\/ticaret.edu.tr\/lojistik-yonetimi\/wp-content\/uploads\/sites\/11\/2025\/12\/Turkish-Cargo-3-768x576.jpeg 768w, http:\/\/ticaret.edu.tr\/lojistik-yonetimi\/wp-content\/uploads\/sites\/11\/2025\/12\/Turkish-Cargo-3-1536x1152.jpeg 1536w, http:\/\/ticaret.edu.tr\/lojistik-yonetimi\/wp-content\/uploads\/sites\/11\/2025\/12\/Turkish-Cargo-3.jpeg 1600w\" sizes=\"(max-width: 761px) 100vw, 761px\" \/><\/p>\n<p data-start=\"371\" data-end=\"683\"><img loading=\"lazy\" decoding=\"async\" class=\"aligncenter  wp-image-1774\" src=\"http:\/\/ticaret.edu.tr\/lojistik-yonetimi\/wp-content\/uploads\/sites\/11\/2025\/12\/Turkish-Cargo-1-768x1024.jpeg\" alt=\"\" width=\"605\" height=\"807\" srcset=\"http:\/\/ticaret.edu.tr\/lojistik-yonetimi\/wp-content\/uploads\/sites\/11\/2025\/12\/Turkish-Cargo-1-768x1024.jpeg 768w, http:\/\/ticaret.edu.tr\/lojistik-yonetimi\/wp-content\/uploads\/sites\/11\/2025\/12\/Turkish-Cargo-1-225x300.jpeg 225w, http:\/\/ticaret.edu.tr\/lojistik-yonetimi\/wp-content\/uploads\/sites\/11\/2025\/12\/Turkish-Cargo-1-1152x1536.jpeg 1152w, http:\/\/ticaret.edu.tr\/lojistik-yonetimi\/wp-content\/uploads\/sites\/11\/2025\/12\/Turkish-Cargo-1.jpeg 1200w\" sizes=\"(max-width: 605px) 100vw, 605px\" \/><\/p>\n<p data-start=\"371\" data-end=\"683\"><img loading=\"lazy\" decoding=\"async\" class=\"aligncenter  wp-image-1775\" src=\"http:\/\/ticaret.edu.tr\/lojistik-yonetimi\/wp-content\/uploads\/sites\/11\/2025\/12\/Turkish-Cargo-2-1024x768.jpeg\" alt=\"\" width=\"696\" height=\"522\" srcset=\"http:\/\/ticaret.edu.tr\/lojistik-yonetimi\/wp-content\/uploads\/sites\/11\/2025\/12\/Turkish-Cargo-2-1024x768.jpeg 1024w, http:\/\/ticaret.edu.tr\/lojistik-yonetimi\/wp-content\/uploads\/sites\/11\/2025\/12\/Turkish-Cargo-2-300x225.jpeg 300w, http:\/\/ticaret.edu.tr\/lojistik-yonetimi\/wp-content\/uploads\/sites\/11\/2025\/12\/Turkish-Cargo-2-768x576.jpeg 768w, http:\/\/ticaret.edu.tr\/lojistik-yonetimi\/wp-content\/uploads\/sites\/11\/2025\/12\/Turkish-Cargo-2-1536x1152.jpeg 1536w, http:\/\/ticaret.edu.tr\/lojistik-yonetimi\/wp-content\/uploads\/sites\/11\/2025\/12\/Turkish-Cargo-2.jpeg 1600w\" sizes=\"(max-width: 696px) 100vw, 696px\" \/><\/p>\n","protected":false},"excerpt":{"rendered":"<p>Lojistik Toplulu\u011fu \u00f6\u011frencilerimizle birlikte topluluk dan\u0131\u015fman\u0131 Ar\u015f. G\u00f6r. Bayram \u015eirin e\u015fli\u011finde 16.12.2025 tarihinde Turkish Cargo saha gezisi ger\u00e7ekle\u015ftirildi. Gezi kapsam\u0131nda \u00f6\u011frenciler, hava kargo operasyonlar\u0131n\u0131n i\u015fleyi\u015fi, depo ve y\u00fckleme s\u00fcre\u00e7leri ile operasyonel planlama hakk\u0131nda yerinde bilgi alma imk\u00e2n\u0131 buldu. Alan\u0131nda uzman yetkililer taraf\u0131ndan yap\u0131lan bilgilendirmeler sayesinde \u00f6\u011frenciler, teorik bilgilerini ger\u00e7ek saha uygulamalar\u0131yla peki\u015ftirdi. Etkinlik, \u00f6\u011frencilerin sekt\u00f6r [&hellip;]<\/p>\n","protected":false},"author":63,"featured_media":1765,"comment_status":"closed","ping_status":"closed","sticky":false,"template":"","format":"standard","meta":{"footnotes":""},"categories":[2],"tags":[],"yoast_head":"<!-- This site is optimized with the Yoast SEO Premium plugin v22.1 (Yoast SEO v22.1) - https:\/\/yoast.com\/wordpress\/plugins\/seo\/ -->\n<title>Turkish Cargo Gezisi Ger\u00e7ekle\u015ftirildi - Haberler - Lojistik Y\u00f6netimi<\/title>\n<meta name=\"description\" content=\"\u0130stanbul Ticaret \u00dcniversitesi - \u0130\u015fletme Fak\u00fcltesi - Lojistik Y\u00f6netimi B\u00f6l\u00fcm\u00fc - Lojistik Toplulu\u011fu - Turkish Cargo Gezisi\" \/>\n<meta name=\"robots\" content=\"index, follow, max-snippet:-1, max-image-preview:large, max-video-preview:-1\" \/>\n<link rel=\"canonical\" href=\"https:\/\/ticaret.edu.tr\/lojistik-yonetimi\/2025\/12\/23\/turkish-cargo-gezisi-gerceklestirildi\/\" \/>\n<meta property=\"og:locale\" content=\"tr_TR\" \/>\n<meta property=\"og:type\" content=\"article\" \/>\n<meta property=\"og:title\" content=\"Turkish Cargo Gezisi Ger\u00e7ekle\u015ftirildi\" \/>\n<meta property=\"og:description\" content=\"\u0130stanbul Ticaret \u00dcniversitesi - \u0130\u015fletme Fak\u00fcltesi - Lojistik Y\u00f6netimi B\u00f6l\u00fcm\u00fc - Lojistik Toplulu\u011fu - Turkish Cargo Gezisi\" \/>\n<meta property=\"og:url\" content=\"https:\/\/ticaret.edu.tr\/lojistik-yonetimi\/2025\/12\/23\/turkish-cargo-gezisi-gerceklestirildi\/\" \/>\n<meta property=\"og:site_name\" content=\"Lojistik Y\u00f6netimi\" \/>\n<meta property=\"article:publisher\" content=\"https:\/\/www.facebook.com\/ticaretedutr\" \/>\n<meta property=\"article:published_time\" content=\"2025-12-23T18:16:05+00:00\" \/>\n<meta property=\"article:modified_time\" content=\"2025-12-23T18:41:23+00:00\" \/>\n<meta property=\"og:image\" content=\"https:\/\/ticaret.edu.tr\/lojistik-yonetimi\/wp-content\/uploads\/sites\/11\/2025\/12\/Turkish-Cargo.jpeg\" \/>\n\t<meta property=\"og:image:width\" content=\"1600\" \/>\n\t<meta property=\"og:image:height\" content=\"1200\" \/>\n\t<meta property=\"og:image:type\" content=\"image\/jpeg\" \/>\n<meta name=\"author\" content=\"bsirin\" \/>\n<meta name=\"twitter:card\" content=\"summary_large_image\" \/>\n<meta name=\"twitter:creator\" content=\"@ticaretedutr\" \/>\n<meta name=\"twitter:site\" content=\"@ticaretedutr\" \/>\n<meta name=\"twitter:label1\" content=\"Yazan:\" \/>\n\t<meta name=\"twitter:data1\" content=\"bsirin\" \/>\n\t<meta name=\"twitter:label2\" content=\"Tahmini okuma s\u00fcresi\" \/>\n\t<meta name=\"twitter:data2\" content=\"2 dakika\" \/>\n<script type=\"application\/ld+json\" class=\"yoast-schema-graph\">{\"@context\":\"https:\/\/schema.org\",\"@graph\":[{\"@type\":\"WebPage\",\"@id\":\"https:\/\/ticaret.edu.tr\/lojistik-yonetimi\/2025\/12\/23\/turkish-cargo-gezisi-gerceklestirildi\/\",\"url\":\"https:\/\/ticaret.edu.tr\/lojistik-yonetimi\/2025\/12\/23\/turkish-cargo-gezisi-gerceklestirildi\/\",\"name\":\"Turkish Cargo Gezisi Ger\u00e7ekle\u015ftirildi - Haberler - Lojistik Y\u00f6netimi\",\"isPartOf\":{\"@id\":\"http:\/\/ticaret.edu.tr\/lojistik-yonetimi\/#website\"},\"datePublished\":\"2025-12-23T18:16:05+00:00\",\"dateModified\":\"2025-12-23T18:41:23+00:00\",\"author\":{\"@id\":\"http:\/\/ticaret.edu.tr\/lojistik-yonetimi\/#\/schema\/person\/0b1afb67058e50995068f7fe0b48339b\"},\"description\":\"\u0130stanbul Ticaret \u00dcniversitesi - \u0130\u015fletme Fak\u00fcltesi - Lojistik Y\u00f6netimi B\u00f6l\u00fcm\u00fc - Lojistik Toplulu\u011fu - Turkish Cargo Gezisi\",\"breadcrumb\":{\"@id\":\"https:\/\/ticaret.edu.tr\/lojistik-yonetimi\/2025\/12\/23\/turkish-cargo-gezisi-gerceklestirildi\/#breadcrumb\"},\"inLanguage\":\"tr\",\"potentialAction\":[{\"@type\":\"ReadAction\",\"target\":[\"https:\/\/ticaret.edu.tr\/lojistik-yonetimi\/2025\/12\/23\/turkish-cargo-gezisi-gerceklestirildi\/\"]}]},{\"@type\":\"BreadcrumbList\",\"@id\":\"https:\/\/ticaret.edu.tr\/lojistik-yonetimi\/2025\/12\/23\/turkish-cargo-gezisi-gerceklestirildi\/#breadcrumb\",\"itemListElement\":[{\"@type\":\"ListItem\",\"position\":1,\"name\":\"Ana sayfa\",\"item\":\"http:\/\/ticaret.edu.tr\/lojistik-yonetimi\/\"},{\"@type\":\"ListItem\",\"position\":2,\"name\":\"Turkish Cargo Gezisi Ger\u00e7ekle\u015ftirildi\"}]},{\"@type\":\"WebSite\",\"@id\":\"http:\/\/ticaret.edu.tr\/lojistik-yonetimi\/#website\",\"url\":\"http:\/\/ticaret.edu.tr\/lojistik-yonetimi\/\",\"name\":\"Lojistik Y\u00f6netimi\",\"description\":\"\",\"potentialAction\":[{\"@type\":\"SearchAction\",\"target\":{\"@type\":\"EntryPoint\",\"urlTemplate\":\"http:\/\/ticaret.edu.tr\/lojistik-yonetimi\/?s={search_term_string}\"},\"query-input\":\"required name=search_term_string\"}],\"inLanguage\":\"tr\"},{\"@type\":\"Person\",\"@id\":\"http:\/\/ticaret.edu.tr\/lojistik-yonetimi\/#\/schema\/person\/0b1afb67058e50995068f7fe0b48339b\",\"name\":\"bsirin\",\"image\":{\"@type\":\"ImageObject\",\"inLanguage\":\"tr\",\"@id\":\"http:\/\/ticaret.edu.tr\/lojistik-yonetimi\/#\/schema\/person\/image\/\",\"url\":\"http:\/\/2.gravatar.com\/avatar\/266971e41e0cdd7cb432d58f22bca6c7?s=96&d=mm&r=g\",\"contentUrl\":\"http:\/\/2.gravatar.com\/avatar\/266971e41e0cdd7cb432d58f22bca6c7?s=96&d=mm&r=g\",\"caption\":\"bsirin\"},\"url\":\"http:\/\/ticaret.edu.tr\/lojistik-yonetimi\/author\/bsirin\/\"}]}<\/script>\n<!-- \/ Yoast SEO Premium plugin. -->","yoast_head_json":{"title":"Turkish Cargo Gezisi Ger\u00e7ekle\u015ftirildi - Haberler - Lojistik Y\u00f6netimi","description":"\u0130stanbul Ticaret \u00dcniversitesi - \u0130\u015fletme Fak\u00fcltesi - Lojistik Y\u00f6netimi B\u00f6l\u00fcm\u00fc - Lojistik Toplulu\u011fu - Turkish Cargo Gezisi","robots":{"index":"index","follow":"follow","max-snippet":"max-snippet:-1","max-image-preview":"max-image-preview:large","max-video-preview":"max-video-preview:-1"},"canonical":"https:\/\/ticaret.edu.tr\/lojistik-yonetimi\/2025\/12\/23\/turkish-cargo-gezisi-gerceklestirildi\/","og_locale":"tr_TR","og_type":"article","og_title":"Turkish Cargo Gezisi Ger\u00e7ekle\u015ftirildi","og_description":"\u0130stanbul Ticaret \u00dcniversitesi - \u0130\u015fletme Fak\u00fcltesi - Lojistik Y\u00f6netimi B\u00f6l\u00fcm\u00fc - Lojistik Toplulu\u011fu - Turkish Cargo Gezisi","og_url":"https:\/\/ticaret.edu.tr\/lojistik-yonetimi\/2025\/12\/23\/turkish-cargo-gezisi-gerceklestirildi\/","og_site_name":"Lojistik Y\u00f6netimi","article_publisher":"https:\/\/www.facebook.com\/ticaretedutr","article_published_time":"2025-12-23T18:16:05+00:00","article_modified_time":"2025-12-23T18:41:23+00:00","og_image":[{"width":1600,"height":1200,"url":"https:\/\/ticaret.edu.tr\/lojistik-yonetimi\/wp-content\/uploads\/sites\/11\/2025\/12\/Turkish-Cargo.jpeg","type":"image\/jpeg"}],"author":"bsirin","twitter_card":"summary_large_image","twitter_creator":"@ticaretedutr","twitter_site":"@ticaretedutr","twitter_misc":{"Yazan:":"bsirin","Tahmini okuma s\u00fcresi":"2 dakika"},"schema":{"@context":"https:\/\/schema.org","@graph":[{"@type":"WebPage","@id":"https:\/\/ticaret.edu.tr\/lojistik-yonetimi\/2025\/12\/23\/turkish-cargo-gezisi-gerceklestirildi\/","url":"https:\/\/ticaret.edu.tr\/lojistik-yonetimi\/2025\/12\/23\/turkish-cargo-gezisi-gerceklestirildi\/","name":"Turkish Cargo Gezisi Ger\u00e7ekle\u015ftirildi - Haberler - Lojistik Y\u00f6netimi","isPartOf":{"@id":"http:\/\/ticaret.edu.tr\/lojistik-yonetimi\/#website"},"datePublished":"2025-12-23T18:16:05+00:00","dateModified":"2025-12-23T18:41:23+00:00","author":{"@id":"http:\/\/ticaret.edu.tr\/lojistik-yonetimi\/#\/schema\/person\/0b1afb67058e50995068f7fe0b48339b"},"description":"\u0130stanbul Ticaret \u00dcniversitesi - \u0130\u015fletme Fak\u00fcltesi - Lojistik Y\u00f6netimi B\u00f6l\u00fcm\u00fc - Lojistik Toplulu\u011fu - Turkish Cargo Gezisi","breadcrumb":{"@id":"https:\/\/ticaret.edu.tr\/lojistik-yonetimi\/2025\/12\/23\/turkish-cargo-gezisi-gerceklestirildi\/#breadcrumb"},"inLanguage":"tr","potentialAction":[{"@type":"ReadAction","target":["https:\/\/ticaret.edu.tr\/lojistik-yonetimi\/2025\/12\/23\/turkish-cargo-gezisi-gerceklestirildi\/"]}]},{"@type":"BreadcrumbList","@id":"https:\/\/ticaret.edu.tr\/lojistik-yonetimi\/2025\/12\/23\/turkish-cargo-gezisi-gerceklestirildi\/#breadcrumb","itemListElement":[{"@type":"ListItem","position":1,"name":"Ana sayfa","item":"http:\/\/ticaret.edu.tr\/lojistik-yonetimi\/"},{"@type":"ListItem","position":2,"name":"Turkish Cargo Gezisi Ger\u00e7ekle\u015ftirildi"}]},{"@type":"WebSite","@id":"http:\/\/ticaret.edu.tr\/lojistik-yonetimi\/#website","url":"http:\/\/ticaret.edu.tr\/lojistik-yonetimi\/","name":"Lojistik Y\u00f6netimi","description":"","potentialAction":[{"@type":"SearchAction","target":{"@type":"EntryPoint","urlTemplate":"http:\/\/ticaret.edu.tr\/lojistik-yonetimi\/?s={search_term_string}"},"query-input":"required name=search_term_string"}],"inLanguage":"tr"},{"@type":"Person","@id":"http:\/\/ticaret.edu.tr\/lojistik-yonetimi\/#\/schema\/person\/0b1afb67058e50995068f7fe0b48339b","name":"bsirin","image":{"@type":"ImageObject","inLanguage":"tr","@id":"http:\/\/ticaret.edu.tr\/lojistik-yonetimi\/#\/schema\/person\/image\/","url":"http:\/\/2.gravatar.com\/avatar\/266971e41e0cdd7cb432d58f22bca6c7?s=96&d=mm&r=g","contentUrl":"http:\/\/2.gravatar.com\/avatar\/266971e41e0cdd7cb432d58f22bca6c7?s=96&d=mm&r=g","caption":"bsirin"},"url":"http:\/\/ticaret.edu.tr\/lojistik-yonetimi\/author\/bsirin\/"}]}},"lang":"tr","translations":{"tr":1764},"pll_sync_post":[],"_links":{"self":[{"href":"http:\/\/ticaret.edu.tr\/lojistik-yonetimi\/wp-json\/wp\/v2\/posts\/1764"}],"collection":[{"href":"http:\/\/ticaret.edu.tr\/lojistik-yonetimi\/wp-json\/wp\/v2\/posts"}],"about":[{"href":"http:\/\/ticaret.edu.tr\/lojistik-yonetimi\/wp-json\/wp\/v2\/types\/post"}],"author":[{"embeddable":true,"href":"http:\/\/ticaret.edu.tr\/lojistik-yonetimi\/wp-json\/wp\/v2\/users\/63"}],"replies":[{"embeddable":true,"href":"http:\/\/ticaret.edu.tr\/lojistik-yonetimi\/wp-json\/wp\/v2\/comments?post=1764"}],"version-history":[{"count":5,"href":"http:\/\/ticaret.edu.tr\/lojistik-yonetimi\/wp-json\/wp\/v2\/posts\/1764\/revisions"}],"predecessor-version":[{"id":1776,"href":"http:\/\/ticaret.edu.tr\/lojistik-yonetimi\/wp-json\/wp\/v2\/posts\/1764\/revisions\/1776"}],"wp:featuredmedia":[{"embeddable":true,"href":"http:\/\/ticaret.edu.tr\/lojistik-yonetimi\/wp-json\/wp\/v2\/media\/1765"}],"wp:attachment":[{"href":"http:\/\/ticaret.edu.tr\/lojistik-yonetimi\/wp-json\/wp\/v2\/media?parent=1764"}],"wp:term":[{"taxonomy":"category","embeddable":true,"href":"http:\/\/ticaret.edu.tr\/lojistik-yonetimi\/wp-json\/wp\/v2\/categories?post=1764"},{"taxonomy":"post_tag","embeddable":true,"href":"http:\/\/ticaret.edu.tr\/lojistik-yonetimi\/wp-json\/wp\/v2\/tags?post=1764"}],"curies":[{"name":"wp","href":"https:\/\/api.w.org\/{rel}","templated":true}]}}