{"id":731,"date":"2022-07-02T18:00:42","date_gmt":"2022-07-02T15:00:42","guid":{"rendered":"https:\/\/ticaret.edu.tr\/lojistik-yonetimi\/?p=731"},"modified":"2022-07-02T18:00:42","modified_gmt":"2022-07-02T15:00:42","slug":"lojistik-yonetimi-akademisyenimize-belgesel-odulu","status":"publish","type":"post","link":"http:\/\/ticaret.edu.tr\/lojistik-yonetimi\/2022\/07\/02\/lojistik-yonetimi-akademisyenimize-belgesel-odulu\/","title":{"rendered":"Lojistik Y\u00f6netimi Akademisyenimize Belgesel \u00d6d\u00fcl\u00fc"},"content":{"rendered":"<p>Lojistik Y\u00f6netimi \u00f6\u011fretim \u00fcyesi Do\u00e7. Dr. A\u015fk\u0131m Nurdan T\u00fcmbek Tekeo\u011flu&#8217;nun yap\u0131mc\u0131l\u0131\u011f\u0131n\u0131 \u00fcstlendi\u011fi \u201cFatma Kayac\u0131\u2019n\u0131n Bilinmeyen Hikayesi\u201d Belgeseli 13. Uluslararas\u0131 TRT Belgesel \u00d6d\u00fclleri Yar\u0131\u015fmas\u0131\u2019nda K\u00fclt\u00fcr ve Turizm Bakanl\u0131\u011f\u0131 \u00f6d\u00fcl\u00fc ald\u0131.<\/p>\n<p>Orhan Tekeo\u011flu\u2019nun y\u00f6netti\u011fi belgesel, ye\u011feninin \u00f6l\u00fcm\u00fc sonras\u0131nda 55 y\u0131l Trabzon\u2019da Tonya, Karak\u0131srak yaylas\u0131nda ya\u015fayan Fatma Kayac\u0131\u2019y\u0131 anlat\u0131yor. Belgesel daha \u00f6nce de 21. T\u00fcrk Frankfurt Film Festivali\u2019nde \u00f6zel \u00f6d\u00fcl, \u0130talya\u2019daki NuoviMondi Film Festivali\u2019nde J\u00fcri \u00d6zel \u00d6d\u00fcl\u00fc alm\u0131\u015ft\u0131.<\/p>\n","protected":false},"excerpt":{"rendered":"<p>Lojistik Y\u00f6netimi \u00f6\u011fretim \u00fcyesi Do\u00e7. Dr. A\u015fk\u0131m Nurdan T\u00fcmbek Tekeo\u011flu&#8217;nun yap\u0131mc\u0131l\u0131\u011f\u0131n\u0131 \u00fcstlendi\u011fi \u201cFatma Kayac\u0131\u2019n\u0131n Bilinmeyen Hikayesi\u201d Belgeseli 13. Uluslararas\u0131 TRT Belgesel \u00d6d\u00fclleri Yar\u0131\u015fmas\u0131\u2019nda K\u00fclt\u00fcr ve Turizm Bakanl\u0131\u011f\u0131 \u00f6d\u00fcl\u00fc ald\u0131. Orhan Tekeo\u011flu\u2019nun y\u00f6netti\u011fi belgesel, ye\u011feninin \u00f6l\u00fcm\u00fc sonras\u0131nda 55 y\u0131l Trabzon\u2019da Tonya, Karak\u0131srak yaylas\u0131nda ya\u015fayan Fatma Kayac\u0131\u2019y\u0131 anlat\u0131yor. Belgesel daha \u00f6nce de 21. T\u00fcrk Frankfurt Film Festivali\u2019nde [&hellip;]<\/p>\n","protected":false},"author":63,"featured_media":732,"comment_status":"closed","ping_status":"closed","sticky":false,"template":"","format":"standard","meta":{"footnotes":""},"categories":[2],"tags":[],"yoast_head":"<!-- This site is optimized with the Yoast SEO Premium plugin v22.1 (Yoast SEO v22.1) - https:\/\/yoast.com\/wordpress\/plugins\/seo\/ -->\n<title>Lojistik Y\u00f6netimi Akademisyenimize Belgesel \u00d6d\u00fcl\u00fc - Haberler - Lojistik Y\u00f6netimi<\/title>\n<meta name=\"description\" content=\"\u0130stanbul Ticaret \u00dcniversitesi Lojistik Y\u00f6netimi B\u00f6l\u00fcm\u00fc \u00f6\u011fretim \u00fcyesi Do\u00e7. Dr. A\u015fk\u0131m Nurdan T\u00fcmbek Tekeo\u011flu&#039;na belgesel \u00f6d\u00fcl\u00fc.\" \/>\n<meta name=\"robots\" content=\"index, follow, max-snippet:-1, max-image-preview:large, max-video-preview:-1\" \/>\n<link rel=\"canonical\" href=\"http:\/\/ticaret.edu.tr\/lojistik-yonetimi\/2022\/07\/02\/lojistik-yonetimi-akademisyenimize-belgesel-odulu\/\" \/>\n<meta property=\"og:locale\" content=\"tr_TR\" \/>\n<meta property=\"og:type\" content=\"article\" \/>\n<meta property=\"og:title\" content=\"Lojistik Y\u00f6netimi Akademisyenimize Belgesel \u00d6d\u00fcl\u00fc\" \/>\n<meta property=\"og:description\" content=\"\u0130stanbul Ticaret \u00dcniversitesi Lojistik Y\u00f6netimi B\u00f6l\u00fcm\u00fc \u00f6\u011fretim \u00fcyesi Do\u00e7. Dr. A\u015fk\u0131m Nurdan T\u00fcmbek Tekeo\u011flu&#039;na belgesel \u00f6d\u00fcl\u00fc.\" \/>\n<meta property=\"og:url\" content=\"http:\/\/ticaret.edu.tr\/lojistik-yonetimi\/2022\/07\/02\/lojistik-yonetimi-akademisyenimize-belgesel-odulu\/\" \/>\n<meta property=\"og:site_name\" content=\"Lojistik Y\u00f6netimi\" \/>\n<meta property=\"article:publisher\" content=\"https:\/\/www.facebook.com\/ticaretedutr\" \/>\n<meta property=\"article:published_time\" content=\"2022-07-02T15:00:42+00:00\" \/>\n<meta property=\"og:image\" content=\"http:\/\/ticaret.edu.tr\/lojistik-yonetimi\/wp-content\/uploads\/sites\/11\/2022\/07\/Odul.jpg\" \/>\n\t<meta property=\"og:image:width\" content=\"1024\" \/>\n\t<meta property=\"og:image:height\" content=\"699\" \/>\n\t<meta property=\"og:image:type\" content=\"image\/jpeg\" \/>\n<meta name=\"author\" content=\"bsirin\" \/>\n<meta name=\"twitter:card\" content=\"summary_large_image\" \/>\n<meta name=\"twitter:creator\" content=\"@ticaretedutr\" \/>\n<meta name=\"twitter:site\" content=\"@ticaretedutr\" \/>\n<meta name=\"twitter:label1\" content=\"Yazan:\" \/>\n\t<meta name=\"twitter:data1\" content=\"bsirin\" \/>\n\t<meta name=\"twitter:label2\" content=\"Tahmini okuma s\u00fcresi\" \/>\n\t<meta name=\"twitter:data2\" content=\"1 dakika\" \/>\n<script type=\"application\/ld+json\" class=\"yoast-schema-graph\">{\"@context\":\"https:\/\/schema.org\",\"@graph\":[{\"@type\":\"WebPage\",\"@id\":\"http:\/\/ticaret.edu.tr\/lojistik-yonetimi\/2022\/07\/02\/lojistik-yonetimi-akademisyenimize-belgesel-odulu\/\",\"url\":\"http:\/\/ticaret.edu.tr\/lojistik-yonetimi\/2022\/07\/02\/lojistik-yonetimi-akademisyenimize-belgesel-odulu\/\",\"name\":\"Lojistik Y\u00f6netimi Akademisyenimize Belgesel \u00d6d\u00fcl\u00fc - Haberler - Lojistik Y\u00f6netimi\",\"isPartOf\":{\"@id\":\"https:\/\/ticaret.edu.tr\/lojistik-yonetimi\/#website\"},\"datePublished\":\"2022-07-02T15:00:42+00:00\",\"dateModified\":\"2022-07-02T15:00:42+00:00\",\"author\":{\"@id\":\"https:\/\/ticaret.edu.tr\/lojistik-yonetimi\/#\/schema\/person\/0b1afb67058e50995068f7fe0b48339b\"},\"description\":\"\u0130stanbul Ticaret \u00dcniversitesi Lojistik Y\u00f6netimi B\u00f6l\u00fcm\u00fc \u00f6\u011fretim \u00fcyesi Do\u00e7. Dr. A\u015fk\u0131m Nurdan T\u00fcmbek Tekeo\u011flu'na belgesel \u00f6d\u00fcl\u00fc.\",\"breadcrumb\":{\"@id\":\"http:\/\/ticaret.edu.tr\/lojistik-yonetimi\/2022\/07\/02\/lojistik-yonetimi-akademisyenimize-belgesel-odulu\/#breadcrumb\"},\"inLanguage\":\"tr\",\"potentialAction\":[{\"@type\":\"ReadAction\",\"target\":[\"http:\/\/ticaret.edu.tr\/lojistik-yonetimi\/2022\/07\/02\/lojistik-yonetimi-akademisyenimize-belgesel-odulu\/\"]}]},{\"@type\":\"BreadcrumbList\",\"@id\":\"http:\/\/ticaret.edu.tr\/lojistik-yonetimi\/2022\/07\/02\/lojistik-yonetimi-akademisyenimize-belgesel-odulu\/#breadcrumb\",\"itemListElement\":[{\"@type\":\"ListItem\",\"position\":1,\"name\":\"Ana sayfa\",\"item\":\"https:\/\/ticaret.edu.tr\/lojistik-yonetimi\/\"},{\"@type\":\"ListItem\",\"position\":2,\"name\":\"Lojistik Y\u00f6netimi Akademisyenimize Belgesel \u00d6d\u00fcl\u00fc\"}]},{\"@type\":\"WebSite\",\"@id\":\"https:\/\/ticaret.edu.tr\/lojistik-yonetimi\/#website\",\"url\":\"https:\/\/ticaret.edu.tr\/lojistik-yonetimi\/\",\"name\":\"Lojistik Y\u00f6netimi\",\"description\":\"\",\"potentialAction\":[{\"@type\":\"SearchAction\",\"target\":{\"@type\":\"EntryPoint\",\"urlTemplate\":\"https:\/\/ticaret.edu.tr\/lojistik-yonetimi\/?s={search_term_string}\"},\"query-input\":\"required name=search_term_string\"}],\"inLanguage\":\"tr\"},{\"@type\":\"Person\",\"@id\":\"https:\/\/ticaret.edu.tr\/lojistik-yonetimi\/#\/schema\/person\/0b1afb67058e50995068f7fe0b48339b\",\"name\":\"bsirin\",\"image\":{\"@type\":\"ImageObject\",\"inLanguage\":\"tr\",\"@id\":\"https:\/\/ticaret.edu.tr\/lojistik-yonetimi\/#\/schema\/person\/image\/\",\"url\":\"http:\/\/2.gravatar.com\/avatar\/266971e41e0cdd7cb432d58f22bca6c7?s=96&d=mm&r=g\",\"contentUrl\":\"http:\/\/2.gravatar.com\/avatar\/266971e41e0cdd7cb432d58f22bca6c7?s=96&d=mm&r=g\",\"caption\":\"bsirin\"},\"url\":\"http:\/\/ticaret.edu.tr\/lojistik-yonetimi\/author\/bsirin\/\"}]}<\/script>\n<!-- \/ Yoast SEO Premium plugin. -->","yoast_head_json":{"title":"Lojistik Y\u00f6netimi Akademisyenimize Belgesel \u00d6d\u00fcl\u00fc - Haberler - Lojistik Y\u00f6netimi","description":"\u0130stanbul Ticaret \u00dcniversitesi Lojistik Y\u00f6netimi B\u00f6l\u00fcm\u00fc \u00f6\u011fretim \u00fcyesi Do\u00e7. Dr. A\u015fk\u0131m Nurdan T\u00fcmbek Tekeo\u011flu'na belgesel \u00f6d\u00fcl\u00fc.","robots":{"index":"index","follow":"follow","max-snippet":"max-snippet:-1","max-image-preview":"max-image-preview:large","max-video-preview":"max-video-preview:-1"},"canonical":"http:\/\/ticaret.edu.tr\/lojistik-yonetimi\/2022\/07\/02\/lojistik-yonetimi-akademisyenimize-belgesel-odulu\/","og_locale":"tr_TR","og_type":"article","og_title":"Lojistik Y\u00f6netimi Akademisyenimize Belgesel \u00d6d\u00fcl\u00fc","og_description":"\u0130stanbul Ticaret \u00dcniversitesi Lojistik Y\u00f6netimi B\u00f6l\u00fcm\u00fc \u00f6\u011fretim \u00fcyesi Do\u00e7. Dr. A\u015fk\u0131m Nurdan T\u00fcmbek Tekeo\u011flu'na belgesel \u00f6d\u00fcl\u00fc.","og_url":"http:\/\/ticaret.edu.tr\/lojistik-yonetimi\/2022\/07\/02\/lojistik-yonetimi-akademisyenimize-belgesel-odulu\/","og_site_name":"Lojistik Y\u00f6netimi","article_publisher":"https:\/\/www.facebook.com\/ticaretedutr","article_published_time":"2022-07-02T15:00:42+00:00","og_image":[{"width":1024,"height":699,"url":"http:\/\/ticaret.edu.tr\/lojistik-yonetimi\/wp-content\/uploads\/sites\/11\/2022\/07\/Odul.jpg","type":"image\/jpeg"}],"author":"bsirin","twitter_card":"summary_large_image","twitter_creator":"@ticaretedutr","twitter_site":"@ticaretedutr","twitter_misc":{"Yazan:":"bsirin","Tahmini okuma s\u00fcresi":"1 dakika"},"schema":{"@context":"https:\/\/schema.org","@graph":[{"@type":"WebPage","@id":"http:\/\/ticaret.edu.tr\/lojistik-yonetimi\/2022\/07\/02\/lojistik-yonetimi-akademisyenimize-belgesel-odulu\/","url":"http:\/\/ticaret.edu.tr\/lojistik-yonetimi\/2022\/07\/02\/lojistik-yonetimi-akademisyenimize-belgesel-odulu\/","name":"Lojistik Y\u00f6netimi Akademisyenimize Belgesel \u00d6d\u00fcl\u00fc - Haberler - Lojistik Y\u00f6netimi","isPartOf":{"@id":"https:\/\/ticaret.edu.tr\/lojistik-yonetimi\/#website"},"datePublished":"2022-07-02T15:00:42+00:00","dateModified":"2022-07-02T15:00:42+00:00","author":{"@id":"https:\/\/ticaret.edu.tr\/lojistik-yonetimi\/#\/schema\/person\/0b1afb67058e50995068f7fe0b48339b"},"description":"\u0130stanbul Ticaret \u00dcniversitesi Lojistik Y\u00f6netimi B\u00f6l\u00fcm\u00fc \u00f6\u011fretim \u00fcyesi Do\u00e7. Dr. A\u015fk\u0131m Nurdan T\u00fcmbek Tekeo\u011flu'na belgesel \u00f6d\u00fcl\u00fc.","breadcrumb":{"@id":"http:\/\/ticaret.edu.tr\/lojistik-yonetimi\/2022\/07\/02\/lojistik-yonetimi-akademisyenimize-belgesel-odulu\/#breadcrumb"},"inLanguage":"tr","potentialAction":[{"@type":"ReadAction","target":["http:\/\/ticaret.edu.tr\/lojistik-yonetimi\/2022\/07\/02\/lojistik-yonetimi-akademisyenimize-belgesel-odulu\/"]}]},{"@type":"BreadcrumbList","@id":"http:\/\/ticaret.edu.tr\/lojistik-yonetimi\/2022\/07\/02\/lojistik-yonetimi-akademisyenimize-belgesel-odulu\/#breadcrumb","itemListElement":[{"@type":"ListItem","position":1,"name":"Ana sayfa","item":"https:\/\/ticaret.edu.tr\/lojistik-yonetimi\/"},{"@type":"ListItem","position":2,"name":"Lojistik Y\u00f6netimi Akademisyenimize Belgesel \u00d6d\u00fcl\u00fc"}]},{"@type":"WebSite","@id":"https:\/\/ticaret.edu.tr\/lojistik-yonetimi\/#website","url":"https:\/\/ticaret.edu.tr\/lojistik-yonetimi\/","name":"Lojistik Y\u00f6netimi","description":"","potentialAction":[{"@type":"SearchAction","target":{"@type":"EntryPoint","urlTemplate":"https:\/\/ticaret.edu.tr\/lojistik-yonetimi\/?s={search_term_string}"},"query-input":"required name=search_term_string"}],"inLanguage":"tr"},{"@type":"Person","@id":"https:\/\/ticaret.edu.tr\/lojistik-yonetimi\/#\/schema\/person\/0b1afb67058e50995068f7fe0b48339b","name":"bsirin","image":{"@type":"ImageObject","inLanguage":"tr","@id":"https:\/\/ticaret.edu.tr\/lojistik-yonetimi\/#\/schema\/person\/image\/","url":"http:\/\/2.gravatar.com\/avatar\/266971e41e0cdd7cb432d58f22bca6c7?s=96&d=mm&r=g","contentUrl":"http:\/\/2.gravatar.com\/avatar\/266971e41e0cdd7cb432d58f22bca6c7?s=96&d=mm&r=g","caption":"bsirin"},"url":"http:\/\/ticaret.edu.tr\/lojistik-yonetimi\/author\/bsirin\/"}]}},"lang":"tr","translations":{"tr":731},"pll_sync_post":[],"_links":{"self":[{"href":"http:\/\/ticaret.edu.tr\/lojistik-yonetimi\/wp-json\/wp\/v2\/posts\/731"}],"collection":[{"href":"http:\/\/ticaret.edu.tr\/lojistik-yonetimi\/wp-json\/wp\/v2\/posts"}],"about":[{"href":"http:\/\/ticaret.edu.tr\/lojistik-yonetimi\/wp-json\/wp\/v2\/types\/post"}],"author":[{"embeddable":true,"href":"http:\/\/ticaret.edu.tr\/lojistik-yonetimi\/wp-json\/wp\/v2\/users\/63"}],"replies":[{"embeddable":true,"href":"http:\/\/ticaret.edu.tr\/lojistik-yonetimi\/wp-json\/wp\/v2\/comments?post=731"}],"version-history":[{"count":1,"href":"http:\/\/ticaret.edu.tr\/lojistik-yonetimi\/wp-json\/wp\/v2\/posts\/731\/revisions"}],"predecessor-version":[{"id":733,"href":"http:\/\/ticaret.edu.tr\/lojistik-yonetimi\/wp-json\/wp\/v2\/posts\/731\/revisions\/733"}],"wp:featuredmedia":[{"embeddable":true,"href":"http:\/\/ticaret.edu.tr\/lojistik-yonetimi\/wp-json\/wp\/v2\/media\/732"}],"wp:attachment":[{"href":"http:\/\/ticaret.edu.tr\/lojistik-yonetimi\/wp-json\/wp\/v2\/media?parent=731"}],"wp:term":[{"taxonomy":"category","embeddable":true,"href":"http:\/\/ticaret.edu.tr\/lojistik-yonetimi\/wp-json\/wp\/v2\/categories?post=731"},{"taxonomy":"post_tag","embeddable":true,"href":"http:\/\/ticaret.edu.tr\/lojistik-yonetimi\/wp-json\/wp\/v2\/tags?post=731"}],"curies":[{"name":"wp","href":"https:\/\/api.w.org\/{rel}","templated":true}]}}