{"id":739,"date":"2022-07-02T18:00:11","date_gmt":"2022-07-02T15:00:11","guid":{"rendered":"https:\/\/ticaret.edu.tr\/lojistik-yonetimi\/?p=739"},"modified":"2022-07-02T18:00:11","modified_gmt":"2022-07-02T15:00:11","slug":"prof-dr-mustafa-ilicali-summits22-uluslararasi-aus-zirvesinde","status":"publish","type":"post","link":"http:\/\/ticaret.edu.tr\/lojistik-yonetimi\/2022\/07\/02\/prof-dr-mustafa-ilicali-summits22-uluslararasi-aus-zirvesinde\/","title":{"rendered":"Prof. Dr. Mustafa ILICALI, SUMMITS\u201922 Uluslararas\u0131 AUS Zirvesi\u2019nde!"},"content":{"rendered":"<p>Lojistik Y\u00f6netimi B\u00f6l\u00fcm\u00fc \u00f6\u011fretim \u00fcyesi ve Ula\u015ft\u0131rma Sistemleri Uygulama ve Ara\u015ft\u0131rma Merkezi M\u00fcd\u00fcr\u00fc Prof. Dr. Mustafa ILICALI, \u0130stanbul Ticaret \u00dcniversitesi ad\u0131na T.C. Ula\u015ft\u0131rma ve Altyap\u0131 Bakanl\u0131\u011f\u0131 ve AUS T\u00fcrkiye\u2019nin organize etti\u011fi \u201cSummits\u201922 Uluslararas\u0131 AUS Zirvesi\u201dne kat\u0131ld\u0131. Say\u0131n Bakan\u0131m\u0131z Adil Karaismailo\u011flu ile sohbet imkan\u0131 bularak ge\u00e7ti\u011fimiz g\u00fcnlerde Merkezimiz taraf\u0131ndan d\u00fczenlenen \u201cB\u00fcy\u00fck\u015fehir Belediyeleri Ula\u015f\u0131m Sorunlar\u0131 ve \u00c7\u00f6z\u00fcmleri Koordinasyon ve De\u011ferlendirme \u00c7al\u0131\u015ftay\u0131\u201d hakk\u0131nda bilgi payla\u015f\u0131m\u0131nda bulundu. Ard\u0131ndan, \u201cUla\u015f\u0131mda Akl\u0131n Yolu \u00d6d\u00fclleri\u201d kapsam\u0131nda \u00f6d\u00fcl takdim etti.<\/p>\n","protected":false},"excerpt":{"rendered":"<p>Lojistik Y\u00f6netimi B\u00f6l\u00fcm\u00fc \u00f6\u011fretim \u00fcyesi ve Ula\u015ft\u0131rma Sistemleri Uygulama ve Ara\u015ft\u0131rma Merkezi M\u00fcd\u00fcr\u00fc Prof. Dr. Mustafa ILICALI, \u0130stanbul Ticaret \u00dcniversitesi ad\u0131na T.C. Ula\u015ft\u0131rma ve Altyap\u0131 Bakanl\u0131\u011f\u0131 ve AUS T\u00fcrkiye\u2019nin organize etti\u011fi \u201cSummits\u201922 Uluslararas\u0131 AUS Zirvesi\u201dne kat\u0131ld\u0131. Say\u0131n Bakan\u0131m\u0131z Adil Karaismailo\u011flu ile sohbet imkan\u0131 bularak ge\u00e7ti\u011fimiz g\u00fcnlerde Merkezimiz taraf\u0131ndan d\u00fczenlenen \u201cB\u00fcy\u00fck\u015fehir Belediyeleri Ula\u015f\u0131m Sorunlar\u0131 ve \u00c7\u00f6z\u00fcmleri [&hellip;]<\/p>\n","protected":false},"author":63,"featured_media":740,"comment_status":"closed","ping_status":"closed","sticky":false,"template":"","format":"standard","meta":{"footnotes":""},"categories":[2],"tags":[],"yoast_head":"<!-- This site is optimized with the Yoast SEO Premium plugin v22.1 (Yoast SEO v22.1) - https:\/\/yoast.com\/wordpress\/plugins\/seo\/ -->\n<title>Prof. Dr. Mustafa ILICALI, SUMMITS\u201922 Uluslararas\u0131 AUS Zirvesi\u2019nde! - Haberler - Lojistik Y\u00f6netimi<\/title>\n<meta name=\"description\" content=\"\u0130stanbul ticaret \u00dcniversitesi Lojistik Y\u00f6netimi B\u00f6l\u00fcm\u00fc - Prof. Dr. Mustafa ILICALI, SUMMITS\u201922 Uluslararas\u0131 AUS Zirvesi\u2019nde!\" \/>\n<meta name=\"robots\" content=\"index, follow, max-snippet:-1, max-image-preview:large, max-video-preview:-1\" \/>\n<link rel=\"canonical\" href=\"http:\/\/ticaret.edu.tr\/lojistik-yonetimi\/2022\/07\/02\/prof-dr-mustafa-ilicali-summits22-uluslararasi-aus-zirvesinde\/\" \/>\n<meta property=\"og:locale\" content=\"tr_TR\" \/>\n<meta property=\"og:type\" content=\"article\" \/>\n<meta property=\"og:title\" content=\"Prof. Dr. Mustafa ILICALI, SUMMITS\u201922 Uluslararas\u0131 AUS Zirvesi\u2019nde!\" \/>\n<meta property=\"og:description\" content=\"\u0130stanbul ticaret \u00dcniversitesi Lojistik Y\u00f6netimi B\u00f6l\u00fcm\u00fc - Prof. Dr. Mustafa ILICALI, SUMMITS\u201922 Uluslararas\u0131 AUS Zirvesi\u2019nde!\" \/>\n<meta property=\"og:url\" content=\"http:\/\/ticaret.edu.tr\/lojistik-yonetimi\/2022\/07\/02\/prof-dr-mustafa-ilicali-summits22-uluslararasi-aus-zirvesinde\/\" \/>\n<meta property=\"og:site_name\" content=\"Lojistik Y\u00f6netimi\" \/>\n<meta property=\"article:publisher\" content=\"https:\/\/www.facebook.com\/ticaretedutr\" \/>\n<meta property=\"article:published_time\" content=\"2022-07-02T15:00:11+00:00\" \/>\n<meta property=\"og:image\" content=\"http:\/\/ticaret.edu.tr\/lojistik-yonetimi\/wp-content\/uploads\/sites\/11\/2022\/07\/Summits22.jpg\" \/>\n\t<meta property=\"og:image:width\" content=\"772\" \/>\n\t<meta property=\"og:image:height\" content=\"583\" \/>\n\t<meta property=\"og:image:type\" content=\"image\/jpeg\" \/>\n<meta name=\"author\" content=\"bsirin\" \/>\n<meta name=\"twitter:card\" content=\"summary_large_image\" \/>\n<meta name=\"twitter:creator\" content=\"@ticaretedutr\" \/>\n<meta name=\"twitter:site\" content=\"@ticaretedutr\" \/>\n<meta name=\"twitter:label1\" content=\"Yazan:\" \/>\n\t<meta name=\"twitter:data1\" content=\"bsirin\" \/>\n\t<meta name=\"twitter:label2\" content=\"Tahmini okuma s\u00fcresi\" \/>\n\t<meta name=\"twitter:data2\" content=\"1 dakika\" \/>\n<script type=\"application\/ld+json\" class=\"yoast-schema-graph\">{\"@context\":\"https:\/\/schema.org\",\"@graph\":[{\"@type\":\"WebPage\",\"@id\":\"http:\/\/ticaret.edu.tr\/lojistik-yonetimi\/2022\/07\/02\/prof-dr-mustafa-ilicali-summits22-uluslararasi-aus-zirvesinde\/\",\"url\":\"http:\/\/ticaret.edu.tr\/lojistik-yonetimi\/2022\/07\/02\/prof-dr-mustafa-ilicali-summits22-uluslararasi-aus-zirvesinde\/\",\"name\":\"Prof. Dr. Mustafa ILICALI, SUMMITS\u201922 Uluslararas\u0131 AUS Zirvesi\u2019nde! - Haberler - Lojistik Y\u00f6netimi\",\"isPartOf\":{\"@id\":\"https:\/\/ticaret.edu.tr\/lojistik-yonetimi\/#website\"},\"datePublished\":\"2022-07-02T15:00:11+00:00\",\"dateModified\":\"2022-07-02T15:00:11+00:00\",\"author\":{\"@id\":\"https:\/\/ticaret.edu.tr\/lojistik-yonetimi\/#\/schema\/person\/0b1afb67058e50995068f7fe0b48339b\"},\"description\":\"\u0130stanbul ticaret \u00dcniversitesi Lojistik Y\u00f6netimi B\u00f6l\u00fcm\u00fc - Prof. Dr. Mustafa ILICALI, SUMMITS\u201922 Uluslararas\u0131 AUS Zirvesi\u2019nde!\",\"breadcrumb\":{\"@id\":\"http:\/\/ticaret.edu.tr\/lojistik-yonetimi\/2022\/07\/02\/prof-dr-mustafa-ilicali-summits22-uluslararasi-aus-zirvesinde\/#breadcrumb\"},\"inLanguage\":\"tr\",\"potentialAction\":[{\"@type\":\"ReadAction\",\"target\":[\"http:\/\/ticaret.edu.tr\/lojistik-yonetimi\/2022\/07\/02\/prof-dr-mustafa-ilicali-summits22-uluslararasi-aus-zirvesinde\/\"]}]},{\"@type\":\"BreadcrumbList\",\"@id\":\"http:\/\/ticaret.edu.tr\/lojistik-yonetimi\/2022\/07\/02\/prof-dr-mustafa-ilicali-summits22-uluslararasi-aus-zirvesinde\/#breadcrumb\",\"itemListElement\":[{\"@type\":\"ListItem\",\"position\":1,\"name\":\"Ana sayfa\",\"item\":\"https:\/\/ticaret.edu.tr\/lojistik-yonetimi\/\"},{\"@type\":\"ListItem\",\"position\":2,\"name\":\"Prof. Dr. Mustafa ILICALI, SUMMITS\u201922 Uluslararas\u0131 AUS Zirvesi\u2019nde!\"}]},{\"@type\":\"WebSite\",\"@id\":\"https:\/\/ticaret.edu.tr\/lojistik-yonetimi\/#website\",\"url\":\"https:\/\/ticaret.edu.tr\/lojistik-yonetimi\/\",\"name\":\"Lojistik Y\u00f6netimi\",\"description\":\"\",\"potentialAction\":[{\"@type\":\"SearchAction\",\"target\":{\"@type\":\"EntryPoint\",\"urlTemplate\":\"https:\/\/ticaret.edu.tr\/lojistik-yonetimi\/?s={search_term_string}\"},\"query-input\":\"required name=search_term_string\"}],\"inLanguage\":\"tr\"},{\"@type\":\"Person\",\"@id\":\"https:\/\/ticaret.edu.tr\/lojistik-yonetimi\/#\/schema\/person\/0b1afb67058e50995068f7fe0b48339b\",\"name\":\"bsirin\",\"image\":{\"@type\":\"ImageObject\",\"inLanguage\":\"tr\",\"@id\":\"https:\/\/ticaret.edu.tr\/lojistik-yonetimi\/#\/schema\/person\/image\/\",\"url\":\"http:\/\/2.gravatar.com\/avatar\/266971e41e0cdd7cb432d58f22bca6c7?s=96&d=mm&r=g\",\"contentUrl\":\"http:\/\/2.gravatar.com\/avatar\/266971e41e0cdd7cb432d58f22bca6c7?s=96&d=mm&r=g\",\"caption\":\"bsirin\"},\"url\":\"http:\/\/ticaret.edu.tr\/lojistik-yonetimi\/author\/bsirin\/\"}]}<\/script>\n<!-- \/ Yoast SEO Premium plugin. -->","yoast_head_json":{"title":"Prof. Dr. Mustafa ILICALI, SUMMITS\u201922 Uluslararas\u0131 AUS Zirvesi\u2019nde! - Haberler - Lojistik Y\u00f6netimi","description":"\u0130stanbul ticaret \u00dcniversitesi Lojistik Y\u00f6netimi B\u00f6l\u00fcm\u00fc - Prof. Dr. Mustafa ILICALI, SUMMITS\u201922 Uluslararas\u0131 AUS Zirvesi\u2019nde!","robots":{"index":"index","follow":"follow","max-snippet":"max-snippet:-1","max-image-preview":"max-image-preview:large","max-video-preview":"max-video-preview:-1"},"canonical":"http:\/\/ticaret.edu.tr\/lojistik-yonetimi\/2022\/07\/02\/prof-dr-mustafa-ilicali-summits22-uluslararasi-aus-zirvesinde\/","og_locale":"tr_TR","og_type":"article","og_title":"Prof. Dr. Mustafa ILICALI, SUMMITS\u201922 Uluslararas\u0131 AUS Zirvesi\u2019nde!","og_description":"\u0130stanbul ticaret \u00dcniversitesi Lojistik Y\u00f6netimi B\u00f6l\u00fcm\u00fc - Prof. Dr. Mustafa ILICALI, SUMMITS\u201922 Uluslararas\u0131 AUS Zirvesi\u2019nde!","og_url":"http:\/\/ticaret.edu.tr\/lojistik-yonetimi\/2022\/07\/02\/prof-dr-mustafa-ilicali-summits22-uluslararasi-aus-zirvesinde\/","og_site_name":"Lojistik Y\u00f6netimi","article_publisher":"https:\/\/www.facebook.com\/ticaretedutr","article_published_time":"2022-07-02T15:00:11+00:00","og_image":[{"width":772,"height":583,"url":"http:\/\/ticaret.edu.tr\/lojistik-yonetimi\/wp-content\/uploads\/sites\/11\/2022\/07\/Summits22.jpg","type":"image\/jpeg"}],"author":"bsirin","twitter_card":"summary_large_image","twitter_creator":"@ticaretedutr","twitter_site":"@ticaretedutr","twitter_misc":{"Yazan:":"bsirin","Tahmini okuma s\u00fcresi":"1 dakika"},"schema":{"@context":"https:\/\/schema.org","@graph":[{"@type":"WebPage","@id":"http:\/\/ticaret.edu.tr\/lojistik-yonetimi\/2022\/07\/02\/prof-dr-mustafa-ilicali-summits22-uluslararasi-aus-zirvesinde\/","url":"http:\/\/ticaret.edu.tr\/lojistik-yonetimi\/2022\/07\/02\/prof-dr-mustafa-ilicali-summits22-uluslararasi-aus-zirvesinde\/","name":"Prof. Dr. Mustafa ILICALI, SUMMITS\u201922 Uluslararas\u0131 AUS Zirvesi\u2019nde! - Haberler - Lojistik Y\u00f6netimi","isPartOf":{"@id":"https:\/\/ticaret.edu.tr\/lojistik-yonetimi\/#website"},"datePublished":"2022-07-02T15:00:11+00:00","dateModified":"2022-07-02T15:00:11+00:00","author":{"@id":"https:\/\/ticaret.edu.tr\/lojistik-yonetimi\/#\/schema\/person\/0b1afb67058e50995068f7fe0b48339b"},"description":"\u0130stanbul ticaret \u00dcniversitesi Lojistik Y\u00f6netimi B\u00f6l\u00fcm\u00fc - Prof. Dr. Mustafa ILICALI, SUMMITS\u201922 Uluslararas\u0131 AUS Zirvesi\u2019nde!","breadcrumb":{"@id":"http:\/\/ticaret.edu.tr\/lojistik-yonetimi\/2022\/07\/02\/prof-dr-mustafa-ilicali-summits22-uluslararasi-aus-zirvesinde\/#breadcrumb"},"inLanguage":"tr","potentialAction":[{"@type":"ReadAction","target":["http:\/\/ticaret.edu.tr\/lojistik-yonetimi\/2022\/07\/02\/prof-dr-mustafa-ilicali-summits22-uluslararasi-aus-zirvesinde\/"]}]},{"@type":"BreadcrumbList","@id":"http:\/\/ticaret.edu.tr\/lojistik-yonetimi\/2022\/07\/02\/prof-dr-mustafa-ilicali-summits22-uluslararasi-aus-zirvesinde\/#breadcrumb","itemListElement":[{"@type":"ListItem","position":1,"name":"Ana sayfa","item":"https:\/\/ticaret.edu.tr\/lojistik-yonetimi\/"},{"@type":"ListItem","position":2,"name":"Prof. Dr. Mustafa ILICALI, SUMMITS\u201922 Uluslararas\u0131 AUS Zirvesi\u2019nde!"}]},{"@type":"WebSite","@id":"https:\/\/ticaret.edu.tr\/lojistik-yonetimi\/#website","url":"https:\/\/ticaret.edu.tr\/lojistik-yonetimi\/","name":"Lojistik Y\u00f6netimi","description":"","potentialAction":[{"@type":"SearchAction","target":{"@type":"EntryPoint","urlTemplate":"https:\/\/ticaret.edu.tr\/lojistik-yonetimi\/?s={search_term_string}"},"query-input":"required name=search_term_string"}],"inLanguage":"tr"},{"@type":"Person","@id":"https:\/\/ticaret.edu.tr\/lojistik-yonetimi\/#\/schema\/person\/0b1afb67058e50995068f7fe0b48339b","name":"bsirin","image":{"@type":"ImageObject","inLanguage":"tr","@id":"https:\/\/ticaret.edu.tr\/lojistik-yonetimi\/#\/schema\/person\/image\/","url":"http:\/\/2.gravatar.com\/avatar\/266971e41e0cdd7cb432d58f22bca6c7?s=96&d=mm&r=g","contentUrl":"http:\/\/2.gravatar.com\/avatar\/266971e41e0cdd7cb432d58f22bca6c7?s=96&d=mm&r=g","caption":"bsirin"},"url":"http:\/\/ticaret.edu.tr\/lojistik-yonetimi\/author\/bsirin\/"}]}},"lang":"tr","translations":{"tr":739},"pll_sync_post":[],"_links":{"self":[{"href":"http:\/\/ticaret.edu.tr\/lojistik-yonetimi\/wp-json\/wp\/v2\/posts\/739"}],"collection":[{"href":"http:\/\/ticaret.edu.tr\/lojistik-yonetimi\/wp-json\/wp\/v2\/posts"}],"about":[{"href":"http:\/\/ticaret.edu.tr\/lojistik-yonetimi\/wp-json\/wp\/v2\/types\/post"}],"author":[{"embeddable":true,"href":"http:\/\/ticaret.edu.tr\/lojistik-yonetimi\/wp-json\/wp\/v2\/users\/63"}],"replies":[{"embeddable":true,"href":"http:\/\/ticaret.edu.tr\/lojistik-yonetimi\/wp-json\/wp\/v2\/comments?post=739"}],"version-history":[{"count":1,"href":"http:\/\/ticaret.edu.tr\/lojistik-yonetimi\/wp-json\/wp\/v2\/posts\/739\/revisions"}],"predecessor-version":[{"id":741,"href":"http:\/\/ticaret.edu.tr\/lojistik-yonetimi\/wp-json\/wp\/v2\/posts\/739\/revisions\/741"}],"wp:featuredmedia":[{"embeddable":true,"href":"http:\/\/ticaret.edu.tr\/lojistik-yonetimi\/wp-json\/wp\/v2\/media\/740"}],"wp:attachment":[{"href":"http:\/\/ticaret.edu.tr\/lojistik-yonetimi\/wp-json\/wp\/v2\/media?parent=739"}],"wp:term":[{"taxonomy":"category","embeddable":true,"href":"http:\/\/ticaret.edu.tr\/lojistik-yonetimi\/wp-json\/wp\/v2\/categories?post=739"},{"taxonomy":"post_tag","embeddable":true,"href":"http:\/\/ticaret.edu.tr\/lojistik-yonetimi\/wp-json\/wp\/v2\/tags?post=739"}],"curies":[{"name":"wp","href":"https:\/\/api.w.org\/{rel}","templated":true}]}}