{"id":94,"date":"2020-05-12T12:14:31","date_gmt":"2020-05-12T09:14:31","guid":{"rendered":"http:\/\/ticaret.edu.tr\/lojistik\/?p=94"},"modified":"2021-07-14T15:10:58","modified_gmt":"2021-07-14T12:10:58","slug":"turkiyedeki-hava-kargo-potansiyeli-konferansi-universitemizde-yapildi","status":"publish","type":"post","link":"http:\/\/ticaret.edu.tr\/lojistik-yonetimi\/2020\/05\/12\/turkiyedeki-hava-kargo-potansiyeli-konferansi-universitemizde-yapildi\/","title":{"rendered":"T\u00fcrkiye\u2019deki Hava Kargo Potansiyeli Konferans\u0131 \u00dcniversitemizde Yap\u0131ld\u0131"},"content":{"rendered":"<div><img loading=\"lazy\" decoding=\"async\" class=\"alignnone size-full wp-image-95\" src=\"http:\/\/ticaret.edu.tr\/lojistik\/wp-content\/uploads\/sites\/11\/2020\/05\/Haber-2.png\" alt=\"\" width=\"682\" height=\"512\" srcset=\"http:\/\/ticaret.edu.tr\/lojistik-yonetimi\/wp-content\/uploads\/sites\/11\/2020\/05\/Haber-2.png 682w, http:\/\/ticaret.edu.tr\/lojistik-yonetimi\/wp-content\/uploads\/sites\/11\/2020\/05\/Haber-2-300x225.png 300w\" sizes=\"(max-width: 682px) 100vw, 682px\" \/><\/p>\n<p>\u0130\u015fletme Fak\u00fcltesi Uluslararas\u0131 Lojistik ve Ta\u015f\u0131mac\u0131l\u0131k B\u00f6l\u00fcm\u00fc\u2019n\u00fcn organize etti\u011fi \u201cT\u00fcrkiye\u2019de Hava Kargo Operasyonlar\u0131 \u2013 MNG Airlines\u201d isimli konferans, 26.11.2019 tarihinde \u00fcniversitemizin S\u00fctl\u00fcce Yerle\u015fkesi konferans salonunda ger\u00e7ekle\u015ftirildi.<\/p><\/div>\n<div>\n<p>Programa konu\u015fmac\u0131 olarak MNG Havayollar\u0131 Genel M\u00fcd\u00fcr\u00fc Ali Sedat \u00d6zkazan\u00e7 ile MNG Havayollar\u0131 Planlama ve Koordinasyon Ba\u015fkan\u0131 Atilla Ar\u0131kan\u2019\u0131n kat\u0131lm\u0131\u015ft\u0131r.<\/p>\n<p>Konferans\u0131n a\u00e7\u0131l\u0131\u015f konu\u015fmas\u0131 B\u00f6l\u00fcm Ba\u015fkan\u0131 Prof. Dr. Yahya Fidan taraf\u0131ndan yap\u0131ld\u0131. Fidan konu\u015fmas\u0131nda genel olarak lojisti\u011fin artan \u00f6nemine dikkat \u00e7ekerek, lojistik sekt\u00f6r\u00fcn\u00fcn \u00f6nemli bir kariyer alan\u0131 oldu\u011funu belirtti.<\/p>\n<p>Etkinlik, MNG Planlama ve Koordinasyon Birimi Ba\u015fkan\u0131 Say\u0131n Atilla Ar\u0131kan\u2019\u0131n MNG Havayollar\u0131 ve faaliyetleriyle ilgili genel bilgiler i\u00e7eren sunumuyla devam etti.<\/p>\n<p>Son olarak k\u00fcrs\u00fcye MNG Havayollar\u0131 Genel M\u00fcd\u00fcr\u00fc Say\u0131n Ali Sedat \u00d6zkazan\u00e7 \u00e7\u0131karak havayolu kargo ta\u015f\u0131mac\u0131l\u0131\u011f\u0131 sekt\u00f6r\u00fc ve gelece\u011fiyle ilgili bir konu\u015fma ger\u00e7ekle\u015ftirdi. Sekt\u00f6rde ya\u015fad\u0131\u011f\u0131 tecr\u00fcbelerini de payla\u015fan Ali Sedat \u00d6zkazan\u00e7 \u00f6\u011frencilere \u00f6nemli ve faydal\u0131 \u00f6nerilerde bulunarak \u00f6\u011frencilerden gelen sorular\u0131 samimiyetle yan\u0131tlad\u0131.<br \/>\n\u00d6zellikle sekt\u00f6rde elde etti\u011fi k\u0131ymetli bilgiler \u0131\u015f\u0131\u011f\u0131nda \u00f6\u011frencilere kariyerlerini erken d\u00f6nemlerden ba\u015flayarak olu\u015fturmalar\u0131 gerekti\u011finin alt\u0131n\u0131 \u00e7izdi. T\u00fcrkiye\u2019de havayolu ile kargo ta\u015f\u0131mac\u0131l\u0131\u011f\u0131n\u0131n \u00f6nemi ve geli\u015fimi, \u0130stanbul Havaliman\u0131n\u0131n sekt\u00f6r \u00fczerinde olu\u015fturdu\u011fu etki ve havayolu ta\u015f\u0131mac\u0131l\u0131\u011f\u0131n\u0131n sekt\u00f6rel olarak \u00f6n\u00fcm\u00fczdeki y\u0131llarda kar\u015f\u0131la\u015faca\u011f\u0131 f\u0131rsatlara de\u011findi.<\/p>\n<p>Etkinli\u011fe; ba\u015fta Uluslararas\u0131 Lojistik ve Ta\u015f\u0131mac\u0131l\u0131k B\u00f6l\u00fcm\u00fc ve Havac\u0131l\u0131k Y\u00f6netimi b\u00f6l\u00fcm\u00fc \u00f6\u011frencileri olmak \u00fczere b\u00fcy\u00fck ilgi oldu\u011fu g\u00f6r\u00fcld\u00fc.<\/p>\n<p>Konferans konu\u015fmac\u0131lara te\u015fekk\u00fcr belgelerinin verilmesi ve foto\u011fraf \u00e7ekimiyle son buldu.<\/p>\n<\/div>\n","protected":false},"excerpt":{"rendered":"<p>\u0130\u015fletme Fak\u00fcltesi Uluslararas\u0131 Lojistik ve Ta\u015f\u0131mac\u0131l\u0131k B\u00f6l\u00fcm\u00fc\u2019n\u00fcn organize etti\u011fi \u201cT\u00fcrkiye\u2019de Hava Kargo Operasyonlar\u0131 \u2013 MNG Airlines\u201d isimli konferans, 26.11.2019 tarihinde \u00fcniversitemizin S\u00fctl\u00fcce Yerle\u015fkesi konferans salonunda ger\u00e7ekle\u015ftirildi. Programa konu\u015fmac\u0131 olarak MNG Havayollar\u0131 Genel M\u00fcd\u00fcr\u00fc Ali Sedat \u00d6zkazan\u00e7 ile MNG Havayollar\u0131 Planlama ve Koordinasyon Ba\u015fkan\u0131 Atilla Ar\u0131kan\u2019\u0131n kat\u0131lm\u0131\u015ft\u0131r. Konferans\u0131n a\u00e7\u0131l\u0131\u015f konu\u015fmas\u0131 B\u00f6l\u00fcm Ba\u015fkan\u0131 Prof. Dr. Yahya Fidan [&hellip;]<\/p>\n","protected":false},"author":63,"featured_media":95,"comment_status":"closed","ping_status":"closed","sticky":false,"template":"","format":"standard","meta":{"footnotes":""},"categories":[2],"tags":[],"yoast_head":"<!-- This site is optimized with the Yoast SEO Premium plugin v22.1 (Yoast SEO v22.1) - https:\/\/yoast.com\/wordpress\/plugins\/seo\/ -->\n<title>T\u00fcrkiye\u2019deki Hava Kargo Potansiyeli Konferans\u0131 \u00dcniversitemizde Yap\u0131ld\u0131 - Lojistik Y\u00f6netimi<\/title>\n<meta name=\"robots\" content=\"index, follow, max-snippet:-1, max-image-preview:large, max-video-preview:-1\" \/>\n<link rel=\"canonical\" href=\"http:\/\/ticaret.edu.tr\/lojistik-yonetimi\/2020\/05\/12\/turkiyedeki-hava-kargo-potansiyeli-konferansi-universitemizde-yapildi\/\" \/>\n<meta property=\"og:locale\" content=\"tr_TR\" \/>\n<meta property=\"og:type\" content=\"article\" \/>\n<meta property=\"og:title\" content=\"T\u00fcrkiye\u2019deki Hava Kargo Potansiyeli Konferans\u0131 \u00dcniversitemizde Yap\u0131ld\u0131\" \/>\n<meta property=\"og:description\" content=\"\u0130\u015fletme Fak\u00fcltesi Uluslararas\u0131 Lojistik ve Ta\u015f\u0131mac\u0131l\u0131k B\u00f6l\u00fcm\u00fc\u2019n\u00fcn organize etti\u011fi \u201cT\u00fcrkiye\u2019de Hava Kargo Operasyonlar\u0131 \u2013 MNG Airlines\u201d isimli konferans, 26.11.2019 tarihinde \u00fcniversitemizin S\u00fctl\u00fcce Yerle\u015fkesi konferans salonunda ger\u00e7ekle\u015ftirildi. Programa konu\u015fmac\u0131 olarak MNG Havayollar\u0131 Genel M\u00fcd\u00fcr\u00fc Ali Sedat \u00d6zkazan\u00e7 ile MNG Havayollar\u0131 Planlama ve Koordinasyon Ba\u015fkan\u0131 Atilla Ar\u0131kan\u2019\u0131n kat\u0131lm\u0131\u015ft\u0131r. Konferans\u0131n a\u00e7\u0131l\u0131\u015f konu\u015fmas\u0131 B\u00f6l\u00fcm Ba\u015fkan\u0131 Prof. Dr. Yahya Fidan [&hellip;]\" \/>\n<meta property=\"og:url\" content=\"http:\/\/ticaret.edu.tr\/lojistik-yonetimi\/2020\/05\/12\/turkiyedeki-hava-kargo-potansiyeli-konferansi-universitemizde-yapildi\/\" \/>\n<meta property=\"og:site_name\" content=\"Lojistik Y\u00f6netimi\" \/>\n<meta property=\"article:publisher\" content=\"https:\/\/www.facebook.com\/ticaretedutr\" \/>\n<meta property=\"article:published_time\" content=\"2020-05-12T09:14:31+00:00\" \/>\n<meta property=\"article:modified_time\" content=\"2021-07-14T12:10:58+00:00\" \/>\n<meta property=\"og:image\" content=\"http:\/\/ticaret.edu.tr\/lojistik-yonetimi\/wp-content\/uploads\/sites\/11\/2020\/05\/Haber-2.png\" \/>\n\t<meta property=\"og:image:width\" content=\"682\" \/>\n\t<meta property=\"og:image:height\" content=\"512\" \/>\n\t<meta property=\"og:image:type\" content=\"image\/png\" \/>\n<meta name=\"author\" content=\"bsirin\" \/>\n<meta name=\"twitter:card\" content=\"summary_large_image\" \/>\n<meta name=\"twitter:creator\" content=\"@ticaretedutr\" \/>\n<meta name=\"twitter:site\" content=\"@ticaretedutr\" \/>\n<meta name=\"twitter:label1\" content=\"Yazan:\" \/>\n\t<meta name=\"twitter:data1\" content=\"bsirin\" \/>\n\t<meta name=\"twitter:label2\" content=\"Tahmini okuma s\u00fcresi\" \/>\n\t<meta name=\"twitter:data2\" content=\"2 dakika\" \/>\n<script type=\"application\/ld+json\" class=\"yoast-schema-graph\">{\"@context\":\"https:\/\/schema.org\",\"@graph\":[{\"@type\":\"WebPage\",\"@id\":\"http:\/\/ticaret.edu.tr\/lojistik-yonetimi\/2020\/05\/12\/turkiyedeki-hava-kargo-potansiyeli-konferansi-universitemizde-yapildi\/\",\"url\":\"http:\/\/ticaret.edu.tr\/lojistik-yonetimi\/2020\/05\/12\/turkiyedeki-hava-kargo-potansiyeli-konferansi-universitemizde-yapildi\/\",\"name\":\"T\u00fcrkiye\u2019deki Hava Kargo Potansiyeli Konferans\u0131 \u00dcniversitemizde Yap\u0131ld\u0131 - Lojistik Y\u00f6netimi\",\"isPartOf\":{\"@id\":\"http:\/\/ticaret.edu.tr\/lojistik-yonetimi\/#website\"},\"datePublished\":\"2020-05-12T09:14:31+00:00\",\"dateModified\":\"2021-07-14T12:10:58+00:00\",\"author\":{\"@id\":\"http:\/\/ticaret.edu.tr\/lojistik-yonetimi\/#\/schema\/person\/0b1afb67058e50995068f7fe0b48339b\"},\"breadcrumb\":{\"@id\":\"http:\/\/ticaret.edu.tr\/lojistik-yonetimi\/2020\/05\/12\/turkiyedeki-hava-kargo-potansiyeli-konferansi-universitemizde-yapildi\/#breadcrumb\"},\"inLanguage\":\"tr\",\"potentialAction\":[{\"@type\":\"ReadAction\",\"target\":[\"http:\/\/ticaret.edu.tr\/lojistik-yonetimi\/2020\/05\/12\/turkiyedeki-hava-kargo-potansiyeli-konferansi-universitemizde-yapildi\/\"]}]},{\"@type\":\"BreadcrumbList\",\"@id\":\"http:\/\/ticaret.edu.tr\/lojistik-yonetimi\/2020\/05\/12\/turkiyedeki-hava-kargo-potansiyeli-konferansi-universitemizde-yapildi\/#breadcrumb\",\"itemListElement\":[{\"@type\":\"ListItem\",\"position\":1,\"name\":\"Ana sayfa\",\"item\":\"http:\/\/ticaret.edu.tr\/lojistik-yonetimi\/\"},{\"@type\":\"ListItem\",\"position\":2,\"name\":\"T\u00fcrkiye\u2019deki Hava Kargo Potansiyeli Konferans\u0131 \u00dcniversitemizde Yap\u0131ld\u0131\"}]},{\"@type\":\"WebSite\",\"@id\":\"http:\/\/ticaret.edu.tr\/lojistik-yonetimi\/#website\",\"url\":\"http:\/\/ticaret.edu.tr\/lojistik-yonetimi\/\",\"name\":\"Lojistik Y\u00f6netimi\",\"description\":\"\",\"potentialAction\":[{\"@type\":\"SearchAction\",\"target\":{\"@type\":\"EntryPoint\",\"urlTemplate\":\"http:\/\/ticaret.edu.tr\/lojistik-yonetimi\/?s={search_term_string}\"},\"query-input\":\"required name=search_term_string\"}],\"inLanguage\":\"tr\"},{\"@type\":\"Person\",\"@id\":\"http:\/\/ticaret.edu.tr\/lojistik-yonetimi\/#\/schema\/person\/0b1afb67058e50995068f7fe0b48339b\",\"name\":\"bsirin\",\"image\":{\"@type\":\"ImageObject\",\"inLanguage\":\"tr\",\"@id\":\"http:\/\/ticaret.edu.tr\/lojistik-yonetimi\/#\/schema\/person\/image\/\",\"url\":\"http:\/\/2.gravatar.com\/avatar\/266971e41e0cdd7cb432d58f22bca6c7?s=96&d=mm&r=g\",\"contentUrl\":\"http:\/\/2.gravatar.com\/avatar\/266971e41e0cdd7cb432d58f22bca6c7?s=96&d=mm&r=g\",\"caption\":\"bsirin\"},\"url\":\"http:\/\/ticaret.edu.tr\/lojistik-yonetimi\/author\/bsirin\/\"}]}<\/script>\n<!-- \/ Yoast SEO Premium plugin. -->","yoast_head_json":{"title":"T\u00fcrkiye\u2019deki Hava Kargo Potansiyeli Konferans\u0131 \u00dcniversitemizde Yap\u0131ld\u0131 - Lojistik Y\u00f6netimi","robots":{"index":"index","follow":"follow","max-snippet":"max-snippet:-1","max-image-preview":"max-image-preview:large","max-video-preview":"max-video-preview:-1"},"canonical":"http:\/\/ticaret.edu.tr\/lojistik-yonetimi\/2020\/05\/12\/turkiyedeki-hava-kargo-potansiyeli-konferansi-universitemizde-yapildi\/","og_locale":"tr_TR","og_type":"article","og_title":"T\u00fcrkiye\u2019deki Hava Kargo Potansiyeli Konferans\u0131 \u00dcniversitemizde Yap\u0131ld\u0131","og_description":"\u0130\u015fletme Fak\u00fcltesi Uluslararas\u0131 Lojistik ve Ta\u015f\u0131mac\u0131l\u0131k B\u00f6l\u00fcm\u00fc\u2019n\u00fcn organize etti\u011fi \u201cT\u00fcrkiye\u2019de Hava Kargo Operasyonlar\u0131 \u2013 MNG Airlines\u201d isimli konferans, 26.11.2019 tarihinde \u00fcniversitemizin S\u00fctl\u00fcce Yerle\u015fkesi konferans salonunda ger\u00e7ekle\u015ftirildi. Programa konu\u015fmac\u0131 olarak MNG Havayollar\u0131 Genel M\u00fcd\u00fcr\u00fc Ali Sedat \u00d6zkazan\u00e7 ile MNG Havayollar\u0131 Planlama ve Koordinasyon Ba\u015fkan\u0131 Atilla Ar\u0131kan\u2019\u0131n kat\u0131lm\u0131\u015ft\u0131r. Konferans\u0131n a\u00e7\u0131l\u0131\u015f konu\u015fmas\u0131 B\u00f6l\u00fcm Ba\u015fkan\u0131 Prof. Dr. Yahya Fidan [&hellip;]","og_url":"http:\/\/ticaret.edu.tr\/lojistik-yonetimi\/2020\/05\/12\/turkiyedeki-hava-kargo-potansiyeli-konferansi-universitemizde-yapildi\/","og_site_name":"Lojistik Y\u00f6netimi","article_publisher":"https:\/\/www.facebook.com\/ticaretedutr","article_published_time":"2020-05-12T09:14:31+00:00","article_modified_time":"2021-07-14T12:10:58+00:00","og_image":[{"width":682,"height":512,"url":"http:\/\/ticaret.edu.tr\/lojistik-yonetimi\/wp-content\/uploads\/sites\/11\/2020\/05\/Haber-2.png","type":"image\/png"}],"author":"bsirin","twitter_card":"summary_large_image","twitter_creator":"@ticaretedutr","twitter_site":"@ticaretedutr","twitter_misc":{"Yazan:":"bsirin","Tahmini okuma s\u00fcresi":"2 dakika"},"schema":{"@context":"https:\/\/schema.org","@graph":[{"@type":"WebPage","@id":"http:\/\/ticaret.edu.tr\/lojistik-yonetimi\/2020\/05\/12\/turkiyedeki-hava-kargo-potansiyeli-konferansi-universitemizde-yapildi\/","url":"http:\/\/ticaret.edu.tr\/lojistik-yonetimi\/2020\/05\/12\/turkiyedeki-hava-kargo-potansiyeli-konferansi-universitemizde-yapildi\/","name":"T\u00fcrkiye\u2019deki Hava Kargo Potansiyeli Konferans\u0131 \u00dcniversitemizde Yap\u0131ld\u0131 - Lojistik Y\u00f6netimi","isPartOf":{"@id":"http:\/\/ticaret.edu.tr\/lojistik-yonetimi\/#website"},"datePublished":"2020-05-12T09:14:31+00:00","dateModified":"2021-07-14T12:10:58+00:00","author":{"@id":"http:\/\/ticaret.edu.tr\/lojistik-yonetimi\/#\/schema\/person\/0b1afb67058e50995068f7fe0b48339b"},"breadcrumb":{"@id":"http:\/\/ticaret.edu.tr\/lojistik-yonetimi\/2020\/05\/12\/turkiyedeki-hava-kargo-potansiyeli-konferansi-universitemizde-yapildi\/#breadcrumb"},"inLanguage":"tr","potentialAction":[{"@type":"ReadAction","target":["http:\/\/ticaret.edu.tr\/lojistik-yonetimi\/2020\/05\/12\/turkiyedeki-hava-kargo-potansiyeli-konferansi-universitemizde-yapildi\/"]}]},{"@type":"BreadcrumbList","@id":"http:\/\/ticaret.edu.tr\/lojistik-yonetimi\/2020\/05\/12\/turkiyedeki-hava-kargo-potansiyeli-konferansi-universitemizde-yapildi\/#breadcrumb","itemListElement":[{"@type":"ListItem","position":1,"name":"Ana sayfa","item":"http:\/\/ticaret.edu.tr\/lojistik-yonetimi\/"},{"@type":"ListItem","position":2,"name":"T\u00fcrkiye\u2019deki Hava Kargo Potansiyeli Konferans\u0131 \u00dcniversitemizde Yap\u0131ld\u0131"}]},{"@type":"WebSite","@id":"http:\/\/ticaret.edu.tr\/lojistik-yonetimi\/#website","url":"http:\/\/ticaret.edu.tr\/lojistik-yonetimi\/","name":"Lojistik Y\u00f6netimi","description":"","potentialAction":[{"@type":"SearchAction","target":{"@type":"EntryPoint","urlTemplate":"http:\/\/ticaret.edu.tr\/lojistik-yonetimi\/?s={search_term_string}"},"query-input":"required name=search_term_string"}],"inLanguage":"tr"},{"@type":"Person","@id":"http:\/\/ticaret.edu.tr\/lojistik-yonetimi\/#\/schema\/person\/0b1afb67058e50995068f7fe0b48339b","name":"bsirin","image":{"@type":"ImageObject","inLanguage":"tr","@id":"http:\/\/ticaret.edu.tr\/lojistik-yonetimi\/#\/schema\/person\/image\/","url":"http:\/\/2.gravatar.com\/avatar\/266971e41e0cdd7cb432d58f22bca6c7?s=96&d=mm&r=g","contentUrl":"http:\/\/2.gravatar.com\/avatar\/266971e41e0cdd7cb432d58f22bca6c7?s=96&d=mm&r=g","caption":"bsirin"},"url":"http:\/\/ticaret.edu.tr\/lojistik-yonetimi\/author\/bsirin\/"}]}},"lang":"tr","translations":{"tr":94},"pll_sync_post":[],"_links":{"self":[{"href":"http:\/\/ticaret.edu.tr\/lojistik-yonetimi\/wp-json\/wp\/v2\/posts\/94"}],"collection":[{"href":"http:\/\/ticaret.edu.tr\/lojistik-yonetimi\/wp-json\/wp\/v2\/posts"}],"about":[{"href":"http:\/\/ticaret.edu.tr\/lojistik-yonetimi\/wp-json\/wp\/v2\/types\/post"}],"author":[{"embeddable":true,"href":"http:\/\/ticaret.edu.tr\/lojistik-yonetimi\/wp-json\/wp\/v2\/users\/63"}],"replies":[{"embeddable":true,"href":"http:\/\/ticaret.edu.tr\/lojistik-yonetimi\/wp-json\/wp\/v2\/comments?post=94"}],"version-history":[{"count":8,"href":"http:\/\/ticaret.edu.tr\/lojistik-yonetimi\/wp-json\/wp\/v2\/posts\/94\/revisions"}],"predecessor-version":[{"id":141,"href":"http:\/\/ticaret.edu.tr\/lojistik-yonetimi\/wp-json\/wp\/v2\/posts\/94\/revisions\/141"}],"wp:featuredmedia":[{"embeddable":true,"href":"http:\/\/ticaret.edu.tr\/lojistik-yonetimi\/wp-json\/wp\/v2\/media\/95"}],"wp:attachment":[{"href":"http:\/\/ticaret.edu.tr\/lojistik-yonetimi\/wp-json\/wp\/v2\/media?parent=94"}],"wp:term":[{"taxonomy":"category","embeddable":true,"href":"http:\/\/ticaret.edu.tr\/lojistik-yonetimi\/wp-json\/wp\/v2\/categories?post=94"},{"taxonomy":"post_tag","embeddable":true,"href":"http:\/\/ticaret.edu.tr\/lojistik-yonetimi\/wp-json\/wp\/v2\/tags?post=94"}],"curies":[{"name":"wp","href":"https:\/\/api.w.org\/{rel}","templated":true}]}}