{"id":469,"date":"2022-03-21T08:51:44","date_gmt":"2022-03-21T05:51:44","guid":{"rendered":"https:\/\/ticaret.edu.tr\/matematik\/?p=469"},"modified":"2022-03-21T08:51:44","modified_gmt":"2022-03-21T05:51:44","slug":"tmd-semineri-quantitative-stability-in-geometric-and-functional-inequalities","status":"publish","type":"post","link":"http:\/\/ticaret.edu.tr\/matematik\/2022\/03\/21\/tmd-semineri-quantitative-stability-in-geometric-and-functional-inequalities\/","title":{"rendered":"TMD Semineri: Quantitative Stability in Geometric and Functional Inequalities"},"content":{"rendered":"<h1>T\u00fcrk Matematik Derne\u011fi Seminerleri<\/h1>\n<p>&nbsp;<\/p>\n<p><span style=\"font-family: Calibri,sans-serif; font-size: small;\"><span lang=\"en-GB\">T\u00fcrk Matematik Derne\u011finin ge\u00e7en y\u0131l ba\u015flatt\u0131\u011f\u0131 ve<\/span><\/span><span style=\"font-family: Calibri,sans-serif; font-size: small;\"><span lang=\"en-GB\">\u00a0\u00a0\u00a0\u00a0<\/span><a href=\"http:\/\/tmd.org.tr\/faaliyetler\/genel-seminer\/\" target=\"_blank\" rel=\"noopener noreferrer\"><span lang=\"en-GB\"><span style=\"font-family: Times New Roman,serif;\">http:\/\/tmd.org.tr\/faaliyetler\/genel-seminer\/ <\/span><\/span><\/a><\/span><span style=\"font-family: Calibri,sans-serif; font-size: small;\"><span lang=\"en-GB\">sayfas\u0131ndan da eri<\/span>\u015filebilen TMD Genel Seminerleri devam etmektedir.\u00a0<span lang=\"en-GB\">Bir sonraki seminer<strong> 23 Mart \u00a0\u00c7ar\u015famba<\/strong> ak\u015fam\u0131 <strong>18.00<\/strong>&#8216;de Zoom \u00fczerinden yay\u0131nlanacak olup, konu\u015fmac\u0131s\u0131 geometrik analiz alan\u0131n\u0131n \u00f6nemli\u00a0liderlerinden <strong>Fields Madalyal\u0131\u00a0Alessio Figalli<\/strong>\u2019dir.\u00a0<\/span><\/span><\/p>\n<p><span style=\"font-family: Calibri,sans-serif; font-size: small;\"><span lang=\"en-GB\">Figalli ile bilgiye buradan ula\u015f\u0131labilir:\u00a0 <\/span><a href=\"https:\/\/people.math.ethz.ch\/~afigalli\" target=\"_blank\" rel=\"noopener noreferrer\"><span lang=\"en-GB\"><span style=\"font-family: Times New Roman,serif;\">https:\/\/people.math.ethz.ch\/~afigalli<\/span><\/span><\/a><\/span><\/p>\n<blockquote>\n<div><span style=\"font-family: Calibri,sans-serif; font-size: small;\"><span lang=\"en-GB\"><strong>Konusma ba\u015fl\u0131\u011f\u0131:<\/strong><em>\u00a0<\/em><\/span><em><span lang=\"en-US\">Quantitative Stability in Geometric and Functional Inequalities<\/span><\/em><span lang=\"en-US\"><br \/>\n<\/span><span lang=\"en-US\"><br \/>\n<strong>\u00d6zet:<\/strong> Geometric and functional inequalities play a crucial role in several problems arising in analysis and geometry. Proving the validity of such inequalities, and understanding the structure of minimizers, is a classical and important question. In this talk, I will overview this beautiful topic and discuss some recent results.<\/span><\/span><\/div>\n<\/blockquote>\n","protected":false},"excerpt":{"rendered":"<p>T\u00fcrk Matematik Derne\u011fi Seminerleri &nbsp; T\u00fcrk Matematik Derne\u011finin ge\u00e7en y\u0131l ba\u015flatt\u0131\u011f\u0131 ve\u00a0\u00a0\u00a0\u00a0http:\/\/tmd.org.tr\/faaliyetler\/genel-seminer\/ sayfas\u0131ndan da eri\u015filebilen TMD Genel Seminerleri devam etmektedir.\u00a0Bir sonraki seminer 23 Mart \u00a0\u00c7ar\u015famba ak\u015fam\u0131 18.00&#8216;de Zoom \u00fczerinden yay\u0131nlanacak olup, konu\u015fmac\u0131s\u0131 geometrik analiz alan\u0131n\u0131n \u00f6nemli\u00a0liderlerinden Fields Madalyal\u0131\u00a0Alessio Figalli\u2019dir.\u00a0 Figalli ile bilgiye buradan ula\u015f\u0131labilir:\u00a0 https:\/\/people.math.ethz.ch\/~afigalli Konusma ba\u015fl\u0131\u011f\u0131:\u00a0Quantitative Stability in Geometric and Functional Inequalities \u00d6zet: Geometric [&hellip;]<\/p>\n","protected":false},"author":47,"featured_media":0,"comment_status":"closed","ping_status":"closed","sticky":false,"template":"","format":"standard","meta":{"footnotes":""},"categories":[3],"tags":[],"yoast_head":"<!-- This site is optimized with the Yoast SEO Premium plugin v22.1 (Yoast SEO v22.1) - https:\/\/yoast.com\/wordpress\/plugins\/seo\/ -->\n<title>TMD Semineri: Quantitative Stability in Geometric and Functional Inequalities - Duyurular - Matematik<\/title>\n<meta name=\"description\" content=\"TMD Genel Seminerleri devam etmektedir.\u00a0Bir sonraki seminer 23 Mart \u00a0\u00c7ar\u015famba ak\u015fam\u0131 18.00&#039;de Zoom \u00fczerinden yay\u0131nlanacak olup, konu\u015fmac\u0131s\u0131 geometrik analiz alan\u0131n\u0131n \u00f6nemli\u00a0liderlerinden Fields Madalyal\u0131\u00a0Alessio Figalli\u2019dir.\u00a0\" \/>\n<meta name=\"robots\" content=\"index, follow, max-snippet:-1, max-image-preview:large, max-video-preview:-1\" \/>\n<link rel=\"canonical\" href=\"https:\/\/ticaret.edu.tr\/matematik\/2022\/03\/21\/tmd-semineri-quantitative-stability-in-geometric-and-functional-inequalities\/\" \/>\n<meta property=\"og:locale\" content=\"tr_TR\" \/>\n<meta property=\"og:type\" content=\"article\" \/>\n<meta property=\"og:title\" content=\"TMD Semineri: Quantitative Stability in Geometric and Functional Inequalities\" \/>\n<meta property=\"og:description\" content=\"TMD Genel Seminerleri devam etmektedir.\u00a0Bir sonraki seminer 23 Mart \u00a0\u00c7ar\u015famba ak\u015fam\u0131 18.00&#039;de Zoom \u00fczerinden yay\u0131nlanacak olup, konu\u015fmac\u0131s\u0131 geometrik analiz alan\u0131n\u0131n \u00f6nemli\u00a0liderlerinden Fields Madalyal\u0131\u00a0Alessio Figalli\u2019dir.\u00a0\" \/>\n<meta property=\"og:url\" content=\"https:\/\/ticaret.edu.tr\/matematik\/2022\/03\/21\/tmd-semineri-quantitative-stability-in-geometric-and-functional-inequalities\/\" \/>\n<meta property=\"og:site_name\" content=\"Matematik\" \/>\n<meta property=\"article:publisher\" content=\"https:\/\/www.facebook.com\/ticaretedutr\" \/>\n<meta property=\"article:published_time\" content=\"2022-03-21T05:51:44+00:00\" \/>\n<meta property=\"og:image\" content=\"http:\/\/ticaret.edu.tr\/matematik\/wp-content\/uploads\/sites\/29\/2021\/11\/web_logo-01.jpg\" \/>\n\t<meta property=\"og:image:width\" content=\"1250\" \/>\n\t<meta property=\"og:image:height\" content=\"833\" \/>\n\t<meta property=\"og:image:type\" content=\"image\/jpeg\" \/>\n<meta name=\"author\" content=\"enuray\" \/>\n<meta name=\"twitter:card\" content=\"summary_large_image\" \/>\n<meta name=\"twitter:creator\" content=\"@ticaretedutr\" \/>\n<meta name=\"twitter:site\" content=\"@ticaretedutr\" \/>\n<meta name=\"twitter:label1\" content=\"Yazan:\" \/>\n\t<meta name=\"twitter:data1\" content=\"enuray\" \/>\n\t<meta name=\"twitter:label2\" content=\"Tahmini okuma s\u00fcresi\" \/>\n\t<meta name=\"twitter:data2\" content=\"1 dakika\" \/>\n<script type=\"application\/ld+json\" class=\"yoast-schema-graph\">{\"@context\":\"https:\/\/schema.org\",\"@graph\":[{\"@type\":\"WebPage\",\"@id\":\"https:\/\/ticaret.edu.tr\/matematik\/2022\/03\/21\/tmd-semineri-quantitative-stability-in-geometric-and-functional-inequalities\/\",\"url\":\"https:\/\/ticaret.edu.tr\/matematik\/2022\/03\/21\/tmd-semineri-quantitative-stability-in-geometric-and-functional-inequalities\/\",\"name\":\"TMD Semineri: Quantitative Stability in Geometric and Functional Inequalities - Duyurular - Matematik\",\"isPartOf\":{\"@id\":\"https:\/\/ticaret.edu.tr\/matematik\/#website\"},\"datePublished\":\"2022-03-21T05:51:44+00:00\",\"dateModified\":\"2022-03-21T05:51:44+00:00\",\"author\":{\"@id\":\"https:\/\/ticaret.edu.tr\/matematik\/#\/schema\/person\/66a94659d34f2eaf4bdd40f3f3df4f71\"},\"description\":\"TMD Genel Seminerleri devam etmektedir.\u00a0Bir sonraki seminer 23 Mart \u00a0\u00c7ar\u015famba ak\u015fam\u0131 18.00'de Zoom \u00fczerinden yay\u0131nlanacak olup, konu\u015fmac\u0131s\u0131 geometrik analiz alan\u0131n\u0131n \u00f6nemli\u00a0liderlerinden Fields Madalyal\u0131\u00a0Alessio Figalli\u2019dir.\u00a0\",\"breadcrumb\":{\"@id\":\"https:\/\/ticaret.edu.tr\/matematik\/2022\/03\/21\/tmd-semineri-quantitative-stability-in-geometric-and-functional-inequalities\/#breadcrumb\"},\"inLanguage\":\"tr\",\"potentialAction\":[{\"@type\":\"ReadAction\",\"target\":[\"https:\/\/ticaret.edu.tr\/matematik\/2022\/03\/21\/tmd-semineri-quantitative-stability-in-geometric-and-functional-inequalities\/\"]}]},{\"@type\":\"BreadcrumbList\",\"@id\":\"https:\/\/ticaret.edu.tr\/matematik\/2022\/03\/21\/tmd-semineri-quantitative-stability-in-geometric-and-functional-inequalities\/#breadcrumb\",\"itemListElement\":[{\"@type\":\"ListItem\",\"position\":1,\"name\":\"Ana sayfa\",\"item\":\"https:\/\/ticaret.edu.tr\/matematik\/\"},{\"@type\":\"ListItem\",\"position\":2,\"name\":\"TMD Semineri: Quantitative Stability in Geometric and Functional Inequalities\"}]},{\"@type\":\"WebSite\",\"@id\":\"https:\/\/ticaret.edu.tr\/matematik\/#website\",\"url\":\"https:\/\/ticaret.edu.tr\/matematik\/\",\"name\":\"Matematik\",\"description\":\"\",\"potentialAction\":[{\"@type\":\"SearchAction\",\"target\":{\"@type\":\"EntryPoint\",\"urlTemplate\":\"https:\/\/ticaret.edu.tr\/matematik\/?s={search_term_string}\"},\"query-input\":\"required name=search_term_string\"}],\"inLanguage\":\"tr\"},{\"@type\":\"Person\",\"@id\":\"https:\/\/ticaret.edu.tr\/matematik\/#\/schema\/person\/66a94659d34f2eaf4bdd40f3f3df4f71\",\"name\":\"enuray\",\"image\":{\"@type\":\"ImageObject\",\"inLanguage\":\"tr\",\"@id\":\"https:\/\/ticaret.edu.tr\/matematik\/#\/schema\/person\/image\/\",\"url\":\"http:\/\/1.gravatar.com\/avatar\/a58bb3ffe45485b071074ece68241f6e?s=96&d=mm&r=g\",\"contentUrl\":\"http:\/\/1.gravatar.com\/avatar\/a58bb3ffe45485b071074ece68241f6e?s=96&d=mm&r=g\",\"caption\":\"enuray\"},\"url\":\"http:\/\/ticaret.edu.tr\/matematik\/author\/enuray\/\"}]}<\/script>\n<!-- \/ Yoast SEO Premium plugin. -->","yoast_head_json":{"title":"TMD Semineri: Quantitative Stability in Geometric and Functional Inequalities - Duyurular - Matematik","description":"TMD Genel Seminerleri devam etmektedir.\u00a0Bir sonraki seminer 23 Mart \u00a0\u00c7ar\u015famba ak\u015fam\u0131 18.00'de Zoom \u00fczerinden yay\u0131nlanacak olup, konu\u015fmac\u0131s\u0131 geometrik analiz alan\u0131n\u0131n \u00f6nemli\u00a0liderlerinden Fields Madalyal\u0131\u00a0Alessio Figalli\u2019dir.\u00a0","robots":{"index":"index","follow":"follow","max-snippet":"max-snippet:-1","max-image-preview":"max-image-preview:large","max-video-preview":"max-video-preview:-1"},"canonical":"https:\/\/ticaret.edu.tr\/matematik\/2022\/03\/21\/tmd-semineri-quantitative-stability-in-geometric-and-functional-inequalities\/","og_locale":"tr_TR","og_type":"article","og_title":"TMD Semineri: Quantitative Stability in Geometric and Functional Inequalities","og_description":"TMD Genel Seminerleri devam etmektedir.\u00a0Bir sonraki seminer 23 Mart \u00a0\u00c7ar\u015famba ak\u015fam\u0131 18.00'de Zoom \u00fczerinden yay\u0131nlanacak olup, konu\u015fmac\u0131s\u0131 geometrik analiz alan\u0131n\u0131n \u00f6nemli\u00a0liderlerinden Fields Madalyal\u0131\u00a0Alessio Figalli\u2019dir.\u00a0","og_url":"https:\/\/ticaret.edu.tr\/matematik\/2022\/03\/21\/tmd-semineri-quantitative-stability-in-geometric-and-functional-inequalities\/","og_site_name":"Matematik","article_publisher":"https:\/\/www.facebook.com\/ticaretedutr","article_published_time":"2022-03-21T05:51:44+00:00","og_image":[{"width":1250,"height":833,"url":"http:\/\/ticaret.edu.tr\/matematik\/wp-content\/uploads\/sites\/29\/2021\/11\/web_logo-01.jpg","type":"image\/jpeg"}],"author":"enuray","twitter_card":"summary_large_image","twitter_creator":"@ticaretedutr","twitter_site":"@ticaretedutr","twitter_misc":{"Yazan:":"enuray","Tahmini okuma s\u00fcresi":"1 dakika"},"schema":{"@context":"https:\/\/schema.org","@graph":[{"@type":"WebPage","@id":"https:\/\/ticaret.edu.tr\/matematik\/2022\/03\/21\/tmd-semineri-quantitative-stability-in-geometric-and-functional-inequalities\/","url":"https:\/\/ticaret.edu.tr\/matematik\/2022\/03\/21\/tmd-semineri-quantitative-stability-in-geometric-and-functional-inequalities\/","name":"TMD Semineri: Quantitative Stability in Geometric and Functional Inequalities - Duyurular - Matematik","isPartOf":{"@id":"https:\/\/ticaret.edu.tr\/matematik\/#website"},"datePublished":"2022-03-21T05:51:44+00:00","dateModified":"2022-03-21T05:51:44+00:00","author":{"@id":"https:\/\/ticaret.edu.tr\/matematik\/#\/schema\/person\/66a94659d34f2eaf4bdd40f3f3df4f71"},"description":"TMD Genel Seminerleri devam etmektedir.\u00a0Bir sonraki seminer 23 Mart \u00a0\u00c7ar\u015famba ak\u015fam\u0131 18.00'de Zoom \u00fczerinden yay\u0131nlanacak olup, konu\u015fmac\u0131s\u0131 geometrik analiz alan\u0131n\u0131n \u00f6nemli\u00a0liderlerinden Fields Madalyal\u0131\u00a0Alessio Figalli\u2019dir.\u00a0","breadcrumb":{"@id":"https:\/\/ticaret.edu.tr\/matematik\/2022\/03\/21\/tmd-semineri-quantitative-stability-in-geometric-and-functional-inequalities\/#breadcrumb"},"inLanguage":"tr","potentialAction":[{"@type":"ReadAction","target":["https:\/\/ticaret.edu.tr\/matematik\/2022\/03\/21\/tmd-semineri-quantitative-stability-in-geometric-and-functional-inequalities\/"]}]},{"@type":"BreadcrumbList","@id":"https:\/\/ticaret.edu.tr\/matematik\/2022\/03\/21\/tmd-semineri-quantitative-stability-in-geometric-and-functional-inequalities\/#breadcrumb","itemListElement":[{"@type":"ListItem","position":1,"name":"Ana sayfa","item":"https:\/\/ticaret.edu.tr\/matematik\/"},{"@type":"ListItem","position":2,"name":"TMD Semineri: Quantitative Stability in Geometric and Functional Inequalities"}]},{"@type":"WebSite","@id":"https:\/\/ticaret.edu.tr\/matematik\/#website","url":"https:\/\/ticaret.edu.tr\/matematik\/","name":"Matematik","description":"","potentialAction":[{"@type":"SearchAction","target":{"@type":"EntryPoint","urlTemplate":"https:\/\/ticaret.edu.tr\/matematik\/?s={search_term_string}"},"query-input":"required name=search_term_string"}],"inLanguage":"tr"},{"@type":"Person","@id":"https:\/\/ticaret.edu.tr\/matematik\/#\/schema\/person\/66a94659d34f2eaf4bdd40f3f3df4f71","name":"enuray","image":{"@type":"ImageObject","inLanguage":"tr","@id":"https:\/\/ticaret.edu.tr\/matematik\/#\/schema\/person\/image\/","url":"http:\/\/1.gravatar.com\/avatar\/a58bb3ffe45485b071074ece68241f6e?s=96&d=mm&r=g","contentUrl":"http:\/\/1.gravatar.com\/avatar\/a58bb3ffe45485b071074ece68241f6e?s=96&d=mm&r=g","caption":"enuray"},"url":"http:\/\/ticaret.edu.tr\/matematik\/author\/enuray\/"}]}},"lang":"tr","translations":{"tr":469},"pll_sync_post":[],"_links":{"self":[{"href":"http:\/\/ticaret.edu.tr\/matematik\/wp-json\/wp\/v2\/posts\/469"}],"collection":[{"href":"http:\/\/ticaret.edu.tr\/matematik\/wp-json\/wp\/v2\/posts"}],"about":[{"href":"http:\/\/ticaret.edu.tr\/matematik\/wp-json\/wp\/v2\/types\/post"}],"author":[{"embeddable":true,"href":"http:\/\/ticaret.edu.tr\/matematik\/wp-json\/wp\/v2\/users\/47"}],"replies":[{"embeddable":true,"href":"http:\/\/ticaret.edu.tr\/matematik\/wp-json\/wp\/v2\/comments?post=469"}],"version-history":[{"count":4,"href":"http:\/\/ticaret.edu.tr\/matematik\/wp-json\/wp\/v2\/posts\/469\/revisions"}],"predecessor-version":[{"id":473,"href":"http:\/\/ticaret.edu.tr\/matematik\/wp-json\/wp\/v2\/posts\/469\/revisions\/473"}],"wp:attachment":[{"href":"http:\/\/ticaret.edu.tr\/matematik\/wp-json\/wp\/v2\/media?parent=469"}],"wp:term":[{"taxonomy":"category","embeddable":true,"href":"http:\/\/ticaret.edu.tr\/matematik\/wp-json\/wp\/v2\/categories?post=469"},{"taxonomy":"post_tag","embeddable":true,"href":"http:\/\/ticaret.edu.tr\/matematik\/wp-json\/wp\/v2\/tags?post=469"}],"curies":[{"name":"wp","href":"https:\/\/api.w.org\/{rel}","templated":true}]}}