{"id":72,"date":"2015-06-11T23:21:58","date_gmt":"2015-06-11T20:21:58","guid":{"rendered":"http:\/\/ticaret.edu.tr\/matematik\/?p=72"},"modified":"2021-07-14T17:53:31","modified_gmt":"2021-07-14T14:53:31","slug":"dunyanin-matematikcileri-universitemizde-bulustu","status":"publish","type":"post","link":"http:\/\/ticaret.edu.tr\/matematik\/2015\/06\/11\/dunyanin-matematikcileri-universitemizde-bulustu\/","title":{"rendered":"D\u00fcnyan\u0131n matematik\u00e7ileri \u00fcniversitemizde bulu\u015ftu"},"content":{"rendered":"<div>\n<p>\u0130stanbul Ticaret \u00dcniversitesi Fen Edebiyat Fak\u00fcltesi taraf\u0131ndan d\u00fczenlenen \u201c2. Uluslararas\u0131 Matematik Konferans\u0131\u201d T\u00fcrkiye ve d\u00fcnyan\u0131n d\u00f6rt bir yan\u0131ndan 250 bilim adam\u0131n\u0131n kat\u0131l\u0131m\u0131yla ger\u00e7ekle\u015fti. D\u00fcnyaca \u00fcnl\u00fc bilim adamlar\u0131, matematik alan\u0131ndaki geli\u015fmeleri tart\u0131\u015ft\u0131.<\/p>\n<p>\u0130stanbul Ticaret \u00dcniversitesi Fen Edebiyat Fak\u00fcltesi\u2019nce d\u00fczenlenen 2. Uluslararas\u0131 Matematik Konferans\u0131\u2019nda, matemati\u011fin her alandaki \u00f6nemi ve uygulanabilirli\u011finin, bilimsel y\u00f6nden ortaya konuldu\u011fu bildiriler sunuldu. Yedi fark\u0131 salonda ger\u00e7ekle\u015fen konferansa d\u00fcnyan\u0131n de\u011fi\u015fik \u00fclkelerinden 250\u2019ye yak\u0131n matematik\u00e7i kat\u0131ld\u0131. Kat\u0131l\u0131mc\u0131lar konferanstan arta kalan zamanlar\u0131n\u0131 ise \u0130stanbul\u2019un tarihi yerlerini gezdiler.<\/p>\n<p>Konferans\u0131n a\u00e7\u0131l\u0131\u015f\u0131nda konu\u015fan Fen Edebiyat Fak\u00fcltesi Matematik B\u00f6l\u00fcm\u00fc \u00d6\u011fretim \u00dcyesi ve D\u00fczenleme Kurulu Ba\u015fkan\u0131 Prof. Dr. Ekrem Sava\u015f, fen bilimcilerin, m\u00fchendislerin ve hatta t\u0131p\u00e7\u0131lar\u0131n matemati\u011fe olan ihtiya\u00e7lar\u0131n\u0131n g\u00fcnden g\u00fcne artt\u0131\u011f\u0131n\u0131 ve alanlar\u0131nda daha iyi olmak i\u00e7in art\u0131k matematik kulland\u0131klar\u0131n\u0131 belirtirken, konferans\u0131n profesyonel bilim adamlar\u0131 ile gen\u00e7 bilim adamlar\u0131n\u0131 bir araya getirdi\u011fini ve bir bilgi a\u011f\u0131n\u0131n olu\u015fumuna imk\u00e2n verdi\u011fini s\u00f6yledi.<\/p>\n<p>\u0130TO Y\u00f6netim Kurulu Sayman \u00dcyesi ve \u0130stanbul Ticaret \u00dcniversitesi M\u00fctevelli Heyeti Ba\u015fkan Vekili Hasan Erkesim de konferans s\u00fcresince sunulacak bildirilerin \u00fclkemizde matematik alan\u0131ndaki geli\u015fmelere \u0131\u015f\u0131k tutaca\u011f\u0131n\u0131 belirtti ve art\u0131k herkesin matemati\u011fe ihtiya\u00e7 duydu\u011funu, \u00fclke olarak geli\u015fmemizde matemati\u011fin \u00f6nemini vurgulad\u0131. Rekt\u00f6r Vekili Prof. Dr. \u00d6zg\u00fcr \u00c7engel ve Fen Edebiyat Fak\u00fcltesi Dekan\u0131 Prof. G\u00f6khan Malko\u00e7 da matemati\u011fin bu g\u00fcn her alanda kullan\u0131ld\u0131\u011f\u0131n\u0131 bu nedenle \u00f6neminin her g\u00fcn artt\u0131\u011f\u0131n\u0131 dile getirdiler.<\/p>\n<p>A\u00e7\u0131l\u0131\u015fta ayr\u0131ca ABD\u2019den Prof. Martin Bohner Missouri, S\u0131rbistan\u2019dan Prof. Ljubisa D.R. Kocinac, de konferans ile ilgili duygular\u0131n\u0131 ifade eden birer konu\u015fma yapt\u0131lar. Suudi Arabistan\u2019dan kat\u0131lan Prof. Fairouz Tchier, son y\u0131llarda bilimin s\u0131n\u0131rlar\u0131 a\u015ft\u0131\u011f\u0131n\u0131 ve bu t\u00fcr konferanslarda \u00e7e\u015fitli i\u015f birli\u011fi f\u0131rsatlar\u0131 bulduklar\u0131n\u0131 belirterek, T\u00fcrk matematik\u00e7ilerin y\u0131llarca bilim d\u00fcnyas\u0131na katk\u0131 sunduklar\u0131ndan haberdar oldu\u011funu ifade etti.<\/p>\n<p>4 g\u00fcn s\u00fcren konferansa kat\u0131lan bilim adamlar\u0131, sunulan bildirilerin bilimsel anlamda seviyelerinin y\u00fcksek oldu\u011funu \u00f6zellikle vurgulad\u0131lar.<\/p>\n<\/div>\n<hr \/>\n<p><img decoding=\"async\" src=\"http:\/\/ticaret.edu.tr\/uploads\/haberler\/666\/mat%20(1).jpg\" alt=\"\" \/><\/p>\n<p><img decoding=\"async\" src=\"http:\/\/ticaret.edu.tr\/uploads\/haberler\/666\/mat%20(2).jpg\" alt=\"\" \/><\/p>\n<p><img decoding=\"async\" src=\"http:\/\/ticaret.edu.tr\/uploads\/haberler\/666\/mat%20(3).jpg\" alt=\"\" \/><\/p>\n<p><img decoding=\"async\" src=\"http:\/\/ticaret.edu.tr\/uploads\/haberler\/666\/mat%20(4).jpg\" alt=\"\" \/><\/p>\n","protected":false},"excerpt":{"rendered":"<p>\u0130stanbul Ticaret \u00dcniversitesi Fen Edebiyat Fak\u00fcltesi taraf\u0131ndan d\u00fczenlenen \u201c2. Uluslararas\u0131 Matematik Konferans\u0131\u201d T\u00fcrkiye ve d\u00fcnyan\u0131n d\u00f6rt bir yan\u0131ndan 250 bilim adam\u0131n\u0131n kat\u0131l\u0131m\u0131yla ger\u00e7ekle\u015fti. D\u00fcnyaca \u00fcnl\u00fc bilim adamlar\u0131, matematik alan\u0131ndaki geli\u015fmeleri tart\u0131\u015ft\u0131. \u0130stanbul Ticaret \u00dcniversitesi Fen Edebiyat Fak\u00fcltesi\u2019nce d\u00fczenlenen 2. Uluslararas\u0131 Matematik Konferans\u0131\u2019nda, matemati\u011fin her alandaki \u00f6nemi ve uygulanabilirli\u011finin, bilimsel y\u00f6nden ortaya konuldu\u011fu bildiriler sunuldu. Yedi [&hellip;]<\/p>\n","protected":false},"author":47,"featured_media":31,"comment_status":"closed","ping_status":"closed","sticky":false,"template":"","format":"standard","meta":{"footnotes":""},"categories":[2],"tags":[],"yoast_head":"<!-- This site is optimized with the Yoast SEO Premium plugin v22.1 (Yoast SEO v22.1) - https:\/\/yoast.com\/wordpress\/plugins\/seo\/ -->\n<title>D\u00fcnyan\u0131n matematik\u00e7ileri \u00fcniversitemizde bulu\u015ftu - Matematik<\/title>\n<meta name=\"robots\" content=\"index, follow, max-snippet:-1, max-image-preview:large, max-video-preview:-1\" \/>\n<link rel=\"canonical\" href=\"http:\/\/ticaret.edu.tr\/matematik\/2015\/06\/11\/dunyanin-matematikcileri-universitemizde-bulustu\/\" \/>\n<meta property=\"og:locale\" content=\"tr_TR\" \/>\n<meta property=\"og:type\" content=\"article\" \/>\n<meta property=\"og:title\" content=\"D\u00fcnyan\u0131n matematik\u00e7ileri \u00fcniversitemizde bulu\u015ftu\" \/>\n<meta property=\"og:description\" content=\"\u0130stanbul Ticaret \u00dcniversitesi Fen Edebiyat Fak\u00fcltesi taraf\u0131ndan d\u00fczenlenen \u201c2. Uluslararas\u0131 Matematik Konferans\u0131\u201d T\u00fcrkiye ve d\u00fcnyan\u0131n d\u00f6rt bir yan\u0131ndan 250 bilim adam\u0131n\u0131n kat\u0131l\u0131m\u0131yla ger\u00e7ekle\u015fti. D\u00fcnyaca \u00fcnl\u00fc bilim adamlar\u0131, matematik alan\u0131ndaki geli\u015fmeleri tart\u0131\u015ft\u0131. \u0130stanbul Ticaret \u00dcniversitesi Fen Edebiyat Fak\u00fcltesi\u2019nce d\u00fczenlenen 2. Uluslararas\u0131 Matematik Konferans\u0131\u2019nda, matemati\u011fin her alandaki \u00f6nemi ve uygulanabilirli\u011finin, bilimsel y\u00f6nden ortaya konuldu\u011fu bildiriler sunuldu. Yedi [&hellip;]\" \/>\n<meta property=\"og:url\" content=\"http:\/\/ticaret.edu.tr\/matematik\/2015\/06\/11\/dunyanin-matematikcileri-universitemizde-bulustu\/\" \/>\n<meta property=\"og:site_name\" content=\"Matematik\" \/>\n<meta property=\"article:publisher\" content=\"https:\/\/www.facebook.com\/ticaretedutr\" \/>\n<meta property=\"article:published_time\" content=\"2015-06-11T20:21:58+00:00\" \/>\n<meta property=\"article:modified_time\" content=\"2021-07-14T14:53:31+00:00\" \/>\n<meta property=\"og:image\" content=\"http:\/\/ticaret.edu.tr\/matematik\/wp-content\/uploads\/sites\/29\/2020\/05\/mat-1.jpg\" \/>\n\t<meta property=\"og:image:width\" content=\"650\" \/>\n\t<meta property=\"og:image:height\" content=\"167\" \/>\n\t<meta property=\"og:image:type\" content=\"image\/jpeg\" \/>\n<meta name=\"author\" content=\"enuray\" \/>\n<meta name=\"twitter:card\" content=\"summary_large_image\" \/>\n<meta name=\"twitter:creator\" content=\"@ticaretedutr\" \/>\n<meta name=\"twitter:site\" content=\"@ticaretedutr\" \/>\n<meta name=\"twitter:label1\" content=\"Yazan:\" \/>\n\t<meta name=\"twitter:data1\" content=\"enuray\" \/>\n\t<meta name=\"twitter:label2\" content=\"Tahmini okuma s\u00fcresi\" \/>\n\t<meta name=\"twitter:data2\" content=\"2 dakika\" \/>\n<script type=\"application\/ld+json\" class=\"yoast-schema-graph\">{\"@context\":\"https:\/\/schema.org\",\"@graph\":[{\"@type\":\"WebPage\",\"@id\":\"http:\/\/ticaret.edu.tr\/matematik\/2015\/06\/11\/dunyanin-matematikcileri-universitemizde-bulustu\/\",\"url\":\"http:\/\/ticaret.edu.tr\/matematik\/2015\/06\/11\/dunyanin-matematikcileri-universitemizde-bulustu\/\",\"name\":\"D\u00fcnyan\u0131n matematik\u00e7ileri \u00fcniversitemizde bulu\u015ftu - Matematik\",\"isPartOf\":{\"@id\":\"https:\/\/ticaret.edu.tr\/matematik\/#website\"},\"datePublished\":\"2015-06-11T20:21:58+00:00\",\"dateModified\":\"2021-07-14T14:53:31+00:00\",\"author\":{\"@id\":\"https:\/\/ticaret.edu.tr\/matematik\/#\/schema\/person\/66a94659d34f2eaf4bdd40f3f3df4f71\"},\"breadcrumb\":{\"@id\":\"http:\/\/ticaret.edu.tr\/matematik\/2015\/06\/11\/dunyanin-matematikcileri-universitemizde-bulustu\/#breadcrumb\"},\"inLanguage\":\"tr\",\"potentialAction\":[{\"@type\":\"ReadAction\",\"target\":[\"http:\/\/ticaret.edu.tr\/matematik\/2015\/06\/11\/dunyanin-matematikcileri-universitemizde-bulustu\/\"]}]},{\"@type\":\"BreadcrumbList\",\"@id\":\"http:\/\/ticaret.edu.tr\/matematik\/2015\/06\/11\/dunyanin-matematikcileri-universitemizde-bulustu\/#breadcrumb\",\"itemListElement\":[{\"@type\":\"ListItem\",\"position\":1,\"name\":\"Ana sayfa\",\"item\":\"https:\/\/ticaret.edu.tr\/matematik\/\"},{\"@type\":\"ListItem\",\"position\":2,\"name\":\"D\u00fcnyan\u0131n matematik\u00e7ileri \u00fcniversitemizde bulu\u015ftu\"}]},{\"@type\":\"WebSite\",\"@id\":\"https:\/\/ticaret.edu.tr\/matematik\/#website\",\"url\":\"https:\/\/ticaret.edu.tr\/matematik\/\",\"name\":\"Matematik\",\"description\":\"\",\"potentialAction\":[{\"@type\":\"SearchAction\",\"target\":{\"@type\":\"EntryPoint\",\"urlTemplate\":\"https:\/\/ticaret.edu.tr\/matematik\/?s={search_term_string}\"},\"query-input\":\"required name=search_term_string\"}],\"inLanguage\":\"tr\"},{\"@type\":\"Person\",\"@id\":\"https:\/\/ticaret.edu.tr\/matematik\/#\/schema\/person\/66a94659d34f2eaf4bdd40f3f3df4f71\",\"name\":\"enuray\",\"image\":{\"@type\":\"ImageObject\",\"inLanguage\":\"tr\",\"@id\":\"https:\/\/ticaret.edu.tr\/matematik\/#\/schema\/person\/image\/\",\"url\":\"http:\/\/1.gravatar.com\/avatar\/a58bb3ffe45485b071074ece68241f6e?s=96&d=mm&r=g\",\"contentUrl\":\"http:\/\/1.gravatar.com\/avatar\/a58bb3ffe45485b071074ece68241f6e?s=96&d=mm&r=g\",\"caption\":\"enuray\"},\"url\":\"http:\/\/ticaret.edu.tr\/matematik\/author\/enuray\/\"}]}<\/script>\n<!-- \/ Yoast SEO Premium plugin. -->","yoast_head_json":{"title":"D\u00fcnyan\u0131n matematik\u00e7ileri \u00fcniversitemizde bulu\u015ftu - Matematik","robots":{"index":"index","follow":"follow","max-snippet":"max-snippet:-1","max-image-preview":"max-image-preview:large","max-video-preview":"max-video-preview:-1"},"canonical":"http:\/\/ticaret.edu.tr\/matematik\/2015\/06\/11\/dunyanin-matematikcileri-universitemizde-bulustu\/","og_locale":"tr_TR","og_type":"article","og_title":"D\u00fcnyan\u0131n matematik\u00e7ileri \u00fcniversitemizde bulu\u015ftu","og_description":"\u0130stanbul Ticaret \u00dcniversitesi Fen Edebiyat Fak\u00fcltesi taraf\u0131ndan d\u00fczenlenen \u201c2. Uluslararas\u0131 Matematik Konferans\u0131\u201d T\u00fcrkiye ve d\u00fcnyan\u0131n d\u00f6rt bir yan\u0131ndan 250 bilim adam\u0131n\u0131n kat\u0131l\u0131m\u0131yla ger\u00e7ekle\u015fti. D\u00fcnyaca \u00fcnl\u00fc bilim adamlar\u0131, matematik alan\u0131ndaki geli\u015fmeleri tart\u0131\u015ft\u0131. \u0130stanbul Ticaret \u00dcniversitesi Fen Edebiyat Fak\u00fcltesi\u2019nce d\u00fczenlenen 2. Uluslararas\u0131 Matematik Konferans\u0131\u2019nda, matemati\u011fin her alandaki \u00f6nemi ve uygulanabilirli\u011finin, bilimsel y\u00f6nden ortaya konuldu\u011fu bildiriler sunuldu. Yedi [&hellip;]","og_url":"http:\/\/ticaret.edu.tr\/matematik\/2015\/06\/11\/dunyanin-matematikcileri-universitemizde-bulustu\/","og_site_name":"Matematik","article_publisher":"https:\/\/www.facebook.com\/ticaretedutr","article_published_time":"2015-06-11T20:21:58+00:00","article_modified_time":"2021-07-14T14:53:31+00:00","og_image":[{"width":650,"height":167,"url":"http:\/\/ticaret.edu.tr\/matematik\/wp-content\/uploads\/sites\/29\/2020\/05\/mat-1.jpg","type":"image\/jpeg"}],"author":"enuray","twitter_card":"summary_large_image","twitter_creator":"@ticaretedutr","twitter_site":"@ticaretedutr","twitter_misc":{"Yazan:":"enuray","Tahmini okuma s\u00fcresi":"2 dakika"},"schema":{"@context":"https:\/\/schema.org","@graph":[{"@type":"WebPage","@id":"http:\/\/ticaret.edu.tr\/matematik\/2015\/06\/11\/dunyanin-matematikcileri-universitemizde-bulustu\/","url":"http:\/\/ticaret.edu.tr\/matematik\/2015\/06\/11\/dunyanin-matematikcileri-universitemizde-bulustu\/","name":"D\u00fcnyan\u0131n matematik\u00e7ileri \u00fcniversitemizde bulu\u015ftu - Matematik","isPartOf":{"@id":"https:\/\/ticaret.edu.tr\/matematik\/#website"},"datePublished":"2015-06-11T20:21:58+00:00","dateModified":"2021-07-14T14:53:31+00:00","author":{"@id":"https:\/\/ticaret.edu.tr\/matematik\/#\/schema\/person\/66a94659d34f2eaf4bdd40f3f3df4f71"},"breadcrumb":{"@id":"http:\/\/ticaret.edu.tr\/matematik\/2015\/06\/11\/dunyanin-matematikcileri-universitemizde-bulustu\/#breadcrumb"},"inLanguage":"tr","potentialAction":[{"@type":"ReadAction","target":["http:\/\/ticaret.edu.tr\/matematik\/2015\/06\/11\/dunyanin-matematikcileri-universitemizde-bulustu\/"]}]},{"@type":"BreadcrumbList","@id":"http:\/\/ticaret.edu.tr\/matematik\/2015\/06\/11\/dunyanin-matematikcileri-universitemizde-bulustu\/#breadcrumb","itemListElement":[{"@type":"ListItem","position":1,"name":"Ana sayfa","item":"https:\/\/ticaret.edu.tr\/matematik\/"},{"@type":"ListItem","position":2,"name":"D\u00fcnyan\u0131n matematik\u00e7ileri \u00fcniversitemizde bulu\u015ftu"}]},{"@type":"WebSite","@id":"https:\/\/ticaret.edu.tr\/matematik\/#website","url":"https:\/\/ticaret.edu.tr\/matematik\/","name":"Matematik","description":"","potentialAction":[{"@type":"SearchAction","target":{"@type":"EntryPoint","urlTemplate":"https:\/\/ticaret.edu.tr\/matematik\/?s={search_term_string}"},"query-input":"required name=search_term_string"}],"inLanguage":"tr"},{"@type":"Person","@id":"https:\/\/ticaret.edu.tr\/matematik\/#\/schema\/person\/66a94659d34f2eaf4bdd40f3f3df4f71","name":"enuray","image":{"@type":"ImageObject","inLanguage":"tr","@id":"https:\/\/ticaret.edu.tr\/matematik\/#\/schema\/person\/image\/","url":"http:\/\/1.gravatar.com\/avatar\/a58bb3ffe45485b071074ece68241f6e?s=96&d=mm&r=g","contentUrl":"http:\/\/1.gravatar.com\/avatar\/a58bb3ffe45485b071074ece68241f6e?s=96&d=mm&r=g","caption":"enuray"},"url":"http:\/\/ticaret.edu.tr\/matematik\/author\/enuray\/"}]}},"lang":"tr","translations":{"tr":72},"pll_sync_post":[],"_links":{"self":[{"href":"http:\/\/ticaret.edu.tr\/matematik\/wp-json\/wp\/v2\/posts\/72"}],"collection":[{"href":"http:\/\/ticaret.edu.tr\/matematik\/wp-json\/wp\/v2\/posts"}],"about":[{"href":"http:\/\/ticaret.edu.tr\/matematik\/wp-json\/wp\/v2\/types\/post"}],"author":[{"embeddable":true,"href":"http:\/\/ticaret.edu.tr\/matematik\/wp-json\/wp\/v2\/users\/47"}],"replies":[{"embeddable":true,"href":"http:\/\/ticaret.edu.tr\/matematik\/wp-json\/wp\/v2\/comments?post=72"}],"version-history":[{"count":1,"href":"http:\/\/ticaret.edu.tr\/matematik\/wp-json\/wp\/v2\/posts\/72\/revisions"}],"predecessor-version":[{"id":73,"href":"http:\/\/ticaret.edu.tr\/matematik\/wp-json\/wp\/v2\/posts\/72\/revisions\/73"}],"wp:featuredmedia":[{"embeddable":true,"href":"http:\/\/ticaret.edu.tr\/matematik\/wp-json\/wp\/v2\/media\/31"}],"wp:attachment":[{"href":"http:\/\/ticaret.edu.tr\/matematik\/wp-json\/wp\/v2\/media?parent=72"}],"wp:term":[{"taxonomy":"category","embeddable":true,"href":"http:\/\/ticaret.edu.tr\/matematik\/wp-json\/wp\/v2\/categories?post=72"},{"taxonomy":"post_tag","embeddable":true,"href":"http:\/\/ticaret.edu.tr\/matematik\/wp-json\/wp\/v2\/tags?post=72"}],"curies":[{"name":"wp","href":"https:\/\/api.w.org\/{rel}","templated":true}]}}